{"id":19435,"date":"2014-01-26T11:54:07","date_gmt":"2014-01-26T13:54:07","guid":{"rendered":"http:\/\/aconteceunovale.com.br\/portal\/?p=19435"},"modified":"2014-01-26T11:54:07","modified_gmt":"2014-01-26T13:54:07","slug":"festa-pelos-76-anos-de-valadares-comeca-neste-domingo","status":"publish","type":"post","link":"https:\/\/aconteceunovale.com.br\/portal\/?p=19435","title":{"rendered":"Festa pelos 76 anos de Valadares come\u00e7a neste domingo"},"content":{"rendered":"<p>Na pr\u00f3xima quinta-feira, 30 de janeiro, Governador Valadares comemora 76 anos de emancipa\u00e7\u00e3o. E para comemorar em grande estilo, haver\u00e1 uma programa\u00e7\u00e3o especial durante os pr\u00f3ximos dias. A festa come\u00e7a neste domingo, 26, com a apresenta\u00e7\u00e3o de quatro bandas de rock que agitam o Horto Municipal. O evento \u00e9 gratuito.<\/p>\n<p><img decoding=\"async\" src=\"http:\/\/aconteceunovale.com.br\/portal\/wp-content\/uploads\/2014\/01\/aniversario_76_anos_gv.jpg\" alt=\"\" \/><br \/>\n<em><strong>A banda Ascendency \u00e9 uma das que abrem o anivers\u00e1rio da cidade na tarde desse domingo<\/strong><\/em><\/p>\n<p>As bandas que se apresentam neste primeiro dia de evento s\u00e3o Ascendancy, Z\u00e9 Louco, Matchbox e Brazilian Energy. As apresenta\u00e7\u00f5es come\u00e7am \u00e0s 14h. Pela manh\u00e3, a popula\u00e7\u00e3o valadarense poder\u00e1 acompanhar uma nova edi\u00e7\u00e3o da corrida r\u00fastica, j\u00e1 tradicional no anivers\u00e1rio da cidade. A corrida come\u00e7a \u00e0s 9h, e esta \u00e9 a 32\u00aa edi\u00e7\u00e3o da prova.<\/p>\n<p>Na segunda-feira, 27, a programa\u00e7\u00e3o ter\u00e1 uma pausa, mas volta na ter\u00e7a-feira com uma noite crist\u00e3, na qual bandas de igrejas da cidade se apresentam na Pra\u00e7a dos Pioneiros. Durante a semana, outras bandas e atra\u00e7\u00f5es art\u00edsticas fazem a festa do anivers\u00e1rio da cidade. Varal de Poesias e uma exposi\u00e7\u00e3o fotogr\u00e1fica tamb\u00e9m poder\u00e3o ser vistos no evento.<\/p>\n<p><strong>Confira programa\u00e7\u00e3o completa:<\/strong><\/p>\n<p><strong>Domingo<\/strong><\/p>\n<p>14h \u2014 Shows com Ascendancy, Z\u00e9 Louco, Matchbox e Brazilian Energy<br \/>\nLocal: Horto Municipal<\/p>\n<p><strong>Ter\u00e7a-feira<\/strong><\/p>\n<p>19h \u2014 Noite Crist\u00e3<br \/>\nLocal: Pra\u00e7a dos Pioneiros<\/p>\n<p><strong>Quarta-feira<\/strong><\/p>\n<p>19h \u2014 Varal de Poesias (Nova Acr\u00f3pole)<br \/>\n19h \u2014 Show com Marcos Aranha do Brasil<br \/>\n20h30 \u2014 Show com Marcelinho Tiradentes<br \/>\n21h30 \u2014 Show com banda Quilombo Roots Reggae<br \/>\nLocal: Pra\u00e7a dos Pioneiros<\/p>\n<p><strong>Quinta-feira<\/strong><\/p>\n<p>5h \u2014 Tocata da Lira 30 de Janeiro<br \/>\nLocal: V\u00e1rios bairros<\/p>\n<p>6h \u2014 Alvorada com a Lira 30 de Janeiro<br \/>\nLocal: Casa da Prefeita<\/p>\n<p>8h \u2014 Abertura oficial \u2014 Hasteamento das bandeiras<br \/>\nLocal: Pra\u00e7a do Vig\u00e9simo<\/p>\n<p>10h \u2014 Celebra\u00e7\u00e3o Eucar\u00edstica de A\u00e7\u00e3o de Gra\u00e7as<br \/>\nLocal: Catedral de Santo Ant\u00f4nio<\/p>\n<p>14h \u2014 Exposi\u00e7\u00e3o Fotogr\u00e1fica<br \/>\n18h \u2014 Encontro de Escolas de Samba<br \/>\n19h \u2014 Varal de Poesias (Nova Acr\u00f3pole)<br \/>\n19h \u2014 Show com Z\u00e9 Pedro<br \/>\n20h \u2014 Parab\u00e9ns<br \/>\n20h30 \u2014 Distribui\u00e7\u00e3o de bolo<br \/>\n21h \u2014 Show com Samuel King<br \/>\n22h30 \u2014 Show com Made in Bahia<br \/>\nLocal: Pra\u00e7a dos Pioneiros <\/p>\n<p><em><strong>(Fonte: Di\u00e1rio do Rio Doce)<\/strong><\/em><\/p>\n","protected":false},"excerpt":{"rendered":"<p>Na pr\u00f3xima quinta-feira, 30 de janeiro, Governador Valadares comemora 76 anos de emancipa\u00e7\u00e3o. E para comemorar em grande estilo, haver\u00e1 uma programa\u00e7\u00e3o especial durante os pr\u00f3ximos dias. A festa come\u00e7a neste domingo, 26, com a apresenta\u00e7\u00e3o de quatro bandas de rock que agitam o Horto Municipal. O evento \u00e9 gratuito. A banda Ascendency \u00e9 uma [&hellip;]<\/p>\n","protected":false},"author":1,"featured_media":19436,"comment_status":"open","ping_status":"closed","sticky":false,"template":"","format":"standard","meta":{"amp_status":"","footnotes":""},"categories":[121],"tags":[3543,3542,247],"class_list":["post-19435","post","type-post","status-publish","format-standard","has-post-thumbnail","hentry","category-leste","tag-festa-de-76-anos-de-governador-valadares","tag-festa-pelos-76-anos-de-valadares-comeca-neste-domingo","tag-governador-valadares"],"_links":{"self":[{"href":"https:\/\/aconteceunovale.com.br\/portal\/index.php?rest_route=\/wp\/v2\/posts\/19435","targetHints":{"allow":["GET"]}}],"collection":[{"href":"https:\/\/aconteceunovale.com.br\/portal\/index.php?rest_route=\/wp\/v2\/posts"}],"about":[{"href":"https:\/\/aconteceunovale.com.br\/portal\/index.php?rest_route=\/wp\/v2\/types\/post"}],"author":[{"embeddable":true,"href":"https:\/\/aconteceunovale.com.br\/portal\/index.php?rest_route=\/wp\/v2\/users\/1"}],"replies":[{"embeddable":true,"href":"https:\/\/aconteceunovale.com.br\/portal\/index.php?rest_route=%2Fwp%2Fv2%2Fcomments&post=19435"}],"version-history":[{"count":0,"href":"https:\/\/aconteceunovale.com.br\/portal\/index.php?rest_route=\/wp\/v2\/posts\/19435\/revisions"}],"wp:featuredmedia":[{"embeddable":true,"href":"https:\/\/aconteceunovale.com.br\/portal\/index.php?rest_route=\/wp\/v2\/media\/19436"}],"wp:attachment":[{"href":"https:\/\/aconteceunovale.com.br\/portal\/index.php?rest_route=%2Fwp%2Fv2%2Fmedia&parent=19435"}],"wp:term":[{"taxonomy":"category","embeddable":true,"href":"https:\/\/aconteceunovale.com.br\/portal\/index.php?rest_route=%2Fwp%2Fv2%2Fcategories&post=19435"},{"taxonomy":"post_tag","embeddable":true,"href":"https:\/\/aconteceunovale.com.br\/portal\/index.php?rest_route=%2Fwp%2Fv2%2Ftags&post=19435"}],"curies":[{"name":"wp","href":"https:\/\/api.w.org\/{rel}","templated":true}]}}