{"id":194349,"date":"2024-01-02T16:12:00","date_gmt":"2024-01-02T19:12:00","guid":{"rendered":"https:\/\/aconteceunovale.com.br\/portal\/?p=194349"},"modified":"2024-01-02T20:54:10","modified_gmt":"2024-01-02T23:54:10","slug":"homem-morre-em-acidente-com-helicoptero-em-minas","status":"publish","type":"post","link":"https:\/\/aconteceunovale.com.br\/portal\/?p=194349","title":{"rendered":"Homem morre em acidente com helic\u00f3ptero em Minas"},"content":{"rendered":"\n<p class=\"wp-block-paragraph\">O Corpo de Bombeiros confirmou a morte de um dos passageiros do helic\u00f3ptero que caiu na manh\u00e3 desta ter\u00e7a-feira (2\/1\/2024) em um lago na\u00a0cidade de Capit\u00f3lio (MG). Trata-se de um homem identificado como Vanilton Alves (conhecido como Du Brejo). Ele afundou junto com a aeronave e ficou na \u00e1gua at\u00e9 ser encontrado.<\/p>\n\n\n\n<figure class=\"wp-block-gallery has-nested-images columns-default is-cropped wp-block-gallery-1 is-layout-flex wp-block-gallery-is-layout-flex\">\n<figure class=\"wp-block-image size-large\"><img loading=\"lazy\" decoding=\"async\" width=\"678\" height=\"381\" data-id=\"194350\" src=\"https:\/\/aconteceunovale.com.br\/portal\/wp-content\/uploads\/2024\/01\/queda_helicoptero_capitolio2.jpeg\" alt=\"\" class=\"wp-image-194350\" srcset=\"https:\/\/aconteceunovale.com.br\/portal\/wp-content\/uploads\/2024\/01\/queda_helicoptero_capitolio2.jpeg 678w, https:\/\/aconteceunovale.com.br\/portal\/wp-content\/uploads\/2024\/01\/queda_helicoptero_capitolio2-300x169.jpeg 300w\" sizes=\"auto, (max-width: 678px) 100vw, 678px\" \/><figcaption class=\"wp-element-caption\"><em><sub>Foto: Divulga\u00e7\u00e3o \/ CBMMG<\/sub><\/em><\/figcaption><\/figure>\n<\/figure>\n\n\n\n<p class=\"wp-block-paragraph\">Segundo os bombeiros, a aeronave transportava quatro pessoas, incluindo o piloto. Os feridos foram encaminhados a hospitais da regi\u00e3o.<\/p>\n\n\n\n<p class=\"wp-block-paragraph\">O aparelho foi fretado para passeio e faria outras viagens ao longo do dia. Segundo os bombeiros, acidente ocorreu logo depois da decolagem.<\/p>\n\n\n\n<p class=\"wp-block-paragraph\">De acordo com a For\u00e7a A\u00e9rea Brasileira (FAB), t\u00e9cnicos do Centro de Investiga\u00e7\u00e3o e Preven\u00e7\u00e3o de Acidentes Aeron\u00e1uticos (Cenipa) foram acionados para apurar a ocorr\u00eancia envolvendo a aeronave de prefixo PP-MMA. &nbsp;<\/p>\n\n\n\n<p class=\"wp-block-paragraph\">Investigadores do Cenipa, no Rio de Janeiro, far\u00e3o a coleta de dados, preserva\u00e7\u00e3o de ind\u00edcios e a verifica\u00e7\u00e3o inicial de danos da aeronave.<\/p>\n","protected":false},"excerpt":{"rendered":"<p>O Corpo de Bombeiros confirmou a morte de um dos passageiros do helic\u00f3ptero que caiu na manh\u00e3 desta ter\u00e7a-feira (2\/1\/2024) em um lago na\u00a0cidade de Capit\u00f3lio (MG). Trata-se de um homem identificado como Vanilton Alves (conhecido como Du Brejo). Ele afundou junto com a aeronave e ficou na \u00e1gua at\u00e9 ser encontrado. Segundo os bombeiros, [&hellip;]<\/p>\n","protected":false},"author":4,"featured_media":194350,"comment_status":"open","ping_status":"closed","sticky":false,"template":"","format":"standard","meta":{"amp_status":"","footnotes":""},"categories":[123],"tags":[257001,4890,1018,134128,136864,268585,268584,268598,136862],"class_list":["post-194349","post","type-post","status-publish","format-standard","has-post-thumbnail","hentry","category-gerais","tag-acidente-em-capitolio","tag-capitolio","tag-destaque","tag-escarpas-do-lago","tag-helicoptero-cai-em-capitolio","tag-helicoptero-cai-em-escarpas-do-lago","tag-helicoptero-cai-em-lago-de-cidade-mineira","tag-homem-morre-em-acidente-com-helicoptero-em-minas","tag-queda-de-helicoptero-em-capitolio"],"yoast_head":"<!-- This site is optimized with the Yoast SEO plugin v28.3 - https:\/\/yoast.com\/product\/yoast-seo-wordpress\/ -->\n<title>Homem morre em acidente com helic\u00f3ptero em Minas - Aconteceu no Vale<\/title>\n<meta name=\"robots\" content=\"index, follow, max-snippet:-1, max-image-preview:large, max-video-preview:-1\" \/>\n<link rel=\"canonical\" href=\"https:\/\/aconteceunovale.com.br\/portal\/?p=194349\" \/>\n<meta property=\"og:locale\" content=\"pt_BR\" \/>\n<meta property=\"og:type\" content=\"article\" \/>\n<meta property=\"og:title\" content=\"Homem morre em acidente com helic\u00f3ptero em Minas - Aconteceu no Vale\" \/>\n<meta property=\"og:description\" content=\"O Corpo de Bombeiros confirmou a morte de um dos passageiros do helic\u00f3ptero que caiu na manh\u00e3 desta ter\u00e7a-feira (2\/1\/2024) em um lago na\u00a0cidade de Capit\u00f3lio (MG). Trata-se de um homem identificado como Vanilton Alves (conhecido como Du Brejo). Ele afundou junto com a aeronave e ficou na \u00e1gua at\u00e9 ser encontrado. Segundo os bombeiros, [&hellip;]\" \/>\n<meta property=\"og:url\" content=\"https:\/\/aconteceunovale.com.br\/portal\/?p=194349\" \/>\n<meta property=\"og:site_name\" content=\"Aconteceu no Vale\" \/>\n<meta property=\"article:publisher\" content=\"https:\/\/www.facebook.com\/aconteceunovale\/\" \/>\n<meta property=\"article:published_time\" content=\"2024-01-02T19:12:00+00:00\" \/>\n<meta property=\"article:modified_time\" content=\"2024-01-02T23:54:10+00:00\" \/>\n<meta property=\"og:image\" content=\"https:\/\/aconteceunovale.com.br\/portal\/wp-content\/uploads\/2024\/01\/queda_helicoptero_capitolio2.jpeg\" \/>\n\t<meta property=\"og:image:width\" content=\"678\" \/>\n\t<meta property=\"og:image:height\" content=\"381\" \/>\n\t<meta property=\"og:image:type\" content=\"image\/jpeg\" \/>\n<meta name=\"author\" content=\"Reda\u00e7\u00e3o Aconteceu no Vale\" \/>\n<meta name=\"twitter:card\" content=\"summary_large_image\" \/>\n<meta name=\"twitter:creator\" content=\"@noticiadosvales\" \/>\n<meta name=\"twitter:site\" content=\"@noticiadosvales\" \/>\n<meta name=\"twitter:label1\" content=\"Escrito por\" \/>\n\t<meta name=\"twitter:data1\" content=\"Reda\u00e7\u00e3o Aconteceu no Vale\" \/>\n\t<meta name=\"twitter:label2\" content=\"Est. tempo de leitura\" \/>\n\t<meta name=\"twitter:data2\" content=\"1 minuto\" \/>\n<script type=\"application\/ld+json\" class=\"yoast-schema-graph\">{\"@context\":\"https:\\\/\\\/schema.org\",\"@graph\":[{\"@type\":\"Article\",\"@id\":\"https:\\\/\\\/aconteceunovale.com.br\\\/portal\\\/?p=194349#article\",\"isPartOf\":{\"@id\":\"https:\\\/\\\/aconteceunovale.com.br\\\/portal\\\/?p=194349\"},\"author\":{\"name\":\"Reda\u00e7\u00e3o Aconteceu no Vale\",\"@id\":\"https:\\\/\\\/aconteceunovale.com.br\\\/portal\\\/#\\\/schema\\\/person\\\/7d2f26d1483f8a63de73da1ee0754d35\"},\"headline\":\"Homem morre em acidente com helic\u00f3ptero em Minas\",\"datePublished\":\"2024-01-02T19:12:00+00:00\",\"dateModified\":\"2024-01-02T23:54:10+00:00\",\"mainEntityOfPage\":{\"@id\":\"https:\\\/\\\/aconteceunovale.com.br\\\/portal\\\/?p=194349\"},\"wordCount\":177,\"commentCount\":0,\"image\":{\"@id\":\"https:\\\/\\\/aconteceunovale.com.br\\\/portal\\\/?p=194349#primaryimage\"},\"thumbnailUrl\":\"https:\\\/\\\/aconteceunovale.com.br\\\/portal\\\/wp-content\\\/uploads\\\/2024\\\/01\\\/queda_helicoptero_capitolio2.jpeg\",\"keywords\":[\"Acidente em Capit\u00f3lio\",\"Capit\u00f3lio\",\"destaque\",\"Escarpas do Lago\",\"Helic\u00f3ptero cai em Capit\u00f3lio\",\"Helic\u00f3ptero cai em Escarpas do Lago\",\"Helic\u00f3ptero cai em lago de cidade mineira\",\"Homem morre em acidente com helic\u00f3ptero em Minas\",\"Queda de helic\u00f3ptero em Capit\u00f3lio\"],\"articleSection\":[\"Minas Gerais\"],\"inLanguage\":\"pt-BR\",\"potentialAction\":[{\"@type\":\"CommentAction\",\"name\":\"Comment\",\"target\":[\"https:\\\/\\\/aconteceunovale.com.br\\\/portal\\\/?p=194349#respond\"]}]},{\"@type\":\"WebPage\",\"@id\":\"https:\\\/\\\/aconteceunovale.com.br\\\/portal\\\/?p=194349\",\"url\":\"https:\\\/\\\/aconteceunovale.com.br\\\/portal\\\/?p=194349\",\"name\":\"Homem morre em acidente com helic\u00f3ptero em Minas - Aconteceu no Vale\",\"isPartOf\":{\"@id\":\"https:\\\/\\\/aconteceunovale.com.br\\\/portal\\\/#website\"},\"primaryImageOfPage\":{\"@id\":\"https:\\\/\\\/aconteceunovale.com.br\\\/portal\\\/?p=194349#primaryimage\"},\"image\":{\"@id\":\"https:\\\/\\\/aconteceunovale.com.br\\\/portal\\\/?p=194349#primaryimage\"},\"thumbnailUrl\":\"https:\\\/\\\/aconteceunovale.com.br\\\/portal\\\/wp-content\\\/uploads\\\/2024\\\/01\\\/queda_helicoptero_capitolio2.jpeg\",\"datePublished\":\"2024-01-02T19:12:00+00:00\",\"dateModified\":\"2024-01-02T23:54:10+00:00\",\"author\":{\"@id\":\"https:\\\/\\\/aconteceunovale.com.br\\\/portal\\\/#\\\/schema\\\/person\\\/7d2f26d1483f8a63de73da1ee0754d35\"},\"breadcrumb\":{\"@id\":\"https:\\\/\\\/aconteceunovale.com.br\\\/portal\\\/?p=194349#breadcrumb\"},\"inLanguage\":\"pt-BR\",\"potentialAction\":[{\"@type\":\"ReadAction\",\"target\":[\"https:\\\/\\\/aconteceunovale.com.br\\\/portal\\\/?p=194349\"]}]},{\"@type\":\"ImageObject\",\"inLanguage\":\"pt-BR\",\"@id\":\"https:\\\/\\\/aconteceunovale.com.br\\\/portal\\\/?p=194349#primaryimage\",\"url\":\"https:\\\/\\\/aconteceunovale.com.br\\\/portal\\\/wp-content\\\/uploads\\\/2024\\\/01\\\/queda_helicoptero_capitolio2.jpeg\",\"contentUrl\":\"https:\\\/\\\/aconteceunovale.com.br\\\/portal\\\/wp-content\\\/uploads\\\/2024\\\/01\\\/queda_helicoptero_capitolio2.jpeg\",\"width\":678,\"height\":381,\"caption\":\"Foto: Divulga\u00e7\u00e3o \\\/ CBMMG\"},{\"@type\":\"BreadcrumbList\",\"@id\":\"https:\\\/\\\/aconteceunovale.com.br\\\/portal\\\/?p=194349#breadcrumb\",\"itemListElement\":[{\"@type\":\"ListItem\",\"position\":1,\"name\":\"In\u00edcio\",\"item\":\"https:\\\/\\\/aconteceunovale.com.br\\\/portal\\\/\"},{\"@type\":\"ListItem\",\"position\":2,\"name\":\"Homem morre em acidente com helic\u00f3ptero em Minas\"}]},{\"@type\":\"WebSite\",\"@id\":\"https:\\\/\\\/aconteceunovale.com.br\\\/portal\\\/#website\",\"url\":\"https:\\\/\\\/aconteceunovale.com.br\\\/portal\\\/\",\"name\":\"Aconteceu no Vale\",\"description\":\"Portal de Not\u00edcias\",\"potentialAction\":[{\"@type\":\"SearchAction\",\"target\":{\"@type\":\"EntryPoint\",\"urlTemplate\":\"https:\\\/\\\/aconteceunovale.com.br\\\/portal\\\/?s={search_term_string}\"},\"query-input\":{\"@type\":\"PropertyValueSpecification\",\"valueRequired\":true,\"valueName\":\"search_term_string\"}}],\"inLanguage\":\"pt-BR\"},{\"@type\":\"Person\",\"@id\":\"https:\\\/\\\/aconteceunovale.com.br\\\/portal\\\/#\\\/schema\\\/person\\\/7d2f26d1483f8a63de73da1ee0754d35\",\"name\":\"Reda\u00e7\u00e3o Aconteceu no Vale\",\"description\":\"Equipe de reportagem do Aconteceu no Vale, portal de not\u00edcias do Vale do Jequitinhonha, em Minas Gerais. Cobrimos as 51 cidades do Vale desde 2013. Sugest\u00f5es de pauta e pedidos de corre\u00e7\u00e3o: contato@aconteceunovale.com.br\",\"url\":\"https:\\\/\\\/aconteceunovale.com.br\\\/portal\\\/?author=4\"}]}<\/script>\n<!-- \/ Yoast SEO plugin. -->","yoast_head_json":{"title":"Homem morre em acidente com helic\u00f3ptero em Minas - Aconteceu no Vale","robots":{"index":"index","follow":"follow","max-snippet":"max-snippet:-1","max-image-preview":"max-image-preview:large","max-video-preview":"max-video-preview:-1"},"canonical":"https:\/\/aconteceunovale.com.br\/portal\/?p=194349","og_locale":"pt_BR","og_type":"article","og_title":"Homem morre em acidente com helic\u00f3ptero em Minas - Aconteceu no Vale","og_description":"O Corpo de Bombeiros confirmou a morte de um dos passageiros do helic\u00f3ptero que caiu na manh\u00e3 desta ter\u00e7a-feira (2\/1\/2024) em um lago na\u00a0cidade de Capit\u00f3lio (MG). Trata-se de um homem identificado como Vanilton Alves (conhecido como Du Brejo). Ele afundou junto com a aeronave e ficou na \u00e1gua at\u00e9 ser encontrado. Segundo os bombeiros, [&hellip;]","og_url":"https:\/\/aconteceunovale.com.br\/portal\/?p=194349","og_site_name":"Aconteceu no Vale","article_publisher":"https:\/\/www.facebook.com\/aconteceunovale\/","article_published_time":"2024-01-02T19:12:00+00:00","article_modified_time":"2024-01-02T23:54:10+00:00","og_image":[{"width":678,"height":381,"url":"https:\/\/aconteceunovale.com.br\/portal\/wp-content\/uploads\/2024\/01\/queda_helicoptero_capitolio2.jpeg","type":"image\/jpeg"}],"author":"Reda\u00e7\u00e3o Aconteceu no Vale","twitter_card":"summary_large_image","twitter_creator":"@noticiadosvales","twitter_site":"@noticiadosvales","twitter_misc":{"Escrito por":"Reda\u00e7\u00e3o Aconteceu no Vale","Est. tempo de leitura":"1 minuto"},"schema":{"@context":"https:\/\/schema.org","@graph":[{"@type":"Article","@id":"https:\/\/aconteceunovale.com.br\/portal\/?p=194349#article","isPartOf":{"@id":"https:\/\/aconteceunovale.com.br\/portal\/?p=194349"},"author":{"name":"Reda\u00e7\u00e3o Aconteceu no Vale","@id":"https:\/\/aconteceunovale.com.br\/portal\/#\/schema\/person\/7d2f26d1483f8a63de73da1ee0754d35"},"headline":"Homem morre em acidente com helic\u00f3ptero em Minas","datePublished":"2024-01-02T19:12:00+00:00","dateModified":"2024-01-02T23:54:10+00:00","mainEntityOfPage":{"@id":"https:\/\/aconteceunovale.com.br\/portal\/?p=194349"},"wordCount":177,"commentCount":0,"image":{"@id":"https:\/\/aconteceunovale.com.br\/portal\/?p=194349#primaryimage"},"thumbnailUrl":"https:\/\/aconteceunovale.com.br\/portal\/wp-content\/uploads\/2024\/01\/queda_helicoptero_capitolio2.jpeg","keywords":["Acidente em Capit\u00f3lio","Capit\u00f3lio","destaque","Escarpas do Lago","Helic\u00f3ptero cai em Capit\u00f3lio","Helic\u00f3ptero cai em Escarpas do Lago","Helic\u00f3ptero cai em lago de cidade mineira","Homem morre em acidente com helic\u00f3ptero em Minas","Queda de helic\u00f3ptero em Capit\u00f3lio"],"articleSection":["Minas Gerais"],"inLanguage":"pt-BR","potentialAction":[{"@type":"CommentAction","name":"Comment","target":["https:\/\/aconteceunovale.com.br\/portal\/?p=194349#respond"]}]},{"@type":"WebPage","@id":"https:\/\/aconteceunovale.com.br\/portal\/?p=194349","url":"https:\/\/aconteceunovale.com.br\/portal\/?p=194349","name":"Homem morre em acidente com helic\u00f3ptero em Minas - Aconteceu no Vale","isPartOf":{"@id":"https:\/\/aconteceunovale.com.br\/portal\/#website"},"primaryImageOfPage":{"@id":"https:\/\/aconteceunovale.com.br\/portal\/?p=194349#primaryimage"},"image":{"@id":"https:\/\/aconteceunovale.com.br\/portal\/?p=194349#primaryimage"},"thumbnailUrl":"https:\/\/aconteceunovale.com.br\/portal\/wp-content\/uploads\/2024\/01\/queda_helicoptero_capitolio2.jpeg","datePublished":"2024-01-02T19:12:00+00:00","dateModified":"2024-01-02T23:54:10+00:00","author":{"@id":"https:\/\/aconteceunovale.com.br\/portal\/#\/schema\/person\/7d2f26d1483f8a63de73da1ee0754d35"},"breadcrumb":{"@id":"https:\/\/aconteceunovale.com.br\/portal\/?p=194349#breadcrumb"},"inLanguage":"pt-BR","potentialAction":[{"@type":"ReadAction","target":["https:\/\/aconteceunovale.com.br\/portal\/?p=194349"]}]},{"@type":"ImageObject","inLanguage":"pt-BR","@id":"https:\/\/aconteceunovale.com.br\/portal\/?p=194349#primaryimage","url":"https:\/\/aconteceunovale.com.br\/portal\/wp-content\/uploads\/2024\/01\/queda_helicoptero_capitolio2.jpeg","contentUrl":"https:\/\/aconteceunovale.com.br\/portal\/wp-content\/uploads\/2024\/01\/queda_helicoptero_capitolio2.jpeg","width":678,"height":381,"caption":"Foto: Divulga\u00e7\u00e3o \/ CBMMG"},{"@type":"BreadcrumbList","@id":"https:\/\/aconteceunovale.com.br\/portal\/?p=194349#breadcrumb","itemListElement":[{"@type":"ListItem","position":1,"name":"In\u00edcio","item":"https:\/\/aconteceunovale.com.br\/portal\/"},{"@type":"ListItem","position":2,"name":"Homem morre em acidente com helic\u00f3ptero em Minas"}]},{"@type":"WebSite","@id":"https:\/\/aconteceunovale.com.br\/portal\/#website","url":"https:\/\/aconteceunovale.com.br\/portal\/","name":"Aconteceu no Vale","description":"Portal de Not\u00edcias","potentialAction":[{"@type":"SearchAction","target":{"@type":"EntryPoint","urlTemplate":"https:\/\/aconteceunovale.com.br\/portal\/?s={search_term_string}"},"query-input":{"@type":"PropertyValueSpecification","valueRequired":true,"valueName":"search_term_string"}}],"inLanguage":"pt-BR"},{"@type":"Person","@id":"https:\/\/aconteceunovale.com.br\/portal\/#\/schema\/person\/7d2f26d1483f8a63de73da1ee0754d35","name":"Reda\u00e7\u00e3o Aconteceu no Vale","description":"Equipe de reportagem do Aconteceu no Vale, portal de not\u00edcias do Vale do Jequitinhonha, em Minas Gerais. Cobrimos as 51 cidades do Vale desde 2013. Sugest\u00f5es de pauta e pedidos de corre\u00e7\u00e3o: contato@aconteceunovale.com.br","url":"https:\/\/aconteceunovale.com.br\/portal\/?author=4"}]}},"_links":{"self":[{"href":"https:\/\/aconteceunovale.com.br\/portal\/index.php?rest_route=\/wp\/v2\/posts\/194349","targetHints":{"allow":["GET"]}}],"collection":[{"href":"https:\/\/aconteceunovale.com.br\/portal\/index.php?rest_route=\/wp\/v2\/posts"}],"about":[{"href":"https:\/\/aconteceunovale.com.br\/portal\/index.php?rest_route=\/wp\/v2\/types\/post"}],"author":[{"embeddable":true,"href":"https:\/\/aconteceunovale.com.br\/portal\/index.php?rest_route=\/wp\/v2\/users\/4"}],"replies":[{"embeddable":true,"href":"https:\/\/aconteceunovale.com.br\/portal\/index.php?rest_route=%2Fwp%2Fv2%2Fcomments&post=194349"}],"version-history":[{"count":2,"href":"https:\/\/aconteceunovale.com.br\/portal\/index.php?rest_route=\/wp\/v2\/posts\/194349\/revisions"}],"predecessor-version":[{"id":194371,"href":"https:\/\/aconteceunovale.com.br\/portal\/index.php?rest_route=\/wp\/v2\/posts\/194349\/revisions\/194371"}],"wp:featuredmedia":[{"embeddable":true,"href":"https:\/\/aconteceunovale.com.br\/portal\/index.php?rest_route=\/wp\/v2\/media\/194350"}],"wp:attachment":[{"href":"https:\/\/aconteceunovale.com.br\/portal\/index.php?rest_route=%2Fwp%2Fv2%2Fmedia&parent=194349"}],"wp:term":[{"taxonomy":"category","embeddable":true,"href":"https:\/\/aconteceunovale.com.br\/portal\/index.php?rest_route=%2Fwp%2Fv2%2Fcategories&post=194349"},{"taxonomy":"post_tag","embeddable":true,"href":"https:\/\/aconteceunovale.com.br\/portal\/index.php?rest_route=%2Fwp%2Fv2%2Ftags&post=194349"}],"curies":[{"name":"wp","href":"https:\/\/api.w.org\/{rel}","templated":true}]}}