{"id":194335,"date":"2024-01-02T12:55:30","date_gmt":"2024-01-02T15:55:30","guid":{"rendered":"https:\/\/aconteceunovale.com.br\/portal\/?p=194335"},"modified":"2024-01-02T12:58:29","modified_gmt":"2024-01-02T15:58:29","slug":"empresa-oferta-200-vagas-de-emprego-em-governador-valadares","status":"publish","type":"post","link":"https:\/\/aconteceunovale.com.br\/portal\/?p=194335","title":{"rendered":"Empresa oferta 200 vagas de emprego em Governador Valadares"},"content":{"rendered":"\n<p class=\"wp-block-paragraph\">A AeC est\u00e1 oferecendo uma oportunidade imperd\u00edvel para quem busca iniciar o ano com um novo emprego. Nesta quarta-feira (3\/1), a empresa realizar\u00e1 um processo seletivo para contrata\u00e7\u00e3o imediata de operadores de contact center em Governador Valadares.<\/p>\n\n\n\n<p class=\"wp-block-paragraph\">Os interessados podem comparecer pessoalmente ao local do processo seletivo, situado na Rua S\u00e1 Carvalho, n\u00famero 73, no Centro da cidade, nos hor\u00e1rios de 10h e 15h.<\/p>\n\n\n\n<p class=\"wp-block-paragraph\">Para concorrer a uma das 200 vagas dispon\u00edveis, \u00e9 requisito ter mais de 18 anos, Ensino M\u00e9dio completo e no\u00e7\u00f5es b\u00e1sicas de inform\u00e1tica. A capacidade de comunica\u00e7\u00e3o eficaz tamb\u00e9m \u00e9 avaliada, sendo que n\u00e3o \u00e9 exigida experi\u00eancia pr\u00e9via na fun\u00e7\u00e3o. Al\u00e9m de remunera\u00e7\u00e3o compat\u00edvel com o mercado, a AeC oferece benef\u00edcios como plano de sa\u00fade e odontol\u00f3gico.<\/p>\n","protected":false},"excerpt":{"rendered":"<p>A AeC est\u00e1 oferecendo uma oportunidade imperd\u00edvel para quem busca iniciar o ano com um novo emprego. Nesta quarta-feira (3\/1), a empresa realizar\u00e1 um processo seletivo para contrata\u00e7\u00e3o imediata de operadores de contact center em Governador Valadares. Os interessados podem comparecer pessoalmente ao local do processo seletivo, situado na Rua S\u00e1 Carvalho, n\u00famero 73, no [&hellip;]<\/p>\n","protected":false},"author":4,"featured_media":194336,"comment_status":"open","ping_status":"closed","sticky":false,"template":"","format":"standard","meta":{"amp_status":"","footnotes":""},"categories":[40236,121],"tags":[19270,268592,247,124388,147400,147399],"class_list":["post-194335","post","type-post","status-publish","format-standard","has-post-thumbnail","hentry","category-empregos-2","category-leste","tag-emprego-em-governador-valadares","tag-empresa-oferta-200-vagas-de-emprego-em-governador-valadares","tag-governador-valadares","tag-oportunidade-de-emprego-em-governador-valadares","tag-trabalho-em-governador-valadares","tag-vagas-em-governador-valadares"],"yoast_head":"<!-- This site is optimized with the Yoast SEO plugin v28.3 - https:\/\/yoast.com\/product\/yoast-seo-wordpress\/ -->\n<title>Empresa oferta 200 vagas de emprego em Governador Valadares - Aconteceu no Vale<\/title>\n<meta name=\"robots\" content=\"index, follow, max-snippet:-1, max-image-preview:large, max-video-preview:-1\" \/>\n<link rel=\"canonical\" href=\"https:\/\/aconteceunovale.com.br\/portal\/?p=194335\" \/>\n<meta property=\"og:locale\" content=\"pt_BR\" \/>\n<meta property=\"og:type\" content=\"article\" \/>\n<meta property=\"og:title\" content=\"Empresa oferta 200 vagas de emprego em Governador Valadares - Aconteceu no Vale\" \/>\n<meta property=\"og:description\" content=\"A AeC est\u00e1 oferecendo uma oportunidade imperd\u00edvel para quem busca iniciar o ano com um novo emprego. Nesta quarta-feira (3\/1), a empresa realizar\u00e1 um processo seletivo para contrata\u00e7\u00e3o imediata de operadores de contact center em Governador Valadares. Os interessados podem comparecer pessoalmente ao local do processo seletivo, situado na Rua S\u00e1 Carvalho, n\u00famero 73, no [&hellip;]\" \/>\n<meta property=\"og:url\" content=\"https:\/\/aconteceunovale.com.br\/portal\/?p=194335\" \/>\n<meta property=\"og:site_name\" content=\"Aconteceu no Vale\" \/>\n<meta property=\"article:publisher\" content=\"https:\/\/www.facebook.com\/aconteceunovale\/\" \/>\n<meta property=\"article:published_time\" content=\"2024-01-02T15:55:30+00:00\" \/>\n<meta property=\"article:modified_time\" content=\"2024-01-02T15:58:29+00:00\" \/>\n<meta property=\"og:image\" content=\"https:\/\/aconteceunovale.com.br\/portal\/wp-content\/uploads\/2024\/01\/aec_gv.jpeg\" \/>\n\t<meta property=\"og:image:width\" content=\"675\" \/>\n\t<meta property=\"og:image:height\" content=\"450\" \/>\n\t<meta property=\"og:image:type\" content=\"image\/jpeg\" \/>\n<meta name=\"author\" content=\"Reda\u00e7\u00e3o Aconteceu no Vale\" \/>\n<meta name=\"twitter:card\" content=\"summary_large_image\" \/>\n<meta name=\"twitter:creator\" content=\"@noticiadosvales\" \/>\n<meta name=\"twitter:site\" content=\"@noticiadosvales\" \/>\n<meta name=\"twitter:label1\" content=\"Escrito por\" \/>\n\t<meta name=\"twitter:data1\" content=\"Reda\u00e7\u00e3o Aconteceu no Vale\" \/>\n\t<meta name=\"twitter:label2\" content=\"Est. tempo de leitura\" \/>\n\t<meta name=\"twitter:data2\" content=\"1 minuto\" \/>\n<script type=\"application\/ld+json\" class=\"yoast-schema-graph\">{\"@context\":\"https:\\\/\\\/schema.org\",\"@graph\":[{\"@type\":\"Article\",\"@id\":\"https:\\\/\\\/aconteceunovale.com.br\\\/portal\\\/?p=194335#article\",\"isPartOf\":{\"@id\":\"https:\\\/\\\/aconteceunovale.com.br\\\/portal\\\/?p=194335\"},\"author\":{\"name\":\"Reda\u00e7\u00e3o Aconteceu no Vale\",\"@id\":\"https:\\\/\\\/aconteceunovale.com.br\\\/portal\\\/#\\\/schema\\\/person\\\/7d2f26d1483f8a63de73da1ee0754d35\"},\"headline\":\"Empresa oferta 200 vagas de emprego em Governador Valadares\",\"datePublished\":\"2024-01-02T15:55:30+00:00\",\"dateModified\":\"2024-01-02T15:58:29+00:00\",\"mainEntityOfPage\":{\"@id\":\"https:\\\/\\\/aconteceunovale.com.br\\\/portal\\\/?p=194335\"},\"wordCount\":143,\"commentCount\":0,\"image\":{\"@id\":\"https:\\\/\\\/aconteceunovale.com.br\\\/portal\\\/?p=194335#primaryimage\"},\"thumbnailUrl\":\"https:\\\/\\\/aconteceunovale.com.br\\\/portal\\\/wp-content\\\/uploads\\\/2024\\\/01\\\/aec_gv.jpeg\",\"keywords\":[\"emprego em Governador Valadares\",\"Empresa oferta 200 vagas de emprego em Governador Valadares\",\"Governador Valadares\",\"Oportunidade de emprego em Governador Valadares\",\"Trabalho em Governador Valadares\",\"Vagas em Governador Valadares\"],\"articleSection\":[\"Empregos\",\"Leste de Minas\"],\"inLanguage\":\"pt-BR\",\"potentialAction\":[{\"@type\":\"CommentAction\",\"name\":\"Comment\",\"target\":[\"https:\\\/\\\/aconteceunovale.com.br\\\/portal\\\/?p=194335#respond\"]}]},{\"@type\":\"WebPage\",\"@id\":\"https:\\\/\\\/aconteceunovale.com.br\\\/portal\\\/?p=194335\",\"url\":\"https:\\\/\\\/aconteceunovale.com.br\\\/portal\\\/?p=194335\",\"name\":\"Empresa oferta 200 vagas de emprego em Governador Valadares - Aconteceu no Vale\",\"isPartOf\":{\"@id\":\"https:\\\/\\\/aconteceunovale.com.br\\\/portal\\\/#website\"},\"primaryImageOfPage\":{\"@id\":\"https:\\\/\\\/aconteceunovale.com.br\\\/portal\\\/?p=194335#primaryimage\"},\"image\":{\"@id\":\"https:\\\/\\\/aconteceunovale.com.br\\\/portal\\\/?p=194335#primaryimage\"},\"thumbnailUrl\":\"https:\\\/\\\/aconteceunovale.com.br\\\/portal\\\/wp-content\\\/uploads\\\/2024\\\/01\\\/aec_gv.jpeg\",\"datePublished\":\"2024-01-02T15:55:30+00:00\",\"dateModified\":\"2024-01-02T15:58:29+00:00\",\"author\":{\"@id\":\"https:\\\/\\\/aconteceunovale.com.br\\\/portal\\\/#\\\/schema\\\/person\\\/7d2f26d1483f8a63de73da1ee0754d35\"},\"breadcrumb\":{\"@id\":\"https:\\\/\\\/aconteceunovale.com.br\\\/portal\\\/?p=194335#breadcrumb\"},\"inLanguage\":\"pt-BR\",\"potentialAction\":[{\"@type\":\"ReadAction\",\"target\":[\"https:\\\/\\\/aconteceunovale.com.br\\\/portal\\\/?p=194335\"]}]},{\"@type\":\"ImageObject\",\"inLanguage\":\"pt-BR\",\"@id\":\"https:\\\/\\\/aconteceunovale.com.br\\\/portal\\\/?p=194335#primaryimage\",\"url\":\"https:\\\/\\\/aconteceunovale.com.br\\\/portal\\\/wp-content\\\/uploads\\\/2024\\\/01\\\/aec_gv.jpeg\",\"contentUrl\":\"https:\\\/\\\/aconteceunovale.com.br\\\/portal\\\/wp-content\\\/uploads\\\/2024\\\/01\\\/aec_gv.jpeg\",\"width\":675,\"height\":450},{\"@type\":\"BreadcrumbList\",\"@id\":\"https:\\\/\\\/aconteceunovale.com.br\\\/portal\\\/?p=194335#breadcrumb\",\"itemListElement\":[{\"@type\":\"ListItem\",\"position\":1,\"name\":\"In\u00edcio\",\"item\":\"https:\\\/\\\/aconteceunovale.com.br\\\/portal\\\/\"},{\"@type\":\"ListItem\",\"position\":2,\"name\":\"Empresa oferta 200 vagas de emprego em Governador Valadares\"}]},{\"@type\":\"WebSite\",\"@id\":\"https:\\\/\\\/aconteceunovale.com.br\\\/portal\\\/#website\",\"url\":\"https:\\\/\\\/aconteceunovale.com.br\\\/portal\\\/\",\"name\":\"Aconteceu no Vale\",\"description\":\"Portal de Not\u00edcias\",\"potentialAction\":[{\"@type\":\"SearchAction\",\"target\":{\"@type\":\"EntryPoint\",\"urlTemplate\":\"https:\\\/\\\/aconteceunovale.com.br\\\/portal\\\/?s={search_term_string}\"},\"query-input\":{\"@type\":\"PropertyValueSpecification\",\"valueRequired\":true,\"valueName\":\"search_term_string\"}}],\"inLanguage\":\"pt-BR\"},{\"@type\":\"Person\",\"@id\":\"https:\\\/\\\/aconteceunovale.com.br\\\/portal\\\/#\\\/schema\\\/person\\\/7d2f26d1483f8a63de73da1ee0754d35\",\"name\":\"Reda\u00e7\u00e3o Aconteceu no Vale\",\"description\":\"Equipe de reportagem do Aconteceu no Vale, portal de not\u00edcias do Vale do Jequitinhonha, em Minas Gerais. Cobrimos as 51 cidades do Vale desde 2013. Sugest\u00f5es de pauta e pedidos de corre\u00e7\u00e3o: contato@aconteceunovale.com.br\",\"url\":\"https:\\\/\\\/aconteceunovale.com.br\\\/portal\\\/?author=4\"}]}<\/script>\n<!-- \/ Yoast SEO plugin. -->","yoast_head_json":{"title":"Empresa oferta 200 vagas de emprego em Governador Valadares - Aconteceu no Vale","robots":{"index":"index","follow":"follow","max-snippet":"max-snippet:-1","max-image-preview":"max-image-preview:large","max-video-preview":"max-video-preview:-1"},"canonical":"https:\/\/aconteceunovale.com.br\/portal\/?p=194335","og_locale":"pt_BR","og_type":"article","og_title":"Empresa oferta 200 vagas de emprego em Governador Valadares - Aconteceu no Vale","og_description":"A AeC est\u00e1 oferecendo uma oportunidade imperd\u00edvel para quem busca iniciar o ano com um novo emprego. Nesta quarta-feira (3\/1), a empresa realizar\u00e1 um processo seletivo para contrata\u00e7\u00e3o imediata de operadores de contact center em Governador Valadares. Os interessados podem comparecer pessoalmente ao local do processo seletivo, situado na Rua S\u00e1 Carvalho, n\u00famero 73, no [&hellip;]","og_url":"https:\/\/aconteceunovale.com.br\/portal\/?p=194335","og_site_name":"Aconteceu no Vale","article_publisher":"https:\/\/www.facebook.com\/aconteceunovale\/","article_published_time":"2024-01-02T15:55:30+00:00","article_modified_time":"2024-01-02T15:58:29+00:00","og_image":[{"width":675,"height":450,"url":"https:\/\/aconteceunovale.com.br\/portal\/wp-content\/uploads\/2024\/01\/aec_gv.jpeg","type":"image\/jpeg"}],"author":"Reda\u00e7\u00e3o Aconteceu no Vale","twitter_card":"summary_large_image","twitter_creator":"@noticiadosvales","twitter_site":"@noticiadosvales","twitter_misc":{"Escrito por":"Reda\u00e7\u00e3o Aconteceu no Vale","Est. tempo de leitura":"1 minuto"},"schema":{"@context":"https:\/\/schema.org","@graph":[{"@type":"Article","@id":"https:\/\/aconteceunovale.com.br\/portal\/?p=194335#article","isPartOf":{"@id":"https:\/\/aconteceunovale.com.br\/portal\/?p=194335"},"author":{"name":"Reda\u00e7\u00e3o Aconteceu no Vale","@id":"https:\/\/aconteceunovale.com.br\/portal\/#\/schema\/person\/7d2f26d1483f8a63de73da1ee0754d35"},"headline":"Empresa oferta 200 vagas de emprego em Governador Valadares","datePublished":"2024-01-02T15:55:30+00:00","dateModified":"2024-01-02T15:58:29+00:00","mainEntityOfPage":{"@id":"https:\/\/aconteceunovale.com.br\/portal\/?p=194335"},"wordCount":143,"commentCount":0,"image":{"@id":"https:\/\/aconteceunovale.com.br\/portal\/?p=194335#primaryimage"},"thumbnailUrl":"https:\/\/aconteceunovale.com.br\/portal\/wp-content\/uploads\/2024\/01\/aec_gv.jpeg","keywords":["emprego em Governador Valadares","Empresa oferta 200 vagas de emprego em Governador Valadares","Governador Valadares","Oportunidade de emprego em Governador Valadares","Trabalho em Governador Valadares","Vagas em Governador Valadares"],"articleSection":["Empregos","Leste de Minas"],"inLanguage":"pt-BR","potentialAction":[{"@type":"CommentAction","name":"Comment","target":["https:\/\/aconteceunovale.com.br\/portal\/?p=194335#respond"]}]},{"@type":"WebPage","@id":"https:\/\/aconteceunovale.com.br\/portal\/?p=194335","url":"https:\/\/aconteceunovale.com.br\/portal\/?p=194335","name":"Empresa oferta 200 vagas de emprego em Governador Valadares - Aconteceu no Vale","isPartOf":{"@id":"https:\/\/aconteceunovale.com.br\/portal\/#website"},"primaryImageOfPage":{"@id":"https:\/\/aconteceunovale.com.br\/portal\/?p=194335#primaryimage"},"image":{"@id":"https:\/\/aconteceunovale.com.br\/portal\/?p=194335#primaryimage"},"thumbnailUrl":"https:\/\/aconteceunovale.com.br\/portal\/wp-content\/uploads\/2024\/01\/aec_gv.jpeg","datePublished":"2024-01-02T15:55:30+00:00","dateModified":"2024-01-02T15:58:29+00:00","author":{"@id":"https:\/\/aconteceunovale.com.br\/portal\/#\/schema\/person\/7d2f26d1483f8a63de73da1ee0754d35"},"breadcrumb":{"@id":"https:\/\/aconteceunovale.com.br\/portal\/?p=194335#breadcrumb"},"inLanguage":"pt-BR","potentialAction":[{"@type":"ReadAction","target":["https:\/\/aconteceunovale.com.br\/portal\/?p=194335"]}]},{"@type":"ImageObject","inLanguage":"pt-BR","@id":"https:\/\/aconteceunovale.com.br\/portal\/?p=194335#primaryimage","url":"https:\/\/aconteceunovale.com.br\/portal\/wp-content\/uploads\/2024\/01\/aec_gv.jpeg","contentUrl":"https:\/\/aconteceunovale.com.br\/portal\/wp-content\/uploads\/2024\/01\/aec_gv.jpeg","width":675,"height":450},{"@type":"BreadcrumbList","@id":"https:\/\/aconteceunovale.com.br\/portal\/?p=194335#breadcrumb","itemListElement":[{"@type":"ListItem","position":1,"name":"In\u00edcio","item":"https:\/\/aconteceunovale.com.br\/portal\/"},{"@type":"ListItem","position":2,"name":"Empresa oferta 200 vagas de emprego em Governador Valadares"}]},{"@type":"WebSite","@id":"https:\/\/aconteceunovale.com.br\/portal\/#website","url":"https:\/\/aconteceunovale.com.br\/portal\/","name":"Aconteceu no Vale","description":"Portal de Not\u00edcias","potentialAction":[{"@type":"SearchAction","target":{"@type":"EntryPoint","urlTemplate":"https:\/\/aconteceunovale.com.br\/portal\/?s={search_term_string}"},"query-input":{"@type":"PropertyValueSpecification","valueRequired":true,"valueName":"search_term_string"}}],"inLanguage":"pt-BR"},{"@type":"Person","@id":"https:\/\/aconteceunovale.com.br\/portal\/#\/schema\/person\/7d2f26d1483f8a63de73da1ee0754d35","name":"Reda\u00e7\u00e3o Aconteceu no Vale","description":"Equipe de reportagem do Aconteceu no Vale, portal de not\u00edcias do Vale do Jequitinhonha, em Minas Gerais. Cobrimos as 51 cidades do Vale desde 2013. Sugest\u00f5es de pauta e pedidos de corre\u00e7\u00e3o: contato@aconteceunovale.com.br","url":"https:\/\/aconteceunovale.com.br\/portal\/?author=4"}]}},"_links":{"self":[{"href":"https:\/\/aconteceunovale.com.br\/portal\/index.php?rest_route=\/wp\/v2\/posts\/194335","targetHints":{"allow":["GET"]}}],"collection":[{"href":"https:\/\/aconteceunovale.com.br\/portal\/index.php?rest_route=\/wp\/v2\/posts"}],"about":[{"href":"https:\/\/aconteceunovale.com.br\/portal\/index.php?rest_route=\/wp\/v2\/types\/post"}],"author":[{"embeddable":true,"href":"https:\/\/aconteceunovale.com.br\/portal\/index.php?rest_route=\/wp\/v2\/users\/4"}],"replies":[{"embeddable":true,"href":"https:\/\/aconteceunovale.com.br\/portal\/index.php?rest_route=%2Fwp%2Fv2%2Fcomments&post=194335"}],"version-history":[{"count":2,"href":"https:\/\/aconteceunovale.com.br\/portal\/index.php?rest_route=\/wp\/v2\/posts\/194335\/revisions"}],"predecessor-version":[{"id":194338,"href":"https:\/\/aconteceunovale.com.br\/portal\/index.php?rest_route=\/wp\/v2\/posts\/194335\/revisions\/194338"}],"wp:featuredmedia":[{"embeddable":true,"href":"https:\/\/aconteceunovale.com.br\/portal\/index.php?rest_route=\/wp\/v2\/media\/194336"}],"wp:attachment":[{"href":"https:\/\/aconteceunovale.com.br\/portal\/index.php?rest_route=%2Fwp%2Fv2%2Fmedia&parent=194335"}],"wp:term":[{"taxonomy":"category","embeddable":true,"href":"https:\/\/aconteceunovale.com.br\/portal\/index.php?rest_route=%2Fwp%2Fv2%2Fcategories&post=194335"},{"taxonomy":"post_tag","embeddable":true,"href":"https:\/\/aconteceunovale.com.br\/portal\/index.php?rest_route=%2Fwp%2Fv2%2Ftags&post=194335"}],"curies":[{"name":"wp","href":"https:\/\/api.w.org\/{rel}","templated":true}]}}