{"id":194213,"date":"2023-12-28T20:23:02","date_gmt":"2023-12-28T23:23:02","guid":{"rendered":"https:\/\/aconteceunovale.com.br\/portal\/?p=194213"},"modified":"2023-12-28T20:23:50","modified_gmt":"2023-12-28T23:23:50","slug":"primeiro-trimestre-de-2024-pode-ter-calor-e-chuva-acima-da-media-historica-em-minas-gerais","status":"publish","type":"post","link":"https:\/\/aconteceunovale.com.br\/portal\/?p=194213","title":{"rendered":"Primeiro trimestre de 2024 pode ter calor e chuva acima da m\u00e9dia hist\u00f3rica em Minas Gerais"},"content":{"rendered":"\n<p>A popula\u00e7\u00e3o poder\u00e1 enfrentar calor e chuva acima da m\u00e9dia hist\u00f3rica em Minas Gerais no primeiro trimestre de 2024. \u00c9 o que aponta o relat\u00f3rio de tend\u00eancia clim\u00e1tica elaborado pelo\u00a0<a href=\"http:\/\/simge.mg.gov.br\/\" target=\"_blank\" rel=\"noreferrer noopener\">Sistema de Meteorologia e Recursos H\u00eddricos de Minas Gerais (Simge)<\/a>, do\u00a0Instituto Mineiro de Gest\u00e3o das \u00c1guas (Igam). O documento, elaborado na \u00faltima ter\u00e7a-feira (26\/12), aponta at\u00e9 2\u00b0C de temperatura acima da m\u00e9dia em parte do estado.<\/p>\n\n\n\n<p>A previs\u00e3o feita pelo Simge \u00e9 de que a maior parte do estado fique com 1\u00b0C acima da m\u00e9dia hist\u00f3rica, podendo chegar a 2\u00b0C no extremo norte mineiro, como no Norte de Minas e no Jequitinhonha. O motivo \u00e9 a continuidade do fen\u00f4meno atmosf\u00e9rico-oce\u00e2nico, conhecido como El Ni\u00f1o, que \u00e9 caracterizado por anomalias positivas da Temperatura da Superf\u00edcie do Mar (TSM), ou seja, \u00e1guas mais quentes que as normais se estabelecem no Oceano Pac\u00edfico Tropical Centro-Oriental, pr\u00f3ximo \u00e0 costa oeste da Am\u00e9rica do Sul.<\/p>\n\n\n\n<p>\u201cVale ressaltar que o El Ni\u00f1o 2023\/2024 j\u00e1 est\u00e1 entre os cinco mais intensos j\u00e1 registrados (desde 1950) e a tend\u00eancia \u00e9 que persista influenciando no clima por toda a esta\u00e7\u00e3o do ver\u00e3o, ou seja, at\u00e9 o final de mar\u00e7o de 2024\u201d, explica o meteorologista do Simge, Heriberto dos Anjos.<\/p>\n\n\n\n<p>Em rela\u00e7\u00e3o \u00e0s chuvas no primeiro trimestre de 2024, a tend\u00eancia \u00e9 que a por\u00e7\u00e3o norte do estado (Noroeste, Norte de Minas e Jequitinhonha) apresentem anomalias positivas de precipita\u00e7\u00e3o, com cerca de 50 a 100 mm acima da m\u00e9dia. Nas demais regi\u00f5es de Minas, a previs\u00e3o \u00e9 de chuvas dentro da normalidade. Para a acessar o relat\u00f3rio, clique aqui.<\/p>\n\n\n\n<p><strong>Simge<\/strong><\/p>\n\n\n\n<p>O trabalho de monitoramento das condi\u00e7\u00f5es clim\u00e1ticas \u00e9 feito, no Igam, h\u00e1 25 anos, pelo Sistema de Meteorologia e Recursos H\u00eddricos de Minas Gerais (Simge). O sistema \u00e9 refer\u00eancia para que, nos casos de eventos naturais, os \u00f3rg\u00e3os p\u00fablicos tomem decis\u00f5es que podem salvar vidas. O trabalho de alerta \u00e9 realizado em parceria com a&nbsp;<a href=\"https:\/\/www.defesacivil.mg.gov.br\/\" target=\"_blank\" rel=\"noreferrer noopener\">Coordenadoria Estadual de Defesa Civil (Cedec)<\/a>&nbsp;e tem o apoio da&nbsp;<a href=\"https:\/\/www.cemig.com.br\/\" target=\"_blank\" rel=\"noreferrer noopener\">Cemig<\/a>&nbsp;para aquisi\u00e7\u00e3o das informa\u00e7\u00f5es.<\/p>\n\n\n\n<p>Ainda, para realizar a previs\u00e3o de tempo e clima, bem como o monitoramento e a vigil\u00e2ncia meteorol\u00f3gica, o Simge conta atualmente com ferramentas como produtos derivados de sat\u00e9lite, modelos meteorol\u00f3gicos e clim\u00e1ticos provenientes de \u00f3rg\u00e3os nacionais e internacionais, sistemas de detec\u00e7\u00e3o de raios, dados observados por meio de Plataformas de Coleta de Dados (PCDS) autom\u00e1ticas e dados de radares meteorol\u00f3gicos.<\/p>\n","protected":false},"excerpt":{"rendered":"<p>A popula\u00e7\u00e3o poder\u00e1 enfrentar calor e chuva acima da m\u00e9dia hist\u00f3rica em Minas Gerais no primeiro trimestre de 2024. \u00c9 o que aponta o relat\u00f3rio de tend\u00eancia clim\u00e1tica elaborado pelo\u00a0Sistema de Meteorologia e Recursos H\u00eddricos de Minas Gerais (Simge), do\u00a0Instituto Mineiro de Gest\u00e3o das \u00c1guas (Igam). O documento, elaborado na \u00faltima ter\u00e7a-feira (26\/12), aponta at\u00e9 [&hellip;]<\/p>\n","protected":false},"author":4,"featured_media":194214,"comment_status":"open","ping_status":"closed","sticky":false,"template":"","format":"standard","meta":{"amp_status":"","footnotes":""},"categories":[123],"tags":[268430,63497,32561,36840,131,89421,268429,129070],"class_list":["post-194213","post","type-post","status-publish","format-standard","has-post-thumbnail","hentry","category-gerais","tag-calor-acima-da-media-em-minas-gerais","tag-calor-em-minas-gerais","tag-chuva-em-minas-gerais","tag-igam","tag-minas-gerais","tag-previsao-do-tempo-minas-gerais","tag-primeiro-trimestre-de-2024-pode-ter-calor-e-chuva-acima-da-media-historica-em-minas-gerais","tag-simge"],"_links":{"self":[{"href":"https:\/\/aconteceunovale.com.br\/portal\/index.php?rest_route=\/wp\/v2\/posts\/194213","targetHints":{"allow":["GET"]}}],"collection":[{"href":"https:\/\/aconteceunovale.com.br\/portal\/index.php?rest_route=\/wp\/v2\/posts"}],"about":[{"href":"https:\/\/aconteceunovale.com.br\/portal\/index.php?rest_route=\/wp\/v2\/types\/post"}],"author":[{"embeddable":true,"href":"https:\/\/aconteceunovale.com.br\/portal\/index.php?rest_route=\/wp\/v2\/users\/4"}],"replies":[{"embeddable":true,"href":"https:\/\/aconteceunovale.com.br\/portal\/index.php?rest_route=%2Fwp%2Fv2%2Fcomments&post=194213"}],"version-history":[{"count":1,"href":"https:\/\/aconteceunovale.com.br\/portal\/index.php?rest_route=\/wp\/v2\/posts\/194213\/revisions"}],"predecessor-version":[{"id":194215,"href":"https:\/\/aconteceunovale.com.br\/portal\/index.php?rest_route=\/wp\/v2\/posts\/194213\/revisions\/194215"}],"wp:featuredmedia":[{"embeddable":true,"href":"https:\/\/aconteceunovale.com.br\/portal\/index.php?rest_route=\/wp\/v2\/media\/194214"}],"wp:attachment":[{"href":"https:\/\/aconteceunovale.com.br\/portal\/index.php?rest_route=%2Fwp%2Fv2%2Fmedia&parent=194213"}],"wp:term":[{"taxonomy":"category","embeddable":true,"href":"https:\/\/aconteceunovale.com.br\/portal\/index.php?rest_route=%2Fwp%2Fv2%2Fcategories&post=194213"},{"taxonomy":"post_tag","embeddable":true,"href":"https:\/\/aconteceunovale.com.br\/portal\/index.php?rest_route=%2Fwp%2Fv2%2Ftags&post=194213"}],"curies":[{"name":"wp","href":"https:\/\/api.w.org\/{rel}","templated":true}]}}