{"id":194198,"date":"2023-12-28T13:46:00","date_gmt":"2023-12-28T16:46:00","guid":{"rendered":"https:\/\/aconteceunovale.com.br\/portal\/?p=194198"},"modified":"2023-12-28T15:33:03","modified_gmt":"2023-12-28T18:33:03","slug":"ano-de-2024-tera-10-feriados-e-8-pontos-facultativos-veja-a-lista","status":"publish","type":"post","link":"https:\/\/aconteceunovale.com.br\/portal\/?p=194198","title":{"rendered":"Ano de 2024 ter\u00e1 10 feriados e 8 pontos facultativos; veja a lista"},"content":{"rendered":"\n<p>O governo federal divulgou, nesta quinta-feira (28\/12\/2023), os dias de feriados nacionais e estabeleceu os dias de ponto facultativo, para o\u00a0ano de 2024.<\/p>\n\n\n\n<p>De acordo com o Minist\u00e9rio da Gest\u00e3o e da Inova\u00e7\u00e3o em Servi\u00e7os P\u00fablicos, entre as 18 datas comemorativas, 8 s\u00e3o pontos facultativos e 10, feriados nacionais. Entre os feriados, quatro cair\u00e3o em finais de semana.\u00a0<\/p>\n\n\n\n<p>A lista \u00e9 dirigida ao funcionalismo p\u00fablico de \u00f3rg\u00e3os e entidades da administra\u00e7\u00e3o p\u00fablica federal direta, aut\u00e1rquica e fundacional, sem preju\u00edzo da presta\u00e7\u00e3o dos servi\u00e7os p\u00fablicos considerados essenciais e poder\u00e1 ser seguida em todo o territ\u00f3rio nacional.&nbsp;<\/p>\n\n\n\n<p>No segundo semestre de 2024, tr\u00eas dos cinco feriados caem em fins de semana (7 de setembro, 12 de outubro e 2 de novembro). Os dois feriados&nbsp;do \u00faltimo semestre do pr\u00f3ximo ano que caem em dias \u00fateis&nbsp;s\u00e3o o da Proclama\u00e7\u00e3o da Rep\u00fablica (15 de novembro), em uma sexta-feira e do Natal (25 de dezembro), a pen\u00faltima sexta-feira de 2024.&nbsp;<\/p>\n\n\n\n<h2 class=\"wp-block-heading\">Confira a lista de feriados:<\/h2>\n\n\n\n<ul class=\"wp-block-list\">\n<li>1\u00ba de janeiro, Confraterniza\u00e7\u00e3o Universal (feriado nacional) \u2013 segunda-feira;\u00a0<\/li>\n\n\n\n<li>29 de mar\u00e7o, Paix\u00e3o de Cristo (feriado nacional) \u2013 sexta-feira;\u00a0<\/li>\n\n\n\n<li>21 de abril, Tiradentes (feriado nacional) &#8211; domingo;\u00a0<\/li>\n\n\n\n<li>1\u00ba de maio, Dia Mundial do Trabalho (feriado nacional) &#8211; quarta-feira;\u00a0<\/li>\n\n\n\n<li>7 de setembro, Independ\u00eancia do Brasil (feriado nacional) &#8211; s\u00e1bado;\u00a0<\/li>\n\n\n\n<li>12 de outubro, Nossa Senhora Aparecida (feriado nacional) &#8211; s\u00e1bado;\u00a0<\/li>\n\n\n\n<li>2 de novembro, Finados (feriado nacional) &#8211; s\u00e1bado;\u00a0<\/li>\n\n\n\n<li>15 de novembro, Proclama\u00e7\u00e3o da Rep\u00fablica (feriado nacional) &#8211; sexta-feira;\u00a0<\/li>\n\n\n\n<li>20 de novembro, Dia Nacional de Zumbi e da Consci\u00eancia Negra (feriado nacional) &#8211; quarta-feira;\u00a0<\/li>\n\n\n\n<li>25 de dezembro, Natal (feriado nacional) &#8211; quarta-feira.\u00a0<\/li>\n<\/ul>\n\n\n\n<h2 class=\"wp-block-heading\">Confira a lista de pontos facultativos:<\/h2>\n\n\n\n<ul class=\"wp-block-list\">\n<li>12 de fevereiro, Carnaval (ponto facultativo) \u2013 segunda-feira;\u00a0<\/li>\n\n\n\n<li>13 de fevereiro, Carnaval (ponto facultativo) \u2013 ter\u00e7a-feira;\u00a0<\/li>\n\n\n\n<li>14 de fevereiro, Quarta-Feira de Cinzas (ponto facultativo at\u00e9 as 14 horas) &#8211; quarta-feira;\u00a0<\/li>\n\n\n\n<li>30 de maio, Corpus Christi (ponto facultativo) quinta-feira;\u00a0<\/li>\n\n\n\n<li>31 de maio (ponto facultativo) \u2013 sexta-feira;\u00a0<\/li>\n\n\n\n<li>28 de outubro, Dia do Servidor P\u00fablico federal (ponto facultativo);\u00a0<\/li>\n\n\n\n<li>24 de dezembro, v\u00e9spera do Natal (ponto facultativo ap\u00f3s as 14 horas) &#8211; ter\u00e7a-feira;\u00a0<\/li>\n\n\n\n<li>31 de dezembro, v\u00e9spera do Ano Novo (ponto facultativo ap\u00f3s as 14 horas) &#8211; ter\u00e7a-feira.<\/li>\n<\/ul>\n\n\n\n<h2 class=\"wp-block-heading\">Menos feriados<\/h2>\n\n\n\n<p>Em 10 de novembro deste ano, durante a reuni\u00e3o ministerial do Pal\u00e1cio do Planalto, o presidente Luiz In\u00e1cio Lula da Silva chegou a falar da quantidade de feriados prolongados de&nbsp;2023. Na ocasi\u00e3o, o presidente fez a ponte entre o n\u00famero de feriados e o crescimento do Produto Interno Bruto (PIB) do Brasil. \u201cExageradamente, neste ano, teve muito feriado prolongado. No ano que vem, os feriados v\u00e3o cair mais no s\u00e1bado, o que significa que o PIB vai crescer um pouco mais, porque as pessoas v\u00e3o ficar um pouco mais a servi\u00e7o do mundo do trabalho\u201d, previu&nbsp;Lula.&nbsp;<\/p>\n\n\n\n<p>No in\u00edcio deste m\u00eas, o presidente\u00a0tornou feriado nacional\u00a0o Dia da Consci\u00eancia Negra, em 20 de novembro, em homenagem \u00e0 data de morte da lideran\u00e7a negra Zumbi dos Palmares. At\u00e9 ent\u00e3o, a data era feriado em seis estados &#8211; Mato Grosso, Rio de Janeiro, Alagoas, Amazonas, Amap\u00e1 e S\u00e3o Paulo &#8211; e em mais de 1,2 mil cidades, decretado em leis municipais e estaduais.\u00a0<\/p>\n\n\n\n<h2 class=\"wp-block-heading\">Economia&nbsp;<\/h2>\n\n\n\n<p>A Confedera\u00e7\u00e3o Nacional do Com\u00e9rcio de Bens, Servi\u00e7os e Turismo (CNC) calcula que os feriados em dias \u00fateis favorecem alguns setores da economia, como o turismo, mas geram preju\u00edzos ao com\u00e9rcio, devido \u00e0 queda no n\u00edvel de atividade e eleva\u00e7\u00e3o dos custos de opera\u00e7\u00e3o, por exemplo, com o pagamento de horas extras aos trabalhadores.&nbsp;<\/p>\n\n\n\n<p>A entidade estima que, com mais dias \u00fateis, em 2024, as perdas do com\u00e9rcio com os feriados ser\u00e3o um pouco menores, na compara\u00e7\u00e3o com 2023. O c\u00e1lculo m\u00e9dio da CNC \u00e9 de que cada feriado em dias \u00fateis tenha gerado o preju\u00edzo de R$ 3,22 bilh\u00f5es ao varejo nacional, em 2023.&nbsp;<\/p>\n\n\n\n<p>Com&nbsp;base nisto, no pr\u00f3ximo ano, o preju\u00edzo do setor por conta de feriados nacionais dever\u00e1 ser de R$ 27,92 bilh\u00f5es, 4% menor do que em 2023, quando o preju\u00edzo fechar\u00e1 o ano em R$ 28,99 bilh\u00f5es, projeta a CNC.&nbsp;<\/p>\n\n\n\n<p>O presidente da CNC, Jos\u00e9 Roberto Tadros, defende o equil\u00edbrio. \u201cNossos segmentos ligados ao turismo se beneficiam desse calend\u00e1rio, o que \u00e9 muito positivo. Mas segmentos econ\u00f4micos como o varejo registram perdas com lojas fechadas e menor movimenta\u00e7\u00e3o de p\u00fablico, por exemplo. A validade desse levantamento \u00e9 dar luz sobre o cen\u00e1rio e orientar as melhores decis\u00f5es\u201d.&nbsp;<\/p>\n","protected":false},"excerpt":{"rendered":"<p>O governo federal divulgou, nesta quinta-feira (28\/12\/2023), os dias de feriados nacionais e estabeleceu os dias de ponto facultativo, para o\u00a0ano de 2024. De acordo com o Minist\u00e9rio da Gest\u00e3o e da Inova\u00e7\u00e3o em Servi\u00e7os P\u00fablicos, entre as 18 datas comemorativas, 8 s\u00e3o pontos facultativos e 10, feriados nacionais. Entre os feriados, quatro cair\u00e3o em [&hellip;]<\/p>\n","protected":false},"author":4,"featured_media":194199,"comment_status":"open","ping_status":"closed","sticky":false,"template":"","format":"standard","meta":{"amp_status":"","footnotes":""},"categories":[6],"tags":[268408,268409,268412,1018,268410,268411,268413],"class_list":["post-194198","post","type-post","status-publish","format-standard","has-post-thumbnail","hentry","category-br","tag-ano-de-2024-tera-10-feriados-e-8-pontos-facultativos-veja-a-lista","tag-calendario-2024","tag-datas-comemorativas-2024","tag-destaque","tag-feriados-2024","tag-feriados-prolongados-2024","tag-ponto-facultativo-2024"],"_links":{"self":[{"href":"https:\/\/aconteceunovale.com.br\/portal\/index.php?rest_route=\/wp\/v2\/posts\/194198","targetHints":{"allow":["GET"]}}],"collection":[{"href":"https:\/\/aconteceunovale.com.br\/portal\/index.php?rest_route=\/wp\/v2\/posts"}],"about":[{"href":"https:\/\/aconteceunovale.com.br\/portal\/index.php?rest_route=\/wp\/v2\/types\/post"}],"author":[{"embeddable":true,"href":"https:\/\/aconteceunovale.com.br\/portal\/index.php?rest_route=\/wp\/v2\/users\/4"}],"replies":[{"embeddable":true,"href":"https:\/\/aconteceunovale.com.br\/portal\/index.php?rest_route=%2Fwp%2Fv2%2Fcomments&post=194198"}],"version-history":[{"count":1,"href":"https:\/\/aconteceunovale.com.br\/portal\/index.php?rest_route=\/wp\/v2\/posts\/194198\/revisions"}],"predecessor-version":[{"id":194200,"href":"https:\/\/aconteceunovale.com.br\/portal\/index.php?rest_route=\/wp\/v2\/posts\/194198\/revisions\/194200"}],"wp:featuredmedia":[{"embeddable":true,"href":"https:\/\/aconteceunovale.com.br\/portal\/index.php?rest_route=\/wp\/v2\/media\/194199"}],"wp:attachment":[{"href":"https:\/\/aconteceunovale.com.br\/portal\/index.php?rest_route=%2Fwp%2Fv2%2Fmedia&parent=194198"}],"wp:term":[{"taxonomy":"category","embeddable":true,"href":"https:\/\/aconteceunovale.com.br\/portal\/index.php?rest_route=%2Fwp%2Fv2%2Fcategories&post=194198"},{"taxonomy":"post_tag","embeddable":true,"href":"https:\/\/aconteceunovale.com.br\/portal\/index.php?rest_route=%2Fwp%2Fv2%2Ftags&post=194198"}],"curies":[{"name":"wp","href":"https:\/\/api.w.org\/{rel}","templated":true}]}}