{"id":194181,"date":"2023-12-28T09:21:59","date_gmt":"2023-12-28T12:21:59","guid":{"rendered":"https:\/\/aconteceunovale.com.br\/portal\/?p=194181"},"modified":"2023-12-28T09:22:23","modified_gmt":"2023-12-28T12:22:23","slug":"61o-aniversario-e-reveillon-de-itaobim-festa-e-alegria-para-celebrar-o-novo-ano","status":"publish","type":"post","link":"https:\/\/aconteceunovale.com.br\/portal\/?p=194181","title":{"rendered":"61\u00ba Anivers\u00e1rio e R\u00e9veillon de Itaobim: Festa e Alegria para Celebrar o Novo Ano"},"content":{"rendered":"\n<p>Itaobim, cidade localizada no Vale do Jequitinhonha, est\u00e1 prestes a celebrar n\u00e3o apenas o R\u00e9veillon, mas tamb\u00e9m o seu 61\u00ba anivers\u00e1rio em uma festa que promete unir a comunidade em momentos de alegria e celebra\u00e7\u00e3o. As atividades est\u00e3o programadas para acontecer nos dias 30 e 31 de dezembro, com uma agenda diversificada para atender aos gostos variados do p\u00fablico.<\/p>\n\n\n\n<figure class=\"wp-block-gallery has-nested-images columns-default is-cropped wp-block-gallery-1 is-layout-flex wp-block-gallery-is-layout-flex\">\n<figure class=\"wp-block-image size-large\"><img loading=\"lazy\" decoding=\"async\" width=\"678\" height=\"379\" data-id=\"194182\" src=\"https:\/\/aconteceunovale.com.br\/portal\/wp-content\/uploads\/2023\/12\/reveillon_itaobim_1.jpg\" alt=\"\" class=\"wp-image-194182\" srcset=\"https:\/\/aconteceunovale.com.br\/portal\/wp-content\/uploads\/2023\/12\/reveillon_itaobim_1.jpg 678w, https:\/\/aconteceunovale.com.br\/portal\/wp-content\/uploads\/2023\/12\/reveillon_itaobim_1-300x168.jpg 300w\" sizes=\"auto, (max-width: 678px) 100vw, 678px\" \/><\/figure>\n<\/figure>\n\n\n\n<p><strong>30 de dezembro (feriado municipal):<\/strong> A comemora\u00e7\u00e3o ter\u00e1 in\u00edcio no dia 30 de dezembro, a partir das 20h, no Mercado Municipal. Nesse dia especial, al\u00e9m de celebrar o anivers\u00e1rio da cidade, ser\u00e1 realizada a entrega da reforma do mercado, um marco importante para a comunidade local. A noite ser\u00e1 embalada pelos shows imperd\u00edveis da Banda Santha Nova e de Jean dos Teclados, prometendo uma atmosfera festiva e animada.<\/p>\n\n\n\n<p><strong>31 de dezembro (R\u00e9veillon do Povo):<\/strong> As festividades continuam no dia 31, a partir das 22h, na pra\u00e7a do palco de eventos. O R\u00e9veillon do Povo contar\u00e1 com apresenta\u00e7\u00f5es que visam brindar a chegada do novo ano com muita m\u00fasica e alegria. Os shows no trio el\u00e9trico incluem J\u00e9ssica Ornelas, Maderada do Arrocha e Luxuria. Uma oportunidade \u00fanica para a comunidade de Itaobim e visitantes se confraternizarem e celebrarem juntos a virada do ano.<\/p>\n\n\n\n<p>A realiza\u00e7\u00e3o do evento \u00e9 uma parceria entre a Prefeitura Municipal de Itaobim e a 3 Entretenimento, que buscam proporcionar momentos de lazer e celebra\u00e7\u00e3o para a popula\u00e7\u00e3o. Os mun\u00edcipes e turistas est\u00e3o convidados a participar desses dias de festa, celebrando n\u00e3o apenas o novo ano, mas tamb\u00e9m os 61 anos de hist\u00f3ria e cultura da cidade.<\/p>\n","protected":false},"excerpt":{"rendered":"<p>Itaobim, cidade localizada no Vale do Jequitinhonha, est\u00e1 prestes a celebrar n\u00e3o apenas o R\u00e9veillon, mas tamb\u00e9m o seu 61\u00ba anivers\u00e1rio em uma festa que promete unir a comunidade em momentos de alegria e celebra\u00e7\u00e3o. As atividades est\u00e3o programadas para acontecer nos dias 30 e 31 de dezembro, com uma agenda diversificada para atender aos [&hellip;]<\/p>\n","protected":false},"author":4,"featured_media":194182,"comment_status":"open","ping_status":"closed","sticky":false,"template":"","format":"standard","meta":{"amp_status":"","footnotes":""},"categories":[125,120],"tags":[268391,268393,391,1238,268392],"class_list":["post-194181","post","type-post","status-publish","format-standard","has-post-thumbnail","hentry","category-noticias","category-jequi","tag-61o-aniversario-e-reveillon-de-itaobim-festa-e-alegria-para-celebrar-o-novo-ano","tag-aniversario-de-itaobim","tag-itaobim","tag-prefeitura-de-itaobim","tag-reveillon-de-itaobim"],"_links":{"self":[{"href":"https:\/\/aconteceunovale.com.br\/portal\/index.php?rest_route=\/wp\/v2\/posts\/194181","targetHints":{"allow":["GET"]}}],"collection":[{"href":"https:\/\/aconteceunovale.com.br\/portal\/index.php?rest_route=\/wp\/v2\/posts"}],"about":[{"href":"https:\/\/aconteceunovale.com.br\/portal\/index.php?rest_route=\/wp\/v2\/types\/post"}],"author":[{"embeddable":true,"href":"https:\/\/aconteceunovale.com.br\/portal\/index.php?rest_route=\/wp\/v2\/users\/4"}],"replies":[{"embeddable":true,"href":"https:\/\/aconteceunovale.com.br\/portal\/index.php?rest_route=%2Fwp%2Fv2%2Fcomments&post=194181"}],"version-history":[{"count":1,"href":"https:\/\/aconteceunovale.com.br\/portal\/index.php?rest_route=\/wp\/v2\/posts\/194181\/revisions"}],"predecessor-version":[{"id":194183,"href":"https:\/\/aconteceunovale.com.br\/portal\/index.php?rest_route=\/wp\/v2\/posts\/194181\/revisions\/194183"}],"wp:featuredmedia":[{"embeddable":true,"href":"https:\/\/aconteceunovale.com.br\/portal\/index.php?rest_route=\/wp\/v2\/media\/194182"}],"wp:attachment":[{"href":"https:\/\/aconteceunovale.com.br\/portal\/index.php?rest_route=%2Fwp%2Fv2%2Fmedia&parent=194181"}],"wp:term":[{"taxonomy":"category","embeddable":true,"href":"https:\/\/aconteceunovale.com.br\/portal\/index.php?rest_route=%2Fwp%2Fv2%2Fcategories&post=194181"},{"taxonomy":"post_tag","embeddable":true,"href":"https:\/\/aconteceunovale.com.br\/portal\/index.php?rest_route=%2Fwp%2Fv2%2Ftags&post=194181"}],"curies":[{"name":"wp","href":"https:\/\/api.w.org\/{rel}","templated":true}]}}