{"id":194178,"date":"2023-12-28T08:34:53","date_gmt":"2023-12-28T11:34:53","guid":{"rendered":"https:\/\/aconteceunovale.com.br\/portal\/?p=194178"},"modified":"2023-12-28T08:35:46","modified_gmt":"2023-12-28T11:35:46","slug":"80-anos-de-itinga-o-maior-reveillon-do-interior-de-minas-gerais","status":"publish","type":"post","link":"https:\/\/aconteceunovale.com.br\/portal\/?p=194178","title":{"rendered":"80 anos de Itinga: o maior R\u00e9veillon do interior de Minas Gerais"},"content":{"rendered":"\n<p>Itinga, cidade localizada no Vale do Jequitinhonha, celebra seus 80 anos com um grandioso evento de r\u00e9veillon, organizado pela Prefeitura local. O munic\u00edpio se prepara para receber moradores e visitantes em uma festa que promete marcar o encerramento do ano de forma especial.<\/p>\n\n\n\n<figure class=\"wp-block-gallery has-nested-images columns-default is-cropped wp-block-gallery-1 is-layout-flex wp-block-gallery-is-layout-flex\">\n<figure class=\"wp-block-image size-large\"><img loading=\"lazy\" decoding=\"async\" width=\"678\" height=\"411\" data-id=\"194179\" src=\"https:\/\/aconteceunovale.com.br\/portal\/wp-content\/uploads\/2023\/12\/itinga_80anos2.jpg\" alt=\"\" class=\"wp-image-194179\" srcset=\"https:\/\/aconteceunovale.com.br\/portal\/wp-content\/uploads\/2023\/12\/itinga_80anos2.jpg 678w, https:\/\/aconteceunovale.com.br\/portal\/wp-content\/uploads\/2023\/12\/itinga_80anos2-300x182.jpg 300w\" sizes=\"auto, (max-width: 678px) 100vw, 678px\" \/><figcaption class=\"wp-element-caption\"><em><sub>Atra\u00e7\u00f5es do evento &#8211; Foto: Divulga\u00e7\u00e3o<\/sub><\/em><\/figcaption><\/figure>\n<\/figure>\n\n\n\n<p>O evento, que ocorrer\u00e1 nos dias 29 a 31 de dezembro, promete agitar a cidade com atra\u00e7\u00f5es variadas e a presen\u00e7a de artistas renomados. Confira a programa\u00e7\u00e3o completa:<\/p>\n\n\n\n<p><strong>29\/12 (sexta-feira):<\/strong> No palco principal, a noite ser\u00e1 embalada pela m\u00fasica rom\u00e2ntica de Amado Batista, que se apresentar\u00e1 \u00e0s 23h30, seguido pela anima\u00e7\u00e3o da dupla Marcelo &amp; Matteo, \u00e0s 01h30. O Camarote Trama receber\u00e1 o DJ Geo Paiva para garantir a divers\u00e3o do p\u00fablico.<\/p>\n\n\n\n<p><strong>30\/12 (s\u00e1bado):<\/strong> A festa continua com apresenta\u00e7\u00f5es que prometem agradar a todos os gostos. No palco principal, Lidyane Bezerra inicia as festividades \u00e0s 23h00, seguida pelo ritmo contagiante do Parangol\u00e9, \u00e0s 00h30, e por Luanzito, que encerrar\u00e1 a noite \u00e0s 02h30. O Camarote Trama ter\u00e1 a presen\u00e7a do DJ Leozinho, garantindo a anima\u00e7\u00e3o at\u00e9 altas horas.<\/p>\n\n\n\n<p><strong>31\/12 (domingo):<\/strong> No \u00faltimo dia do ano, a programa\u00e7\u00e3o se inicia mais cedo com o show infantil da Trupe, \u00e0s 16h, proporcionando momentos de alegria para toda a fam\u00edlia. \u00c0 noite, a festa continua com Kevi Jonny \u00e0s 23h30 e Helber Souza \u00e0s 01h30 no palco principal. O Camarote Trama encerra a noite com o DJ Mike Mix, proporcionando uma virada de ano inesquec\u00edvel.<\/p>\n\n\n\n<p>A realiza\u00e7\u00e3o do evento \u00e9 um esfor\u00e7o conjunto da Prefeitura de Itinga e da experiente equipe da Trama Promo\u00e7\u00f5es, que buscam oferecer uma celebra\u00e7\u00e3o marcante para os mun\u00edcipes e visitantes. A festa dos 80 anos de Itinga promete unir gera\u00e7\u00f5es em um ambiente festivo e seguro, consolidando-se como o maior r\u00e9veillon do interior de Minas Gerais.<\/p>\n\n\n\n<p>A popula\u00e7\u00e3o est\u00e1 convidada a participar desse momento especial e a celebrar n\u00e3o apenas o ano que se encerra, mas tamb\u00e9m as oito d\u00e9cadas de hist\u00f3ria e cultura que fazem de Itinga um lugar \u00fanico no cora\u00e7\u00e3o de Minas Gerais.<\/p>\n","protected":false},"excerpt":{"rendered":"<p>Itinga, cidade localizada no Vale do Jequitinhonha, celebra seus 80 anos com um grandioso evento de r\u00e9veillon, organizado pela Prefeitura local. O munic\u00edpio se prepara para receber moradores e visitantes em uma festa que promete marcar o encerramento do ano de forma especial. O evento, que ocorrer\u00e1 nos dias 29 a 31 de dezembro, promete [&hellip;]<\/p>\n","protected":false},"author":4,"featured_media":194179,"comment_status":"open","ping_status":"closed","sticky":false,"template":"","format":"standard","meta":{"amp_status":"","footnotes":""},"categories":[125,120],"tags":[268385,268384,268386,1018,268387,189,268390,268388,268389],"class_list":["post-194178","post","type-post","status-publish","format-standard","has-post-thumbnail","hentry","category-noticias","category-jequi","tag-80-anos-de-itinga","tag-80-anos-de-itinga-o-maior-reveillon-do-interior-de-minas-gerais","tag-aniversario-de-80-anos-de-itinga","tag-destaque","tag-festa-de-80-anos-de-itinga","tag-itinga","tag-prefeitura-de-itinga","tag-reveillon-de-itinga","tag-trama-promocoes"],"_links":{"self":[{"href":"https:\/\/aconteceunovale.com.br\/portal\/index.php?rest_route=\/wp\/v2\/posts\/194178","targetHints":{"allow":["GET"]}}],"collection":[{"href":"https:\/\/aconteceunovale.com.br\/portal\/index.php?rest_route=\/wp\/v2\/posts"}],"about":[{"href":"https:\/\/aconteceunovale.com.br\/portal\/index.php?rest_route=\/wp\/v2\/types\/post"}],"author":[{"embeddable":true,"href":"https:\/\/aconteceunovale.com.br\/portal\/index.php?rest_route=\/wp\/v2\/users\/4"}],"replies":[{"embeddable":true,"href":"https:\/\/aconteceunovale.com.br\/portal\/index.php?rest_route=%2Fwp%2Fv2%2Fcomments&post=194178"}],"version-history":[{"count":1,"href":"https:\/\/aconteceunovale.com.br\/portal\/index.php?rest_route=\/wp\/v2\/posts\/194178\/revisions"}],"predecessor-version":[{"id":194180,"href":"https:\/\/aconteceunovale.com.br\/portal\/index.php?rest_route=\/wp\/v2\/posts\/194178\/revisions\/194180"}],"wp:featuredmedia":[{"embeddable":true,"href":"https:\/\/aconteceunovale.com.br\/portal\/index.php?rest_route=\/wp\/v2\/media\/194179"}],"wp:attachment":[{"href":"https:\/\/aconteceunovale.com.br\/portal\/index.php?rest_route=%2Fwp%2Fv2%2Fmedia&parent=194178"}],"wp:term":[{"taxonomy":"category","embeddable":true,"href":"https:\/\/aconteceunovale.com.br\/portal\/index.php?rest_route=%2Fwp%2Fv2%2Fcategories&post=194178"},{"taxonomy":"post_tag","embeddable":true,"href":"https:\/\/aconteceunovale.com.br\/portal\/index.php?rest_route=%2Fwp%2Fv2%2Ftags&post=194178"}],"curies":[{"name":"wp","href":"https:\/\/api.w.org\/{rel}","templated":true}]}}