{"id":19410,"date":"2014-01-25T20:58:54","date_gmt":"2014-01-25T22:58:54","guid":{"rendered":"http:\/\/aconteceunovale.com.br\/portal\/?p=19410"},"modified":"2014-01-26T12:35:35","modified_gmt":"2014-01-26T14:35:35","slug":"aracuai-produtor-de-eventos-sofre-acidente-na-br-367","status":"publish","type":"post","link":"https:\/\/aconteceunovale.com.br\/portal\/?p=19410","title":{"rendered":"ARA\u00c7UA\u00cd: Produtor de eventos sofre acidente na BR-367"},"content":{"rendered":"<p><em><strong>Por Vicente Alves, Portal Aconteceu no Vale<\/strong><\/em><\/p>\n<p>Um acidente na tarde deste s\u00e1bado (25\/01), na BR-367, entre Ara\u00e7ua\u00ed e Itinga passou um grande susto em familiares e amigos do produtor de Eventos Warley Alves da WA Produ\u00e7\u00f5es, empresa sediada em Ara\u00e7ua\u00ed, no Vale do Jequitinhonha.<\/p>\n<p><img decoding=\"async\" src=\"http:\/\/aconteceunovale.com.br\/portal\/wp-content\/uploads\/2014\/01\/acidente_warley_alves_1.jpg\" alt=\"\" \/><\/p>\n<p>Segundo informa\u00e7\u00f5es, ap\u00f3s o pneu da pick-up estourar, o condutor Warley perdeu o controle e colidiu por 3 vezes contra o barranco nas margens da rodovia.<\/p>\n<p>O produtor estava acompanhado por suas tr\u00eas irm\u00e3s: Eveline Alves, Ediv\u00e2nia Alves e \u00c9rica Alves. Apesar do estado de destrui\u00e7\u00e3o do ve\u00edculo, felizmente, todos tiveram apenas escoria\u00e7\u00f5es.<\/p>\n<p>Em sua p\u00e1gina em uma rede social, o produtor agradeceu a todos pela preocupa\u00e7\u00e3o e declarou que estavam todos bem. &#8220;Prezados amigos, estamos bem! Gra\u00e7as a Deus n\u00e3o nos ferimos. Obrigado pela preocupa\u00e7\u00e3o e carinho de todos!&#8221;<\/p>\n<p>A pista j\u00e1 foi liberada e o ve\u00edculo rebocado para um p\u00e1tio em Ara\u00e7ua\u00ed.<\/p>\n<p><img decoding=\"async\" src=\"http:\/\/aconteceunovale.com.br\/portal\/wp-content\/uploads\/2014\/01\/acidente_warley_alves_2.jpg\" alt=\"\" \/><\/p>\n<p><img decoding=\"async\" src=\"http:\/\/aconteceunovale.com.br\/portal\/wp-content\/uploads\/2014\/01\/acidente_warley_alves_3.jpg\" alt=\"\" \/><\/p>\n","protected":false},"excerpt":{"rendered":"<p>Por Vicente Alves, Portal Aconteceu no Vale Um acidente na tarde deste s\u00e1bado (25\/01), na BR-367, entre Ara\u00e7ua\u00ed e Itinga passou um grande susto em familiares e amigos do produtor de Eventos Warley Alves da WA Produ\u00e7\u00f5es, empresa sediada em Ara\u00e7ua\u00ed, no Vale do Jequitinhonha. Segundo informa\u00e7\u00f5es, ap\u00f3s o pneu da pick-up estourar, o condutor [&hellip;]<\/p>\n","protected":false},"author":1,"featured_media":19413,"comment_status":"open","ping_status":"closed","sticky":false,"template":"","format":"standard","meta":{"amp_status":"","footnotes":""},"categories":[120],"tags":[3526,3531,3532,3529,3527,3525,3528,3530],"class_list":["post-19410","post","type-post","status-publish","format-standard","has-post-thumbnail","hentry","category-jequi","tag-acidente-warley-alves","tag-edivania-alves","tag-erica-alves","tag-eveline-alves","tag-fotos-acidente-warley-alves","tag-produtor-de-eventos-sofre-acidente-na-br-367","tag-wa-producoes","tag-warley-alves"],"_links":{"self":[{"href":"https:\/\/aconteceunovale.com.br\/portal\/index.php?rest_route=\/wp\/v2\/posts\/19410","targetHints":{"allow":["GET"]}}],"collection":[{"href":"https:\/\/aconteceunovale.com.br\/portal\/index.php?rest_route=\/wp\/v2\/posts"}],"about":[{"href":"https:\/\/aconteceunovale.com.br\/portal\/index.php?rest_route=\/wp\/v2\/types\/post"}],"author":[{"embeddable":true,"href":"https:\/\/aconteceunovale.com.br\/portal\/index.php?rest_route=\/wp\/v2\/users\/1"}],"replies":[{"embeddable":true,"href":"https:\/\/aconteceunovale.com.br\/portal\/index.php?rest_route=%2Fwp%2Fv2%2Fcomments&post=19410"}],"version-history":[{"count":0,"href":"https:\/\/aconteceunovale.com.br\/portal\/index.php?rest_route=\/wp\/v2\/posts\/19410\/revisions"}],"wp:featuredmedia":[{"embeddable":true,"href":"https:\/\/aconteceunovale.com.br\/portal\/index.php?rest_route=\/wp\/v2\/media\/19413"}],"wp:attachment":[{"href":"https:\/\/aconteceunovale.com.br\/portal\/index.php?rest_route=%2Fwp%2Fv2%2Fmedia&parent=19410"}],"wp:term":[{"taxonomy":"category","embeddable":true,"href":"https:\/\/aconteceunovale.com.br\/portal\/index.php?rest_route=%2Fwp%2Fv2%2Fcategories&post=19410"},{"taxonomy":"post_tag","embeddable":true,"href":"https:\/\/aconteceunovale.com.br\/portal\/index.php?rest_route=%2Fwp%2Fv2%2Ftags&post=19410"}],"curies":[{"name":"wp","href":"https:\/\/api.w.org\/{rel}","templated":true}]}}