{"id":19406,"date":"2014-01-25T16:43:14","date_gmt":"2014-01-25T18:43:14","guid":{"rendered":"http:\/\/aconteceunovale.com.br\/portal\/?p=19406"},"modified":"2014-01-25T16:45:04","modified_gmt":"2014-01-25T18:45:04","slug":"mais-de-900-pessoas-recebem-atendimento-oftalmologico-atraves-do-programa-ver-minas","status":"publish","type":"post","link":"https:\/\/aconteceunovale.com.br\/portal\/?p=19406","title":{"rendered":"Mais de 900 pessoas recebem atendimento oftalmol\u00f3gico atrav\u00e9s do \u201cPrograma Ver Minas\u201d em Rio Pardo de Minas"},"content":{"rendered":"<p>Desde segunda-feira (20\/01) iniciou o atendimento oftalmol\u00f3gico para pacientes acima de 50 anos do Munic\u00edpio de Rio Pardo de Minas atrav\u00e9s do Programa \u201cVer Minas\u201d, uma parceria do Poder Executivo Municipal com a Secretaria de Estado de Sa\u00fade.<\/p>\n<p><img decoding=\"async\" src=\"http:\/\/aconteceunovale.com.br\/portal\/wp-content\/uploads\/2014\/01\/ver_minas_rio_pardo_de_minas.jpg\" alt=\"\" \/><br \/>\n<em><strong>(Mais de 900 pessoas receberam atendimento oftalmol\u00f3gico gratuito em Rio Pardo de Minas)<\/strong><\/em><\/p>\n<p>De acordo com o Secret\u00e1rio Municipal de Sa\u00fade, Wesley Mesquita, o Munic\u00edpio de Rio Pardo de Minas encaminhou cerca de 960 pacientes e at\u00e9 o dia 24\/01 j\u00e1 tinha atendido cerca de 600 pacientes e destes 142 que necessitavam de cirurgia j\u00e1 realizaram e j\u00e1 est\u00e3o aproveitando o prazer de ver melhor.<\/p>\n<p>O Prefeito, Jovelino Pinheiro Costa, em sua visita ao Programa ressaltou: \u201cA catarata \u00e9 considerada como a maior causa de cegueira cur\u00e1vel do mundo. Atualmente, a doen\u00e7a est\u00e1 relacionada a cerca de 48% dos casos de perda de vis\u00e3o. Com essa iniciativa, o Programa busca diagnosticar e reduzir a preval\u00eancia de catarata e de outras doen\u00e7as oculares na popula\u00e7\u00e3o que est\u00e3o dentro da faixa et\u00e1ria priorizada pelo Programa\u201d. <em><strong>(Informa\u00e7\u00f5es da Prefeitura Municipal de Rio Pardo de Minas)<\/strong><\/em><\/p>\n","protected":false},"excerpt":{"rendered":"<p>Desde segunda-feira (20\/01) iniciou o atendimento oftalmol\u00f3gico para pacientes acima de 50 anos do Munic\u00edpio de Rio Pardo de Minas atrav\u00e9s do Programa \u201cVer Minas\u201d, uma parceria do Poder Executivo Municipal com a Secretaria de Estado de Sa\u00fade. (Mais de 900 pessoas receberam atendimento oftalmol\u00f3gico gratuito em Rio Pardo de Minas) De acordo com o [&hellip;]<\/p>\n","protected":false},"author":1,"featured_media":19407,"comment_status":"open","ping_status":"closed","sticky":false,"template":"","format":"standard","meta":{"amp_status":"","footnotes":""},"categories":[1236],"tags":[3524,3210,421],"class_list":["post-19406","post","type-post","status-publish","format-standard","has-post-thumbnail","hentry","category-norte_de_minas","tag-mais-de-900-pessoas-recebem-atendimento-oftalmologico-atraves-do-programa-ver-minas-em-rio-pardo-de-minas","tag-programa-ver-minas","tag-rio-pardo-de-minas"],"_links":{"self":[{"href":"https:\/\/aconteceunovale.com.br\/portal\/index.php?rest_route=\/wp\/v2\/posts\/19406","targetHints":{"allow":["GET"]}}],"collection":[{"href":"https:\/\/aconteceunovale.com.br\/portal\/index.php?rest_route=\/wp\/v2\/posts"}],"about":[{"href":"https:\/\/aconteceunovale.com.br\/portal\/index.php?rest_route=\/wp\/v2\/types\/post"}],"author":[{"embeddable":true,"href":"https:\/\/aconteceunovale.com.br\/portal\/index.php?rest_route=\/wp\/v2\/users\/1"}],"replies":[{"embeddable":true,"href":"https:\/\/aconteceunovale.com.br\/portal\/index.php?rest_route=%2Fwp%2Fv2%2Fcomments&post=19406"}],"version-history":[{"count":0,"href":"https:\/\/aconteceunovale.com.br\/portal\/index.php?rest_route=\/wp\/v2\/posts\/19406\/revisions"}],"wp:featuredmedia":[{"embeddable":true,"href":"https:\/\/aconteceunovale.com.br\/portal\/index.php?rest_route=\/wp\/v2\/media\/19407"}],"wp:attachment":[{"href":"https:\/\/aconteceunovale.com.br\/portal\/index.php?rest_route=%2Fwp%2Fv2%2Fmedia&parent=19406"}],"wp:term":[{"taxonomy":"category","embeddable":true,"href":"https:\/\/aconteceunovale.com.br\/portal\/index.php?rest_route=%2Fwp%2Fv2%2Fcategories&post=19406"},{"taxonomy":"post_tag","embeddable":true,"href":"https:\/\/aconteceunovale.com.br\/portal\/index.php?rest_route=%2Fwp%2Fv2%2Ftags&post=19406"}],"curies":[{"name":"wp","href":"https:\/\/api.w.org\/{rel}","templated":true}]}}