{"id":19392,"date":"2014-01-25T15:59:38","date_gmt":"2014-01-25T17:59:38","guid":{"rendered":"http:\/\/aconteceunovale.com.br\/portal\/?p=19392"},"modified":"2014-01-25T15:59:38","modified_gmt":"2014-01-25T17:59:38","slug":"carai-reuniao-sobre-transporte-escolar-conta-com-a-participacao-da-pm","status":"publish","type":"post","link":"https:\/\/aconteceunovale.com.br\/portal\/?p=19392","title":{"rendered":"CARA\u00cd: Reuni\u00e3o sobre transporte escolar conta com a participa\u00e7\u00e3o da PM"},"content":{"rendered":"<p>Na \u00faltima quinta-feira (23\/01), a Pol\u00edcia Militar participou de uma reuni\u00e3o sobre transporte escolar, na Secretaria de Sa\u00fade do munic\u00edpio de Cara\u00ed, no Vale do Jequitinhonha. <\/p>\n<p>Estiveram presentes no evento o prefeito Valtemiro Souza, o delegado de Pol\u00edcia Civil em Novo Cruzeiro, Artur Sim\u00f5es, o comandante da Fra\u00e7\u00e3o em Cara\u00ed 3\u00ba sargento Kretli, dentre outras autoridades.<\/p>\n<p>Na ocasi\u00e3o, o 2\u00ba tenente Charles Fernandes, comandante do Pelot\u00e3o em Novo Cruzeiro palestrou aos presentes os seguintes assuntos:  Fiscaliza\u00e7\u00e3o e o Controle Social, Requisitos dos condutores para o Transporte escolar previstos CTB, as principais infra\u00e7\u00f5es cometidas pelos condutores de transporte escolar e suas penalidades. <\/p>\n<p>O militar falou ainda sobre as a\u00e7\u00f5es a serem desencadeadas pela Pol\u00edcia Militar no munic\u00edpio. Ao t\u00e9rmino da reuni\u00e3o, o prefeito Valtemiro agradeceu e parabenizou a PM pela palestra ministrada.<\/p>\n<p><img decoding=\"async\" src=\"http:\/\/aconteceunovale.com.br\/portal\/wp-content\/uploads\/2014\/01\/palestra_transporte_escolar_carai_1.jpg\" alt=\"\" \/><br \/>\n<em><strong>Palestra realizada na Secret\u00e1ria de Sa\u00fade, em Cara\u00ed<\/strong><\/em><\/p>\n<p><img decoding=\"async\" src=\"http:\/\/aconteceunovale.com.br\/portal\/wp-content\/uploads\/2014\/01\/palestra_transporte_escolar_carai_2.jpg\" alt=\"\" \/><br \/>\n<em><strong>Palestra realizada na Secret\u00e1ria de Sa\u00fade, em Cara\u00ed<\/strong><\/em><\/p>\n","protected":false},"excerpt":{"rendered":"<p>Na \u00faltima quinta-feira (23\/01), a Pol\u00edcia Militar participou de uma reuni\u00e3o sobre transporte escolar, na Secretaria de Sa\u00fade do munic\u00edpio de Cara\u00ed, no Vale do Jequitinhonha. Estiveram presentes no evento o prefeito Valtemiro Souza, o delegado de Pol\u00edcia Civil em Novo Cruzeiro, Artur Sim\u00f5es, o comandante da Fra\u00e7\u00e3o em Cara\u00ed 3\u00ba sargento Kretli, dentre outras [&hellip;]<\/p>\n","protected":false},"author":1,"featured_media":19394,"comment_status":"open","ping_status":"closed","sticky":false,"template":"","format":"standard","meta":{"amp_status":"","footnotes":""},"categories":[120],"tags":[490,175,3515],"class_list":["post-19392","post","type-post","status-publish","format-standard","has-post-thumbnail","hentry","category-jequi","tag-carai","tag-novo-cruzeiro","tag-reuniao-sobre-transporte-escolar-em-carai-conta-com-a-participacao-da-pm"],"_links":{"self":[{"href":"https:\/\/aconteceunovale.com.br\/portal\/index.php?rest_route=\/wp\/v2\/posts\/19392","targetHints":{"allow":["GET"]}}],"collection":[{"href":"https:\/\/aconteceunovale.com.br\/portal\/index.php?rest_route=\/wp\/v2\/posts"}],"about":[{"href":"https:\/\/aconteceunovale.com.br\/portal\/index.php?rest_route=\/wp\/v2\/types\/post"}],"author":[{"embeddable":true,"href":"https:\/\/aconteceunovale.com.br\/portal\/index.php?rest_route=\/wp\/v2\/users\/1"}],"replies":[{"embeddable":true,"href":"https:\/\/aconteceunovale.com.br\/portal\/index.php?rest_route=%2Fwp%2Fv2%2Fcomments&post=19392"}],"version-history":[{"count":0,"href":"https:\/\/aconteceunovale.com.br\/portal\/index.php?rest_route=\/wp\/v2\/posts\/19392\/revisions"}],"wp:featuredmedia":[{"embeddable":true,"href":"https:\/\/aconteceunovale.com.br\/portal\/index.php?rest_route=\/wp\/v2\/media\/19394"}],"wp:attachment":[{"href":"https:\/\/aconteceunovale.com.br\/portal\/index.php?rest_route=%2Fwp%2Fv2%2Fmedia&parent=19392"}],"wp:term":[{"taxonomy":"category","embeddable":true,"href":"https:\/\/aconteceunovale.com.br\/portal\/index.php?rest_route=%2Fwp%2Fv2%2Fcategories&post=19392"},{"taxonomy":"post_tag","embeddable":true,"href":"https:\/\/aconteceunovale.com.br\/portal\/index.php?rest_route=%2Fwp%2Fv2%2Ftags&post=19392"}],"curies":[{"name":"wp","href":"https:\/\/api.w.org\/{rel}","templated":true}]}}