{"id":19389,"date":"2014-01-25T15:49:13","date_gmt":"2014-01-25T17:49:13","guid":{"rendered":"http:\/\/aconteceunovale.com.br\/portal\/?p=19389"},"modified":"2014-01-25T15:49:13","modified_gmt":"2014-01-25T17:49:13","slug":"carro-cai-em-ribanceira-e-deixa-dois-irmaos-feridos-na-br-116","status":"publish","type":"post","link":"https:\/\/aconteceunovale.com.br\/portal\/?p=19389","title":{"rendered":"Carro cai em ribanceira e deixa dois irm\u00e3os feridos na BR-116"},"content":{"rendered":"<p>Duas pessoas ficaram feridas em um acidente na manh\u00e3 deste s\u00e1bado (25\/01), na BR-116, pr\u00f3ximo a Governador Valadares, no Leste de Minas Gerais. Segundo informa\u00e7\u00f5es, o motorista do ve\u00edculo teria perdido o controle e ca\u00eddo em uma ribanceira de aproximadamente 100 metros de altura.<\/p>\n<p><img decoding=\"async\" src=\"http:\/\/aconteceunovale.com.br\/portal\/wp-content\/uploads\/2014\/01\/acidente_ribanceira_gv_25.jpg\" alt=\"\" \/><br \/>\n<em><strong>Equipe da Samu socorreu uma das v\u00edtimas (Foto: Tiago Lopes)<\/strong><\/em><\/p>\n<p>De acordo testemunhas, o motorista perdeu o controle do ve\u00edculo ao tentar fazer uma ultrapassagem em uma curva. O carro saiu da pista e caiu sobre uma planta\u00e7\u00e3o de bambus, o que ajudou a amortecer a queda.<\/p>\n<p>O condutor, de 58 anos, teve ferimentos nas m\u00e3os e a irm\u00e3 dele, de 55 anos, teve uma fratura na perna e foi encaminhada para o pronto socorro de Governado Valadares.<\/p>\n<p>Os irm\u00e3os sa\u00edram de Macei\u00f3\/AL e tinham como destino final a capital de S\u00e3o Paulo.<\/p>\n","protected":false},"excerpt":{"rendered":"<p>Duas pessoas ficaram feridas em um acidente na manh\u00e3 deste s\u00e1bado (25\/01), na BR-116, pr\u00f3ximo a Governador Valadares, no Leste de Minas Gerais. Segundo informa\u00e7\u00f5es, o motorista do ve\u00edculo teria perdido o controle e ca\u00eddo em uma ribanceira de aproximadamente 100 metros de altura. Equipe da Samu socorreu uma das v\u00edtimas (Foto: Tiago Lopes) De [&hellip;]<\/p>\n","protected":false},"author":1,"featured_media":19390,"comment_status":"open","ping_status":"closed","sticky":false,"template":"","format":"standard","meta":{"amp_status":"","footnotes":""},"categories":[121],"tags":[3511,3513,3512,3510,3509,3514,247],"class_list":["post-19389","post","type-post","status-publish","format-standard","has-post-thumbnail","hentry","category-leste","tag-acidente-com-veiculo-de-alagoas-em-governador-valadares","tag-acidente-com-veiculo-de-maceio-em-governador-valadares","tag-acidente-com-veiculo-de-maceio-na-br-116","tag-acidente-proximo-a-governador-valadares","tag-carro-cai-em-ribanceira-de-100-metros-e-deixa-dois-feridos-na-br-116","tag-carro-cai-em-ribanceira-e-deixa-dois-irmaos-feridos-na-br-116","tag-governador-valadares"],"_links":{"self":[{"href":"https:\/\/aconteceunovale.com.br\/portal\/index.php?rest_route=\/wp\/v2\/posts\/19389","targetHints":{"allow":["GET"]}}],"collection":[{"href":"https:\/\/aconteceunovale.com.br\/portal\/index.php?rest_route=\/wp\/v2\/posts"}],"about":[{"href":"https:\/\/aconteceunovale.com.br\/portal\/index.php?rest_route=\/wp\/v2\/types\/post"}],"author":[{"embeddable":true,"href":"https:\/\/aconteceunovale.com.br\/portal\/index.php?rest_route=\/wp\/v2\/users\/1"}],"replies":[{"embeddable":true,"href":"https:\/\/aconteceunovale.com.br\/portal\/index.php?rest_route=%2Fwp%2Fv2%2Fcomments&post=19389"}],"version-history":[{"count":0,"href":"https:\/\/aconteceunovale.com.br\/portal\/index.php?rest_route=\/wp\/v2\/posts\/19389\/revisions"}],"wp:featuredmedia":[{"embeddable":true,"href":"https:\/\/aconteceunovale.com.br\/portal\/index.php?rest_route=\/wp\/v2\/media\/19390"}],"wp:attachment":[{"href":"https:\/\/aconteceunovale.com.br\/portal\/index.php?rest_route=%2Fwp%2Fv2%2Fmedia&parent=19389"}],"wp:term":[{"taxonomy":"category","embeddable":true,"href":"https:\/\/aconteceunovale.com.br\/portal\/index.php?rest_route=%2Fwp%2Fv2%2Fcategories&post=19389"},{"taxonomy":"post_tag","embeddable":true,"href":"https:\/\/aconteceunovale.com.br\/portal\/index.php?rest_route=%2Fwp%2Fv2%2Ftags&post=19389"}],"curies":[{"name":"wp","href":"https:\/\/api.w.org\/{rel}","templated":true}]}}