{"id":19383,"date":"2014-01-25T11:11:28","date_gmt":"2014-01-25T13:11:28","guid":{"rendered":"http:\/\/aconteceunovale.com.br\/portal\/?p=19383"},"modified":"2014-01-25T11:11:28","modified_gmt":"2014-01-25T13:11:28","slug":"verdelandia-suspeito-envolvido-em-atentado-contra-quilombolas-e-ouvido-e-liberado","status":"publish","type":"post","link":"https:\/\/aconteceunovale.com.br\/portal\/?p=19383","title":{"rendered":"VERDEL\u00c2NDIA: Suspeito envolvido em atentado contra quilombolas \u00e9 ouvido e liberado"},"content":{"rendered":"<p>O fazendeiro Jo\u00e3o F\u00e1bio Dias, 38, foi ouvido nesta sexta-feira (24\/01) pela delegada Andrea Pochmann da Delegacia Especializada em Crimes Contra o Meio Ambiente e Conflitos Agr\u00e1rios. Ele negou participa\u00e7\u00e3o no atentado contra 40 quilombolas em Verdel\u00e2ndia, no Norte do Estado.<\/p>\n<p><img decoding=\"async\" src=\"http:\/\/aconteceunovale.com.br\/portal\/wp-content\/uploads\/2014\/01\/fazenda_torto_verdelandia.jpg\" alt=\"\" \/><br \/>\n<em>(Sede da Fazenda da Torta)<\/em><\/p>\n<p>O fazendeiro \u00e9 o principal suspeito de comandar o crime. \u201cEle disse que estava em Jana\u00faba (tamb\u00e9m no Norte do Estado) , na casa do pai no dia do atentado, por\u00e9m o fato \u00e9 que quase 30 v\u00edtimas disseram ter reconhecido ele no dia em que foram atacados. Ele \u00e9 uma figura t\u00edpica na cidade\u201d, relatou a delegada.<\/p>\n<p>Dias se apresentou \u00e0 delegada em Jana\u00faba, acompanhado de dois advogados de defesa. Ele disse \u00e0 pol\u00edcia que ficou sabendo que era suspeito do crime pela m\u00eddia e por isso resolveu se apresentar. A delegada explicou que ele foi ouvido e liberado. \u201cPor enquanto n\u00e3o cabe prend\u00ea-lo, preciso dar prosseguimento ao processo, os advogados dele garantiram que ele n\u00e3o ir\u00e1 sair da cidade\u201d, disse. Andrea ainda deve ouvir outros dez suspeitos do crime. \u201cOs quilombolas foram atacados por um grupo e os identificados ser\u00e3o ouvidos\u201d, afirmou.<\/p>\n<p>Segundo ela, falta tamb\u00e9m ouvir outras duas v\u00edtimas do atentado, uma que est\u00e1 internada em um hospital de Montes Claros, tamb\u00e9m no Norte do Estado e outra que est\u00e1 internada na capital.<\/p>\n<p>Em seu depoimento, Dias citou pessoas que poderiam confirmar que ele estava em Jana\u00faba, os citados tamb\u00e9m ser\u00e3o ouvidos pela delegada. A previs\u00e3o \u00e9 que os trabalhos sejam encerrados por volta do dia 22 do m\u00eas que vem. Andrea aguarda tamb\u00e9m o resultado da per\u00edcia realizadas no local do crime.  <\/p>\n<p><strong>Entenda o caso<\/strong><\/p>\n<p>No \u00faltimo domingo (19) um tiroteio em uma fazenda invadida em Verdel\u00e2ndia terminou com dois homens baleados e outras nove pessoas feridas. De acordo com a Pol\u00edcia Militar, as tentativas de homic\u00eddios aconteceram por volta de 14h no assentamento Arapuim, dentro da Fazenda da Torta, onde cerca de 40 pessoas que  est\u00e3o acampadas h\u00e1 dois dias no local.<\/p>\n<p>Os invasores contaram que dez homens encapuzados e fortemente armados chegaram ao local em duas caminhonetes e ordenaram que as v\u00edtimas deitassem no ch\u00e3o. Em seguida, eles foram agredidos com coronhadas, socos e chutes. V\u00e1rios tiros foram disparados, mas, por sorte, s\u00f3 duas pessoas foram atingidas.<\/p>\n<p>Antes da fuga, o grupo quebrou os vidros traseiros de um Fiat Uno e amassou o tanque de uma moto dos quilombolas. Al\u00e9m disso, lanternas, dinheiro e celulares foram roubados. Na cozinha da casa principal da fazenda, militares recolheram c\u00e1psulas deflagradas de armas calibre 38 e 12.<\/p>\n<p>Ainda segundo os sobreviventes, um homem identificado apenas pelo apelido de \u201cJo\u00e3ozinho\u201d e estaria no meio dos criminosos. Ele \u00e9 filho de Jo\u00e3o Dias, dono do im\u00f3vel. <\/p>\n<p><em><strong>(Fonte: Portal O Tempo)<\/strong><\/em><\/p>\n","protected":false},"excerpt":{"rendered":"<p>O fazendeiro Jo\u00e3o F\u00e1bio Dias, 38, foi ouvido nesta sexta-feira (24\/01) pela delegada Andrea Pochmann da Delegacia Especializada em Crimes Contra o Meio Ambiente e Conflitos Agr\u00e1rios. Ele negou participa\u00e7\u00e3o no atentado contra 40 quilombolas em Verdel\u00e2ndia, no Norte do Estado. (Sede da Fazenda da Torta) O fazendeiro \u00e9 o principal suspeito de comandar o [&hellip;]<\/p>\n","protected":false},"author":1,"featured_media":18993,"comment_status":"open","ping_status":"closed","sticky":false,"template":"","format":"standard","meta":{"amp_status":"","footnotes":""},"categories":[1236],"tags":[204,3315,2448,3506,1814],"class_list":["post-19383","post","type-post","status-publish","format-standard","has-post-thumbnail","hentry","category-norte_de_minas","tag-janauba","tag-joao-fabio-dias","tag-sao-joao-da-ponte","tag-suspeito-envolvido-em-atentado-contra-quilombolas-em-verdelandia-e-ouvido-e-liberado","tag-verdelandia"],"_links":{"self":[{"href":"https:\/\/aconteceunovale.com.br\/portal\/index.php?rest_route=\/wp\/v2\/posts\/19383","targetHints":{"allow":["GET"]}}],"collection":[{"href":"https:\/\/aconteceunovale.com.br\/portal\/index.php?rest_route=\/wp\/v2\/posts"}],"about":[{"href":"https:\/\/aconteceunovale.com.br\/portal\/index.php?rest_route=\/wp\/v2\/types\/post"}],"author":[{"embeddable":true,"href":"https:\/\/aconteceunovale.com.br\/portal\/index.php?rest_route=\/wp\/v2\/users\/1"}],"replies":[{"embeddable":true,"href":"https:\/\/aconteceunovale.com.br\/portal\/index.php?rest_route=%2Fwp%2Fv2%2Fcomments&post=19383"}],"version-history":[{"count":0,"href":"https:\/\/aconteceunovale.com.br\/portal\/index.php?rest_route=\/wp\/v2\/posts\/19383\/revisions"}],"wp:featuredmedia":[{"embeddable":true,"href":"https:\/\/aconteceunovale.com.br\/portal\/index.php?rest_route=\/wp\/v2\/media\/18993"}],"wp:attachment":[{"href":"https:\/\/aconteceunovale.com.br\/portal\/index.php?rest_route=%2Fwp%2Fv2%2Fmedia&parent=19383"}],"wp:term":[{"taxonomy":"category","embeddable":true,"href":"https:\/\/aconteceunovale.com.br\/portal\/index.php?rest_route=%2Fwp%2Fv2%2Fcategories&post=19383"},{"taxonomy":"post_tag","embeddable":true,"href":"https:\/\/aconteceunovale.com.br\/portal\/index.php?rest_route=%2Fwp%2Fv2%2Ftags&post=19383"}],"curies":[{"name":"wp","href":"https:\/\/api.w.org\/{rel}","templated":true}]}}