{"id":193810,"date":"2023-03-23T09:05:37","date_gmt":"2023-03-23T12:05:37","guid":{"rendered":"https:\/\/aconteceunovale.com.br\/portal\/?p=193810"},"modified":"2023-03-23T13:47:25","modified_gmt":"2023-03-23T16:47:25","slug":"excesso-de-telas-entre-jovens-pode-causar-dores-e-puberdade-precoce","status":"publish","type":"post","link":"https:\/\/aconteceunovale.com.br\/portal\/?p=193810","title":{"rendered":"Excesso de telas entre jovens pode causar dores e puberdade precoce"},"content":{"rendered":"\n<p class=\"wp-block-paragraph\">O uso prolongado de telas \u00e9 um dos fatores de risco para a sa\u00fade da coluna, mostra\u00a0<a rel=\"noreferrer noopener\" href=\"https:\/\/bv.fapesp.br\/pt\/auxilios\/96122\/dor-na-coluna-vertebral-e-fatores-associados-em-estudantes-do-ensino-medio-um-estudo-longitudinal\/?q=2016\/18283-7\" target=\"_blank\">estudo<\/a>\u00a0financiado pela Funda\u00e7\u00e3o de Amparo \u00e0 Pesquisa do Estado de S\u00e3o Paulo (Fapesp) \u00a0e publicado na\u00a0<a rel=\"noreferrer noopener\" href=\"https:\/\/www.mdpi.com\/2227-9032\/11\/2\/196\" target=\"_blank\">revista cient\u00edfica<\/a>\u00a0<em>Healthcare<\/em>.<\/p>\n\n\n\n<p class=\"wp-block-paragraph\">Entre os fatores de risco est\u00e1 o uso de telas por mais de tr\u00eas horas por\u00a0dia, a pouca dist\u00e2ncia entre o equipamento eletr\u00f4nico e os olhos, a utiliza\u00e7\u00e3o na posi\u00e7\u00e3o deitada de prono (de barriga para baixo) e na posi\u00e7\u00e3o sentada. O foco do estudo foi a chamada dor no meio das costas (<em>thoracic back pain<\/em>, ou TSP).\u00a0<\/p>\n\n\n\n<p class=\"wp-block-paragraph\">Foram avaliados 1.628 estudantes de ambos os sexos entre 14 e 18 anos de idade, matriculados no primeiro e segundo ano do ensino m\u00e9dio no per\u00edodo diurno, na \u00e1rea urbana do munic\u00edpio de Bauru (SP), que responderam a question\u00e1rio entre mar\u00e7o e junho de 2017.&nbsp;<\/p>\n\n\n\n<p class=\"wp-block-paragraph\">Desses, 1.393 foram reavaliados em 2018. A pesquisa constatou que de todos os participantes, a preval\u00eancia de um ano foi de 38,4%, o que significa que os adolescentes relataram TSP tanto em 2017 quanto em 2018. A incid\u00eancia em um ano foi de 10,1%; ou seja, n\u00e3o notificaram TSP em 2017, mas foram encaminhados como casos novos em 2018. As dores na coluna ocorrem mais nas meninas do que nos meninos.<\/p>\n\n\n\n<p class=\"wp-block-paragraph\">\u201cA diferen\u00e7a entre os sexos pode ser explicada pelo fato de as mulheres relatarem e procurarem mais apoio para dores m\u00fasculo-esquel\u00e9ticas, estarem&nbsp;mais expostas a fatores f\u00edsicos, psicossociais e de stress, terem&nbsp;menos for\u00e7a do que os homens, apresentarem&nbsp;altera\u00e7\u00f5es hormonais resultantes da puberdade e baixos n\u00edveis de atividade f\u00edsica\u201d, diz um dos autores do artigo, Alberto de Vitta, doutor em educa\u00e7\u00e3o pela Universidade Estadual de Campinas (Unicamp) com p\u00f3s-doutorado em sa\u00fade p\u00fablica pela Universidade Estadual Paulista (Unesp) de Botucatu.<\/p>\n\n\n\n<h2 class=\"wp-block-heading\">Pandemia&nbsp;<\/h2>\n\n\n\n<p class=\"wp-block-paragraph\">TSP \u00e9 comum em diferentes grupos et\u00e1rios na popula\u00e7\u00e3o mundial. Estima-se que afete de 15% a 35% dos adultos e de 13% a 35% de crian\u00e7as e adolescentes. Com a pandemia do covid-19, crian\u00e7as e adolescentes t\u00eam usado celulares,&nbsp;<em>tablets<\/em>&nbsp;e computadores por um tempo maior, seja para atividades escolares ou para o lazer. Com isso, \u00e9 comum adotarem posturas inadequadas por tempo prolongado, causando dores na coluna vertebral.<\/p>\n\n\n\n<p class=\"wp-block-paragraph\">O tempo gasto com dispositivos eletr\u00f4nicos (por exemplo ver televis\u00e3o, jogar videogames, utilizar o computador e smartphones, incluindo comunica\u00e7\u00f5es electr\u00f4nicas, e-games, e internet) pode ser classificado da seguinte forma: baixo (menos de 3 horas\/dia), m\u00e9dio (acima de 3 horas\/dia at\u00e9 7 horas\/dia) e alto (acima de 7 horas\/dia), considera o pesquisador.<\/p>\n\n\n\n<p class=\"wp-block-paragraph\">Segundo De Vitta, \u00e9 poss\u00edvel que a incid\u00eancia da TSP tenha aumentado com a pandemia, mas ainda n\u00e3o h\u00e1 estudos. \u201cPodemos supor que aumentou, devido \u00e0&nbsp;atividade escolar em casa, no entanto n\u00e3o h\u00e1 dados sobre isso. Estamos organizando um estudo multic\u00eantrico que ser\u00e1 realizado em cidades de S\u00e3o Paulo, Minas Gerais, Goi\u00e1s e do Rio Grande do Sul\u201d, informou o pesquisador, que atualmente leciona e pesquisa no Departamento de Fisioterapia da Faculdade Eduvale de Avar\u00e9 (SP) e no programa de p\u00f3s-gradua\u00e7\u00e3o em Educa\u00e7\u00e3o, Conhecimento e Sociedade da Universidade do Vale do Sapuca\u00ed (Pouso Alegre, MG).<\/p>\n\n\n\n<h2 class=\"wp-block-heading\">Fatores<\/h2>\n\n\n\n<p class=\"wp-block-paragraph\">A TSP tem tratamento, diz&nbsp;o professor. \u201cH\u00e1 v\u00e1rios tipos de tratamentos como, por exemplo, a reeduca\u00e7\u00e3o postural global, o pilates e a fisioterapia baseada em recursos eletrotermofototerap\u00eauticos: ultrasom, laser, entre outros\u201d.&nbsp;<\/p>\n\n\n\n<p class=\"wp-block-paragraph\">Fatores de risco f\u00edsicos, fisiol\u00f3gicos, psicol\u00f3gicos e comportamentais ou uma combina\u00e7\u00e3o deles podem&nbsp;estar associados \u00e0 TSP. \u201cAs dores musculoesquel\u00e9ticas, como&nbsp;na coluna tor\u00e1cica, lombar e cervical, s\u00e3o multidimensionais\u201d, explica o pesquisador.&nbsp;<\/p>\n\n\n\n<p class=\"wp-block-paragraph\">\u201cOs fatores f\u00edsicos (carteiras inadequadas, mochilas com peso acima do recomendado e outros), comportamentais (utilizar os equipamentos eletr\u00f4nicos acima de tr\u00eas horas por dia, posturas inadequadas) e os fatores de sa\u00fade mental (sintomas emocionais, stress etc) est\u00e3o associados a essas dores\u201d.<\/p>\n\n\n\n<p class=\"wp-block-paragraph\">A conjuga\u00e7\u00e3o de&nbsp;f\u00edsicos e comportamentais gera&nbsp;um aumento da for\u00e7a de compress\u00e3o dos discos intervertebrais, levando \u00e0 desnutri\u00e7\u00e3o dos discos, comprometendo a integridade do sistema m\u00fasculo-esquel\u00e9tico, predispondo o indiv\u00edduo \u00e0 fadiga e a n\u00edveis de dor mais elevados.<\/p>\n\n\n\n<p class=\"wp-block-paragraph\">\u201cParece haver uma rela\u00e7\u00e3o entre sintomas emocionais e manifesta\u00e7\u00f5es f\u00edsicas, como o aumento da secre\u00e7\u00e3o do cortisol hormonal e altera\u00e7\u00f5es na regula\u00e7\u00e3o hormonal do gl\u00e2ndulas supra-renais, que geram efeitos inibidores sobre o sistema imunit\u00e1rio, a digest\u00e3o&nbsp;e sintomas de desgaste corporal excessivo, cansa\u00e7o, fadiga, dores musculares e articulares. Todos esses fatores estiveram relacionados aos dados das nossas pesquisas relacionadas \u00e0s dores lombares, cervicais e tor\u00e1cicas em estudantes do ensino m\u00e9dio\u201d.<\/p>\n\n\n\n<h2 class=\"wp-block-heading\">Puberdade precoce<\/h2>\n\n\n\n<p class=\"wp-block-paragraph\">A puberdade \u00e9 um estado natural do corpo humano que, por consequ\u00eancia de altera\u00e7\u00f5es hormonais,&nbsp;tende a se apresentar a partir dos 8 anos de idade em meninas e 9 anos em meninos<\/p>\n\n\n\n<p class=\"wp-block-paragraph\">Entretanto, as crian\u00e7as est\u00e3o entrando nessa fase cada vez mais cedo. Ganho de peso, consumo excessivo de alimentos ultraprocessados e sedentarismo est\u00e3o entre as principais causas. Mas, outro fator tem chamado a aten\u00e7\u00e3o dos pesquisadores.<\/p>\n\n\n\n<p class=\"wp-block-paragraph\">De acordo com o resultado de uma&nbsp;<a href=\"https:\/\/abstracts.eurospe.org\/hrp\/0095\/hrp0095p1-361\" target=\"_blank\" rel=\"noreferrer noopener\">pesquisa<\/a>&nbsp;apresentada durante a 60\u00aa Reuni\u00e3o Anual da Sociedade Europeia de Endocrinologia Pedi\u00e1trica, a puberdade precoce pode estar sendo estimulada pela alta exposi\u00e7\u00e3o \u00e0s telas, como tablets e celulares.<\/p>\n\n\n\n<p class=\"wp-block-paragraph\">\u201cEstudos mostram que a luz azul das telas diminui a produ\u00e7\u00e3o de melatonina, horm\u00f4nio&nbsp;relacionado ao ciclo do sono. A menor produ\u00e7\u00e3o de melatonina pode ser um sinal para o corpo de que j\u00e1 est\u00e1 na hora de entrar na puberdade. Al\u00e9m disso, o ganho de peso e a ansiedade que podem estar associados ao excesso no uso de telas tamb\u00e9m alteram a produ\u00e7\u00e3o de determinados horm\u00f4nios como a leptina e a serotonina, que podem ocasionar a puberdade de forma precoce\u201d, explica a endocrinopediatra do Sabar\u00e1 Hospital Infantil, Paula Baccarini.<\/p>\n\n\n\n<p class=\"wp-block-paragraph\">A especialista afirma&nbsp;que, devido ao isolamento durante o per\u00edodo pand\u00eamico, as crian\u00e7as passaram a se alimentar de forma menos saud\u00e1vel, gerando outros efeitos colaterais que tamb\u00e9m alteram os horm\u00f4nios: \u201cO&nbsp;estresse e a ansiedade tamb\u00e9m s\u00e3o fatores que podem adiantar o in\u00edcio da puberdade, somados ao sedentarismo, \u00e0 piora do padr\u00e3o alimentar e ao ganho de peso\u201d, acrescenta.&nbsp;&nbsp;<\/p>\n\n\n\n<h2 class=\"wp-block-heading\">Rotina<\/h2>\n\n\n\n<p class=\"wp-block-paragraph\">O ideal \u00e9 que a crian\u00e7a mantenha uma rotina com h\u00e1bitos saud\u00e1veis de vida, com atividade f\u00edsica, sono adequado e alimenta\u00e7\u00e3o natural, com consumo reduzido de produtos industrializados, o que naturalmente j\u00e1 reduz o tempo livre para uso de telas, aconselha a m\u00e9dica. \u201c\u00c9 importante lembrar que a crian\u00e7a aprende com o exemplo dos pais. Ent\u00e3o, \u00e9 fundamental que o controle do tempo de tela seja de toda a fam\u00edlia e n\u00e3o apenas da crian\u00e7a,\u201d completa.&nbsp;<\/p>\n\n\n\n<p class=\"wp-block-paragraph\">Outras atividades podem ajudar a dimunuir esse&nbsp;tempo. \u201cCriar rotinas como h\u00e1bito de leitura, brincadeiras recreativas, jogos de tabuleiro, desenho, quebra-cabe\u00e7as. Al\u00e9m disso, usar o fim&nbsp;de semana para reunir a fam\u00edlia fora de casa, se poss\u00edvel em contato com o sol e a natureza podem ajudar\u201d, sugere a endocrinopediatra.<\/p>\n\n\n\n<p class=\"wp-block-paragraph\">Caso os pais identifiquem sinais de&nbsp;puberdade precoce &#8211; como&nbsp;aparecimento do broto mam\u00e1rio, desenvolvimento de pelos pubianos, crescimento acelerado, acne, eles devem procurar um endocrinologista pedi\u00e1trico para fazer o diagn\u00f3stico, identificar a causa e avaliar a necessidade de tratamento.<\/p>\n\n\n\n<p class=\"wp-block-paragraph\">\u201cO tratamento \u00e9 indicado nos casos em que a puberdade ocorre precocemente ou evolui em ritmo muito acelerado, com risco de a primeira menstrua\u00e7\u00e3o acontecer cedo ou de ocorrer parada do crescimento antes da idade prevista, com perspectiva da crian\u00e7a crescer menos do que a previs\u00e3o gen\u00e9tica. Consiste em um tratamento hormonal que bloqueia a produ\u00e7\u00e3o desses horm\u00f4nios associados ao desenvolvimento da puberdade\u201d, explica a especialista.<\/p>\n\n\n\n<p class=\"wp-block-paragraph\">Uma vez iniciada a puberdade, n\u00e3o h\u00e1&nbsp;como reverter o quadro, apenas tratar com o bloqueio puberal quando indicado, aponta a m\u00e9dica. \u201cPor isso, a import\u00e2ncia do estabelecimento de h\u00e1bitos saud\u00e1veis de vida durante a inf\u00e2ncia, como forma de tentar reduzir o risco de a puberdade ocorrer precocemente. Importante dizer que essas mudan\u00e7as do h\u00e1bito de vida tamb\u00e9m est\u00e3o relacionadas \u00e0&nbsp;diminui\u00e7\u00e3o de outras condi\u00e7\u00f5es, como a obesidade\u201d.&nbsp;<\/p>\n\n\n\n<p class=\"wp-block-paragraph\">\u00c9 considerada&nbsp;precoce a puberdade que surge antes dos 8 anos em meninas e dos 9 anos em meninos; e atrasada, a puberdade que tem in\u00edcio ap\u00f3s os 13 anos em meninas e ap\u00f3s os 14 anos, em meninos.&nbsp;<\/p>\n\n\n\n<p class=\"wp-block-paragraph\">A m\u00e9dica considera\u00a0o risco de adiantamento da menstrua\u00e7\u00e3o e da parada precoce do crescimento, com preju\u00edzo da altura final da crian\u00e7a, al\u00e9m dos riscos psicossociais associados \u00e0 puberdade precoce. Se necess\u00e1rio, indicar\u00e1 tratamento para bloquear, por um tempo, o desenvolvimento puberal.\u00a0<\/p>\n\n\n\n<p class=\"wp-block-paragraph\">&#8212;&#8212;&#8212;&#8212;&#8212;&#8212;<br><br><strong>Sabia que o Aconteceu no Vale est\u00e1 tamb\u00e9m no Telegram? <a rel=\"noreferrer noopener\" href=\"https:\/\/t.me\/aconteceunovaleoficial\" target=\"_blank\">Inscreva-se no canal<\/a>.<\/strong><br><br><strong>J\u00e1 curtiu ou seguiu nossas p\u00e1ginas nas redes sociais?\u00a0Receba as not\u00edcias em primeira m\u00e3o:<\/strong><br>\u2022 <a rel=\"noreferrer noopener\" href=\"https:\/\/news.google.com\/publications\/CAAqBwgKMNjklQswi4etAw?hl=pt-BR&amp;gl=BR&amp;ceid=BR%3Apt-419\" target=\"_blank\">Google News<\/a><br>\u2022 <a rel=\"noreferrer noopener\" href=\"https:\/\/www.facebook.com\/aconteceunovale\/\" target=\"_blank\">Facebook<\/a><br>\u2022 <a rel=\"noreferrer noopener\" href=\"https:\/\/twitter.com\/noticiadosvales\" target=\"_blank\">Twitter<\/a><br>\u2022 <a rel=\"noreferrer noopener\" href=\"https:\/\/www.instagram.com\/aconteceunovale\" target=\"_blank\">Instagram<\/a><br>\u2022 <a rel=\"noreferrer noopener\" href=\"https:\/\/www.youtube.com\/AconteceunoValeOficial\" target=\"_blank\">Youtube<\/a><br>\u2022 <a rel=\"noreferrer noopener\" href=\"https:\/\/www.tiktok.com\/@aconteceunovale\" target=\"_blank\">TikTok<\/a><\/p>\n","protected":false},"excerpt":{"rendered":"<p>O uso prolongado de telas \u00e9 um dos fatores de risco para a sa\u00fade da coluna, mostra\u00a0estudo\u00a0financiado pela Funda\u00e7\u00e3o de Amparo \u00e0 Pesquisa do Estado de S\u00e3o Paulo (Fapesp) \u00a0e publicado na\u00a0revista cient\u00edfica\u00a0Healthcare. Entre os fatores de risco est\u00e1 o uso de telas por mais de tr\u00eas horas por\u00a0dia, a pouca dist\u00e2ncia entre o equipamento [&hellip;]<\/p>\n","protected":false},"author":4,"featured_media":193551,"comment_status":"open","ping_status":"closed","sticky":false,"template":"","format":"standard","meta":{"amp_status":"","footnotes":""},"categories":[40242],"tags":[1018,267959,267958,267960,61959,267961,267962],"class_list":["post-193810","post","type-post","status-publish","format-standard","has-post-thumbnail","hentry","category-saude-2","tag-destaque","tag-excesso-de-telas","tag-excesso-de-telas-entre-jovens-pode-causar-dores-e-puberdade-precoce","tag-excesso-de-uso-de-celulares","tag-fapesp","tag-puberdade-precoce","tag-uso-prolongado-de-celular"],"yoast_head":"<!-- This site is optimized with the Yoast SEO plugin v28.3 - https:\/\/yoast.com\/product\/yoast-seo-wordpress\/ -->\n<title>Excesso de telas entre jovens pode causar dores e puberdade precoce - Aconteceu no Vale<\/title>\n<meta name=\"robots\" content=\"index, follow, max-snippet:-1, max-image-preview:large, max-video-preview:-1\" \/>\n<link rel=\"canonical\" href=\"https:\/\/aconteceunovale.com.br\/portal\/?p=193810\" \/>\n<meta property=\"og:locale\" content=\"pt_BR\" \/>\n<meta property=\"og:type\" content=\"article\" \/>\n<meta property=\"og:title\" content=\"Excesso de telas entre jovens pode causar dores e puberdade precoce - Aconteceu no Vale\" \/>\n<meta property=\"og:description\" content=\"O uso prolongado de telas \u00e9 um dos fatores de risco para a sa\u00fade da coluna, mostra\u00a0estudo\u00a0financiado pela Funda\u00e7\u00e3o de Amparo \u00e0 Pesquisa do Estado de S\u00e3o Paulo (Fapesp) \u00a0e publicado na\u00a0revista cient\u00edfica\u00a0Healthcare. Entre os fatores de risco est\u00e1 o uso de telas por mais de tr\u00eas horas por\u00a0dia, a pouca dist\u00e2ncia entre o equipamento [&hellip;]\" \/>\n<meta property=\"og:url\" content=\"https:\/\/aconteceunovale.com.br\/portal\/?p=193810\" \/>\n<meta property=\"og:site_name\" content=\"Aconteceu no Vale\" \/>\n<meta property=\"article:publisher\" content=\"https:\/\/www.facebook.com\/aconteceunovale\/\" \/>\n<meta property=\"article:published_time\" content=\"2023-03-23T12:05:37+00:00\" \/>\n<meta property=\"article:modified_time\" content=\"2023-03-23T16:47:25+00:00\" \/>\n<meta property=\"og:image\" content=\"https:\/\/aconteceunovale.com.br\/portal\/wp-content\/uploads\/2023\/02\/rede_celular_social.jpg\" \/>\n\t<meta property=\"og:image:width\" content=\"675\" \/>\n\t<meta property=\"og:image:height\" content=\"450\" \/>\n\t<meta property=\"og:image:type\" content=\"image\/jpeg\" \/>\n<meta name=\"author\" content=\"Reda\u00e7\u00e3o Aconteceu no Vale\" \/>\n<meta name=\"twitter:card\" content=\"summary_large_image\" \/>\n<meta name=\"twitter:creator\" content=\"@noticiadosvales\" \/>\n<meta name=\"twitter:site\" content=\"@noticiadosvales\" \/>\n<meta name=\"twitter:label1\" content=\"Escrito por\" \/>\n\t<meta name=\"twitter:data1\" content=\"Reda\u00e7\u00e3o Aconteceu no Vale\" \/>\n\t<meta name=\"twitter:label2\" content=\"Est. tempo de leitura\" \/>\n\t<meta name=\"twitter:data2\" content=\"8 minutos\" \/>\n<script type=\"application\/ld+json\" class=\"yoast-schema-graph\">{\"@context\":\"https:\\\/\\\/schema.org\",\"@graph\":[{\"@type\":\"Article\",\"@id\":\"https:\\\/\\\/aconteceunovale.com.br\\\/portal\\\/?p=193810#article\",\"isPartOf\":{\"@id\":\"https:\\\/\\\/aconteceunovale.com.br\\\/portal\\\/?p=193810\"},\"author\":{\"name\":\"Reda\u00e7\u00e3o Aconteceu no Vale\",\"@id\":\"https:\\\/\\\/aconteceunovale.com.br\\\/portal\\\/#\\\/schema\\\/person\\\/7d2f26d1483f8a63de73da1ee0754d35\"},\"headline\":\"Excesso de telas entre jovens pode causar dores e puberdade precoce\",\"datePublished\":\"2023-03-23T12:05:37+00:00\",\"dateModified\":\"2023-03-23T16:47:25+00:00\",\"mainEntityOfPage\":{\"@id\":\"https:\\\/\\\/aconteceunovale.com.br\\\/portal\\\/?p=193810\"},\"wordCount\":1563,\"commentCount\":0,\"image\":{\"@id\":\"https:\\\/\\\/aconteceunovale.com.br\\\/portal\\\/?p=193810#primaryimage\"},\"thumbnailUrl\":\"https:\\\/\\\/aconteceunovale.com.br\\\/portal\\\/wp-content\\\/uploads\\\/2023\\\/02\\\/rede_celular_social.jpg\",\"keywords\":[\"destaque\",\"Excesso de telas\",\"Excesso de telas entre jovens pode causar dores e puberdade precoce\",\"Excesso de uso de celulares\",\"Fapesp\",\"Puberdade precoce\",\"Uso prolongado de celular\"],\"articleSection\":[\"Sa\u00fade\"],\"inLanguage\":\"pt-BR\",\"potentialAction\":[{\"@type\":\"CommentAction\",\"name\":\"Comment\",\"target\":[\"https:\\\/\\\/aconteceunovale.com.br\\\/portal\\\/?p=193810#respond\"]}]},{\"@type\":\"WebPage\",\"@id\":\"https:\\\/\\\/aconteceunovale.com.br\\\/portal\\\/?p=193810\",\"url\":\"https:\\\/\\\/aconteceunovale.com.br\\\/portal\\\/?p=193810\",\"name\":\"Excesso de telas entre jovens pode causar dores e puberdade precoce - Aconteceu no Vale\",\"isPartOf\":{\"@id\":\"https:\\\/\\\/aconteceunovale.com.br\\\/portal\\\/#website\"},\"primaryImageOfPage\":{\"@id\":\"https:\\\/\\\/aconteceunovale.com.br\\\/portal\\\/?p=193810#primaryimage\"},\"image\":{\"@id\":\"https:\\\/\\\/aconteceunovale.com.br\\\/portal\\\/?p=193810#primaryimage\"},\"thumbnailUrl\":\"https:\\\/\\\/aconteceunovale.com.br\\\/portal\\\/wp-content\\\/uploads\\\/2023\\\/02\\\/rede_celular_social.jpg\",\"datePublished\":\"2023-03-23T12:05:37+00:00\",\"dateModified\":\"2023-03-23T16:47:25+00:00\",\"author\":{\"@id\":\"https:\\\/\\\/aconteceunovale.com.br\\\/portal\\\/#\\\/schema\\\/person\\\/7d2f26d1483f8a63de73da1ee0754d35\"},\"breadcrumb\":{\"@id\":\"https:\\\/\\\/aconteceunovale.com.br\\\/portal\\\/?p=193810#breadcrumb\"},\"inLanguage\":\"pt-BR\",\"potentialAction\":[{\"@type\":\"ReadAction\",\"target\":[\"https:\\\/\\\/aconteceunovale.com.br\\\/portal\\\/?p=193810\"]}]},{\"@type\":\"ImageObject\",\"inLanguage\":\"pt-BR\",\"@id\":\"https:\\\/\\\/aconteceunovale.com.br\\\/portal\\\/?p=193810#primaryimage\",\"url\":\"https:\\\/\\\/aconteceunovale.com.br\\\/portal\\\/wp-content\\\/uploads\\\/2023\\\/02\\\/rede_celular_social.jpg\",\"contentUrl\":\"https:\\\/\\\/aconteceunovale.com.br\\\/portal\\\/wp-content\\\/uploads\\\/2023\\\/02\\\/rede_celular_social.jpg\",\"width\":675,\"height\":450},{\"@type\":\"BreadcrumbList\",\"@id\":\"https:\\\/\\\/aconteceunovale.com.br\\\/portal\\\/?p=193810#breadcrumb\",\"itemListElement\":[{\"@type\":\"ListItem\",\"position\":1,\"name\":\"In\u00edcio\",\"item\":\"https:\\\/\\\/aconteceunovale.com.br\\\/portal\\\/\"},{\"@type\":\"ListItem\",\"position\":2,\"name\":\"Excesso de telas entre jovens pode causar dores e puberdade precoce\"}]},{\"@type\":\"WebSite\",\"@id\":\"https:\\\/\\\/aconteceunovale.com.br\\\/portal\\\/#website\",\"url\":\"https:\\\/\\\/aconteceunovale.com.br\\\/portal\\\/\",\"name\":\"Aconteceu no Vale\",\"description\":\"Portal de Not\u00edcias\",\"potentialAction\":[{\"@type\":\"SearchAction\",\"target\":{\"@type\":\"EntryPoint\",\"urlTemplate\":\"https:\\\/\\\/aconteceunovale.com.br\\\/portal\\\/?s={search_term_string}\"},\"query-input\":{\"@type\":\"PropertyValueSpecification\",\"valueRequired\":true,\"valueName\":\"search_term_string\"}}],\"inLanguage\":\"pt-BR\"},{\"@type\":\"Person\",\"@id\":\"https:\\\/\\\/aconteceunovale.com.br\\\/portal\\\/#\\\/schema\\\/person\\\/7d2f26d1483f8a63de73da1ee0754d35\",\"name\":\"Reda\u00e7\u00e3o Aconteceu no Vale\",\"description\":\"Equipe de reportagem do Aconteceu no Vale, portal de not\u00edcias do Vale do Jequitinhonha, em Minas Gerais. Cobrimos as 51 cidades do Vale desde 2013. Sugest\u00f5es de pauta e pedidos de corre\u00e7\u00e3o: contato@aconteceunovale.com.br\",\"url\":\"https:\\\/\\\/aconteceunovale.com.br\\\/portal\\\/?author=4\"}]}<\/script>\n<!-- \/ Yoast SEO plugin. -->","yoast_head_json":{"title":"Excesso de telas entre jovens pode causar dores e puberdade precoce - Aconteceu no Vale","robots":{"index":"index","follow":"follow","max-snippet":"max-snippet:-1","max-image-preview":"max-image-preview:large","max-video-preview":"max-video-preview:-1"},"canonical":"https:\/\/aconteceunovale.com.br\/portal\/?p=193810","og_locale":"pt_BR","og_type":"article","og_title":"Excesso de telas entre jovens pode causar dores e puberdade precoce - Aconteceu no Vale","og_description":"O uso prolongado de telas \u00e9 um dos fatores de risco para a sa\u00fade da coluna, mostra\u00a0estudo\u00a0financiado pela Funda\u00e7\u00e3o de Amparo \u00e0 Pesquisa do Estado de S\u00e3o Paulo (Fapesp) \u00a0e publicado na\u00a0revista cient\u00edfica\u00a0Healthcare. Entre os fatores de risco est\u00e1 o uso de telas por mais de tr\u00eas horas por\u00a0dia, a pouca dist\u00e2ncia entre o equipamento [&hellip;]","og_url":"https:\/\/aconteceunovale.com.br\/portal\/?p=193810","og_site_name":"Aconteceu no Vale","article_publisher":"https:\/\/www.facebook.com\/aconteceunovale\/","article_published_time":"2023-03-23T12:05:37+00:00","article_modified_time":"2023-03-23T16:47:25+00:00","og_image":[{"width":675,"height":450,"url":"https:\/\/aconteceunovale.com.br\/portal\/wp-content\/uploads\/2023\/02\/rede_celular_social.jpg","type":"image\/jpeg"}],"author":"Reda\u00e7\u00e3o Aconteceu no Vale","twitter_card":"summary_large_image","twitter_creator":"@noticiadosvales","twitter_site":"@noticiadosvales","twitter_misc":{"Escrito por":"Reda\u00e7\u00e3o Aconteceu no Vale","Est. tempo de leitura":"8 minutos"},"schema":{"@context":"https:\/\/schema.org","@graph":[{"@type":"Article","@id":"https:\/\/aconteceunovale.com.br\/portal\/?p=193810#article","isPartOf":{"@id":"https:\/\/aconteceunovale.com.br\/portal\/?p=193810"},"author":{"name":"Reda\u00e7\u00e3o Aconteceu no Vale","@id":"https:\/\/aconteceunovale.com.br\/portal\/#\/schema\/person\/7d2f26d1483f8a63de73da1ee0754d35"},"headline":"Excesso de telas entre jovens pode causar dores e puberdade precoce","datePublished":"2023-03-23T12:05:37+00:00","dateModified":"2023-03-23T16:47:25+00:00","mainEntityOfPage":{"@id":"https:\/\/aconteceunovale.com.br\/portal\/?p=193810"},"wordCount":1563,"commentCount":0,"image":{"@id":"https:\/\/aconteceunovale.com.br\/portal\/?p=193810#primaryimage"},"thumbnailUrl":"https:\/\/aconteceunovale.com.br\/portal\/wp-content\/uploads\/2023\/02\/rede_celular_social.jpg","keywords":["destaque","Excesso de telas","Excesso de telas entre jovens pode causar dores e puberdade precoce","Excesso de uso de celulares","Fapesp","Puberdade precoce","Uso prolongado de celular"],"articleSection":["Sa\u00fade"],"inLanguage":"pt-BR","potentialAction":[{"@type":"CommentAction","name":"Comment","target":["https:\/\/aconteceunovale.com.br\/portal\/?p=193810#respond"]}]},{"@type":"WebPage","@id":"https:\/\/aconteceunovale.com.br\/portal\/?p=193810","url":"https:\/\/aconteceunovale.com.br\/portal\/?p=193810","name":"Excesso de telas entre jovens pode causar dores e puberdade precoce - Aconteceu no Vale","isPartOf":{"@id":"https:\/\/aconteceunovale.com.br\/portal\/#website"},"primaryImageOfPage":{"@id":"https:\/\/aconteceunovale.com.br\/portal\/?p=193810#primaryimage"},"image":{"@id":"https:\/\/aconteceunovale.com.br\/portal\/?p=193810#primaryimage"},"thumbnailUrl":"https:\/\/aconteceunovale.com.br\/portal\/wp-content\/uploads\/2023\/02\/rede_celular_social.jpg","datePublished":"2023-03-23T12:05:37+00:00","dateModified":"2023-03-23T16:47:25+00:00","author":{"@id":"https:\/\/aconteceunovale.com.br\/portal\/#\/schema\/person\/7d2f26d1483f8a63de73da1ee0754d35"},"breadcrumb":{"@id":"https:\/\/aconteceunovale.com.br\/portal\/?p=193810#breadcrumb"},"inLanguage":"pt-BR","potentialAction":[{"@type":"ReadAction","target":["https:\/\/aconteceunovale.com.br\/portal\/?p=193810"]}]},{"@type":"ImageObject","inLanguage":"pt-BR","@id":"https:\/\/aconteceunovale.com.br\/portal\/?p=193810#primaryimage","url":"https:\/\/aconteceunovale.com.br\/portal\/wp-content\/uploads\/2023\/02\/rede_celular_social.jpg","contentUrl":"https:\/\/aconteceunovale.com.br\/portal\/wp-content\/uploads\/2023\/02\/rede_celular_social.jpg","width":675,"height":450},{"@type":"BreadcrumbList","@id":"https:\/\/aconteceunovale.com.br\/portal\/?p=193810#breadcrumb","itemListElement":[{"@type":"ListItem","position":1,"name":"In\u00edcio","item":"https:\/\/aconteceunovale.com.br\/portal\/"},{"@type":"ListItem","position":2,"name":"Excesso de telas entre jovens pode causar dores e puberdade precoce"}]},{"@type":"WebSite","@id":"https:\/\/aconteceunovale.com.br\/portal\/#website","url":"https:\/\/aconteceunovale.com.br\/portal\/","name":"Aconteceu no Vale","description":"Portal de Not\u00edcias","potentialAction":[{"@type":"SearchAction","target":{"@type":"EntryPoint","urlTemplate":"https:\/\/aconteceunovale.com.br\/portal\/?s={search_term_string}"},"query-input":{"@type":"PropertyValueSpecification","valueRequired":true,"valueName":"search_term_string"}}],"inLanguage":"pt-BR"},{"@type":"Person","@id":"https:\/\/aconteceunovale.com.br\/portal\/#\/schema\/person\/7d2f26d1483f8a63de73da1ee0754d35","name":"Reda\u00e7\u00e3o Aconteceu no Vale","description":"Equipe de reportagem do Aconteceu no Vale, portal de not\u00edcias do Vale do Jequitinhonha, em Minas Gerais. Cobrimos as 51 cidades do Vale desde 2013. Sugest\u00f5es de pauta e pedidos de corre\u00e7\u00e3o: contato@aconteceunovale.com.br","url":"https:\/\/aconteceunovale.com.br\/portal\/?author=4"}]}},"_links":{"self":[{"href":"https:\/\/aconteceunovale.com.br\/portal\/index.php?rest_route=\/wp\/v2\/posts\/193810","targetHints":{"allow":["GET"]}}],"collection":[{"href":"https:\/\/aconteceunovale.com.br\/portal\/index.php?rest_route=\/wp\/v2\/posts"}],"about":[{"href":"https:\/\/aconteceunovale.com.br\/portal\/index.php?rest_route=\/wp\/v2\/types\/post"}],"author":[{"embeddable":true,"href":"https:\/\/aconteceunovale.com.br\/portal\/index.php?rest_route=\/wp\/v2\/users\/4"}],"replies":[{"embeddable":true,"href":"https:\/\/aconteceunovale.com.br\/portal\/index.php?rest_route=%2Fwp%2Fv2%2Fcomments&post=193810"}],"version-history":[{"count":1,"href":"https:\/\/aconteceunovale.com.br\/portal\/index.php?rest_route=\/wp\/v2\/posts\/193810\/revisions"}],"predecessor-version":[{"id":193811,"href":"https:\/\/aconteceunovale.com.br\/portal\/index.php?rest_route=\/wp\/v2\/posts\/193810\/revisions\/193811"}],"wp:featuredmedia":[{"embeddable":true,"href":"https:\/\/aconteceunovale.com.br\/portal\/index.php?rest_route=\/wp\/v2\/media\/193551"}],"wp:attachment":[{"href":"https:\/\/aconteceunovale.com.br\/portal\/index.php?rest_route=%2Fwp%2Fv2%2Fmedia&parent=193810"}],"wp:term":[{"taxonomy":"category","embeddable":true,"href":"https:\/\/aconteceunovale.com.br\/portal\/index.php?rest_route=%2Fwp%2Fv2%2Fcategories&post=193810"},{"taxonomy":"post_tag","embeddable":true,"href":"https:\/\/aconteceunovale.com.br\/portal\/index.php?rest_route=%2Fwp%2Fv2%2Ftags&post=193810"}],"curies":[{"name":"wp","href":"https:\/\/api.w.org\/{rel}","templated":true}]}}