{"id":193806,"date":"2023-03-22T18:44:00","date_gmt":"2023-03-22T21:44:00","guid":{"rendered":"https:\/\/aconteceunovale.com.br\/portal\/?p=193806"},"modified":"2023-03-23T13:30:29","modified_gmt":"2023-03-23T16:30:29","slug":"copom-mantem-juros-basicos-da-economia-em-1375-ao-ano","status":"publish","type":"post","link":"https:\/\/aconteceunovale.com.br\/portal\/?p=193806","title":{"rendered":"Copom mant\u00e9m juros b\u00e1sicos da economia em 13,75% ao ano"},"content":{"rendered":"\n<p class=\"wp-block-paragraph\">Apesar da desacelera\u00e7\u00e3o da economia e das press\u00f5es de parte do governo, o Banco Central (BC) n\u00e3o mexeu nos juros. Por unanimidade, o Comit\u00ea de Pol\u00edtica Monet\u00e1ria (Copom) manteve a taxa Selic, juros b\u00e1sicos da economia, em 13,75% ao ano. A decis\u00e3o era\u00a0esperada pelos analistas financeiros.<\/p>\n\n\n\n<p class=\"wp-block-paragraph\">Em comunicado, o Copom informou que o ambiente internacional se deteriorou desde a \u00faltima reuni\u00e3o do \u00f3rg\u00e3o, com bancos nos Estados Unidos e na Europa em problemas e com a infla\u00e7\u00e3o na maioria dos pa\u00edses n\u00e3o cedendo. Na economia dom\u00e9stica, a desacelera\u00e7\u00e3o continua, com a infla\u00e7\u00e3o acima do teto da meta. O texto menciona incertezas em rela\u00e7\u00e3o ao futuro arcabou\u00e7o fiscal em elabora\u00e7\u00e3o pelo governo, mas elogia a recente reonera\u00e7\u00e3o parcial da gasolina e do etanol.<\/p>\n\n\n\n<p class=\"wp-block-paragraph\">\u201cPor um lado, a recente reonera\u00e7\u00e3o dos combust\u00edveis reduziu a incerteza dos resultados fiscais de curto prazo. Por outro lado, a conjuntura, marcada por alta volatilidade nos mercados financeiros e expectativas de infla\u00e7\u00e3o desancoradas em rela\u00e7\u00e3o \u00e0s metas em horizontes mais longos, demanda maior aten\u00e7\u00e3o na condu\u00e7\u00e3o da pol\u00edtica monet\u00e1ria\u201d, destacou o comunicado. \u201cNesse cen\u00e1rio, o Copom reafirma que conduzir\u00e1 a pol\u00edtica monet\u00e1ria necess\u00e1ria para o cumprimento das metas.\u201d<\/p>\n\n\n\n<p class=\"wp-block-paragraph\">A taxa continua no maior n\u00edvel desde janeiro de 2017, quando tamb\u00e9m estava em 13,75% ao ano. Essa foi a quinta vez seguida em que o BC n\u00e3o mexeu na taxa, que permanece nesse n\u00edvel desde agosto do ano passado. Anteriormente, o Copom tinha elevado a Selic por 12 vezes consecutivas, num ciclo que come\u00e7ou em meio \u00e0 alta dos pre\u00e7os de alimentos, de energia e de combust\u00edveis.<\/p>\n\n\n\n<p class=\"wp-block-paragraph\">De mar\u00e7o a junho de 2021, o Copom elevou a taxa em 0,75 ponto percentual em cada encontro. No in\u00edcio de agosto do mesmo ano, o BC passou a aumentar a Selic em 1 ponto a cada reuni\u00e3o. Com a alta da infla\u00e7\u00e3o e o agravamento das tens\u00f5es no mercado financeiro, a Selic foi elevada em 1,5 ponto de outubro de 2021 at\u00e9 fevereiro de 2022. No ano passado, o Copom promoveu dois aumentos de 1 ponto, em mar\u00e7o e maio, e dois aumentos de 0,5 ponto, em junho e agosto.<\/p>\n\n\n\n<p class=\"wp-block-paragraph\">Antes do in\u00edcio do ciclo de alta, a Selic tinha sido reduzida para 2% ao ano, no n\u00edvel mais baixo da s\u00e9rie hist\u00f3rica, iniciada em 1986. Por causa da contra\u00e7\u00e3o econ\u00f4mica gerada pela pandemia de covid-19, o Banco Central tinha derrubado a taxa para estimular a produ\u00e7\u00e3o e o consumo. A taxa ficou no menor patamar da hist\u00f3ria de agosto de 2020 a mar\u00e7o de 2021.<\/p>\n\n\n\n<h2 class=\"wp-block-heading\">Infla\u00e7\u00e3o<\/h2>\n\n\n\n<p class=\"wp-block-paragraph\">A Selic \u00e9 o principal instrumento do Banco Central para manter sob controle a infla\u00e7\u00e3o oficial, medida pelo \u00cdndice Nacional de Pre\u00e7os ao Consumidor Amplo (IPCA). Em fevereiro, o\u00a0indicador fechou em 5,6% no acumulado de 12 meses. Desde o fim do ano passado, a infla\u00e7\u00e3o vem subindo por causa dos alimentos, da revers\u00e3o parcial das desonera\u00e7\u00f5es sobre os combust\u00edveis e de aumentos t\u00edpicos de in\u00edcio de ano, como gastos com educa\u00e7\u00e3o e sa\u00fade.<\/p>\n\n\n\n<p class=\"wp-block-paragraph\">O \u00edndice fechou o ano passado acima do teto da meta de infla\u00e7\u00e3o. Para 2023, o Conselho Monet\u00e1rio Nacional (CMN) fixou meta de infla\u00e7\u00e3o de 3,25%, com margem de toler\u00e2ncia de 1,5 ponto percentual. O IPCA, portanto, n\u00e3o podia superar 4,75% nem ficar abaixo de 1,75% neste ano.<\/p>\n\n\n\n<p class=\"wp-block-paragraph\">No\u00a0<em>Relat\u00f3rio de Infla\u00e7\u00e3o<\/em>\u00a0divulgado no fim de dezembro pelo Banco Central, a autoridade monet\u00e1ria estimava que o IPCA fecharia 2023\u00a0em 5% no cen\u00e1rio base. A proje\u00e7\u00e3o, no entanto, pode ser revista na nova vers\u00e3o do relat\u00f3rio, que ser\u00e1 divulgada no fim de mar\u00e7o.<\/p>\n\n\n\n<p class=\"wp-block-paragraph\">As previs\u00f5es do mercado est\u00e3o menos otimistas. De acordo com o boletim\u00a0<em>Focus<\/em>, pesquisa semanal com institui\u00e7\u00f5es financeiras e divulgada pelo BC, a infla\u00e7\u00e3o oficial dever\u00e1 fechar o\u00a0ano em 5,75%. H\u00e1 um m\u00eas, as estimativas do mercado estavam em 5,89%.<\/p>\n\n\n\n<h2 class=\"wp-block-heading\">Cr\u00e9dito mais caro<\/h2>\n\n\n\n<p class=\"wp-block-paragraph\">A eleva\u00e7\u00e3o da taxa Selic ajuda a controlar a infla\u00e7\u00e3o. Isso porque juros maiores encarecem o cr\u00e9dito e desestimulam a produ\u00e7\u00e3o e o consumo. Por outro lado, taxas mais altas dificultam a recupera\u00e7\u00e3o da economia. No \u00faltimo\u00a0<em>Relat\u00f3rio de Infla\u00e7\u00e3o<\/em>, o Banco Central projetava\u00a0crescimento de 1%\u00a0para a economia em 2023.<\/p>\n\n\n\n<p class=\"wp-block-paragraph\">O mercado projeta crescimento menor. Segundo a \u00faltima edi\u00e7\u00e3o do boletim\u00a0<em>Focus<\/em>, os analistas econ\u00f4micos preveem\u00a0expans\u00e3o de 0,88%\u00a0do Produto Interno Bruto (PIB, soma dos bens e servi\u00e7os produzidos pelo pa\u00eds) neste ano.<\/p>\n\n\n\n<p class=\"wp-block-paragraph\">A taxa b\u00e1sica de juros \u00e9 usada nas negocia\u00e7\u00f5es de t\u00edtulos p\u00fablicos no Sistema Especial de Liquida\u00e7\u00e3o e Cust\u00f3dia (Selic) e serve de refer\u00eancia para as demais taxas de juros da economia. Ao reajust\u00e1-la para cima, o Banco Central segura o excesso de demanda que pressiona os pre\u00e7os, porque juros mais altos encarecem o cr\u00e9dito e estimulam a poupan\u00e7a.<\/p>\n\n\n\n<p class=\"wp-block-paragraph\">Ao reduzir os juros b\u00e1sicos, o Copom barateia o cr\u00e9dito e incentiva a produ\u00e7\u00e3o e o consumo, mas enfraquece o controle da infla\u00e7\u00e3o. Para cortar a Selic, a autoridade monet\u00e1ria precisa estar segura de que os pre\u00e7os est\u00e3o sob controle e n\u00e3o correm risco de subir.<\/p>\n\n\n\n<p class=\"wp-block-paragraph\">&#8212;&#8212;&#8212;&#8212;&#8212;&#8212;<br><br><strong>Sabia que o Aconteceu no Vale est\u00e1 tamb\u00e9m no Telegram? <a rel=\"noreferrer noopener\" href=\"https:\/\/t.me\/aconteceunovaleoficial\" target=\"_blank\">Inscreva-se no canal<\/a>.<\/strong><br><br><strong>J\u00e1 curtiu ou seguiu nossas p\u00e1ginas nas redes sociais?\u00a0Receba as not\u00edcias em primeira m\u00e3o:<\/strong><br>\u2022 <a rel=\"noreferrer noopener\" href=\"https:\/\/news.google.com\/publications\/CAAqBwgKMNjklQswi4etAw?hl=pt-BR&amp;gl=BR&amp;ceid=BR%3Apt-419\" target=\"_blank\">Google News<\/a><br>\u2022 <a rel=\"noreferrer noopener\" href=\"https:\/\/www.facebook.com\/aconteceunovale\/\" target=\"_blank\">Facebook<\/a><br>\u2022 <a rel=\"noreferrer noopener\" href=\"https:\/\/twitter.com\/noticiadosvales\" target=\"_blank\">Twitter<\/a><br>\u2022 <a rel=\"noreferrer noopener\" href=\"https:\/\/www.instagram.com\/aconteceunovale\" target=\"_blank\">Instagram<\/a><br>\u2022 <a rel=\"noreferrer noopener\" href=\"https:\/\/www.youtube.com\/AconteceunoValeOficial\" target=\"_blank\">Youtube<\/a><br>\u2022 <a rel=\"noreferrer noopener\" href=\"https:\/\/www.tiktok.com\/@aconteceunovale\" target=\"_blank\">TikTok<\/a><\/p>\n","protected":false},"excerpt":{"rendered":"<p>Apesar da desacelera\u00e7\u00e3o da economia e das press\u00f5es de parte do governo, o Banco Central (BC) n\u00e3o mexeu nos juros. Por unanimidade, o Comit\u00ea de Pol\u00edtica Monet\u00e1ria (Copom) manteve a taxa Selic, juros b\u00e1sicos da economia, em 13,75% ao ano. A decis\u00e3o era\u00a0esperada pelos analistas financeiros. Em comunicado, o Copom informou que o ambiente internacional [&hellip;]<\/p>\n","protected":false},"author":4,"featured_media":180922,"comment_status":"open","ping_status":"closed","sticky":false,"template":"","format":"standard","meta":{"amp_status":"","footnotes":""},"categories":[6,40239],"tags":[22104,60753,4785,22810,267953,1018,121633,267954,111733,164933],"class_list":["post-193806","post","type-post","status-publish","format-standard","has-post-thumbnail","hentry","category-br","category-economia-2","tag-banco-central","tag-bc","tag-brasil","tag-copom","tag-copom-mantem-juros-basicos-da-economia-em-13-75-ao-ano","tag-destaque","tag-economia-do-brasil","tag-juros-da-economia-no-brasil","tag-juros-no-brasil","tag-taxa-selic"],"yoast_head":"<!-- This site is optimized with the Yoast SEO plugin v28.3 - https:\/\/yoast.com\/product\/yoast-seo-wordpress\/ -->\n<title>Copom mant\u00e9m juros b\u00e1sicos da economia em 13,75% ao ano - Aconteceu no Vale<\/title>\n<meta name=\"robots\" content=\"index, follow, max-snippet:-1, max-image-preview:large, max-video-preview:-1\" \/>\n<link rel=\"canonical\" href=\"https:\/\/aconteceunovale.com.br\/portal\/?p=193806\" \/>\n<meta property=\"og:locale\" content=\"pt_BR\" \/>\n<meta property=\"og:type\" content=\"article\" \/>\n<meta property=\"og:title\" content=\"Copom mant\u00e9m juros b\u00e1sicos da economia em 13,75% ao ano - Aconteceu no Vale\" \/>\n<meta property=\"og:description\" content=\"Apesar da desacelera\u00e7\u00e3o da economia e das press\u00f5es de parte do governo, o Banco Central (BC) n\u00e3o mexeu nos juros. Por unanimidade, o Comit\u00ea de Pol\u00edtica Monet\u00e1ria (Copom) manteve a taxa Selic, juros b\u00e1sicos da economia, em 13,75% ao ano. A decis\u00e3o era\u00a0esperada pelos analistas financeiros. Em comunicado, o Copom informou que o ambiente internacional [&hellip;]\" \/>\n<meta property=\"og:url\" content=\"https:\/\/aconteceunovale.com.br\/portal\/?p=193806\" \/>\n<meta property=\"og:site_name\" content=\"Aconteceu no Vale\" \/>\n<meta property=\"article:publisher\" content=\"https:\/\/www.facebook.com\/aconteceunovale\/\" \/>\n<meta property=\"article:published_time\" content=\"2023-03-22T21:44:00+00:00\" \/>\n<meta property=\"article:modified_time\" content=\"2023-03-23T16:30:29+00:00\" \/>\n<meta property=\"og:image\" content=\"https:\/\/aconteceunovale.com.br\/portal\/wp-content\/uploads\/2021\/08\/banco_central.jpg\" \/>\n\t<meta property=\"og:image:width\" content=\"678\" \/>\n\t<meta property=\"og:image:height\" content=\"406\" \/>\n\t<meta property=\"og:image:type\" content=\"image\/jpeg\" \/>\n<meta name=\"author\" content=\"Reda\u00e7\u00e3o Aconteceu no Vale\" \/>\n<meta name=\"twitter:card\" content=\"summary_large_image\" \/>\n<meta name=\"twitter:creator\" content=\"@noticiadosvales\" \/>\n<meta name=\"twitter:site\" content=\"@noticiadosvales\" \/>\n<meta name=\"twitter:label1\" content=\"Escrito por\" \/>\n\t<meta name=\"twitter:data1\" content=\"Reda\u00e7\u00e3o Aconteceu no Vale\" \/>\n\t<meta name=\"twitter:label2\" content=\"Est. tempo de leitura\" \/>\n\t<meta name=\"twitter:data2\" content=\"5 minutos\" \/>\n<script type=\"application\/ld+json\" class=\"yoast-schema-graph\">{\"@context\":\"https:\\\/\\\/schema.org\",\"@graph\":[{\"@type\":\"Article\",\"@id\":\"https:\\\/\\\/aconteceunovale.com.br\\\/portal\\\/?p=193806#article\",\"isPartOf\":{\"@id\":\"https:\\\/\\\/aconteceunovale.com.br\\\/portal\\\/?p=193806\"},\"author\":{\"name\":\"Reda\u00e7\u00e3o Aconteceu no Vale\",\"@id\":\"https:\\\/\\\/aconteceunovale.com.br\\\/portal\\\/#\\\/schema\\\/person\\\/7d2f26d1483f8a63de73da1ee0754d35\"},\"headline\":\"Copom mant\u00e9m juros b\u00e1sicos da economia em 13,75% ao ano\",\"datePublished\":\"2023-03-22T21:44:00+00:00\",\"dateModified\":\"2023-03-23T16:30:29+00:00\",\"mainEntityOfPage\":{\"@id\":\"https:\\\/\\\/aconteceunovale.com.br\\\/portal\\\/?p=193806\"},\"wordCount\":952,\"commentCount\":0,\"image\":{\"@id\":\"https:\\\/\\\/aconteceunovale.com.br\\\/portal\\\/?p=193806#primaryimage\"},\"thumbnailUrl\":\"https:\\\/\\\/aconteceunovale.com.br\\\/portal\\\/wp-content\\\/uploads\\\/2021\\\/08\\\/banco_central.jpg\",\"keywords\":[\"banco central\",\"bc\",\"brasil\",\"Copom\",\"Copom mant\u00e9m juros b\u00e1sicos da economia em 13.75% ao ano\",\"destaque\",\"Economia do Brasil\",\"Juros da economia no Brasil\",\"juros no brasil\",\"taxa Selic\"],\"articleSection\":[\"Brasil\",\"Economia\"],\"inLanguage\":\"pt-BR\",\"potentialAction\":[{\"@type\":\"CommentAction\",\"name\":\"Comment\",\"target\":[\"https:\\\/\\\/aconteceunovale.com.br\\\/portal\\\/?p=193806#respond\"]}]},{\"@type\":\"WebPage\",\"@id\":\"https:\\\/\\\/aconteceunovale.com.br\\\/portal\\\/?p=193806\",\"url\":\"https:\\\/\\\/aconteceunovale.com.br\\\/portal\\\/?p=193806\",\"name\":\"Copom mant\u00e9m juros b\u00e1sicos da economia em 13,75% ao ano - Aconteceu no Vale\",\"isPartOf\":{\"@id\":\"https:\\\/\\\/aconteceunovale.com.br\\\/portal\\\/#website\"},\"primaryImageOfPage\":{\"@id\":\"https:\\\/\\\/aconteceunovale.com.br\\\/portal\\\/?p=193806#primaryimage\"},\"image\":{\"@id\":\"https:\\\/\\\/aconteceunovale.com.br\\\/portal\\\/?p=193806#primaryimage\"},\"thumbnailUrl\":\"https:\\\/\\\/aconteceunovale.com.br\\\/portal\\\/wp-content\\\/uploads\\\/2021\\\/08\\\/banco_central.jpg\",\"datePublished\":\"2023-03-22T21:44:00+00:00\",\"dateModified\":\"2023-03-23T16:30:29+00:00\",\"author\":{\"@id\":\"https:\\\/\\\/aconteceunovale.com.br\\\/portal\\\/#\\\/schema\\\/person\\\/7d2f26d1483f8a63de73da1ee0754d35\"},\"breadcrumb\":{\"@id\":\"https:\\\/\\\/aconteceunovale.com.br\\\/portal\\\/?p=193806#breadcrumb\"},\"inLanguage\":\"pt-BR\",\"potentialAction\":[{\"@type\":\"ReadAction\",\"target\":[\"https:\\\/\\\/aconteceunovale.com.br\\\/portal\\\/?p=193806\"]}]},{\"@type\":\"ImageObject\",\"inLanguage\":\"pt-BR\",\"@id\":\"https:\\\/\\\/aconteceunovale.com.br\\\/portal\\\/?p=193806#primaryimage\",\"url\":\"https:\\\/\\\/aconteceunovale.com.br\\\/portal\\\/wp-content\\\/uploads\\\/2021\\\/08\\\/banco_central.jpg\",\"contentUrl\":\"https:\\\/\\\/aconteceunovale.com.br\\\/portal\\\/wp-content\\\/uploads\\\/2021\\\/08\\\/banco_central.jpg\",\"width\":678,\"height\":406,\"caption\":\"Edif\u00edcio-Sede do Banco Central em Bras\u00edlia\"},{\"@type\":\"BreadcrumbList\",\"@id\":\"https:\\\/\\\/aconteceunovale.com.br\\\/portal\\\/?p=193806#breadcrumb\",\"itemListElement\":[{\"@type\":\"ListItem\",\"position\":1,\"name\":\"In\u00edcio\",\"item\":\"https:\\\/\\\/aconteceunovale.com.br\\\/portal\\\/\"},{\"@type\":\"ListItem\",\"position\":2,\"name\":\"Copom mant\u00e9m juros b\u00e1sicos da economia em 13,75% ao ano\"}]},{\"@type\":\"WebSite\",\"@id\":\"https:\\\/\\\/aconteceunovale.com.br\\\/portal\\\/#website\",\"url\":\"https:\\\/\\\/aconteceunovale.com.br\\\/portal\\\/\",\"name\":\"Aconteceu no Vale\",\"description\":\"Portal de Not\u00edcias\",\"potentialAction\":[{\"@type\":\"SearchAction\",\"target\":{\"@type\":\"EntryPoint\",\"urlTemplate\":\"https:\\\/\\\/aconteceunovale.com.br\\\/portal\\\/?s={search_term_string}\"},\"query-input\":{\"@type\":\"PropertyValueSpecification\",\"valueRequired\":true,\"valueName\":\"search_term_string\"}}],\"inLanguage\":\"pt-BR\"},{\"@type\":\"Person\",\"@id\":\"https:\\\/\\\/aconteceunovale.com.br\\\/portal\\\/#\\\/schema\\\/person\\\/7d2f26d1483f8a63de73da1ee0754d35\",\"name\":\"Reda\u00e7\u00e3o Aconteceu no Vale\",\"description\":\"Equipe de reportagem do Aconteceu no Vale, portal de not\u00edcias do Vale do Jequitinhonha, em Minas Gerais. Cobrimos as 51 cidades do Vale desde 2013. Sugest\u00f5es de pauta e pedidos de corre\u00e7\u00e3o: contato@aconteceunovale.com.br\",\"url\":\"https:\\\/\\\/aconteceunovale.com.br\\\/portal\\\/?author=4\"}]}<\/script>\n<!-- \/ Yoast SEO plugin. -->","yoast_head_json":{"title":"Copom mant\u00e9m juros b\u00e1sicos da economia em 13,75% ao ano - Aconteceu no Vale","robots":{"index":"index","follow":"follow","max-snippet":"max-snippet:-1","max-image-preview":"max-image-preview:large","max-video-preview":"max-video-preview:-1"},"canonical":"https:\/\/aconteceunovale.com.br\/portal\/?p=193806","og_locale":"pt_BR","og_type":"article","og_title":"Copom mant\u00e9m juros b\u00e1sicos da economia em 13,75% ao ano - Aconteceu no Vale","og_description":"Apesar da desacelera\u00e7\u00e3o da economia e das press\u00f5es de parte do governo, o Banco Central (BC) n\u00e3o mexeu nos juros. Por unanimidade, o Comit\u00ea de Pol\u00edtica Monet\u00e1ria (Copom) manteve a taxa Selic, juros b\u00e1sicos da economia, em 13,75% ao ano. A decis\u00e3o era\u00a0esperada pelos analistas financeiros. Em comunicado, o Copom informou que o ambiente internacional [&hellip;]","og_url":"https:\/\/aconteceunovale.com.br\/portal\/?p=193806","og_site_name":"Aconteceu no Vale","article_publisher":"https:\/\/www.facebook.com\/aconteceunovale\/","article_published_time":"2023-03-22T21:44:00+00:00","article_modified_time":"2023-03-23T16:30:29+00:00","og_image":[{"width":678,"height":406,"url":"https:\/\/aconteceunovale.com.br\/portal\/wp-content\/uploads\/2021\/08\/banco_central.jpg","type":"image\/jpeg"}],"author":"Reda\u00e7\u00e3o Aconteceu no Vale","twitter_card":"summary_large_image","twitter_creator":"@noticiadosvales","twitter_site":"@noticiadosvales","twitter_misc":{"Escrito por":"Reda\u00e7\u00e3o Aconteceu no Vale","Est. tempo de leitura":"5 minutos"},"schema":{"@context":"https:\/\/schema.org","@graph":[{"@type":"Article","@id":"https:\/\/aconteceunovale.com.br\/portal\/?p=193806#article","isPartOf":{"@id":"https:\/\/aconteceunovale.com.br\/portal\/?p=193806"},"author":{"name":"Reda\u00e7\u00e3o Aconteceu no Vale","@id":"https:\/\/aconteceunovale.com.br\/portal\/#\/schema\/person\/7d2f26d1483f8a63de73da1ee0754d35"},"headline":"Copom mant\u00e9m juros b\u00e1sicos da economia em 13,75% ao ano","datePublished":"2023-03-22T21:44:00+00:00","dateModified":"2023-03-23T16:30:29+00:00","mainEntityOfPage":{"@id":"https:\/\/aconteceunovale.com.br\/portal\/?p=193806"},"wordCount":952,"commentCount":0,"image":{"@id":"https:\/\/aconteceunovale.com.br\/portal\/?p=193806#primaryimage"},"thumbnailUrl":"https:\/\/aconteceunovale.com.br\/portal\/wp-content\/uploads\/2021\/08\/banco_central.jpg","keywords":["banco central","bc","brasil","Copom","Copom mant\u00e9m juros b\u00e1sicos da economia em 13.75% ao ano","destaque","Economia do Brasil","Juros da economia no Brasil","juros no brasil","taxa Selic"],"articleSection":["Brasil","Economia"],"inLanguage":"pt-BR","potentialAction":[{"@type":"CommentAction","name":"Comment","target":["https:\/\/aconteceunovale.com.br\/portal\/?p=193806#respond"]}]},{"@type":"WebPage","@id":"https:\/\/aconteceunovale.com.br\/portal\/?p=193806","url":"https:\/\/aconteceunovale.com.br\/portal\/?p=193806","name":"Copom mant\u00e9m juros b\u00e1sicos da economia em 13,75% ao ano - Aconteceu no Vale","isPartOf":{"@id":"https:\/\/aconteceunovale.com.br\/portal\/#website"},"primaryImageOfPage":{"@id":"https:\/\/aconteceunovale.com.br\/portal\/?p=193806#primaryimage"},"image":{"@id":"https:\/\/aconteceunovale.com.br\/portal\/?p=193806#primaryimage"},"thumbnailUrl":"https:\/\/aconteceunovale.com.br\/portal\/wp-content\/uploads\/2021\/08\/banco_central.jpg","datePublished":"2023-03-22T21:44:00+00:00","dateModified":"2023-03-23T16:30:29+00:00","author":{"@id":"https:\/\/aconteceunovale.com.br\/portal\/#\/schema\/person\/7d2f26d1483f8a63de73da1ee0754d35"},"breadcrumb":{"@id":"https:\/\/aconteceunovale.com.br\/portal\/?p=193806#breadcrumb"},"inLanguage":"pt-BR","potentialAction":[{"@type":"ReadAction","target":["https:\/\/aconteceunovale.com.br\/portal\/?p=193806"]}]},{"@type":"ImageObject","inLanguage":"pt-BR","@id":"https:\/\/aconteceunovale.com.br\/portal\/?p=193806#primaryimage","url":"https:\/\/aconteceunovale.com.br\/portal\/wp-content\/uploads\/2021\/08\/banco_central.jpg","contentUrl":"https:\/\/aconteceunovale.com.br\/portal\/wp-content\/uploads\/2021\/08\/banco_central.jpg","width":678,"height":406,"caption":"Edif\u00edcio-Sede do Banco Central em Bras\u00edlia"},{"@type":"BreadcrumbList","@id":"https:\/\/aconteceunovale.com.br\/portal\/?p=193806#breadcrumb","itemListElement":[{"@type":"ListItem","position":1,"name":"In\u00edcio","item":"https:\/\/aconteceunovale.com.br\/portal\/"},{"@type":"ListItem","position":2,"name":"Copom mant\u00e9m juros b\u00e1sicos da economia em 13,75% ao ano"}]},{"@type":"WebSite","@id":"https:\/\/aconteceunovale.com.br\/portal\/#website","url":"https:\/\/aconteceunovale.com.br\/portal\/","name":"Aconteceu no Vale","description":"Portal de Not\u00edcias","potentialAction":[{"@type":"SearchAction","target":{"@type":"EntryPoint","urlTemplate":"https:\/\/aconteceunovale.com.br\/portal\/?s={search_term_string}"},"query-input":{"@type":"PropertyValueSpecification","valueRequired":true,"valueName":"search_term_string"}}],"inLanguage":"pt-BR"},{"@type":"Person","@id":"https:\/\/aconteceunovale.com.br\/portal\/#\/schema\/person\/7d2f26d1483f8a63de73da1ee0754d35","name":"Reda\u00e7\u00e3o Aconteceu no Vale","description":"Equipe de reportagem do Aconteceu no Vale, portal de not\u00edcias do Vale do Jequitinhonha, em Minas Gerais. Cobrimos as 51 cidades do Vale desde 2013. Sugest\u00f5es de pauta e pedidos de corre\u00e7\u00e3o: contato@aconteceunovale.com.br","url":"https:\/\/aconteceunovale.com.br\/portal\/?author=4"}]}},"_links":{"self":[{"href":"https:\/\/aconteceunovale.com.br\/portal\/index.php?rest_route=\/wp\/v2\/posts\/193806","targetHints":{"allow":["GET"]}}],"collection":[{"href":"https:\/\/aconteceunovale.com.br\/portal\/index.php?rest_route=\/wp\/v2\/posts"}],"about":[{"href":"https:\/\/aconteceunovale.com.br\/portal\/index.php?rest_route=\/wp\/v2\/types\/post"}],"author":[{"embeddable":true,"href":"https:\/\/aconteceunovale.com.br\/portal\/index.php?rest_route=\/wp\/v2\/users\/4"}],"replies":[{"embeddable":true,"href":"https:\/\/aconteceunovale.com.br\/portal\/index.php?rest_route=%2Fwp%2Fv2%2Fcomments&post=193806"}],"version-history":[{"count":1,"href":"https:\/\/aconteceunovale.com.br\/portal\/index.php?rest_route=\/wp\/v2\/posts\/193806\/revisions"}],"predecessor-version":[{"id":193807,"href":"https:\/\/aconteceunovale.com.br\/portal\/index.php?rest_route=\/wp\/v2\/posts\/193806\/revisions\/193807"}],"wp:featuredmedia":[{"embeddable":true,"href":"https:\/\/aconteceunovale.com.br\/portal\/index.php?rest_route=\/wp\/v2\/media\/180922"}],"wp:attachment":[{"href":"https:\/\/aconteceunovale.com.br\/portal\/index.php?rest_route=%2Fwp%2Fv2%2Fmedia&parent=193806"}],"wp:term":[{"taxonomy":"category","embeddable":true,"href":"https:\/\/aconteceunovale.com.br\/portal\/index.php?rest_route=%2Fwp%2Fv2%2Fcategories&post=193806"},{"taxonomy":"post_tag","embeddable":true,"href":"https:\/\/aconteceunovale.com.br\/portal\/index.php?rest_route=%2Fwp%2Fv2%2Ftags&post=193806"}],"curies":[{"name":"wp","href":"https:\/\/api.w.org\/{rel}","templated":true}]}}