{"id":19360,"date":"2014-01-24T20:46:39","date_gmt":"2014-01-24T22:46:39","guid":{"rendered":"http:\/\/aconteceunovale.com.br\/portal\/?p=19360"},"modified":"2014-01-24T20:46:39","modified_gmt":"2014-01-24T22:46:39","slug":"prefeitura-de-turmalina-convida-a-populacao-para-audiencia-publica-do-plano-municipal-de-saneamento-basico","status":"publish","type":"post","link":"https:\/\/aconteceunovale.com.br\/portal\/?p=19360","title":{"rendered":"Prefeitura de Turmalina convida a popula\u00e7\u00e3o para audi\u00eancia p\u00fablica do Plano Municipal de Saneamento B\u00e1sico"},"content":{"rendered":"<p>A Prefeitura Municipal de Turmalina convida voc\u00ea a participar da Audi\u00eancia P\u00fablica do Plano de Saneamento B\u00e1sico a realizar-se no dia 29 de janeiro de 2014 as 19:00 horas, no Audit\u00f3rio da Prefeitura Municipal &#8211; Avenida Lauro Machado, 230 &#8211; Centro &#8211; Turmalina &#8211; Minas Gerais.<\/p>\n<p><img decoding=\"async\" src=\"http:\/\/aconteceunovale.com.br\/portal\/wp-content\/uploads\/2014\/01\/logo_prefeitura_de_turmalina.png\" alt=\"\" \/><\/p>\n<p>A elabora\u00e7\u00e3o deste plano visa estabelecer metas de curto, m\u00e9dio e longo prazo para que toda a popula\u00e7\u00e3o do munic\u00edpio seja atendida com abastecimento de \u00e1gua pot\u00e1vel, coleta e tratamento de esgotos sanit\u00e1rios com qualidade e regularidade.<\/p>\n<p>O plano \u00e9 uma exig\u00eancia legal da lei federal 11.445 de 2007 para aquisi\u00e7\u00e3o de recursos a partir de 2014.<\/p>\n<p>A elabora\u00e7\u00e3o de nosso PMSB conta com o apoio t\u00e9cnico da Amaje, CREA e Funasa.<\/p>\n<p>A Prefeitura de Turmalina conta com a participa\u00e7\u00e3o para enriquecer e legitimar esse esfor\u00e7o municipal em estabelecer a cultura de planejamento e melhorar a qualidade de vida no munic\u00edpio.<\/p>\n","protected":false},"excerpt":{"rendered":"<p>A Prefeitura Municipal de Turmalina convida voc\u00ea a participar da Audi\u00eancia P\u00fablica do Plano de Saneamento B\u00e1sico a realizar-se no dia 29 de janeiro de 2014 as 19:00 horas, no Audit\u00f3rio da Prefeitura Municipal &#8211; Avenida Lauro Machado, 230 &#8211; Centro &#8211; Turmalina &#8211; Minas Gerais. A elabora\u00e7\u00e3o deste plano visa estabelecer metas de curto, [&hellip;]<\/p>\n","protected":false},"author":1,"featured_media":19361,"comment_status":"open","ping_status":"closed","sticky":false,"template":"","format":"standard","meta":{"amp_status":"","footnotes":""},"categories":[120],"tags":[3494,3493,178],"class_list":["post-19360","post","type-post","status-publish","format-standard","has-post-thumbnail","hentry","category-jequi","tag-plano-municipal-de-saneamento-basico-de-turmalina","tag-prefeitura-de-turmalina-convida-a-populacao-para-audiencia-publica-do-plano-municipal-de-saneamento-basico","tag-turmalina"],"_links":{"self":[{"href":"https:\/\/aconteceunovale.com.br\/portal\/index.php?rest_route=\/wp\/v2\/posts\/19360","targetHints":{"allow":["GET"]}}],"collection":[{"href":"https:\/\/aconteceunovale.com.br\/portal\/index.php?rest_route=\/wp\/v2\/posts"}],"about":[{"href":"https:\/\/aconteceunovale.com.br\/portal\/index.php?rest_route=\/wp\/v2\/types\/post"}],"author":[{"embeddable":true,"href":"https:\/\/aconteceunovale.com.br\/portal\/index.php?rest_route=\/wp\/v2\/users\/1"}],"replies":[{"embeddable":true,"href":"https:\/\/aconteceunovale.com.br\/portal\/index.php?rest_route=%2Fwp%2Fv2%2Fcomments&post=19360"}],"version-history":[{"count":0,"href":"https:\/\/aconteceunovale.com.br\/portal\/index.php?rest_route=\/wp\/v2\/posts\/19360\/revisions"}],"wp:featuredmedia":[{"embeddable":true,"href":"https:\/\/aconteceunovale.com.br\/portal\/index.php?rest_route=\/wp\/v2\/media\/19361"}],"wp:attachment":[{"href":"https:\/\/aconteceunovale.com.br\/portal\/index.php?rest_route=%2Fwp%2Fv2%2Fmedia&parent=19360"}],"wp:term":[{"taxonomy":"category","embeddable":true,"href":"https:\/\/aconteceunovale.com.br\/portal\/index.php?rest_route=%2Fwp%2Fv2%2Fcategories&post=19360"},{"taxonomy":"post_tag","embeddable":true,"href":"https:\/\/aconteceunovale.com.br\/portal\/index.php?rest_route=%2Fwp%2Fv2%2Ftags&post=19360"}],"curies":[{"name":"wp","href":"https:\/\/api.w.org\/{rel}","templated":true}]}}