{"id":193576,"date":"2023-02-27T11:50:00","date_gmt":"2023-02-27T14:50:00","guid":{"rendered":"https:\/\/aconteceunovale.com.br\/portal\/?p=193576"},"modified":"2023-02-27T23:03:23","modified_gmt":"2023-02-28T02:03:23","slug":"anatel-libera-sinal-5g-para-mais-347-municipios","status":"publish","type":"post","link":"https:\/\/aconteceunovale.com.br\/portal\/?p=193576","title":{"rendered":"Anatel libera sinal 5G para mais 347 munic\u00edpios"},"content":{"rendered":"\n<p class=\"wp-block-paragraph\">A partir desta\u00a0segunda-feira (27), mais 347 munic\u00edpios do pa\u00eds\u00a0ter\u00e3o autoriza\u00e7\u00e3o da Ag\u00eancia Nacional de Telecomunica\u00e7\u00f5es (Anatel) para come\u00e7ar a transmitir o sinal da nova rede\u00a05G\u00a0puro da faixa 3.5GHz. A decis\u00e3o foi tomada em uma reuni\u00e3o realizada na \u00faltima\u00a0quinta-feira (23) pelo Gaispi (Grupo de Acompanhamento da Implanta\u00e7\u00e3o das Solu\u00e7\u00f5es para os Problemas de Interfer\u00eancia na faixa de 3.625 a 3.700 MHz).<\/p>\n\n\n\n<h2 class=\"wp-block-heading\">Distribui\u00e7\u00e3o<\/h2>\n\n\n\n<p class=\"wp-block-paragraph\">At\u00e9 o momento&nbsp;487 localidades &#8211; 86 milh\u00f5es de brasileiros&nbsp;(40% da popula\u00e7\u00e3o) &#8211;&nbsp;obtiveram a libera\u00e7\u00e3o&nbsp;do 5G. As localidades&nbsp;que tiveram libera\u00e7\u00e3o&nbsp;hoje&nbsp;est\u00e3o distribu\u00eddas em 23 estados.&nbsp;<\/p>\n\n\n\n<p class=\"wp-block-paragraph\">Em Minas Gerais s\u00e3o 50 cidades beneficiadas, entre elas, Brumadinho, Confins, Sete Lagoas e Una\u00ed. Em Goi\u00e1s, onde 48 munic\u00edpios ser\u00e3o liberados para receber o 5G, destacam-se as tur\u00edsticas Alto Para\u00edso, Cavalcante e Piren\u00f3polis.<\/p>\n\n\n\n<p class=\"wp-block-paragraph\">A lista segue com Rio Grande do Sul (33), Paran\u00e1 (32), Santa Catarina (21), Cear\u00e1 (18), Bahia (17), Rio&nbsp;de Janeiro&nbsp;(15), Rio Grande do Norte (14), S\u00e3o Paulo (13), Maranh\u00e3o (13), Amaz\u00f4nia (12), Piau\u00ed (12), Alagoas (11), Tocantins (9), Pernambuco (9), Para\u00edba (6), Roraima (4), Mato Grosso (3), Sergipe (3), Amap\u00e1 (2), Rond\u00f4nia (1) e Par\u00e1 (1).<\/p>\n\n\n\n<h2 class=\"wp-block-heading\">Ativa\u00e7\u00e3o do sinal<\/h2>\n\n\n\n<p class=\"wp-block-paragraph\">Apesar da libera\u00e7\u00e3o, na pr\u00e1tica, isso n\u00e3o quer dizer que os munic\u00edpios j\u00e1&nbsp;ter\u00e3o o sinal ligado. Para que isso aconte\u00e7a, as prestadoras que adquiriram lotes na faixa de 3,5 GHz&nbsp;ter\u00e3o que solicitar \u00e0 Ag\u00eancia Nacional de Telecomunica\u00e7\u00f5es (Anatel) o licenciamento e ativa\u00e7\u00f5es de esta\u00e7\u00f5es de 5G nesses munic\u00edpios.&nbsp;O prazo para as operadoras ativarem o sinal aos clientes \u00e9 extenso e obedece um cronograma estabelecido pela Anatel , considerando o n\u00famero de habitantes das cidades.<\/p>\n\n\n\n<p class=\"wp-block-paragraph\">No caso de&nbsp;munic\u00edpios com popula\u00e7\u00e3o igual ou superior a 30 mil habitantes (1.174 munic\u00edpios),&nbsp;o cronograma de atendimento&nbsp;estabelece por exemplo, metas ano a ano at\u00e9 2029. Para 2023, at\u00e9&nbsp;31 de julho, as empresas&nbsp;ter\u00e3o que ampliar a quantidade de antenas nas capitais dos estados e no Distrito Federal. Pelo compromisso firmado ser\u00e1, no m\u00ednimo, uma antena para cada 50 mil habitantes.<\/p>\n\n\n\n<p class=\"wp-block-paragraph\">&#8220;Al\u00e9m de acompanhar a implementa\u00e7\u00e3o da tecnologia em todo o pa\u00eds, cobramos as operadoras quanto \u00e0 qualidade do servi\u00e7o, visto que tanto o Minist\u00e9rio das Comunica\u00e7\u00f5es quanto a Anatel t\u00eam recebido reclama\u00e7\u00f5es de usu\u00e1rios&#8221;, afirmou o ministro Juscelino Filho. Durante reuni\u00e3o com as operadoras de telecomunica\u00e7\u00f5es realizada no final&nbsp;de janeiro, ele refor\u00e7ou que a MCom deve realizar uma pesquisa de opini\u00e3o a respeito do assunto e sugeriu que as empresas fa\u00e7am um diagn\u00f3stico da situa\u00e7\u00e3o.<\/p>\n\n\n\n<h2 class=\"wp-block-heading\">Interfer\u00eancia<\/h2>\n\n\n\n<p class=\"wp-block-paragraph\">Quem recebe as transmiss\u00f5es da TV Aberta pela antena parab\u00f3lica precisa adaptar o equipamento para evitar eventuais interfer\u00eancias. Inscritos no Cadastro \u00danico para Programas Sociais do Governo Federal (Cad\u00danico) que recebem sinal da TV aberta por parab\u00f3lica podem solicitar o kit gratuito para a adapta\u00e7\u00e3o do equipamento \u00e0&nbsp;<a href=\"https:\/\/sigaantenado.com.br\/\" target=\"_blank\" rel=\"noreferrer noopener\">Siga Antenado<\/a>.<\/p>\n\n\n\n<p class=\"wp-block-paragraph\">A&nbsp;instala\u00e7\u00e3o dos novos equipamentos&nbsp;\u00e9 feita somente com agendamento pelo&nbsp;Siga Antenado ou pelo&nbsp;0800-729-2404.<\/p>\n\n\n\n<h2 class=\"wp-block-heading\">Vantagens<\/h2>\n\n\n\n<p class=\"wp-block-paragraph\">Al\u00e9m de maior velocidade, o 5G reduz&nbsp;o tempo entre o est\u00edmulo e a resposta da rede de telecomunica\u00e7\u00f5es,&nbsp;aumenta a capacidade&nbsp;de dispositivos conectados&nbsp;ao mesmo tempo&nbsp;em uma determinada \u00e1rea&nbsp;e&nbsp;reduz&nbsp;o consumo de energia, com consequente aumento da sustentabilidade.<\/p>\n\n\n\n<h2 class=\"wp-block-heading\">Aparelhos<\/h2>\n\n\n\n<p class=\"wp-block-paragraph\">Segundo a Anatel, atualmente, somente 109 modelos de smartphones, dispon\u00edveis no mercado brasileiro, est\u00e3o aptos para receber o sinal 5G. A lista desses aparelhos pode ser consultada no\u00a0<a rel=\"noreferrer noopener\" href=\"https:\/\/informacoes.anatel.gov.br\/paineis\/certificacao-de-produtos\/celulares-em-5g\" target=\"_blank\">site<\/a>\u00a0da Anatel.\u00a0<\/p>\n\n\n\n<p class=\"wp-block-paragraph\">&#8212;&#8212;&#8212;&#8212;&#8212;&#8212;<br><br><strong>Sabia que o Aconteceu no Vale est\u00e1 tamb\u00e9m no Telegram? <a rel=\"noreferrer noopener\" href=\"https:\/\/t.me\/aconteceunovaleoficial\" target=\"_blank\">Inscreva-se no canal<\/a>.<\/strong><br><br><strong>J\u00e1 curtiu ou seguiu nossas p\u00e1ginas nas redes sociais?\u00a0Receba as not\u00edcias em primeira m\u00e3o:<\/strong><br>\u2022 <a rel=\"noreferrer noopener\" href=\"https:\/\/news.google.com\/publications\/CAAqBwgKMNjklQswi4etAw?hl=pt-BR&amp;gl=BR&amp;ceid=BR%3Apt-419\" target=\"_blank\">Google News<\/a><br>\u2022 <a rel=\"noreferrer noopener\" href=\"https:\/\/www.facebook.com\/aconteceunovale\/\" target=\"_blank\">Facebook<\/a><br>\u2022 <a rel=\"noreferrer noopener\" href=\"https:\/\/twitter.com\/noticiadosvales\" target=\"_blank\">Twitter<\/a><br>\u2022 <a rel=\"noreferrer noopener\" href=\"https:\/\/www.instagram.com\/aconteceunovale\" target=\"_blank\">Instagram<\/a><br>\u2022 <a rel=\"noreferrer noopener\" href=\"https:\/\/www.youtube.com\/AconteceunoValeOficial\" target=\"_blank\">Youtube<\/a><br>\u2022 <a rel=\"noreferrer noopener\" href=\"https:\/\/www.tiktok.com\/@aconteceunovale\" target=\"_blank\">TikTok<\/a><\/p>\n","protected":false},"excerpt":{"rendered":"<p>A partir desta\u00a0segunda-feira (27), mais 347 munic\u00edpios do pa\u00eds\u00a0ter\u00e3o autoriza\u00e7\u00e3o da Ag\u00eancia Nacional de Telecomunica\u00e7\u00f5es (Anatel) para come\u00e7ar a transmitir o sinal da nova rede\u00a05G\u00a0puro da faixa 3.5GHz. A decis\u00e3o foi tomada em uma reuni\u00e3o realizada na \u00faltima\u00a0quinta-feira (23) pelo Gaispi (Grupo de Acompanhamento da Implanta\u00e7\u00e3o das Solu\u00e7\u00f5es para os Problemas de Interfer\u00eancia na faixa [&hellip;]<\/p>\n","protected":false},"author":4,"featured_media":191228,"comment_status":"open","ping_status":"closed","sticky":false,"template":"","format":"standard","meta":{"amp_status":"","footnotes":""},"categories":[6,40247],"tags":[142703,261741,261740,36954,19797,267691,194,1017,1018,261742,18923,21045,267692,4613,27013,57296],"class_list":["post-193576","post","type-post","status-publish","format-standard","has-post-thumbnail","hentry","category-br","category-tecnologia-2","tag-5g","tag-5g-em-belo-horizonte","tag-5g-em-bh","tag-agencia-nacional-de-telecomunicacoes","tag-anatel","tag-anatel-libera-sinal-5g-para-mais-347-municipios","tag-belo-horizonte","tag-bh","tag-destaque","tag-implantacao-do-5g","tag-internet","tag-joao-pessoa","tag-liberacao-do-5g","tag-porto-alegre","tag-telecomunicacoes","tag-telefonia"],"yoast_head":"<!-- This site is optimized with the Yoast SEO plugin v28.3 - https:\/\/yoast.com\/product\/yoast-seo-wordpress\/ -->\n<title>Anatel libera sinal 5G para mais 347 munic\u00edpios - Aconteceu no Vale<\/title>\n<meta name=\"robots\" content=\"index, follow, max-snippet:-1, max-image-preview:large, max-video-preview:-1\" \/>\n<link rel=\"canonical\" href=\"https:\/\/aconteceunovale.com.br\/portal\/?p=193576\" \/>\n<meta property=\"og:locale\" content=\"pt_BR\" \/>\n<meta property=\"og:type\" content=\"article\" \/>\n<meta property=\"og:title\" content=\"Anatel libera sinal 5G para mais 347 munic\u00edpios - Aconteceu no Vale\" \/>\n<meta property=\"og:description\" content=\"A partir desta\u00a0segunda-feira (27), mais 347 munic\u00edpios do pa\u00eds\u00a0ter\u00e3o autoriza\u00e7\u00e3o da Ag\u00eancia Nacional de Telecomunica\u00e7\u00f5es (Anatel) para come\u00e7ar a transmitir o sinal da nova rede\u00a05G\u00a0puro da faixa 3.5GHz. A decis\u00e3o foi tomada em uma reuni\u00e3o realizada na \u00faltima\u00a0quinta-feira (23) pelo Gaispi (Grupo de Acompanhamento da Implanta\u00e7\u00e3o das Solu\u00e7\u00f5es para os Problemas de Interfer\u00eancia na faixa [&hellip;]\" \/>\n<meta property=\"og:url\" content=\"https:\/\/aconteceunovale.com.br\/portal\/?p=193576\" \/>\n<meta property=\"og:site_name\" content=\"Aconteceu no Vale\" \/>\n<meta property=\"article:publisher\" content=\"https:\/\/www.facebook.com\/aconteceunovale\/\" \/>\n<meta property=\"article:published_time\" content=\"2023-02-27T14:50:00+00:00\" \/>\n<meta property=\"article:modified_time\" content=\"2023-02-28T02:03:23+00:00\" \/>\n<meta property=\"og:image\" content=\"https:\/\/aconteceunovale.com.br\/portal\/wp-content\/uploads\/2022\/10\/5g_brasil.jpg\" \/>\n\t<meta property=\"og:image:width\" content=\"678\" \/>\n\t<meta property=\"og:image:height\" content=\"406\" \/>\n\t<meta property=\"og:image:type\" content=\"image\/jpeg\" \/>\n<meta name=\"author\" content=\"Reda\u00e7\u00e3o Aconteceu no Vale\" \/>\n<meta name=\"twitter:card\" content=\"summary_large_image\" \/>\n<meta name=\"twitter:creator\" content=\"@noticiadosvales\" \/>\n<meta name=\"twitter:site\" content=\"@noticiadosvales\" \/>\n<meta name=\"twitter:label1\" content=\"Escrito por\" \/>\n\t<meta name=\"twitter:data1\" content=\"Reda\u00e7\u00e3o Aconteceu no Vale\" \/>\n\t<meta name=\"twitter:label2\" content=\"Est. tempo de leitura\" \/>\n\t<meta name=\"twitter:data2\" content=\"3 minutos\" \/>\n<script type=\"application\/ld+json\" class=\"yoast-schema-graph\">{\"@context\":\"https:\\\/\\\/schema.org\",\"@graph\":[{\"@type\":\"Article\",\"@id\":\"https:\\\/\\\/aconteceunovale.com.br\\\/portal\\\/?p=193576#article\",\"isPartOf\":{\"@id\":\"https:\\\/\\\/aconteceunovale.com.br\\\/portal\\\/?p=193576\"},\"author\":{\"name\":\"Reda\u00e7\u00e3o Aconteceu no Vale\",\"@id\":\"https:\\\/\\\/aconteceunovale.com.br\\\/portal\\\/#\\\/schema\\\/person\\\/7d2f26d1483f8a63de73da1ee0754d35\"},\"headline\":\"Anatel libera sinal 5G para mais 347 munic\u00edpios\",\"datePublished\":\"2023-02-27T14:50:00+00:00\",\"dateModified\":\"2023-02-28T02:03:23+00:00\",\"mainEntityOfPage\":{\"@id\":\"https:\\\/\\\/aconteceunovale.com.br\\\/portal\\\/?p=193576\"},\"wordCount\":665,\"commentCount\":0,\"image\":{\"@id\":\"https:\\\/\\\/aconteceunovale.com.br\\\/portal\\\/?p=193576#primaryimage\"},\"thumbnailUrl\":\"https:\\\/\\\/aconteceunovale.com.br\\\/portal\\\/wp-content\\\/uploads\\\/2022\\\/10\\\/5g_brasil.jpg\",\"keywords\":[\"5G\",\"5G em Belo Horizonte\",\"5G em BH\",\"Ag\u00eancia Nacional de Telecomunica\u00e7\u00f5es\",\"Anatel\",\"Anatel libera sinal 5G para mais 347 munic\u00edpios\",\"Belo Horizonte\",\"bh\",\"destaque\",\"Implanta\u00e7\u00e3o do 5G\",\"internet\",\"Jo\u00e3o Pessoa\",\"Libera\u00e7\u00e3o do 5G\",\"Porto Alegre\",\"telecomunica\u00e7\u00f5es\",\"telefonia\"],\"articleSection\":[\"Brasil\",\"Tecnologia\"],\"inLanguage\":\"pt-BR\",\"potentialAction\":[{\"@type\":\"CommentAction\",\"name\":\"Comment\",\"target\":[\"https:\\\/\\\/aconteceunovale.com.br\\\/portal\\\/?p=193576#respond\"]}]},{\"@type\":\"WebPage\",\"@id\":\"https:\\\/\\\/aconteceunovale.com.br\\\/portal\\\/?p=193576\",\"url\":\"https:\\\/\\\/aconteceunovale.com.br\\\/portal\\\/?p=193576\",\"name\":\"Anatel libera sinal 5G para mais 347 munic\u00edpios - Aconteceu no Vale\",\"isPartOf\":{\"@id\":\"https:\\\/\\\/aconteceunovale.com.br\\\/portal\\\/#website\"},\"primaryImageOfPage\":{\"@id\":\"https:\\\/\\\/aconteceunovale.com.br\\\/portal\\\/?p=193576#primaryimage\"},\"image\":{\"@id\":\"https:\\\/\\\/aconteceunovale.com.br\\\/portal\\\/?p=193576#primaryimage\"},\"thumbnailUrl\":\"https:\\\/\\\/aconteceunovale.com.br\\\/portal\\\/wp-content\\\/uploads\\\/2022\\\/10\\\/5g_brasil.jpg\",\"datePublished\":\"2023-02-27T14:50:00+00:00\",\"dateModified\":\"2023-02-28T02:03:23+00:00\",\"author\":{\"@id\":\"https:\\\/\\\/aconteceunovale.com.br\\\/portal\\\/#\\\/schema\\\/person\\\/7d2f26d1483f8a63de73da1ee0754d35\"},\"breadcrumb\":{\"@id\":\"https:\\\/\\\/aconteceunovale.com.br\\\/portal\\\/?p=193576#breadcrumb\"},\"inLanguage\":\"pt-BR\",\"potentialAction\":[{\"@type\":\"ReadAction\",\"target\":[\"https:\\\/\\\/aconteceunovale.com.br\\\/portal\\\/?p=193576\"]}]},{\"@type\":\"ImageObject\",\"inLanguage\":\"pt-BR\",\"@id\":\"https:\\\/\\\/aconteceunovale.com.br\\\/portal\\\/?p=193576#primaryimage\",\"url\":\"https:\\\/\\\/aconteceunovale.com.br\\\/portal\\\/wp-content\\\/uploads\\\/2022\\\/10\\\/5g_brasil.jpg\",\"contentUrl\":\"https:\\\/\\\/aconteceunovale.com.br\\\/portal\\\/wp-content\\\/uploads\\\/2022\\\/10\\\/5g_brasil.jpg\",\"width\":678,\"height\":406,\"caption\":\"Foto: Marcello Casal Jr\\\/Ag\u00eancia Brasil\"},{\"@type\":\"BreadcrumbList\",\"@id\":\"https:\\\/\\\/aconteceunovale.com.br\\\/portal\\\/?p=193576#breadcrumb\",\"itemListElement\":[{\"@type\":\"ListItem\",\"position\":1,\"name\":\"In\u00edcio\",\"item\":\"https:\\\/\\\/aconteceunovale.com.br\\\/portal\\\/\"},{\"@type\":\"ListItem\",\"position\":2,\"name\":\"Anatel libera sinal 5G para mais 347 munic\u00edpios\"}]},{\"@type\":\"WebSite\",\"@id\":\"https:\\\/\\\/aconteceunovale.com.br\\\/portal\\\/#website\",\"url\":\"https:\\\/\\\/aconteceunovale.com.br\\\/portal\\\/\",\"name\":\"Aconteceu no Vale\",\"description\":\"Portal de Not\u00edcias\",\"potentialAction\":[{\"@type\":\"SearchAction\",\"target\":{\"@type\":\"EntryPoint\",\"urlTemplate\":\"https:\\\/\\\/aconteceunovale.com.br\\\/portal\\\/?s={search_term_string}\"},\"query-input\":{\"@type\":\"PropertyValueSpecification\",\"valueRequired\":true,\"valueName\":\"search_term_string\"}}],\"inLanguage\":\"pt-BR\"},{\"@type\":\"Person\",\"@id\":\"https:\\\/\\\/aconteceunovale.com.br\\\/portal\\\/#\\\/schema\\\/person\\\/7d2f26d1483f8a63de73da1ee0754d35\",\"name\":\"Reda\u00e7\u00e3o Aconteceu no Vale\",\"description\":\"Equipe de reportagem do Aconteceu no Vale, portal de not\u00edcias do Vale do Jequitinhonha, em Minas Gerais. Cobrimos as 51 cidades do Vale desde 2013. Sugest\u00f5es de pauta e pedidos de corre\u00e7\u00e3o: contato@aconteceunovale.com.br\",\"url\":\"https:\\\/\\\/aconteceunovale.com.br\\\/portal\\\/?author=4\"}]}<\/script>\n<!-- \/ Yoast SEO plugin. -->","yoast_head_json":{"title":"Anatel libera sinal 5G para mais 347 munic\u00edpios - Aconteceu no Vale","robots":{"index":"index","follow":"follow","max-snippet":"max-snippet:-1","max-image-preview":"max-image-preview:large","max-video-preview":"max-video-preview:-1"},"canonical":"https:\/\/aconteceunovale.com.br\/portal\/?p=193576","og_locale":"pt_BR","og_type":"article","og_title":"Anatel libera sinal 5G para mais 347 munic\u00edpios - Aconteceu no Vale","og_description":"A partir desta\u00a0segunda-feira (27), mais 347 munic\u00edpios do pa\u00eds\u00a0ter\u00e3o autoriza\u00e7\u00e3o da Ag\u00eancia Nacional de Telecomunica\u00e7\u00f5es (Anatel) para come\u00e7ar a transmitir o sinal da nova rede\u00a05G\u00a0puro da faixa 3.5GHz. A decis\u00e3o foi tomada em uma reuni\u00e3o realizada na \u00faltima\u00a0quinta-feira (23) pelo Gaispi (Grupo de Acompanhamento da Implanta\u00e7\u00e3o das Solu\u00e7\u00f5es para os Problemas de Interfer\u00eancia na faixa [&hellip;]","og_url":"https:\/\/aconteceunovale.com.br\/portal\/?p=193576","og_site_name":"Aconteceu no Vale","article_publisher":"https:\/\/www.facebook.com\/aconteceunovale\/","article_published_time":"2023-02-27T14:50:00+00:00","article_modified_time":"2023-02-28T02:03:23+00:00","og_image":[{"width":678,"height":406,"url":"https:\/\/aconteceunovale.com.br\/portal\/wp-content\/uploads\/2022\/10\/5g_brasil.jpg","type":"image\/jpeg"}],"author":"Reda\u00e7\u00e3o Aconteceu no Vale","twitter_card":"summary_large_image","twitter_creator":"@noticiadosvales","twitter_site":"@noticiadosvales","twitter_misc":{"Escrito por":"Reda\u00e7\u00e3o Aconteceu no Vale","Est. tempo de leitura":"3 minutos"},"schema":{"@context":"https:\/\/schema.org","@graph":[{"@type":"Article","@id":"https:\/\/aconteceunovale.com.br\/portal\/?p=193576#article","isPartOf":{"@id":"https:\/\/aconteceunovale.com.br\/portal\/?p=193576"},"author":{"name":"Reda\u00e7\u00e3o Aconteceu no Vale","@id":"https:\/\/aconteceunovale.com.br\/portal\/#\/schema\/person\/7d2f26d1483f8a63de73da1ee0754d35"},"headline":"Anatel libera sinal 5G para mais 347 munic\u00edpios","datePublished":"2023-02-27T14:50:00+00:00","dateModified":"2023-02-28T02:03:23+00:00","mainEntityOfPage":{"@id":"https:\/\/aconteceunovale.com.br\/portal\/?p=193576"},"wordCount":665,"commentCount":0,"image":{"@id":"https:\/\/aconteceunovale.com.br\/portal\/?p=193576#primaryimage"},"thumbnailUrl":"https:\/\/aconteceunovale.com.br\/portal\/wp-content\/uploads\/2022\/10\/5g_brasil.jpg","keywords":["5G","5G em Belo Horizonte","5G em BH","Ag\u00eancia Nacional de Telecomunica\u00e7\u00f5es","Anatel","Anatel libera sinal 5G para mais 347 munic\u00edpios","Belo Horizonte","bh","destaque","Implanta\u00e7\u00e3o do 5G","internet","Jo\u00e3o Pessoa","Libera\u00e7\u00e3o do 5G","Porto Alegre","telecomunica\u00e7\u00f5es","telefonia"],"articleSection":["Brasil","Tecnologia"],"inLanguage":"pt-BR","potentialAction":[{"@type":"CommentAction","name":"Comment","target":["https:\/\/aconteceunovale.com.br\/portal\/?p=193576#respond"]}]},{"@type":"WebPage","@id":"https:\/\/aconteceunovale.com.br\/portal\/?p=193576","url":"https:\/\/aconteceunovale.com.br\/portal\/?p=193576","name":"Anatel libera sinal 5G para mais 347 munic\u00edpios - Aconteceu no Vale","isPartOf":{"@id":"https:\/\/aconteceunovale.com.br\/portal\/#website"},"primaryImageOfPage":{"@id":"https:\/\/aconteceunovale.com.br\/portal\/?p=193576#primaryimage"},"image":{"@id":"https:\/\/aconteceunovale.com.br\/portal\/?p=193576#primaryimage"},"thumbnailUrl":"https:\/\/aconteceunovale.com.br\/portal\/wp-content\/uploads\/2022\/10\/5g_brasil.jpg","datePublished":"2023-02-27T14:50:00+00:00","dateModified":"2023-02-28T02:03:23+00:00","author":{"@id":"https:\/\/aconteceunovale.com.br\/portal\/#\/schema\/person\/7d2f26d1483f8a63de73da1ee0754d35"},"breadcrumb":{"@id":"https:\/\/aconteceunovale.com.br\/portal\/?p=193576#breadcrumb"},"inLanguage":"pt-BR","potentialAction":[{"@type":"ReadAction","target":["https:\/\/aconteceunovale.com.br\/portal\/?p=193576"]}]},{"@type":"ImageObject","inLanguage":"pt-BR","@id":"https:\/\/aconteceunovale.com.br\/portal\/?p=193576#primaryimage","url":"https:\/\/aconteceunovale.com.br\/portal\/wp-content\/uploads\/2022\/10\/5g_brasil.jpg","contentUrl":"https:\/\/aconteceunovale.com.br\/portal\/wp-content\/uploads\/2022\/10\/5g_brasil.jpg","width":678,"height":406,"caption":"Foto: Marcello Casal Jr\/Ag\u00eancia Brasil"},{"@type":"BreadcrumbList","@id":"https:\/\/aconteceunovale.com.br\/portal\/?p=193576#breadcrumb","itemListElement":[{"@type":"ListItem","position":1,"name":"In\u00edcio","item":"https:\/\/aconteceunovale.com.br\/portal\/"},{"@type":"ListItem","position":2,"name":"Anatel libera sinal 5G para mais 347 munic\u00edpios"}]},{"@type":"WebSite","@id":"https:\/\/aconteceunovale.com.br\/portal\/#website","url":"https:\/\/aconteceunovale.com.br\/portal\/","name":"Aconteceu no Vale","description":"Portal de Not\u00edcias","potentialAction":[{"@type":"SearchAction","target":{"@type":"EntryPoint","urlTemplate":"https:\/\/aconteceunovale.com.br\/portal\/?s={search_term_string}"},"query-input":{"@type":"PropertyValueSpecification","valueRequired":true,"valueName":"search_term_string"}}],"inLanguage":"pt-BR"},{"@type":"Person","@id":"https:\/\/aconteceunovale.com.br\/portal\/#\/schema\/person\/7d2f26d1483f8a63de73da1ee0754d35","name":"Reda\u00e7\u00e3o Aconteceu no Vale","description":"Equipe de reportagem do Aconteceu no Vale, portal de not\u00edcias do Vale do Jequitinhonha, em Minas Gerais. Cobrimos as 51 cidades do Vale desde 2013. Sugest\u00f5es de pauta e pedidos de corre\u00e7\u00e3o: contato@aconteceunovale.com.br","url":"https:\/\/aconteceunovale.com.br\/portal\/?author=4"}]}},"_links":{"self":[{"href":"https:\/\/aconteceunovale.com.br\/portal\/index.php?rest_route=\/wp\/v2\/posts\/193576","targetHints":{"allow":["GET"]}}],"collection":[{"href":"https:\/\/aconteceunovale.com.br\/portal\/index.php?rest_route=\/wp\/v2\/posts"}],"about":[{"href":"https:\/\/aconteceunovale.com.br\/portal\/index.php?rest_route=\/wp\/v2\/types\/post"}],"author":[{"embeddable":true,"href":"https:\/\/aconteceunovale.com.br\/portal\/index.php?rest_route=\/wp\/v2\/users\/4"}],"replies":[{"embeddable":true,"href":"https:\/\/aconteceunovale.com.br\/portal\/index.php?rest_route=%2Fwp%2Fv2%2Fcomments&post=193576"}],"version-history":[{"count":1,"href":"https:\/\/aconteceunovale.com.br\/portal\/index.php?rest_route=\/wp\/v2\/posts\/193576\/revisions"}],"predecessor-version":[{"id":193577,"href":"https:\/\/aconteceunovale.com.br\/portal\/index.php?rest_route=\/wp\/v2\/posts\/193576\/revisions\/193577"}],"wp:featuredmedia":[{"embeddable":true,"href":"https:\/\/aconteceunovale.com.br\/portal\/index.php?rest_route=\/wp\/v2\/media\/191228"}],"wp:attachment":[{"href":"https:\/\/aconteceunovale.com.br\/portal\/index.php?rest_route=%2Fwp%2Fv2%2Fmedia&parent=193576"}],"wp:term":[{"taxonomy":"category","embeddable":true,"href":"https:\/\/aconteceunovale.com.br\/portal\/index.php?rest_route=%2Fwp%2Fv2%2Fcategories&post=193576"},{"taxonomy":"post_tag","embeddable":true,"href":"https:\/\/aconteceunovale.com.br\/portal\/index.php?rest_route=%2Fwp%2Fv2%2Ftags&post=193576"}],"curies":[{"name":"wp","href":"https:\/\/api.w.org\/{rel}","templated":true}]}}