{"id":19357,"date":"2014-01-24T20:38:37","date_gmt":"2014-01-24T22:38:37","guid":{"rendered":"http:\/\/aconteceunovale.com.br\/portal\/?p=19357"},"modified":"2014-01-24T20:38:37","modified_gmt":"2014-01-24T22:38:37","slug":"pm-prende-homem-que-se-dizia-matador-de-aluguel-em-santo-antonio-do-jacinto","status":"publish","type":"post","link":"https:\/\/aconteceunovale.com.br\/portal\/?p=19357","title":{"rendered":"PM prende homem que se dizia Matador de Aluguel em Santo Ant\u00f4nio do Jacinto"},"content":{"rendered":"<p>Um homem que alegava ser matador de aluguel foi preso por homic\u00eddio tentado ap\u00f3s atirar e alvejar um rapaz na tarde de segunda-feira, 20 de janeiro, em Santo Ant\u00f4nio do Jacinto\/MG, no Vale do Jequitinhonha. Dois revolveres pertencente ao suspeito foram apreendidos. Uma das armas nem possu\u00eda muni\u00e7\u00e3o.<\/p>\n<p><img decoding=\"async\" src=\"http:\/\/aconteceunovale.com.br\/portal\/wp-content\/uploads\/2014\/01\/matador_aluguel_saj.jpg\" alt=\"\" \/><\/p>\n<p>O homem que se intitulava matador de aluguel teria parado com uma moto ao lado do rapaz e efetuado tiros no jovem que revidou. O tiro acertou o p\u00e9 esquerdo da v\u00edtima. Mesmo lesionado, o rapaz tomou o rev\u00f3lver calibre 38 do homem de 28 anos que fugiu do local. A arma estava municiada com dois cartuchos deflagrados e um intacto.  A Pol\u00edcia Militar foi acionada e o suspeito foi preso. Com o suspeito foi apreendido outro rev\u00f3lver calibre 32 desmuniciado e a moto usada no atentado.<\/p>\n<p>Segundo relatos da v\u00edtima, h\u00e1 alguns dias atr\u00e1s eles teriam se desentendido e o homem de 28 anos alegou ser matador de aluguel e amea\u00e7ou a v\u00edtima de morte. Ainda segundo relatos do rapaz, o suspeito teria confessado ter efetuado alguns tiros no distrito de Cataj\u00e1s. O suspeito foi preso e encaminhado para a Delegacia em Jacinto\/MG.<\/p>\n<p><em><strong>(Informa\u00e7\u00f5es e foto da Pol\u00edcia Militar)<\/strong><\/em><\/p>\n","protected":false},"excerpt":{"rendered":"<p>Um homem que alegava ser matador de aluguel foi preso por homic\u00eddio tentado ap\u00f3s atirar e alvejar um rapaz na tarde de segunda-feira, 20 de janeiro, em Santo Ant\u00f4nio do Jacinto\/MG, no Vale do Jequitinhonha. Dois revolveres pertencente ao suspeito foram apreendidos. Uma das armas nem possu\u00eda muni\u00e7\u00e3o. O homem que se intitulava matador de [&hellip;]<\/p>\n","protected":false},"author":1,"featured_media":19358,"comment_status":"open","ping_status":"closed","sticky":false,"template":"","format":"standard","meta":{"amp_status":"","footnotes":""},"categories":[120],"tags":[3492,674],"class_list":["post-19357","post","type-post","status-publish","format-standard","has-post-thumbnail","hentry","category-jequi","tag-pm-prende-homem-que-se-dizia-matador-de-aluguel-em-santo-antonio-do-jacinto","tag-santo-antonio-do-jacinto"],"_links":{"self":[{"href":"https:\/\/aconteceunovale.com.br\/portal\/index.php?rest_route=\/wp\/v2\/posts\/19357","targetHints":{"allow":["GET"]}}],"collection":[{"href":"https:\/\/aconteceunovale.com.br\/portal\/index.php?rest_route=\/wp\/v2\/posts"}],"about":[{"href":"https:\/\/aconteceunovale.com.br\/portal\/index.php?rest_route=\/wp\/v2\/types\/post"}],"author":[{"embeddable":true,"href":"https:\/\/aconteceunovale.com.br\/portal\/index.php?rest_route=\/wp\/v2\/users\/1"}],"replies":[{"embeddable":true,"href":"https:\/\/aconteceunovale.com.br\/portal\/index.php?rest_route=%2Fwp%2Fv2%2Fcomments&post=19357"}],"version-history":[{"count":0,"href":"https:\/\/aconteceunovale.com.br\/portal\/index.php?rest_route=\/wp\/v2\/posts\/19357\/revisions"}],"wp:featuredmedia":[{"embeddable":true,"href":"https:\/\/aconteceunovale.com.br\/portal\/index.php?rest_route=\/wp\/v2\/media\/19358"}],"wp:attachment":[{"href":"https:\/\/aconteceunovale.com.br\/portal\/index.php?rest_route=%2Fwp%2Fv2%2Fmedia&parent=19357"}],"wp:term":[{"taxonomy":"category","embeddable":true,"href":"https:\/\/aconteceunovale.com.br\/portal\/index.php?rest_route=%2Fwp%2Fv2%2Fcategories&post=19357"},{"taxonomy":"post_tag","embeddable":true,"href":"https:\/\/aconteceunovale.com.br\/portal\/index.php?rest_route=%2Fwp%2Fv2%2Ftags&post=19357"}],"curies":[{"name":"wp","href":"https:\/\/api.w.org\/{rel}","templated":true}]}}