{"id":193564,"date":"2023-02-27T16:39:00","date_gmt":"2023-02-27T19:39:00","guid":{"rendered":"https:\/\/aconteceunovale.com.br\/portal\/?p=193564"},"modified":"2023-02-27T16:42:05","modified_gmt":"2023-02-27T19:42:05","slug":"informativo-magazine-luiza-licenca-ambiental-janauba-mg","status":"publish","type":"post","link":"https:\/\/aconteceunovale.com.br\/portal\/?p=193564","title":{"rendered":"Informativo Magazine Luiza &#8211; Licen\u00e7a Ambiental &#8211; Jana\u00faba-MG"},"content":{"rendered":"\n<p class=\"wp-block-paragraph\"><em>A Magazine Luiza S.A., inscrita com n\u00famero de CNPJ 47.960.950\/0447-65, localizada \u00e0 Avenida do Com\u00e9rcio, n\u00ba. 430 \u2013 Centro \u2013 Jana\u00faba\/MG, torna p\u00fablica a Licen\u00e7a Ambiental 169\/2023 de 27 de fevereiro de 2023 emitida pela Diretoria de Meio Ambiente.<\/em><br><br><em>Publicado por Aconteceu no Vale \u2013 27\/2\/2023 | 16h39<\/em><\/p>\n","protected":false},"excerpt":{"rendered":"<p>A Magazine Luiza S.A., inscrita com n\u00famero de CNPJ 47.960.950\/0447-65, localizada \u00e0 Avenida do Com\u00e9rcio, n\u00ba. 430 \u2013 Centro \u2013 Jana\u00faba\/MG, torna p\u00fablica a Licen\u00e7a Ambiental 169\/2023 de 27 de fevereiro de 2023 emitida pela Diretoria de Meio Ambiente. Publicado por Aconteceu no Vale \u2013 27\/2\/2023 | 16h39<\/p>\n","protected":false},"author":4,"featured_media":193565,"comment_status":"open","ping_status":"closed","sticky":false,"template":"","format":"standard","meta":{"amp_status":"","footnotes":""},"categories":[155260,1236],"tags":[267683,204,267684,267686,267685],"class_list":["post-193564","post","type-post","status-publish","format-standard","has-post-thumbnail","hentry","category-editais","category-norte_de_minas","tag-informativo-magazine-luiza-licenca-ambiental-janauba-mg","tag-janauba","tag-licenca-ambiental-janauba","tag-licenca-ambiental-magazine-luiza-janauba","tag-magazine-luiza-janauba"],"yoast_head":"<!-- This site is optimized with the Yoast SEO plugin v28.3 - https:\/\/yoast.com\/product\/yoast-seo-wordpress\/ -->\n<title>Informativo Magazine Luiza - Licen\u00e7a Ambiental - Jana\u00faba-MG - Aconteceu no Vale<\/title>\n<meta name=\"robots\" content=\"index, follow, max-snippet:-1, max-image-preview:large, max-video-preview:-1\" \/>\n<link rel=\"canonical\" href=\"https:\/\/aconteceunovale.com.br\/portal\/?p=193564\" \/>\n<meta property=\"og:locale\" content=\"pt_BR\" \/>\n<meta property=\"og:type\" content=\"article\" \/>\n<meta property=\"og:title\" content=\"Informativo Magazine Luiza - Licen\u00e7a Ambiental - Jana\u00faba-MG - Aconteceu no Vale\" \/>\n<meta property=\"og:description\" content=\"A Magazine Luiza S.A., inscrita com n\u00famero de CNPJ 47.960.950\/0447-65, localizada \u00e0 Avenida do Com\u00e9rcio, n\u00ba. 430 \u2013 Centro \u2013 Jana\u00faba\/MG, torna p\u00fablica a Licen\u00e7a Ambiental 169\/2023 de 27 de fevereiro de 2023 emitida pela Diretoria de Meio Ambiente. Publicado por Aconteceu no Vale \u2013 27\/2\/2023 | 16h39\" \/>\n<meta property=\"og:url\" content=\"https:\/\/aconteceunovale.com.br\/portal\/?p=193564\" \/>\n<meta property=\"og:site_name\" content=\"Aconteceu no Vale\" \/>\n<meta property=\"article:publisher\" content=\"https:\/\/www.facebook.com\/aconteceunovale\/\" \/>\n<meta property=\"article:published_time\" content=\"2023-02-27T19:39:00+00:00\" \/>\n<meta property=\"article:modified_time\" content=\"2023-02-27T19:42:05+00:00\" \/>\n<meta property=\"og:image\" content=\"https:\/\/aconteceunovale.com.br\/portal\/wp-content\/uploads\/2023\/02\/licenca_ambiental_janauba.png\" \/>\n\t<meta property=\"og:image:width\" content=\"833\" \/>\n\t<meta property=\"og:image:height\" content=\"490\" \/>\n\t<meta property=\"og:image:type\" content=\"image\/png\" \/>\n<meta name=\"author\" content=\"Reda\u00e7\u00e3o Aconteceu no Vale\" \/>\n<meta name=\"twitter:card\" content=\"summary_large_image\" \/>\n<meta name=\"twitter:creator\" content=\"@noticiadosvales\" \/>\n<meta name=\"twitter:site\" content=\"@noticiadosvales\" \/>\n<meta name=\"twitter:label1\" content=\"Escrito por\" \/>\n\t<meta name=\"twitter:data1\" content=\"Reda\u00e7\u00e3o Aconteceu no Vale\" \/>\n<script type=\"application\/ld+json\" class=\"yoast-schema-graph\">{\"@context\":\"https:\\\/\\\/schema.org\",\"@graph\":[{\"@type\":\"Article\",\"@id\":\"https:\\\/\\\/aconteceunovale.com.br\\\/portal\\\/?p=193564#article\",\"isPartOf\":{\"@id\":\"https:\\\/\\\/aconteceunovale.com.br\\\/portal\\\/?p=193564\"},\"author\":{\"name\":\"Reda\u00e7\u00e3o Aconteceu no Vale\",\"@id\":\"https:\\\/\\\/aconteceunovale.com.br\\\/portal\\\/#\\\/schema\\\/person\\\/7d2f26d1483f8a63de73da1ee0754d35\"},\"headline\":\"Informativo Magazine Luiza &#8211; Licen\u00e7a Ambiental &#8211; Jana\u00faba-MG\",\"datePublished\":\"2023-02-27T19:39:00+00:00\",\"dateModified\":\"2023-02-27T19:42:05+00:00\",\"mainEntityOfPage\":{\"@id\":\"https:\\\/\\\/aconteceunovale.com.br\\\/portal\\\/?p=193564\"},\"wordCount\":55,\"commentCount\":0,\"image\":{\"@id\":\"https:\\\/\\\/aconteceunovale.com.br\\\/portal\\\/?p=193564#primaryimage\"},\"thumbnailUrl\":\"https:\\\/\\\/aconteceunovale.com.br\\\/portal\\\/wp-content\\\/uploads\\\/2023\\\/02\\\/licenca_ambiental_janauba.png\",\"keywords\":[\"Informativo Magazine Luiza - Licen\u00e7a Ambiental - Jana\u00faba-MG\",\"Jana\u00faba\",\"Licen\u00e7a ambiental Jana\u00faba\",\"Licen\u00e7a ambiental Magazine Luiza Jana\u00faba\",\"Magazine Luiza Jana\u00faba\"],\"articleSection\":[\"Editais\",\"Norte de Minas\"],\"inLanguage\":\"pt-BR\",\"potentialAction\":[{\"@type\":\"CommentAction\",\"name\":\"Comment\",\"target\":[\"https:\\\/\\\/aconteceunovale.com.br\\\/portal\\\/?p=193564#respond\"]}]},{\"@type\":\"WebPage\",\"@id\":\"https:\\\/\\\/aconteceunovale.com.br\\\/portal\\\/?p=193564\",\"url\":\"https:\\\/\\\/aconteceunovale.com.br\\\/portal\\\/?p=193564\",\"name\":\"Informativo Magazine Luiza - Licen\u00e7a Ambiental - Jana\u00faba-MG - Aconteceu no Vale\",\"isPartOf\":{\"@id\":\"https:\\\/\\\/aconteceunovale.com.br\\\/portal\\\/#website\"},\"primaryImageOfPage\":{\"@id\":\"https:\\\/\\\/aconteceunovale.com.br\\\/portal\\\/?p=193564#primaryimage\"},\"image\":{\"@id\":\"https:\\\/\\\/aconteceunovale.com.br\\\/portal\\\/?p=193564#primaryimage\"},\"thumbnailUrl\":\"https:\\\/\\\/aconteceunovale.com.br\\\/portal\\\/wp-content\\\/uploads\\\/2023\\\/02\\\/licenca_ambiental_janauba.png\",\"datePublished\":\"2023-02-27T19:39:00+00:00\",\"dateModified\":\"2023-02-27T19:42:05+00:00\",\"author\":{\"@id\":\"https:\\\/\\\/aconteceunovale.com.br\\\/portal\\\/#\\\/schema\\\/person\\\/7d2f26d1483f8a63de73da1ee0754d35\"},\"breadcrumb\":{\"@id\":\"https:\\\/\\\/aconteceunovale.com.br\\\/portal\\\/?p=193564#breadcrumb\"},\"inLanguage\":\"pt-BR\",\"potentialAction\":[{\"@type\":\"ReadAction\",\"target\":[\"https:\\\/\\\/aconteceunovale.com.br\\\/portal\\\/?p=193564\"]}]},{\"@type\":\"ImageObject\",\"inLanguage\":\"pt-BR\",\"@id\":\"https:\\\/\\\/aconteceunovale.com.br\\\/portal\\\/?p=193564#primaryimage\",\"url\":\"https:\\\/\\\/aconteceunovale.com.br\\\/portal\\\/wp-content\\\/uploads\\\/2023\\\/02\\\/licenca_ambiental_janauba.png\",\"contentUrl\":\"https:\\\/\\\/aconteceunovale.com.br\\\/portal\\\/wp-content\\\/uploads\\\/2023\\\/02\\\/licenca_ambiental_janauba.png\",\"width\":833,\"height\":490},{\"@type\":\"BreadcrumbList\",\"@id\":\"https:\\\/\\\/aconteceunovale.com.br\\\/portal\\\/?p=193564#breadcrumb\",\"itemListElement\":[{\"@type\":\"ListItem\",\"position\":1,\"name\":\"In\u00edcio\",\"item\":\"https:\\\/\\\/aconteceunovale.com.br\\\/portal\\\/\"},{\"@type\":\"ListItem\",\"position\":2,\"name\":\"Informativo Magazine Luiza &#8211; Licen\u00e7a Ambiental &#8211; Jana\u00faba-MG\"}]},{\"@type\":\"WebSite\",\"@id\":\"https:\\\/\\\/aconteceunovale.com.br\\\/portal\\\/#website\",\"url\":\"https:\\\/\\\/aconteceunovale.com.br\\\/portal\\\/\",\"name\":\"Aconteceu no Vale\",\"description\":\"Portal de Not\u00edcias\",\"potentialAction\":[{\"@type\":\"SearchAction\",\"target\":{\"@type\":\"EntryPoint\",\"urlTemplate\":\"https:\\\/\\\/aconteceunovale.com.br\\\/portal\\\/?s={search_term_string}\"},\"query-input\":{\"@type\":\"PropertyValueSpecification\",\"valueRequired\":true,\"valueName\":\"search_term_string\"}}],\"inLanguage\":\"pt-BR\"},{\"@type\":\"Person\",\"@id\":\"https:\\\/\\\/aconteceunovale.com.br\\\/portal\\\/#\\\/schema\\\/person\\\/7d2f26d1483f8a63de73da1ee0754d35\",\"name\":\"Reda\u00e7\u00e3o Aconteceu no Vale\",\"description\":\"Equipe de reportagem do Aconteceu no Vale, portal de not\u00edcias do Vale do Jequitinhonha, em Minas Gerais. Cobrimos as 51 cidades do Vale desde 2013. Sugest\u00f5es de pauta e pedidos de corre\u00e7\u00e3o: contato@aconteceunovale.com.br\",\"url\":\"https:\\\/\\\/aconteceunovale.com.br\\\/portal\\\/?author=4\"}]}<\/script>\n<!-- \/ Yoast SEO plugin. -->","yoast_head_json":{"title":"Informativo Magazine Luiza - Licen\u00e7a Ambiental - Jana\u00faba-MG - Aconteceu no Vale","robots":{"index":"index","follow":"follow","max-snippet":"max-snippet:-1","max-image-preview":"max-image-preview:large","max-video-preview":"max-video-preview:-1"},"canonical":"https:\/\/aconteceunovale.com.br\/portal\/?p=193564","og_locale":"pt_BR","og_type":"article","og_title":"Informativo Magazine Luiza - Licen\u00e7a Ambiental - Jana\u00faba-MG - Aconteceu no Vale","og_description":"A Magazine Luiza S.A., inscrita com n\u00famero de CNPJ 47.960.950\/0447-65, localizada \u00e0 Avenida do Com\u00e9rcio, n\u00ba. 430 \u2013 Centro \u2013 Jana\u00faba\/MG, torna p\u00fablica a Licen\u00e7a Ambiental 169\/2023 de 27 de fevereiro de 2023 emitida pela Diretoria de Meio Ambiente. Publicado por Aconteceu no Vale \u2013 27\/2\/2023 | 16h39","og_url":"https:\/\/aconteceunovale.com.br\/portal\/?p=193564","og_site_name":"Aconteceu no Vale","article_publisher":"https:\/\/www.facebook.com\/aconteceunovale\/","article_published_time":"2023-02-27T19:39:00+00:00","article_modified_time":"2023-02-27T19:42:05+00:00","og_image":[{"width":833,"height":490,"url":"https:\/\/aconteceunovale.com.br\/portal\/wp-content\/uploads\/2023\/02\/licenca_ambiental_janauba.png","type":"image\/png"}],"author":"Reda\u00e7\u00e3o Aconteceu no Vale","twitter_card":"summary_large_image","twitter_creator":"@noticiadosvales","twitter_site":"@noticiadosvales","twitter_misc":{"Escrito por":"Reda\u00e7\u00e3o Aconteceu no Vale"},"schema":{"@context":"https:\/\/schema.org","@graph":[{"@type":"Article","@id":"https:\/\/aconteceunovale.com.br\/portal\/?p=193564#article","isPartOf":{"@id":"https:\/\/aconteceunovale.com.br\/portal\/?p=193564"},"author":{"name":"Reda\u00e7\u00e3o Aconteceu no Vale","@id":"https:\/\/aconteceunovale.com.br\/portal\/#\/schema\/person\/7d2f26d1483f8a63de73da1ee0754d35"},"headline":"Informativo Magazine Luiza &#8211; Licen\u00e7a Ambiental &#8211; Jana\u00faba-MG","datePublished":"2023-02-27T19:39:00+00:00","dateModified":"2023-02-27T19:42:05+00:00","mainEntityOfPage":{"@id":"https:\/\/aconteceunovale.com.br\/portal\/?p=193564"},"wordCount":55,"commentCount":0,"image":{"@id":"https:\/\/aconteceunovale.com.br\/portal\/?p=193564#primaryimage"},"thumbnailUrl":"https:\/\/aconteceunovale.com.br\/portal\/wp-content\/uploads\/2023\/02\/licenca_ambiental_janauba.png","keywords":["Informativo Magazine Luiza - Licen\u00e7a Ambiental - Jana\u00faba-MG","Jana\u00faba","Licen\u00e7a ambiental Jana\u00faba","Licen\u00e7a ambiental Magazine Luiza Jana\u00faba","Magazine Luiza Jana\u00faba"],"articleSection":["Editais","Norte de Minas"],"inLanguage":"pt-BR","potentialAction":[{"@type":"CommentAction","name":"Comment","target":["https:\/\/aconteceunovale.com.br\/portal\/?p=193564#respond"]}]},{"@type":"WebPage","@id":"https:\/\/aconteceunovale.com.br\/portal\/?p=193564","url":"https:\/\/aconteceunovale.com.br\/portal\/?p=193564","name":"Informativo Magazine Luiza - Licen\u00e7a Ambiental - Jana\u00faba-MG - Aconteceu no Vale","isPartOf":{"@id":"https:\/\/aconteceunovale.com.br\/portal\/#website"},"primaryImageOfPage":{"@id":"https:\/\/aconteceunovale.com.br\/portal\/?p=193564#primaryimage"},"image":{"@id":"https:\/\/aconteceunovale.com.br\/portal\/?p=193564#primaryimage"},"thumbnailUrl":"https:\/\/aconteceunovale.com.br\/portal\/wp-content\/uploads\/2023\/02\/licenca_ambiental_janauba.png","datePublished":"2023-02-27T19:39:00+00:00","dateModified":"2023-02-27T19:42:05+00:00","author":{"@id":"https:\/\/aconteceunovale.com.br\/portal\/#\/schema\/person\/7d2f26d1483f8a63de73da1ee0754d35"},"breadcrumb":{"@id":"https:\/\/aconteceunovale.com.br\/portal\/?p=193564#breadcrumb"},"inLanguage":"pt-BR","potentialAction":[{"@type":"ReadAction","target":["https:\/\/aconteceunovale.com.br\/portal\/?p=193564"]}]},{"@type":"ImageObject","inLanguage":"pt-BR","@id":"https:\/\/aconteceunovale.com.br\/portal\/?p=193564#primaryimage","url":"https:\/\/aconteceunovale.com.br\/portal\/wp-content\/uploads\/2023\/02\/licenca_ambiental_janauba.png","contentUrl":"https:\/\/aconteceunovale.com.br\/portal\/wp-content\/uploads\/2023\/02\/licenca_ambiental_janauba.png","width":833,"height":490},{"@type":"BreadcrumbList","@id":"https:\/\/aconteceunovale.com.br\/portal\/?p=193564#breadcrumb","itemListElement":[{"@type":"ListItem","position":1,"name":"In\u00edcio","item":"https:\/\/aconteceunovale.com.br\/portal\/"},{"@type":"ListItem","position":2,"name":"Informativo Magazine Luiza &#8211; Licen\u00e7a Ambiental &#8211; Jana\u00faba-MG"}]},{"@type":"WebSite","@id":"https:\/\/aconteceunovale.com.br\/portal\/#website","url":"https:\/\/aconteceunovale.com.br\/portal\/","name":"Aconteceu no Vale","description":"Portal de Not\u00edcias","potentialAction":[{"@type":"SearchAction","target":{"@type":"EntryPoint","urlTemplate":"https:\/\/aconteceunovale.com.br\/portal\/?s={search_term_string}"},"query-input":{"@type":"PropertyValueSpecification","valueRequired":true,"valueName":"search_term_string"}}],"inLanguage":"pt-BR"},{"@type":"Person","@id":"https:\/\/aconteceunovale.com.br\/portal\/#\/schema\/person\/7d2f26d1483f8a63de73da1ee0754d35","name":"Reda\u00e7\u00e3o Aconteceu no Vale","description":"Equipe de reportagem do Aconteceu no Vale, portal de not\u00edcias do Vale do Jequitinhonha, em Minas Gerais. Cobrimos as 51 cidades do Vale desde 2013. Sugest\u00f5es de pauta e pedidos de corre\u00e7\u00e3o: contato@aconteceunovale.com.br","url":"https:\/\/aconteceunovale.com.br\/portal\/?author=4"}]}},"_links":{"self":[{"href":"https:\/\/aconteceunovale.com.br\/portal\/index.php?rest_route=\/wp\/v2\/posts\/193564","targetHints":{"allow":["GET"]}}],"collection":[{"href":"https:\/\/aconteceunovale.com.br\/portal\/index.php?rest_route=\/wp\/v2\/posts"}],"about":[{"href":"https:\/\/aconteceunovale.com.br\/portal\/index.php?rest_route=\/wp\/v2\/types\/post"}],"author":[{"embeddable":true,"href":"https:\/\/aconteceunovale.com.br\/portal\/index.php?rest_route=\/wp\/v2\/users\/4"}],"replies":[{"embeddable":true,"href":"https:\/\/aconteceunovale.com.br\/portal\/index.php?rest_route=%2Fwp%2Fv2%2Fcomments&post=193564"}],"version-history":[{"count":1,"href":"https:\/\/aconteceunovale.com.br\/portal\/index.php?rest_route=\/wp\/v2\/posts\/193564\/revisions"}],"predecessor-version":[{"id":193566,"href":"https:\/\/aconteceunovale.com.br\/portal\/index.php?rest_route=\/wp\/v2\/posts\/193564\/revisions\/193566"}],"wp:featuredmedia":[{"embeddable":true,"href":"https:\/\/aconteceunovale.com.br\/portal\/index.php?rest_route=\/wp\/v2\/media\/193565"}],"wp:attachment":[{"href":"https:\/\/aconteceunovale.com.br\/portal\/index.php?rest_route=%2Fwp%2Fv2%2Fmedia&parent=193564"}],"wp:term":[{"taxonomy":"category","embeddable":true,"href":"https:\/\/aconteceunovale.com.br\/portal\/index.php?rest_route=%2Fwp%2Fv2%2Fcategories&post=193564"},{"taxonomy":"post_tag","embeddable":true,"href":"https:\/\/aconteceunovale.com.br\/portal\/index.php?rest_route=%2Fwp%2Fv2%2Ftags&post=193564"}],"curies":[{"name":"wp","href":"https:\/\/api.w.org\/{rel}","templated":true}]}}