{"id":193553,"date":"2023-02-26T20:47:00","date_gmt":"2023-02-26T23:47:00","guid":{"rendered":"https:\/\/aconteceunovale.com.br\/portal\/?p=193553"},"modified":"2026-08-31T23:10:54","modified_gmt":"2026-09-01T02:10:54","slug":"procon-multa-banco-por-ausencia-de-cabines-individuais-em-capelinha","status":"publish","type":"post","link":"https:\/\/aconteceunovale.com.br\/portal\/?p=193553","title":{"rendered":"Procon multa banco por aus\u00eancia de cabines individuais em Capelinha"},"content":{"rendered":"\n<p class=\"wp-block-paragraph\">O Procon-MG, \u00f3rg\u00e3o do Minist\u00e9rio P\u00fablico de Minas Gerais (MPMG), multou o Banco do Brasil S.A. em R$ 16.891,48 em raz\u00e3o da aus\u00eancia de cabines individuais nos caixas de atendimento ao p\u00fablico em ag\u00eancia de Capelinha, no Vale do Jequitinhonha. As cabines s\u00e3o um dispositivo para garantir a privacidade do consumidor.&nbsp;&nbsp;<\/p>\n\n\n\n<p class=\"wp-block-paragraph\">A multa \u00e9 resultado de um processo administrativo instaurado conta a institui\u00e7\u00e3o financeira pela Promotoria de Justi\u00e7a de Capelinha. &nbsp;<\/p>\n\n\n\n<p class=\"wp-block-paragraph\">O Banco do Brasil S.A. alegou que os clientes da ag\u00eancia eram atendidos em caixas individuais e com divis\u00f3rias numeradas entre os guich\u00eas. Sustentou, ainda, que o ambiente de seguran\u00e7a do banco \u00e9 aprovado pela Pol\u00edcia Federal e atende os requisitos presentes na Portaria DPF n\u00ba 387\/2006. Tamb\u00e9m alegou que o uso das cabines individuais, divis\u00f3ria, biombo ou estruturas similares nos caixas \u00e9 facultativo. Informou, por fim, que, ap\u00f3s a autua\u00e7\u00e3o, realizou a instala\u00e7\u00e3o das divis\u00f3rias. \u00a0<\/p>\n\n\n\n<p class=\"wp-block-paragraph\">Apesar das justificativas apresentadas pelo banco, o Procon-MG considerou que a conduta \u00e9 uma infra\u00e7\u00e3o ao C\u00f3digo de Defesa do Consumidor, ao Decreto Federal n\u00ba 2.181\/1997 e \u00e0 Lei Estadual n\u00ba 12.971\/1998. &nbsp;<\/p>\n\n\n\n<p class=\"wp-block-paragraph\">Ap\u00f3s ser notificada, a institui\u00e7\u00e3o financeira tem 10 dias \u00fateis para recorrer da decis\u00e3o. O valor da multa deve ser depositado na conta do Fundo Estadual de Prote\u00e7\u00e3o e Defesa do Consumidor.\u00a0\u00a0<\/p>\n\n\n\n<p class=\"wp-block-paragraph\">&#8212;&#8212;&#8212;&#8212;&#8212;&#8212;<br><br><strong>Sabia que o Aconteceu no Vale est\u00e1 tamb\u00e9m no Telegram? <a rel=\"noreferrer noopener\" href=\"https:\/\/t.me\/aconteceunovaleoficial\" target=\"_blank\">Inscreva-se no canal<\/a>.<\/strong><br><br><strong>J\u00e1 curtiu ou seguiu nossas p\u00e1ginas nas redes sociais?\u00a0Receba as not\u00edcias em primeira m\u00e3o:<\/strong><br>\u2022 <a rel=\"noreferrer noopener\" href=\"https:\/\/news.google.com\/publications\/CAAqBwgKMNjklQswi4etAw?hl=pt-BR&amp;gl=BR&amp;ceid=BR%3Apt-419\" target=\"_blank\">Google News<\/a><br>\u2022 <a rel=\"noreferrer noopener\" href=\"https:\/\/www.facebook.com\/aconteceunovale\/\" target=\"_blank\">Facebook<\/a><br>\u2022 <a rel=\"noreferrer noopener\" href=\"https:\/\/twitter.com\/noticiadosvales\" target=\"_blank\">Twitter<\/a><br>\u2022 <a rel=\"noreferrer noopener\" href=\"https:\/\/www.instagram.com\/aconteceunovale\" target=\"_blank\">Instagram<\/a><br>\u2022 <a rel=\"noreferrer noopener\" href=\"https:\/\/www.youtube.com\/AconteceunoValeOficial\" target=\"_blank\">Youtube<\/a><br>\u2022 <a rel=\"noreferrer noopener\" href=\"https:\/\/www.tiktok.com\/@aconteceunovale\" target=\"_blank\">TikTok<\/a><\/p>\n","protected":false},"excerpt":{"rendered":"<p>O Procon-MG, \u00f3rg\u00e3o do Minist\u00e9rio P\u00fablico de Minas Gerais (MPMG), multou o Banco do Brasil S.A. em R$ 16.891,48 em raz\u00e3o da aus\u00eancia de cabines individuais nos caixas de atendimento ao p\u00fablico em ag\u00eancia de Capelinha, no Vale do Jequitinhonha. As cabines s\u00e3o um dispositivo para garantir a privacidade do consumidor.&nbsp;&nbsp; A multa \u00e9 resultado [&hellip;]<\/p>\n","protected":false},"author":4,"featured_media":193554,"comment_status":"open","ping_status":"closed","sticky":false,"template":"","format":"standard","meta":{"amp_status":"","footnotes":""},"categories":[272535,120],"tags":[267670,267672,132,1018,19675,267669,67470,267671],"class_list":["post-193553","post","type-post","status-publish","format-standard","has-post-thumbnail","hentry","category-capelinha","category-jequi","tag-banco-do-brasil-em-capelinha","tag-banco-do-brasil-multado-em-capelinha","tag-capelinha","tag-destaque","tag-mpmg","tag-procon-multa-banco-por-ausencia-de-cabines-individuais-em-capelinha","tag-procon-mg","tag-promotoria-de-justica-de-capelinha"],"yoast_head":"<!-- This site is optimized with the Yoast SEO plugin v28.3 - https:\/\/yoast.com\/product\/yoast-seo-wordpress\/ -->\n<title>Procon multa banco por aus\u00eancia de cabines individuais em Capelinha - Aconteceu no Vale<\/title>\n<meta name=\"robots\" content=\"index, follow, max-snippet:-1, max-image-preview:large, max-video-preview:-1\" \/>\n<link rel=\"canonical\" href=\"https:\/\/aconteceunovale.com.br\/portal\/?p=193553\" \/>\n<meta property=\"og:locale\" content=\"pt_BR\" \/>\n<meta property=\"og:type\" content=\"article\" \/>\n<meta property=\"og:title\" content=\"Procon multa banco por aus\u00eancia de cabines individuais em Capelinha - Aconteceu no Vale\" \/>\n<meta property=\"og:description\" content=\"O Procon-MG, \u00f3rg\u00e3o do Minist\u00e9rio P\u00fablico de Minas Gerais (MPMG), multou o Banco do Brasil S.A. em R$ 16.891,48 em raz\u00e3o da aus\u00eancia de cabines individuais nos caixas de atendimento ao p\u00fablico em ag\u00eancia de Capelinha, no Vale do Jequitinhonha. As cabines s\u00e3o um dispositivo para garantir a privacidade do consumidor.&nbsp;&nbsp; A multa \u00e9 resultado [&hellip;]\" \/>\n<meta property=\"og:url\" content=\"https:\/\/aconteceunovale.com.br\/portal\/?p=193553\" \/>\n<meta property=\"og:site_name\" content=\"Aconteceu no Vale\" \/>\n<meta property=\"article:publisher\" content=\"https:\/\/www.facebook.com\/aconteceunovale\/\" \/>\n<meta property=\"article:published_time\" content=\"2023-02-26T23:47:00+00:00\" \/>\n<meta property=\"article:modified_time\" content=\"2026-09-01T02:10:54+00:00\" \/>\n<meta property=\"og:image\" content=\"https:\/\/aconteceunovale.com.br\/portal\/wp-content\/uploads\/2023\/02\/capelinha_mg.jpg\" \/>\n\t<meta property=\"og:image:width\" content=\"678\" \/>\n\t<meta property=\"og:image:height\" content=\"380\" \/>\n\t<meta property=\"og:image:type\" content=\"image\/jpeg\" \/>\n<meta name=\"author\" content=\"Reda\u00e7\u00e3o Aconteceu no Vale\" \/>\n<meta name=\"twitter:card\" content=\"summary_large_image\" \/>\n<meta name=\"twitter:creator\" content=\"@noticiadosvales\" \/>\n<meta name=\"twitter:site\" content=\"@noticiadosvales\" \/>\n<meta name=\"twitter:label1\" content=\"Escrito por\" \/>\n\t<meta name=\"twitter:data1\" content=\"Reda\u00e7\u00e3o Aconteceu no Vale\" \/>\n\t<meta name=\"twitter:label2\" content=\"Est. tempo de leitura\" \/>\n\t<meta name=\"twitter:data2\" content=\"1 minuto\" \/>\n<script type=\"application\/ld+json\" class=\"yoast-schema-graph\">{\"@context\":\"https:\\\/\\\/schema.org\",\"@graph\":[{\"@type\":\"Article\",\"@id\":\"https:\\\/\\\/aconteceunovale.com.br\\\/portal\\\/?p=193553#article\",\"isPartOf\":{\"@id\":\"https:\\\/\\\/aconteceunovale.com.br\\\/portal\\\/?p=193553\"},\"author\":{\"name\":\"Reda\u00e7\u00e3o Aconteceu no Vale\",\"@id\":\"https:\\\/\\\/aconteceunovale.com.br\\\/portal\\\/#\\\/schema\\\/person\\\/7d2f26d1483f8a63de73da1ee0754d35\"},\"headline\":\"Procon multa banco por aus\u00eancia de cabines individuais em Capelinha\",\"datePublished\":\"2023-02-26T23:47:00+00:00\",\"dateModified\":\"2026-09-01T02:10:54+00:00\",\"mainEntityOfPage\":{\"@id\":\"https:\\\/\\\/aconteceunovale.com.br\\\/portal\\\/?p=193553\"},\"wordCount\":284,\"commentCount\":0,\"image\":{\"@id\":\"https:\\\/\\\/aconteceunovale.com.br\\\/portal\\\/?p=193553#primaryimage\"},\"thumbnailUrl\":\"https:\\\/\\\/aconteceunovale.com.br\\\/portal\\\/wp-content\\\/uploads\\\/2023\\\/02\\\/capelinha_mg.jpg\",\"keywords\":[\"Banco do Brasil em Capelinha\",\"Banco do Brasil multado em Capelinha\",\"Capelinha\",\"destaque\",\"MPMG\",\"Procon multa banco por aus\u00eancia de cabines individuais em Capelinha\",\"Procon-MG\",\"Promotoria de Justi\u00e7a de Capelinha\"],\"articleSection\":[\"Capelinha\",\"Vale do Jequitinhonha\"],\"inLanguage\":\"pt-BR\",\"potentialAction\":[{\"@type\":\"CommentAction\",\"name\":\"Comment\",\"target\":[\"https:\\\/\\\/aconteceunovale.com.br\\\/portal\\\/?p=193553#respond\"]}]},{\"@type\":\"WebPage\",\"@id\":\"https:\\\/\\\/aconteceunovale.com.br\\\/portal\\\/?p=193553\",\"url\":\"https:\\\/\\\/aconteceunovale.com.br\\\/portal\\\/?p=193553\",\"name\":\"Procon multa banco por aus\u00eancia de cabines individuais em Capelinha - Aconteceu no Vale\",\"isPartOf\":{\"@id\":\"https:\\\/\\\/aconteceunovale.com.br\\\/portal\\\/#website\"},\"primaryImageOfPage\":{\"@id\":\"https:\\\/\\\/aconteceunovale.com.br\\\/portal\\\/?p=193553#primaryimage\"},\"image\":{\"@id\":\"https:\\\/\\\/aconteceunovale.com.br\\\/portal\\\/?p=193553#primaryimage\"},\"thumbnailUrl\":\"https:\\\/\\\/aconteceunovale.com.br\\\/portal\\\/wp-content\\\/uploads\\\/2023\\\/02\\\/capelinha_mg.jpg\",\"datePublished\":\"2023-02-26T23:47:00+00:00\",\"dateModified\":\"2026-09-01T02:10:54+00:00\",\"author\":{\"@id\":\"https:\\\/\\\/aconteceunovale.com.br\\\/portal\\\/#\\\/schema\\\/person\\\/7d2f26d1483f8a63de73da1ee0754d35\"},\"breadcrumb\":{\"@id\":\"https:\\\/\\\/aconteceunovale.com.br\\\/portal\\\/?p=193553#breadcrumb\"},\"inLanguage\":\"pt-BR\",\"potentialAction\":[{\"@type\":\"ReadAction\",\"target\":[\"https:\\\/\\\/aconteceunovale.com.br\\\/portal\\\/?p=193553\"]}]},{\"@type\":\"ImageObject\",\"inLanguage\":\"pt-BR\",\"@id\":\"https:\\\/\\\/aconteceunovale.com.br\\\/portal\\\/?p=193553#primaryimage\",\"url\":\"https:\\\/\\\/aconteceunovale.com.br\\\/portal\\\/wp-content\\\/uploads\\\/2023\\\/02\\\/capelinha_mg.jpg\",\"contentUrl\":\"https:\\\/\\\/aconteceunovale.com.br\\\/portal\\\/wp-content\\\/uploads\\\/2023\\\/02\\\/capelinha_mg.jpg\",\"width\":678,\"height\":380},{\"@type\":\"BreadcrumbList\",\"@id\":\"https:\\\/\\\/aconteceunovale.com.br\\\/portal\\\/?p=193553#breadcrumb\",\"itemListElement\":[{\"@type\":\"ListItem\",\"position\":1,\"name\":\"In\u00edcio\",\"item\":\"https:\\\/\\\/aconteceunovale.com.br\\\/portal\\\/\"},{\"@type\":\"ListItem\",\"position\":2,\"name\":\"Procon multa banco por aus\u00eancia de cabines individuais em Capelinha\"}]},{\"@type\":\"WebSite\",\"@id\":\"https:\\\/\\\/aconteceunovale.com.br\\\/portal\\\/#website\",\"url\":\"https:\\\/\\\/aconteceunovale.com.br\\\/portal\\\/\",\"name\":\"Aconteceu no Vale\",\"description\":\"Portal de Not\u00edcias\",\"potentialAction\":[{\"@type\":\"SearchAction\",\"target\":{\"@type\":\"EntryPoint\",\"urlTemplate\":\"https:\\\/\\\/aconteceunovale.com.br\\\/portal\\\/?s={search_term_string}\"},\"query-input\":{\"@type\":\"PropertyValueSpecification\",\"valueRequired\":true,\"valueName\":\"search_term_string\"}}],\"inLanguage\":\"pt-BR\"},{\"@type\":\"Person\",\"@id\":\"https:\\\/\\\/aconteceunovale.com.br\\\/portal\\\/#\\\/schema\\\/person\\\/7d2f26d1483f8a63de73da1ee0754d35\",\"name\":\"Reda\u00e7\u00e3o Aconteceu no Vale\",\"description\":\"Equipe de reportagem do Aconteceu no Vale, portal de not\u00edcias do Vale do Jequitinhonha, em Minas Gerais. Cobrimos as 51 cidades do Vale desde 2013. Sugest\u00f5es de pauta e pedidos de corre\u00e7\u00e3o: contato@aconteceunovale.com.br\",\"url\":\"https:\\\/\\\/aconteceunovale.com.br\\\/portal\\\/?author=4\"}]}<\/script>\n<!-- \/ Yoast SEO plugin. -->","yoast_head_json":{"title":"Procon multa banco por aus\u00eancia de cabines individuais em Capelinha - Aconteceu no Vale","robots":{"index":"index","follow":"follow","max-snippet":"max-snippet:-1","max-image-preview":"max-image-preview:large","max-video-preview":"max-video-preview:-1"},"canonical":"https:\/\/aconteceunovale.com.br\/portal\/?p=193553","og_locale":"pt_BR","og_type":"article","og_title":"Procon multa banco por aus\u00eancia de cabines individuais em Capelinha - Aconteceu no Vale","og_description":"O Procon-MG, \u00f3rg\u00e3o do Minist\u00e9rio P\u00fablico de Minas Gerais (MPMG), multou o Banco do Brasil S.A. em R$ 16.891,48 em raz\u00e3o da aus\u00eancia de cabines individuais nos caixas de atendimento ao p\u00fablico em ag\u00eancia de Capelinha, no Vale do Jequitinhonha. As cabines s\u00e3o um dispositivo para garantir a privacidade do consumidor.&nbsp;&nbsp; A multa \u00e9 resultado [&hellip;]","og_url":"https:\/\/aconteceunovale.com.br\/portal\/?p=193553","og_site_name":"Aconteceu no Vale","article_publisher":"https:\/\/www.facebook.com\/aconteceunovale\/","article_published_time":"2023-02-26T23:47:00+00:00","article_modified_time":"2026-09-01T02:10:54+00:00","og_image":[{"width":678,"height":380,"url":"https:\/\/aconteceunovale.com.br\/portal\/wp-content\/uploads\/2023\/02\/capelinha_mg.jpg","type":"image\/jpeg"}],"author":"Reda\u00e7\u00e3o Aconteceu no Vale","twitter_card":"summary_large_image","twitter_creator":"@noticiadosvales","twitter_site":"@noticiadosvales","twitter_misc":{"Escrito por":"Reda\u00e7\u00e3o Aconteceu no Vale","Est. tempo de leitura":"1 minuto"},"schema":{"@context":"https:\/\/schema.org","@graph":[{"@type":"Article","@id":"https:\/\/aconteceunovale.com.br\/portal\/?p=193553#article","isPartOf":{"@id":"https:\/\/aconteceunovale.com.br\/portal\/?p=193553"},"author":{"name":"Reda\u00e7\u00e3o Aconteceu no Vale","@id":"https:\/\/aconteceunovale.com.br\/portal\/#\/schema\/person\/7d2f26d1483f8a63de73da1ee0754d35"},"headline":"Procon multa banco por aus\u00eancia de cabines individuais em Capelinha","datePublished":"2023-02-26T23:47:00+00:00","dateModified":"2026-09-01T02:10:54+00:00","mainEntityOfPage":{"@id":"https:\/\/aconteceunovale.com.br\/portal\/?p=193553"},"wordCount":284,"commentCount":0,"image":{"@id":"https:\/\/aconteceunovale.com.br\/portal\/?p=193553#primaryimage"},"thumbnailUrl":"https:\/\/aconteceunovale.com.br\/portal\/wp-content\/uploads\/2023\/02\/capelinha_mg.jpg","keywords":["Banco do Brasil em Capelinha","Banco do Brasil multado em Capelinha","Capelinha","destaque","MPMG","Procon multa banco por aus\u00eancia de cabines individuais em Capelinha","Procon-MG","Promotoria de Justi\u00e7a de Capelinha"],"articleSection":["Capelinha","Vale do Jequitinhonha"],"inLanguage":"pt-BR","potentialAction":[{"@type":"CommentAction","name":"Comment","target":["https:\/\/aconteceunovale.com.br\/portal\/?p=193553#respond"]}]},{"@type":"WebPage","@id":"https:\/\/aconteceunovale.com.br\/portal\/?p=193553","url":"https:\/\/aconteceunovale.com.br\/portal\/?p=193553","name":"Procon multa banco por aus\u00eancia de cabines individuais em Capelinha - Aconteceu no Vale","isPartOf":{"@id":"https:\/\/aconteceunovale.com.br\/portal\/#website"},"primaryImageOfPage":{"@id":"https:\/\/aconteceunovale.com.br\/portal\/?p=193553#primaryimage"},"image":{"@id":"https:\/\/aconteceunovale.com.br\/portal\/?p=193553#primaryimage"},"thumbnailUrl":"https:\/\/aconteceunovale.com.br\/portal\/wp-content\/uploads\/2023\/02\/capelinha_mg.jpg","datePublished":"2023-02-26T23:47:00+00:00","dateModified":"2026-09-01T02:10:54+00:00","author":{"@id":"https:\/\/aconteceunovale.com.br\/portal\/#\/schema\/person\/7d2f26d1483f8a63de73da1ee0754d35"},"breadcrumb":{"@id":"https:\/\/aconteceunovale.com.br\/portal\/?p=193553#breadcrumb"},"inLanguage":"pt-BR","potentialAction":[{"@type":"ReadAction","target":["https:\/\/aconteceunovale.com.br\/portal\/?p=193553"]}]},{"@type":"ImageObject","inLanguage":"pt-BR","@id":"https:\/\/aconteceunovale.com.br\/portal\/?p=193553#primaryimage","url":"https:\/\/aconteceunovale.com.br\/portal\/wp-content\/uploads\/2023\/02\/capelinha_mg.jpg","contentUrl":"https:\/\/aconteceunovale.com.br\/portal\/wp-content\/uploads\/2023\/02\/capelinha_mg.jpg","width":678,"height":380},{"@type":"BreadcrumbList","@id":"https:\/\/aconteceunovale.com.br\/portal\/?p=193553#breadcrumb","itemListElement":[{"@type":"ListItem","position":1,"name":"In\u00edcio","item":"https:\/\/aconteceunovale.com.br\/portal\/"},{"@type":"ListItem","position":2,"name":"Procon multa banco por aus\u00eancia de cabines individuais em Capelinha"}]},{"@type":"WebSite","@id":"https:\/\/aconteceunovale.com.br\/portal\/#website","url":"https:\/\/aconteceunovale.com.br\/portal\/","name":"Aconteceu no Vale","description":"Portal de Not\u00edcias","potentialAction":[{"@type":"SearchAction","target":{"@type":"EntryPoint","urlTemplate":"https:\/\/aconteceunovale.com.br\/portal\/?s={search_term_string}"},"query-input":{"@type":"PropertyValueSpecification","valueRequired":true,"valueName":"search_term_string"}}],"inLanguage":"pt-BR"},{"@type":"Person","@id":"https:\/\/aconteceunovale.com.br\/portal\/#\/schema\/person\/7d2f26d1483f8a63de73da1ee0754d35","name":"Reda\u00e7\u00e3o Aconteceu no Vale","description":"Equipe de reportagem do Aconteceu no Vale, portal de not\u00edcias do Vale do Jequitinhonha, em Minas Gerais. Cobrimos as 51 cidades do Vale desde 2013. Sugest\u00f5es de pauta e pedidos de corre\u00e7\u00e3o: contato@aconteceunovale.com.br","url":"https:\/\/aconteceunovale.com.br\/portal\/?author=4"}]}},"_links":{"self":[{"href":"https:\/\/aconteceunovale.com.br\/portal\/index.php?rest_route=\/wp\/v2\/posts\/193553","targetHints":{"allow":["GET"]}}],"collection":[{"href":"https:\/\/aconteceunovale.com.br\/portal\/index.php?rest_route=\/wp\/v2\/posts"}],"about":[{"href":"https:\/\/aconteceunovale.com.br\/portal\/index.php?rest_route=\/wp\/v2\/types\/post"}],"author":[{"embeddable":true,"href":"https:\/\/aconteceunovale.com.br\/portal\/index.php?rest_route=\/wp\/v2\/users\/4"}],"replies":[{"embeddable":true,"href":"https:\/\/aconteceunovale.com.br\/portal\/index.php?rest_route=%2Fwp%2Fv2%2Fcomments&post=193553"}],"version-history":[{"count":1,"href":"https:\/\/aconteceunovale.com.br\/portal\/index.php?rest_route=\/wp\/v2\/posts\/193553\/revisions"}],"predecessor-version":[{"id":193555,"href":"https:\/\/aconteceunovale.com.br\/portal\/index.php?rest_route=\/wp\/v2\/posts\/193553\/revisions\/193555"}],"wp:featuredmedia":[{"embeddable":true,"href":"https:\/\/aconteceunovale.com.br\/portal\/index.php?rest_route=\/wp\/v2\/media\/193554"}],"wp:attachment":[{"href":"https:\/\/aconteceunovale.com.br\/portal\/index.php?rest_route=%2Fwp%2Fv2%2Fmedia&parent=193553"}],"wp:term":[{"taxonomy":"category","embeddable":true,"href":"https:\/\/aconteceunovale.com.br\/portal\/index.php?rest_route=%2Fwp%2Fv2%2Fcategories&post=193553"},{"taxonomy":"post_tag","embeddable":true,"href":"https:\/\/aconteceunovale.com.br\/portal\/index.php?rest_route=%2Fwp%2Fv2%2Ftags&post=193553"}],"curies":[{"name":"wp","href":"https:\/\/api.w.org\/{rel}","templated":true}]}}