{"id":193550,"date":"2023-02-25T20:38:23","date_gmt":"2023-02-25T23:38:23","guid":{"rendered":"https:\/\/aconteceunovale.com.br\/portal\/?p=193550"},"modified":"2023-02-25T20:39:14","modified_gmt":"2023-02-25T23:39:14","slug":"rede-social-tera-de-pagar-reparacao-a-usuaria-de-minas-gerais-que-teve-conta-hackeada","status":"publish","type":"post","link":"https:\/\/aconteceunovale.com.br\/portal\/?p=193550","title":{"rendered":"Rede social ter\u00e1 de pagar repara\u00e7\u00e3o a usu\u00e1ria de Minas Gerais que teve conta hackeada"},"content":{"rendered":"\n<p class=\"wp-block-paragraph\">A usu\u00e1ria de uma m\u00eddia social que comprovou ter tido a conta invadida e apagada por um criminoso dever\u00e1 ser indenizada em R$ 1.000 por danos morais. O entendimento da 11\u00aa C\u00e2mara C\u00edvel do Tribunal de Justi\u00e7a de Minas Gerais foi que a empresa n\u00e3o agiu para sanar o problema, a despeito das solicita\u00e7\u00f5es da internauta. A decis\u00e3o \u00e9 definitiva.<\/p>\n\n\n\n<p class=\"wp-block-paragraph\">A aut\u00f4noma afirma que em 6 de janeiro de 2022 teve hackeada sua conta em uma rede social.&nbsp;Segundo ela,&nbsp;n\u00e3o foi poss\u00edvel recuperar o acesso ao perfil, apesar de v\u00e1rias notifica\u00e7\u00f5es \u00e0 plataforma &#8211; e os&nbsp;hackers passaram a oferecer m\u00f3veis e aparelhos eletr\u00f4nicos no perfil dela.<\/p>\n\n\n\n<p class=\"wp-block-paragraph\">Para evitar que seu c\u00edrculo de relacionamento fosse enganado por estelionat\u00e1rios, ela informou a comunidade, usando a conta de amigos, que n\u00e3o realizava transa\u00e7\u00f5es e que havia criado outra conta. Os conhecidos tamb\u00e9m denunciaram a invas\u00e3o, mas foi necess\u00e1rio o ajuizamento de uma a\u00e7\u00e3o, com pedido liminar, para que ela conseguisse suspender o perfil.<\/p>\n\n\n\n<p class=\"wp-block-paragraph\">Em 9 de janeiro, o juiz Roberto Troster Rodrigues Alves, da Comarca de Monte Si\u00e3o, concedeu a tutela de urg\u00eancia, determinando a suspens\u00e3o do perfil. A empresa sustentou que s\u00f3 foi notificada em 7 de fevereiro, mas n\u00e3o p\u00f4de cumprir a ordem, pois o hacker deletou a conta invadida. A companhia afirmou que n\u00e3o participou do golpe perpetrado contra a usu\u00e1ria, sendo dela a responsabilidade pelo ataque.<\/p>\n\n\n\n<p class=\"wp-block-paragraph\">Em maio de 2022, o magistrado condenou a empresa&nbsp;por entender que ela n\u00e3o envidou esfor\u00e7os para retirar do ar oportunamente a conta da consumidora, obrigando-a a inibir os atos do golpista por conta pr\u00f3pria. Para o juiz Roberto Alves, isso demonstrava a falha na presta\u00e7\u00e3o dos servi\u00e7os e os danos morais sofridos.<\/p>\n\n\n\n<p class=\"wp-block-paragraph\">A empresa de m\u00eddia social recorreu. A relatora, desembargadora Shirley Fenzi Bert\u00e3o, manteve a senten\u00e7a, no que foi acompanhada pelos desembargadores Rui de Almeida Magalh\u00e3es e Marcelo Pereira da Silva. A magistrada considerou que a consumidora tinha direito de resgatar sua conta e ser indenizada pelos transtornos sofridos, pois demonstrou a veracidade de suas alega\u00e7\u00f5es.<\/p>\n\n\n\n<p class=\"wp-block-paragraph\">Segundo a relatora, embora o ataque tenha sido feito por invasores, a empresa n\u00e3o conseguiu demonstrar n\u00e3o ter sido notificada. &#8220;A utiliza\u00e7\u00e3o da conta da\u00a0autora, por si s\u00f3, traz ang\u00fastia e sofrimento, n\u00e3o se podendo falar em mero aborrecimento. Foi necess\u00e1rio movimentar o Poder Judici\u00e1rio para solu\u00e7\u00e3o do problema, a demonstrar a dificuldade imposta ao consumidor\u201d, disse.<\/p>\n\n\n\n<p class=\"wp-block-paragraph\">&#8212;&#8212;&#8212;&#8212;&#8212;&#8212;<br><br><strong>Sabia que o Aconteceu no Vale est\u00e1 tamb\u00e9m no Telegram? <a rel=\"noreferrer noopener\" href=\"https:\/\/t.me\/aconteceunovaleoficial\" target=\"_blank\">Inscreva-se no canal<\/a>.<\/strong><br><br><strong>J\u00e1 curtiu ou seguiu nossas p\u00e1ginas nas redes sociais?\u00a0Receba as not\u00edcias em primeira m\u00e3o:<\/strong><br>\u2022 <a rel=\"noreferrer noopener\" href=\"https:\/\/news.google.com\/publications\/CAAqBwgKMNjklQswi4etAw?hl=pt-BR&amp;gl=BR&amp;ceid=BR%3Apt-419\" target=\"_blank\">Google News<\/a><br>\u2022 <a rel=\"noreferrer noopener\" href=\"https:\/\/www.facebook.com\/aconteceunovale\/\" target=\"_blank\">Facebook<\/a><br>\u2022 <a rel=\"noreferrer noopener\" href=\"https:\/\/twitter.com\/noticiadosvales\" target=\"_blank\">Twitter<\/a><br>\u2022 <a rel=\"noreferrer noopener\" href=\"https:\/\/www.instagram.com\/aconteceunovale\" target=\"_blank\">Instagram<\/a><br>\u2022 <a rel=\"noreferrer noopener\" href=\"https:\/\/www.youtube.com\/AconteceunoValeOficial\" target=\"_blank\">Youtube<\/a><br>\u2022 <a rel=\"noreferrer noopener\" href=\"https:\/\/www.tiktok.com\/@aconteceunovale\" target=\"_blank\">TikTok<\/a><\/p>\n","protected":false},"excerpt":{"rendered":"<p>A usu\u00e1ria de uma m\u00eddia social que comprovou ter tido a conta invadida e apagada por um criminoso dever\u00e1 ser indenizada em R$ 1.000 por danos morais. O entendimento da 11\u00aa C\u00e2mara C\u00edvel do Tribunal de Justi\u00e7a de Minas Gerais foi que a empresa n\u00e3o agiu para sanar o problema, a despeito das solicita\u00e7\u00f5es da [&hellip;]<\/p>\n","protected":false},"author":4,"featured_media":193551,"comment_status":"open","ping_status":"closed","sticky":false,"template":"","format":"standard","meta":{"amp_status":"","footnotes":""},"categories":[123,40247],"tags":[1018,267667,267666,267668,131,38845,267665,270,92646],"class_list":["post-193550","post","type-post","status-publish","format-standard","has-post-thumbnail","hentry","category-gerais","category-tecnologia-2","tag-destaque","tag-indenizacao-por-conta-hackeada-em-rede-social","tag-indenizacao-por-conta-invadida-em-rede-social","tag-indenizacao-por-perfil-invadido-em-rede-social","tag-minas-gerais","tag-monte-siao","tag-rede-social-tera-de-pagar-reparacao-a-usuaria-de-minas-gerais-que-teve-conta-hackeada","tag-tjmg","tag-tribunal-de-justica-de-minas-gerais"],"yoast_head":"<!-- This site is optimized with the Yoast SEO plugin v28.3 - https:\/\/yoast.com\/product\/yoast-seo-wordpress\/ -->\n<title>Rede social ter\u00e1 de pagar repara\u00e7\u00e3o a usu\u00e1ria de Minas Gerais que teve conta hackeada - Aconteceu no Vale<\/title>\n<meta name=\"robots\" content=\"index, follow, max-snippet:-1, max-image-preview:large, max-video-preview:-1\" \/>\n<link rel=\"canonical\" href=\"https:\/\/aconteceunovale.com.br\/portal\/?p=193550\" \/>\n<meta property=\"og:locale\" content=\"pt_BR\" \/>\n<meta property=\"og:type\" content=\"article\" \/>\n<meta property=\"og:title\" content=\"Rede social ter\u00e1 de pagar repara\u00e7\u00e3o a usu\u00e1ria de Minas Gerais que teve conta hackeada - Aconteceu no Vale\" \/>\n<meta property=\"og:description\" content=\"A usu\u00e1ria de uma m\u00eddia social que comprovou ter tido a conta invadida e apagada por um criminoso dever\u00e1 ser indenizada em R$ 1.000 por danos morais. O entendimento da 11\u00aa C\u00e2mara C\u00edvel do Tribunal de Justi\u00e7a de Minas Gerais foi que a empresa n\u00e3o agiu para sanar o problema, a despeito das solicita\u00e7\u00f5es da [&hellip;]\" \/>\n<meta property=\"og:url\" content=\"https:\/\/aconteceunovale.com.br\/portal\/?p=193550\" \/>\n<meta property=\"og:site_name\" content=\"Aconteceu no Vale\" \/>\n<meta property=\"article:publisher\" content=\"https:\/\/www.facebook.com\/aconteceunovale\/\" \/>\n<meta property=\"article:published_time\" content=\"2023-02-25T23:38:23+00:00\" \/>\n<meta property=\"article:modified_time\" content=\"2023-02-25T23:39:14+00:00\" \/>\n<meta property=\"og:image\" content=\"https:\/\/aconteceunovale.com.br\/portal\/wp-content\/uploads\/2023\/02\/rede_celular_social.jpg\" \/>\n\t<meta property=\"og:image:width\" content=\"675\" \/>\n\t<meta property=\"og:image:height\" content=\"450\" \/>\n\t<meta property=\"og:image:type\" content=\"image\/jpeg\" \/>\n<meta name=\"author\" content=\"Reda\u00e7\u00e3o Aconteceu no Vale\" \/>\n<meta name=\"twitter:card\" content=\"summary_large_image\" \/>\n<meta name=\"twitter:creator\" content=\"@noticiadosvales\" \/>\n<meta name=\"twitter:site\" content=\"@noticiadosvales\" \/>\n<meta name=\"twitter:label1\" content=\"Escrito por\" \/>\n\t<meta name=\"twitter:data1\" content=\"Reda\u00e7\u00e3o Aconteceu no Vale\" \/>\n\t<meta name=\"twitter:label2\" content=\"Est. tempo de leitura\" \/>\n\t<meta name=\"twitter:data2\" content=\"2 minutos\" \/>\n<script type=\"application\/ld+json\" class=\"yoast-schema-graph\">{\"@context\":\"https:\\\/\\\/schema.org\",\"@graph\":[{\"@type\":\"Article\",\"@id\":\"https:\\\/\\\/aconteceunovale.com.br\\\/portal\\\/?p=193550#article\",\"isPartOf\":{\"@id\":\"https:\\\/\\\/aconteceunovale.com.br\\\/portal\\\/?p=193550\"},\"author\":{\"name\":\"Reda\u00e7\u00e3o Aconteceu no Vale\",\"@id\":\"https:\\\/\\\/aconteceunovale.com.br\\\/portal\\\/#\\\/schema\\\/person\\\/7d2f26d1483f8a63de73da1ee0754d35\"},\"headline\":\"Rede social ter\u00e1 de pagar repara\u00e7\u00e3o a usu\u00e1ria de Minas Gerais que teve conta hackeada\",\"datePublished\":\"2023-02-25T23:38:23+00:00\",\"dateModified\":\"2023-02-25T23:39:14+00:00\",\"mainEntityOfPage\":{\"@id\":\"https:\\\/\\\/aconteceunovale.com.br\\\/portal\\\/?p=193550\"},\"wordCount\":495,\"commentCount\":0,\"image\":{\"@id\":\"https:\\\/\\\/aconteceunovale.com.br\\\/portal\\\/?p=193550#primaryimage\"},\"thumbnailUrl\":\"https:\\\/\\\/aconteceunovale.com.br\\\/portal\\\/wp-content\\\/uploads\\\/2023\\\/02\\\/rede_celular_social.jpg\",\"keywords\":[\"destaque\",\"Indeniza\u00e7\u00e3o por conta hackeada em rede social\",\"Indeniza\u00e7\u00e3o por conta invadida em rede social\",\"Indeniza\u00e7\u00e3o por perfil invadido em rede social\",\"Minas Gerais\",\"Monte Si\u00e3o\",\"Rede social ter\u00e1 de pagar repara\u00e7\u00e3o a usu\u00e1ria de Minas Gerais que teve conta hackeada\",\"TJMG\",\"Tribunal de Justi\u00e7a de Minas Gerais\"],\"articleSection\":[\"Minas Gerais\",\"Tecnologia\"],\"inLanguage\":\"pt-BR\",\"potentialAction\":[{\"@type\":\"CommentAction\",\"name\":\"Comment\",\"target\":[\"https:\\\/\\\/aconteceunovale.com.br\\\/portal\\\/?p=193550#respond\"]}]},{\"@type\":\"WebPage\",\"@id\":\"https:\\\/\\\/aconteceunovale.com.br\\\/portal\\\/?p=193550\",\"url\":\"https:\\\/\\\/aconteceunovale.com.br\\\/portal\\\/?p=193550\",\"name\":\"Rede social ter\u00e1 de pagar repara\u00e7\u00e3o a usu\u00e1ria de Minas Gerais que teve conta hackeada - Aconteceu no Vale\",\"isPartOf\":{\"@id\":\"https:\\\/\\\/aconteceunovale.com.br\\\/portal\\\/#website\"},\"primaryImageOfPage\":{\"@id\":\"https:\\\/\\\/aconteceunovale.com.br\\\/portal\\\/?p=193550#primaryimage\"},\"image\":{\"@id\":\"https:\\\/\\\/aconteceunovale.com.br\\\/portal\\\/?p=193550#primaryimage\"},\"thumbnailUrl\":\"https:\\\/\\\/aconteceunovale.com.br\\\/portal\\\/wp-content\\\/uploads\\\/2023\\\/02\\\/rede_celular_social.jpg\",\"datePublished\":\"2023-02-25T23:38:23+00:00\",\"dateModified\":\"2023-02-25T23:39:14+00:00\",\"author\":{\"@id\":\"https:\\\/\\\/aconteceunovale.com.br\\\/portal\\\/#\\\/schema\\\/person\\\/7d2f26d1483f8a63de73da1ee0754d35\"},\"breadcrumb\":{\"@id\":\"https:\\\/\\\/aconteceunovale.com.br\\\/portal\\\/?p=193550#breadcrumb\"},\"inLanguage\":\"pt-BR\",\"potentialAction\":[{\"@type\":\"ReadAction\",\"target\":[\"https:\\\/\\\/aconteceunovale.com.br\\\/portal\\\/?p=193550\"]}]},{\"@type\":\"ImageObject\",\"inLanguage\":\"pt-BR\",\"@id\":\"https:\\\/\\\/aconteceunovale.com.br\\\/portal\\\/?p=193550#primaryimage\",\"url\":\"https:\\\/\\\/aconteceunovale.com.br\\\/portal\\\/wp-content\\\/uploads\\\/2023\\\/02\\\/rede_celular_social.jpg\",\"contentUrl\":\"https:\\\/\\\/aconteceunovale.com.br\\\/portal\\\/wp-content\\\/uploads\\\/2023\\\/02\\\/rede_celular_social.jpg\",\"width\":675,\"height\":450},{\"@type\":\"BreadcrumbList\",\"@id\":\"https:\\\/\\\/aconteceunovale.com.br\\\/portal\\\/?p=193550#breadcrumb\",\"itemListElement\":[{\"@type\":\"ListItem\",\"position\":1,\"name\":\"In\u00edcio\",\"item\":\"https:\\\/\\\/aconteceunovale.com.br\\\/portal\\\/\"},{\"@type\":\"ListItem\",\"position\":2,\"name\":\"Rede social ter\u00e1 de pagar repara\u00e7\u00e3o a usu\u00e1ria de Minas Gerais que teve conta hackeada\"}]},{\"@type\":\"WebSite\",\"@id\":\"https:\\\/\\\/aconteceunovale.com.br\\\/portal\\\/#website\",\"url\":\"https:\\\/\\\/aconteceunovale.com.br\\\/portal\\\/\",\"name\":\"Aconteceu no Vale\",\"description\":\"Portal de Not\u00edcias\",\"potentialAction\":[{\"@type\":\"SearchAction\",\"target\":{\"@type\":\"EntryPoint\",\"urlTemplate\":\"https:\\\/\\\/aconteceunovale.com.br\\\/portal\\\/?s={search_term_string}\"},\"query-input\":{\"@type\":\"PropertyValueSpecification\",\"valueRequired\":true,\"valueName\":\"search_term_string\"}}],\"inLanguage\":\"pt-BR\"},{\"@type\":\"Person\",\"@id\":\"https:\\\/\\\/aconteceunovale.com.br\\\/portal\\\/#\\\/schema\\\/person\\\/7d2f26d1483f8a63de73da1ee0754d35\",\"name\":\"Reda\u00e7\u00e3o Aconteceu no Vale\",\"description\":\"Equipe de reportagem do Aconteceu no Vale, portal de not\u00edcias do Vale do Jequitinhonha, em Minas Gerais. Cobrimos as 51 cidades do Vale desde 2013. Sugest\u00f5es de pauta e pedidos de corre\u00e7\u00e3o: contato@aconteceunovale.com.br\",\"url\":\"https:\\\/\\\/aconteceunovale.com.br\\\/portal\\\/?author=4\"}]}<\/script>\n<!-- \/ Yoast SEO plugin. -->","yoast_head_json":{"title":"Rede social ter\u00e1 de pagar repara\u00e7\u00e3o a usu\u00e1ria de Minas Gerais que teve conta hackeada - Aconteceu no Vale","robots":{"index":"index","follow":"follow","max-snippet":"max-snippet:-1","max-image-preview":"max-image-preview:large","max-video-preview":"max-video-preview:-1"},"canonical":"https:\/\/aconteceunovale.com.br\/portal\/?p=193550","og_locale":"pt_BR","og_type":"article","og_title":"Rede social ter\u00e1 de pagar repara\u00e7\u00e3o a usu\u00e1ria de Minas Gerais que teve conta hackeada - Aconteceu no Vale","og_description":"A usu\u00e1ria de uma m\u00eddia social que comprovou ter tido a conta invadida e apagada por um criminoso dever\u00e1 ser indenizada em R$ 1.000 por danos morais. O entendimento da 11\u00aa C\u00e2mara C\u00edvel do Tribunal de Justi\u00e7a de Minas Gerais foi que a empresa n\u00e3o agiu para sanar o problema, a despeito das solicita\u00e7\u00f5es da [&hellip;]","og_url":"https:\/\/aconteceunovale.com.br\/portal\/?p=193550","og_site_name":"Aconteceu no Vale","article_publisher":"https:\/\/www.facebook.com\/aconteceunovale\/","article_published_time":"2023-02-25T23:38:23+00:00","article_modified_time":"2023-02-25T23:39:14+00:00","og_image":[{"width":675,"height":450,"url":"https:\/\/aconteceunovale.com.br\/portal\/wp-content\/uploads\/2023\/02\/rede_celular_social.jpg","type":"image\/jpeg"}],"author":"Reda\u00e7\u00e3o Aconteceu no Vale","twitter_card":"summary_large_image","twitter_creator":"@noticiadosvales","twitter_site":"@noticiadosvales","twitter_misc":{"Escrito por":"Reda\u00e7\u00e3o Aconteceu no Vale","Est. tempo de leitura":"2 minutos"},"schema":{"@context":"https:\/\/schema.org","@graph":[{"@type":"Article","@id":"https:\/\/aconteceunovale.com.br\/portal\/?p=193550#article","isPartOf":{"@id":"https:\/\/aconteceunovale.com.br\/portal\/?p=193550"},"author":{"name":"Reda\u00e7\u00e3o Aconteceu no Vale","@id":"https:\/\/aconteceunovale.com.br\/portal\/#\/schema\/person\/7d2f26d1483f8a63de73da1ee0754d35"},"headline":"Rede social ter\u00e1 de pagar repara\u00e7\u00e3o a usu\u00e1ria de Minas Gerais que teve conta hackeada","datePublished":"2023-02-25T23:38:23+00:00","dateModified":"2023-02-25T23:39:14+00:00","mainEntityOfPage":{"@id":"https:\/\/aconteceunovale.com.br\/portal\/?p=193550"},"wordCount":495,"commentCount":0,"image":{"@id":"https:\/\/aconteceunovale.com.br\/portal\/?p=193550#primaryimage"},"thumbnailUrl":"https:\/\/aconteceunovale.com.br\/portal\/wp-content\/uploads\/2023\/02\/rede_celular_social.jpg","keywords":["destaque","Indeniza\u00e7\u00e3o por conta hackeada em rede social","Indeniza\u00e7\u00e3o por conta invadida em rede social","Indeniza\u00e7\u00e3o por perfil invadido em rede social","Minas Gerais","Monte Si\u00e3o","Rede social ter\u00e1 de pagar repara\u00e7\u00e3o a usu\u00e1ria de Minas Gerais que teve conta hackeada","TJMG","Tribunal de Justi\u00e7a de Minas Gerais"],"articleSection":["Minas Gerais","Tecnologia"],"inLanguage":"pt-BR","potentialAction":[{"@type":"CommentAction","name":"Comment","target":["https:\/\/aconteceunovale.com.br\/portal\/?p=193550#respond"]}]},{"@type":"WebPage","@id":"https:\/\/aconteceunovale.com.br\/portal\/?p=193550","url":"https:\/\/aconteceunovale.com.br\/portal\/?p=193550","name":"Rede social ter\u00e1 de pagar repara\u00e7\u00e3o a usu\u00e1ria de Minas Gerais que teve conta hackeada - Aconteceu no Vale","isPartOf":{"@id":"https:\/\/aconteceunovale.com.br\/portal\/#website"},"primaryImageOfPage":{"@id":"https:\/\/aconteceunovale.com.br\/portal\/?p=193550#primaryimage"},"image":{"@id":"https:\/\/aconteceunovale.com.br\/portal\/?p=193550#primaryimage"},"thumbnailUrl":"https:\/\/aconteceunovale.com.br\/portal\/wp-content\/uploads\/2023\/02\/rede_celular_social.jpg","datePublished":"2023-02-25T23:38:23+00:00","dateModified":"2023-02-25T23:39:14+00:00","author":{"@id":"https:\/\/aconteceunovale.com.br\/portal\/#\/schema\/person\/7d2f26d1483f8a63de73da1ee0754d35"},"breadcrumb":{"@id":"https:\/\/aconteceunovale.com.br\/portal\/?p=193550#breadcrumb"},"inLanguage":"pt-BR","potentialAction":[{"@type":"ReadAction","target":["https:\/\/aconteceunovale.com.br\/portal\/?p=193550"]}]},{"@type":"ImageObject","inLanguage":"pt-BR","@id":"https:\/\/aconteceunovale.com.br\/portal\/?p=193550#primaryimage","url":"https:\/\/aconteceunovale.com.br\/portal\/wp-content\/uploads\/2023\/02\/rede_celular_social.jpg","contentUrl":"https:\/\/aconteceunovale.com.br\/portal\/wp-content\/uploads\/2023\/02\/rede_celular_social.jpg","width":675,"height":450},{"@type":"BreadcrumbList","@id":"https:\/\/aconteceunovale.com.br\/portal\/?p=193550#breadcrumb","itemListElement":[{"@type":"ListItem","position":1,"name":"In\u00edcio","item":"https:\/\/aconteceunovale.com.br\/portal\/"},{"@type":"ListItem","position":2,"name":"Rede social ter\u00e1 de pagar repara\u00e7\u00e3o a usu\u00e1ria de Minas Gerais que teve conta hackeada"}]},{"@type":"WebSite","@id":"https:\/\/aconteceunovale.com.br\/portal\/#website","url":"https:\/\/aconteceunovale.com.br\/portal\/","name":"Aconteceu no Vale","description":"Portal de Not\u00edcias","potentialAction":[{"@type":"SearchAction","target":{"@type":"EntryPoint","urlTemplate":"https:\/\/aconteceunovale.com.br\/portal\/?s={search_term_string}"},"query-input":{"@type":"PropertyValueSpecification","valueRequired":true,"valueName":"search_term_string"}}],"inLanguage":"pt-BR"},{"@type":"Person","@id":"https:\/\/aconteceunovale.com.br\/portal\/#\/schema\/person\/7d2f26d1483f8a63de73da1ee0754d35","name":"Reda\u00e7\u00e3o Aconteceu no Vale","description":"Equipe de reportagem do Aconteceu no Vale, portal de not\u00edcias do Vale do Jequitinhonha, em Minas Gerais. Cobrimos as 51 cidades do Vale desde 2013. Sugest\u00f5es de pauta e pedidos de corre\u00e7\u00e3o: contato@aconteceunovale.com.br","url":"https:\/\/aconteceunovale.com.br\/portal\/?author=4"}]}},"_links":{"self":[{"href":"https:\/\/aconteceunovale.com.br\/portal\/index.php?rest_route=\/wp\/v2\/posts\/193550","targetHints":{"allow":["GET"]}}],"collection":[{"href":"https:\/\/aconteceunovale.com.br\/portal\/index.php?rest_route=\/wp\/v2\/posts"}],"about":[{"href":"https:\/\/aconteceunovale.com.br\/portal\/index.php?rest_route=\/wp\/v2\/types\/post"}],"author":[{"embeddable":true,"href":"https:\/\/aconteceunovale.com.br\/portal\/index.php?rest_route=\/wp\/v2\/users\/4"}],"replies":[{"embeddable":true,"href":"https:\/\/aconteceunovale.com.br\/portal\/index.php?rest_route=%2Fwp%2Fv2%2Fcomments&post=193550"}],"version-history":[{"count":1,"href":"https:\/\/aconteceunovale.com.br\/portal\/index.php?rest_route=\/wp\/v2\/posts\/193550\/revisions"}],"predecessor-version":[{"id":193552,"href":"https:\/\/aconteceunovale.com.br\/portal\/index.php?rest_route=\/wp\/v2\/posts\/193550\/revisions\/193552"}],"wp:featuredmedia":[{"embeddable":true,"href":"https:\/\/aconteceunovale.com.br\/portal\/index.php?rest_route=\/wp\/v2\/media\/193551"}],"wp:attachment":[{"href":"https:\/\/aconteceunovale.com.br\/portal\/index.php?rest_route=%2Fwp%2Fv2%2Fmedia&parent=193550"}],"wp:term":[{"taxonomy":"category","embeddable":true,"href":"https:\/\/aconteceunovale.com.br\/portal\/index.php?rest_route=%2Fwp%2Fv2%2Fcategories&post=193550"},{"taxonomy":"post_tag","embeddable":true,"href":"https:\/\/aconteceunovale.com.br\/portal\/index.php?rest_route=%2Fwp%2Fv2%2Ftags&post=193550"}],"curies":[{"name":"wp","href":"https:\/\/api.w.org\/{rel}","templated":true}]}}