{"id":193547,"date":"2023-02-25T20:34:28","date_gmt":"2023-02-25T23:34:28","guid":{"rendered":"https:\/\/aconteceunovale.com.br\/portal\/?p=193547"},"modified":"2023-02-25T20:35:01","modified_gmt":"2023-02-25T23:35:01","slug":"empresa-ferroviaria-tera-de-indenizar-familia-mineira-em-r-400-mil-por-perda-de-parente","status":"publish","type":"post","link":"https:\/\/aconteceunovale.com.br\/portal\/?p=193547","title":{"rendered":"Empresa ferrovi\u00e1ria ter\u00e1 de indenizar fam\u00edlia mineira em R$ 400 mil por perda de parente"},"content":{"rendered":"\n<p class=\"wp-block-paragraph\">Os quatro filhos de uma mulher dever\u00e3o ser indenizados, cada um, em R$ 100 mil, em decorr\u00eancia da morte da m\u00e3e em um acidente na via f\u00e9rrea. A 9\u00aa C\u00e2mara C\u00edvel do Tribunal de Justi\u00e7a de Minas Gerais considerou que, apesar de a v\u00edtima ter, em parte, contribu\u00eddo para o evento, por ter atravessado em local inadequado, a fam\u00edlia faz jus a compensa\u00e7\u00e3o pela perda de ente querido.<\/p>\n\n\n\n<p class=\"wp-block-paragraph\">Os quatro filhos alegaram que a mulher, de 66 anos, cruzava a linha f\u00e9rrea na altura da avenida Jos\u00e9 In\u00e1cio Silva, no bairro Santa In\u00eas, em Betim, quando foi atingida pela composi\u00e7\u00e3o. A fam\u00edlia sustentou que o trecho \u00e9 utilizado regularmente pelos pedestres, porque n\u00e3o h\u00e1 passarela pr\u00f3xima no local, e que acidentes s\u00e3o comuns, devido ao descaso da concession\u00e1ria.<\/p>\n\n\n\n<p class=\"wp-block-paragraph\">Os filhos afirmam que na \u00e1rea, de grande fluxo de passantes, com presen\u00e7a de resid\u00eancias e com\u00e9rcios, n\u00e3o existem sinais sonoros, luminosos e passarelas que assegurem aos moradores da localidade uma travessia segura, configurando aus\u00eancia de medidas de seguran\u00e7a, como cercas ou muros para o isolamento da via f\u00e9rrea e prote\u00e7\u00e3o dos transeuntes. Eles pediram compensa\u00e7\u00e3o por danos morais e ressarcimento dos gastos com o funeral da m\u00e3e.<\/p>\n\n\n\n<p class=\"wp-block-paragraph\">A empresa argumentou que n\u00e3o cometeu conduta il\u00edcita, mas que, em caso de ser obrigada a indenizar o grupo por danos morais, o valor deveria ser revisto. Segundo a concession\u00e1ria, o maquinista acionou buzina e sino por diversas vezes, conseguindo chamar a aten\u00e7\u00e3o da v\u00edtima, al\u00e9m de utilizar o freio de emerg\u00eancia.<\/p>\n\n\n\n<p class=\"wp-block-paragraph\">A companhia defendeu que, embora o ve\u00edculo estivesse abaixo da velocidade permitida para a via, o chinelo da idosa ficou preso nos trilhos, por isso ela n\u00e3o conseguiu sair a tempo. Para a empresa, isso demonstrava a corresponsabilidade da v\u00edtima no ocorrido.<\/p>\n\n\n\n<p class=\"wp-block-paragraph\">A ju\u00edza Vanessa Torzeczki Trage, da 4\u00aa Vara C\u00edvel da Comarca de Betim, reconheceu o dano moral e condenou a concession\u00e1ria a pagar R$ 500 mil a cada filho. Ela negou o pedido de danos materiais porque n\u00e3o havia comprova\u00e7\u00e3o, nos autos, dessas despesas.<\/p>\n\n\n\n<p class=\"wp-block-paragraph\">A empresa recorreu, reafirmando a culpa da v\u00edtima e pedindo a redu\u00e7\u00e3o do valor. J\u00e1 os quatro familiares sustentaram que nenhuma pessoa fica insepulta, e que, tendo em vista o custo m\u00e9dio de um sepultamento, eles tinham direito \u00e0 restitui\u00e7\u00e3o de R$ 5 mil.<\/p>\n\n\n\n<p class=\"wp-block-paragraph\">O juiz convocado Fausto Bawden de Castro Silva, relator, atendeu \u00e0 solicita\u00e7\u00e3o, por entender que houve culpa concorrente e que a v\u00edtima agiu com imprud\u00eancia. Ele afirmou existirem provas de que havia sinaliza\u00e7\u00e3o no local, como as cruzes de Santo Andr\u00e9, placas de advert\u00eancia e de parada obrigat\u00f3ria, apesar de n\u00e3o terem sido instalados cerca ou muro para impedir o acesso de passantes.<\/p>\n\n\n\n<p class=\"wp-block-paragraph\">\u201cNeste contexto, portanto, embora seja uma perda inestim\u00e1vel para os autores a morte da m\u00e3e, resta evidenciada a culpa concorrente da v\u00edtima, que, por comodidade ou outra raz\u00e3o desconhecida, e agindo de forma temer\u00e1ria, manteve a tentativa de atravessar linha f\u00e9rrea em local inadequado, colocando sua integridade f\u00edsica em risco\u201d, disse.<\/p>\n\n\n\n<p class=\"wp-block-paragraph\">Ele tamb\u00e9m negou o pedido dos danos materiais, porque estes n\u00e3o podem ser presumidos e n\u00e3o foram demonstrados. Com estas considera\u00e7\u00f5es, ele modificou a senten\u00e7a a fim de, reconhecendo a culpa concorrente, reduzir a indeniza\u00e7\u00e3o por danos morais para&nbsp;R$ 100 mil para cada filho, totalizando o montante de R$ 400 mil.<\/p>\n\n\n\n<p class=\"wp-block-paragraph\">Os desembargadores Pedro Bernardes de Oliveira e Luiz Artur Hil\u00e1rio acompanharam o voto. A\u00a0decis\u00e3o est\u00e1 sujeita a recurso.<\/p>\n\n\n\n<p class=\"wp-block-paragraph\">&#8212;&#8212;&#8212;&#8212;&#8212;&#8212;<br><br><strong>Sabia que o Aconteceu no Vale est\u00e1 tamb\u00e9m no Telegram? <a rel=\"noreferrer noopener\" href=\"https:\/\/t.me\/aconteceunovaleoficial\" target=\"_blank\">Inscreva-se no canal<\/a>.<\/strong><br><br><strong>J\u00e1 curtiu ou seguiu nossas p\u00e1ginas nas redes sociais?\u00a0Receba as not\u00edcias em primeira m\u00e3o:<\/strong><br>\u2022 <a rel=\"noreferrer noopener\" href=\"https:\/\/news.google.com\/publications\/CAAqBwgKMNjklQswi4etAw?hl=pt-BR&amp;gl=BR&amp;ceid=BR%3Apt-419\" target=\"_blank\">Google News<\/a><br>\u2022 <a rel=\"noreferrer noopener\" href=\"https:\/\/www.facebook.com\/aconteceunovale\/\" target=\"_blank\">Facebook<\/a><br>\u2022 <a rel=\"noreferrer noopener\" href=\"https:\/\/twitter.com\/noticiadosvales\" target=\"_blank\">Twitter<\/a><br>\u2022 <a rel=\"noreferrer noopener\" href=\"https:\/\/www.instagram.com\/aconteceunovale\" target=\"_blank\">Instagram<\/a><br>\u2022 <a rel=\"noreferrer noopener\" href=\"https:\/\/www.youtube.com\/AconteceunoValeOficial\" target=\"_blank\">Youtube<\/a><br>\u2022 <a rel=\"noreferrer noopener\" href=\"https:\/\/www.tiktok.com\/@aconteceunovale\" target=\"_blank\">TikTok<\/a><\/p>\n","protected":false},"excerpt":{"rendered":"<p>Os quatro filhos de uma mulher dever\u00e3o ser indenizados, cada um, em R$ 100 mil, em decorr\u00eancia da morte da m\u00e3e em um acidente na via f\u00e9rrea. A 9\u00aa C\u00e2mara C\u00edvel do Tribunal de Justi\u00e7a de Minas Gerais considerou que, apesar de a v\u00edtima ter, em parte, contribu\u00eddo para o evento, por ter atravessado em [&hellip;]<\/p>\n","protected":false},"author":4,"featured_media":193548,"comment_status":"open","ping_status":"closed","sticky":false,"template":"","format":"standard","meta":{"amp_status":"","footnotes":""},"categories":[123],"tags":[73330,1495,1018,267663,267664,270,92646],"class_list":["post-193547","post","type-post","status-publish","format-standard","has-post-thumbnail","hentry","category-gerais","tag-acidente-em-linha-ferrea","tag-betim","tag-destaque","tag-empresa-ferroviaria-tera-de-indenizar-familia-mineira-em-r-400-mil-por-perda-de-parente","tag-indenizacao-por-acidente-em-linha-ferrea","tag-tjmg","tag-tribunal-de-justica-de-minas-gerais"],"yoast_head":"<!-- This site is optimized with the Yoast SEO plugin v28.3 - https:\/\/yoast.com\/product\/yoast-seo-wordpress\/ -->\n<title>Empresa ferrovi\u00e1ria ter\u00e1 de indenizar fam\u00edlia mineira em R$ 400 mil por perda de parente - Aconteceu no Vale<\/title>\n<meta name=\"robots\" content=\"index, follow, max-snippet:-1, max-image-preview:large, max-video-preview:-1\" \/>\n<link rel=\"canonical\" href=\"https:\/\/aconteceunovale.com.br\/portal\/?p=193547\" \/>\n<meta property=\"og:locale\" content=\"pt_BR\" \/>\n<meta property=\"og:type\" content=\"article\" \/>\n<meta property=\"og:title\" content=\"Empresa ferrovi\u00e1ria ter\u00e1 de indenizar fam\u00edlia mineira em R$ 400 mil por perda de parente - Aconteceu no Vale\" \/>\n<meta property=\"og:description\" content=\"Os quatro filhos de uma mulher dever\u00e3o ser indenizados, cada um, em R$ 100 mil, em decorr\u00eancia da morte da m\u00e3e em um acidente na via f\u00e9rrea. A 9\u00aa C\u00e2mara C\u00edvel do Tribunal de Justi\u00e7a de Minas Gerais considerou que, apesar de a v\u00edtima ter, em parte, contribu\u00eddo para o evento, por ter atravessado em [&hellip;]\" \/>\n<meta property=\"og:url\" content=\"https:\/\/aconteceunovale.com.br\/portal\/?p=193547\" \/>\n<meta property=\"og:site_name\" content=\"Aconteceu no Vale\" \/>\n<meta property=\"article:publisher\" content=\"https:\/\/www.facebook.com\/aconteceunovale\/\" \/>\n<meta property=\"article:published_time\" content=\"2023-02-25T23:34:28+00:00\" \/>\n<meta property=\"article:modified_time\" content=\"2023-02-25T23:35:01+00:00\" \/>\n<meta property=\"og:image\" content=\"https:\/\/aconteceunovale.com.br\/portal\/wp-content\/uploads\/2023\/02\/ferrovia.jpg\" \/>\n\t<meta property=\"og:image:width\" content=\"678\" \/>\n\t<meta property=\"og:image:height\" content=\"386\" \/>\n\t<meta property=\"og:image:type\" content=\"image\/jpeg\" \/>\n<meta name=\"author\" content=\"Reda\u00e7\u00e3o Aconteceu no Vale\" \/>\n<meta name=\"twitter:card\" content=\"summary_large_image\" \/>\n<meta name=\"twitter:creator\" content=\"@noticiadosvales\" \/>\n<meta name=\"twitter:site\" content=\"@noticiadosvales\" \/>\n<meta name=\"twitter:label1\" content=\"Escrito por\" \/>\n\t<meta name=\"twitter:data1\" content=\"Reda\u00e7\u00e3o Aconteceu no Vale\" \/>\n\t<meta name=\"twitter:label2\" content=\"Est. tempo de leitura\" \/>\n\t<meta name=\"twitter:data2\" content=\"3 minutos\" \/>\n<script type=\"application\/ld+json\" class=\"yoast-schema-graph\">{\"@context\":\"https:\\\/\\\/schema.org\",\"@graph\":[{\"@type\":\"Article\",\"@id\":\"https:\\\/\\\/aconteceunovale.com.br\\\/portal\\\/?p=193547#article\",\"isPartOf\":{\"@id\":\"https:\\\/\\\/aconteceunovale.com.br\\\/portal\\\/?p=193547\"},\"author\":{\"name\":\"Reda\u00e7\u00e3o Aconteceu no Vale\",\"@id\":\"https:\\\/\\\/aconteceunovale.com.br\\\/portal\\\/#\\\/schema\\\/person\\\/7d2f26d1483f8a63de73da1ee0754d35\"},\"headline\":\"Empresa ferrovi\u00e1ria ter\u00e1 de indenizar fam\u00edlia mineira em R$ 400 mil por perda de parente\",\"datePublished\":\"2023-02-25T23:34:28+00:00\",\"dateModified\":\"2023-02-25T23:35:01+00:00\",\"mainEntityOfPage\":{\"@id\":\"https:\\\/\\\/aconteceunovale.com.br\\\/portal\\\/?p=193547\"},\"wordCount\":680,\"commentCount\":0,\"image\":{\"@id\":\"https:\\\/\\\/aconteceunovale.com.br\\\/portal\\\/?p=193547#primaryimage\"},\"thumbnailUrl\":\"https:\\\/\\\/aconteceunovale.com.br\\\/portal\\\/wp-content\\\/uploads\\\/2023\\\/02\\\/ferrovia.jpg\",\"keywords\":[\"acidente em linha f\u00e9rrea\",\"Betim\",\"destaque\",\"Empresa ferrovi\u00e1ria ter\u00e1 de indenizar fam\u00edlia mineira em R$ 400 mil por perda de parente\",\"Indeniza\u00e7\u00e3o por acidente em linha f\u00e9rrea\",\"TJMG\",\"Tribunal de Justi\u00e7a de Minas Gerais\"],\"articleSection\":[\"Minas Gerais\"],\"inLanguage\":\"pt-BR\",\"potentialAction\":[{\"@type\":\"CommentAction\",\"name\":\"Comment\",\"target\":[\"https:\\\/\\\/aconteceunovale.com.br\\\/portal\\\/?p=193547#respond\"]}]},{\"@type\":\"WebPage\",\"@id\":\"https:\\\/\\\/aconteceunovale.com.br\\\/portal\\\/?p=193547\",\"url\":\"https:\\\/\\\/aconteceunovale.com.br\\\/portal\\\/?p=193547\",\"name\":\"Empresa ferrovi\u00e1ria ter\u00e1 de indenizar fam\u00edlia mineira em R$ 400 mil por perda de parente - Aconteceu no Vale\",\"isPartOf\":{\"@id\":\"https:\\\/\\\/aconteceunovale.com.br\\\/portal\\\/#website\"},\"primaryImageOfPage\":{\"@id\":\"https:\\\/\\\/aconteceunovale.com.br\\\/portal\\\/?p=193547#primaryimage\"},\"image\":{\"@id\":\"https:\\\/\\\/aconteceunovale.com.br\\\/portal\\\/?p=193547#primaryimage\"},\"thumbnailUrl\":\"https:\\\/\\\/aconteceunovale.com.br\\\/portal\\\/wp-content\\\/uploads\\\/2023\\\/02\\\/ferrovia.jpg\",\"datePublished\":\"2023-02-25T23:34:28+00:00\",\"dateModified\":\"2023-02-25T23:35:01+00:00\",\"author\":{\"@id\":\"https:\\\/\\\/aconteceunovale.com.br\\\/portal\\\/#\\\/schema\\\/person\\\/7d2f26d1483f8a63de73da1ee0754d35\"},\"breadcrumb\":{\"@id\":\"https:\\\/\\\/aconteceunovale.com.br\\\/portal\\\/?p=193547#breadcrumb\"},\"inLanguage\":\"pt-BR\",\"potentialAction\":[{\"@type\":\"ReadAction\",\"target\":[\"https:\\\/\\\/aconteceunovale.com.br\\\/portal\\\/?p=193547\"]}]},{\"@type\":\"ImageObject\",\"inLanguage\":\"pt-BR\",\"@id\":\"https:\\\/\\\/aconteceunovale.com.br\\\/portal\\\/?p=193547#primaryimage\",\"url\":\"https:\\\/\\\/aconteceunovale.com.br\\\/portal\\\/wp-content\\\/uploads\\\/2023\\\/02\\\/ferrovia.jpg\",\"contentUrl\":\"https:\\\/\\\/aconteceunovale.com.br\\\/portal\\\/wp-content\\\/uploads\\\/2023\\\/02\\\/ferrovia.jpg\",\"width\":678,\"height\":386},{\"@type\":\"BreadcrumbList\",\"@id\":\"https:\\\/\\\/aconteceunovale.com.br\\\/portal\\\/?p=193547#breadcrumb\",\"itemListElement\":[{\"@type\":\"ListItem\",\"position\":1,\"name\":\"In\u00edcio\",\"item\":\"https:\\\/\\\/aconteceunovale.com.br\\\/portal\\\/\"},{\"@type\":\"ListItem\",\"position\":2,\"name\":\"Empresa ferrovi\u00e1ria ter\u00e1 de indenizar fam\u00edlia mineira em R$ 400 mil por perda de parente\"}]},{\"@type\":\"WebSite\",\"@id\":\"https:\\\/\\\/aconteceunovale.com.br\\\/portal\\\/#website\",\"url\":\"https:\\\/\\\/aconteceunovale.com.br\\\/portal\\\/\",\"name\":\"Aconteceu no Vale\",\"description\":\"Portal de Not\u00edcias\",\"potentialAction\":[{\"@type\":\"SearchAction\",\"target\":{\"@type\":\"EntryPoint\",\"urlTemplate\":\"https:\\\/\\\/aconteceunovale.com.br\\\/portal\\\/?s={search_term_string}\"},\"query-input\":{\"@type\":\"PropertyValueSpecification\",\"valueRequired\":true,\"valueName\":\"search_term_string\"}}],\"inLanguage\":\"pt-BR\"},{\"@type\":\"Person\",\"@id\":\"https:\\\/\\\/aconteceunovale.com.br\\\/portal\\\/#\\\/schema\\\/person\\\/7d2f26d1483f8a63de73da1ee0754d35\",\"name\":\"Reda\u00e7\u00e3o Aconteceu no Vale\",\"description\":\"Equipe de reportagem do Aconteceu no Vale, portal de not\u00edcias do Vale do Jequitinhonha, em Minas Gerais. Cobrimos as 51 cidades do Vale desde 2013. Sugest\u00f5es de pauta e pedidos de corre\u00e7\u00e3o: contato@aconteceunovale.com.br\",\"url\":\"https:\\\/\\\/aconteceunovale.com.br\\\/portal\\\/?author=4\"}]}<\/script>\n<!-- \/ Yoast SEO plugin. -->","yoast_head_json":{"title":"Empresa ferrovi\u00e1ria ter\u00e1 de indenizar fam\u00edlia mineira em R$ 400 mil por perda de parente - Aconteceu no Vale","robots":{"index":"index","follow":"follow","max-snippet":"max-snippet:-1","max-image-preview":"max-image-preview:large","max-video-preview":"max-video-preview:-1"},"canonical":"https:\/\/aconteceunovale.com.br\/portal\/?p=193547","og_locale":"pt_BR","og_type":"article","og_title":"Empresa ferrovi\u00e1ria ter\u00e1 de indenizar fam\u00edlia mineira em R$ 400 mil por perda de parente - Aconteceu no Vale","og_description":"Os quatro filhos de uma mulher dever\u00e3o ser indenizados, cada um, em R$ 100 mil, em decorr\u00eancia da morte da m\u00e3e em um acidente na via f\u00e9rrea. A 9\u00aa C\u00e2mara C\u00edvel do Tribunal de Justi\u00e7a de Minas Gerais considerou que, apesar de a v\u00edtima ter, em parte, contribu\u00eddo para o evento, por ter atravessado em [&hellip;]","og_url":"https:\/\/aconteceunovale.com.br\/portal\/?p=193547","og_site_name":"Aconteceu no Vale","article_publisher":"https:\/\/www.facebook.com\/aconteceunovale\/","article_published_time":"2023-02-25T23:34:28+00:00","article_modified_time":"2023-02-25T23:35:01+00:00","og_image":[{"width":678,"height":386,"url":"https:\/\/aconteceunovale.com.br\/portal\/wp-content\/uploads\/2023\/02\/ferrovia.jpg","type":"image\/jpeg"}],"author":"Reda\u00e7\u00e3o Aconteceu no Vale","twitter_card":"summary_large_image","twitter_creator":"@noticiadosvales","twitter_site":"@noticiadosvales","twitter_misc":{"Escrito por":"Reda\u00e7\u00e3o Aconteceu no Vale","Est. tempo de leitura":"3 minutos"},"schema":{"@context":"https:\/\/schema.org","@graph":[{"@type":"Article","@id":"https:\/\/aconteceunovale.com.br\/portal\/?p=193547#article","isPartOf":{"@id":"https:\/\/aconteceunovale.com.br\/portal\/?p=193547"},"author":{"name":"Reda\u00e7\u00e3o Aconteceu no Vale","@id":"https:\/\/aconteceunovale.com.br\/portal\/#\/schema\/person\/7d2f26d1483f8a63de73da1ee0754d35"},"headline":"Empresa ferrovi\u00e1ria ter\u00e1 de indenizar fam\u00edlia mineira em R$ 400 mil por perda de parente","datePublished":"2023-02-25T23:34:28+00:00","dateModified":"2023-02-25T23:35:01+00:00","mainEntityOfPage":{"@id":"https:\/\/aconteceunovale.com.br\/portal\/?p=193547"},"wordCount":680,"commentCount":0,"image":{"@id":"https:\/\/aconteceunovale.com.br\/portal\/?p=193547#primaryimage"},"thumbnailUrl":"https:\/\/aconteceunovale.com.br\/portal\/wp-content\/uploads\/2023\/02\/ferrovia.jpg","keywords":["acidente em linha f\u00e9rrea","Betim","destaque","Empresa ferrovi\u00e1ria ter\u00e1 de indenizar fam\u00edlia mineira em R$ 400 mil por perda de parente","Indeniza\u00e7\u00e3o por acidente em linha f\u00e9rrea","TJMG","Tribunal de Justi\u00e7a de Minas Gerais"],"articleSection":["Minas Gerais"],"inLanguage":"pt-BR","potentialAction":[{"@type":"CommentAction","name":"Comment","target":["https:\/\/aconteceunovale.com.br\/portal\/?p=193547#respond"]}]},{"@type":"WebPage","@id":"https:\/\/aconteceunovale.com.br\/portal\/?p=193547","url":"https:\/\/aconteceunovale.com.br\/portal\/?p=193547","name":"Empresa ferrovi\u00e1ria ter\u00e1 de indenizar fam\u00edlia mineira em R$ 400 mil por perda de parente - Aconteceu no Vale","isPartOf":{"@id":"https:\/\/aconteceunovale.com.br\/portal\/#website"},"primaryImageOfPage":{"@id":"https:\/\/aconteceunovale.com.br\/portal\/?p=193547#primaryimage"},"image":{"@id":"https:\/\/aconteceunovale.com.br\/portal\/?p=193547#primaryimage"},"thumbnailUrl":"https:\/\/aconteceunovale.com.br\/portal\/wp-content\/uploads\/2023\/02\/ferrovia.jpg","datePublished":"2023-02-25T23:34:28+00:00","dateModified":"2023-02-25T23:35:01+00:00","author":{"@id":"https:\/\/aconteceunovale.com.br\/portal\/#\/schema\/person\/7d2f26d1483f8a63de73da1ee0754d35"},"breadcrumb":{"@id":"https:\/\/aconteceunovale.com.br\/portal\/?p=193547#breadcrumb"},"inLanguage":"pt-BR","potentialAction":[{"@type":"ReadAction","target":["https:\/\/aconteceunovale.com.br\/portal\/?p=193547"]}]},{"@type":"ImageObject","inLanguage":"pt-BR","@id":"https:\/\/aconteceunovale.com.br\/portal\/?p=193547#primaryimage","url":"https:\/\/aconteceunovale.com.br\/portal\/wp-content\/uploads\/2023\/02\/ferrovia.jpg","contentUrl":"https:\/\/aconteceunovale.com.br\/portal\/wp-content\/uploads\/2023\/02\/ferrovia.jpg","width":678,"height":386},{"@type":"BreadcrumbList","@id":"https:\/\/aconteceunovale.com.br\/portal\/?p=193547#breadcrumb","itemListElement":[{"@type":"ListItem","position":1,"name":"In\u00edcio","item":"https:\/\/aconteceunovale.com.br\/portal\/"},{"@type":"ListItem","position":2,"name":"Empresa ferrovi\u00e1ria ter\u00e1 de indenizar fam\u00edlia mineira em R$ 400 mil por perda de parente"}]},{"@type":"WebSite","@id":"https:\/\/aconteceunovale.com.br\/portal\/#website","url":"https:\/\/aconteceunovale.com.br\/portal\/","name":"Aconteceu no Vale","description":"Portal de Not\u00edcias","potentialAction":[{"@type":"SearchAction","target":{"@type":"EntryPoint","urlTemplate":"https:\/\/aconteceunovale.com.br\/portal\/?s={search_term_string}"},"query-input":{"@type":"PropertyValueSpecification","valueRequired":true,"valueName":"search_term_string"}}],"inLanguage":"pt-BR"},{"@type":"Person","@id":"https:\/\/aconteceunovale.com.br\/portal\/#\/schema\/person\/7d2f26d1483f8a63de73da1ee0754d35","name":"Reda\u00e7\u00e3o Aconteceu no Vale","description":"Equipe de reportagem do Aconteceu no Vale, portal de not\u00edcias do Vale do Jequitinhonha, em Minas Gerais. Cobrimos as 51 cidades do Vale desde 2013. Sugest\u00f5es de pauta e pedidos de corre\u00e7\u00e3o: contato@aconteceunovale.com.br","url":"https:\/\/aconteceunovale.com.br\/portal\/?author=4"}]}},"_links":{"self":[{"href":"https:\/\/aconteceunovale.com.br\/portal\/index.php?rest_route=\/wp\/v2\/posts\/193547","targetHints":{"allow":["GET"]}}],"collection":[{"href":"https:\/\/aconteceunovale.com.br\/portal\/index.php?rest_route=\/wp\/v2\/posts"}],"about":[{"href":"https:\/\/aconteceunovale.com.br\/portal\/index.php?rest_route=\/wp\/v2\/types\/post"}],"author":[{"embeddable":true,"href":"https:\/\/aconteceunovale.com.br\/portal\/index.php?rest_route=\/wp\/v2\/users\/4"}],"replies":[{"embeddable":true,"href":"https:\/\/aconteceunovale.com.br\/portal\/index.php?rest_route=%2Fwp%2Fv2%2Fcomments&post=193547"}],"version-history":[{"count":1,"href":"https:\/\/aconteceunovale.com.br\/portal\/index.php?rest_route=\/wp\/v2\/posts\/193547\/revisions"}],"predecessor-version":[{"id":193549,"href":"https:\/\/aconteceunovale.com.br\/portal\/index.php?rest_route=\/wp\/v2\/posts\/193547\/revisions\/193549"}],"wp:featuredmedia":[{"embeddable":true,"href":"https:\/\/aconteceunovale.com.br\/portal\/index.php?rest_route=\/wp\/v2\/media\/193548"}],"wp:attachment":[{"href":"https:\/\/aconteceunovale.com.br\/portal\/index.php?rest_route=%2Fwp%2Fv2%2Fmedia&parent=193547"}],"wp:term":[{"taxonomy":"category","embeddable":true,"href":"https:\/\/aconteceunovale.com.br\/portal\/index.php?rest_route=%2Fwp%2Fv2%2Fcategories&post=193547"},{"taxonomy":"post_tag","embeddable":true,"href":"https:\/\/aconteceunovale.com.br\/portal\/index.php?rest_route=%2Fwp%2Fv2%2Ftags&post=193547"}],"curies":[{"name":"wp","href":"https:\/\/api.w.org\/{rel}","templated":true}]}}