{"id":193542,"date":"2023-02-25T20:27:28","date_gmt":"2023-02-25T23:27:28","guid":{"rendered":"https:\/\/aconteceunovale.com.br\/portal\/?p=193542"},"modified":"2023-02-25T20:27:58","modified_gmt":"2023-02-25T23:27:58","slug":"bombeiros-que-ajudaram-nas-buscas-por-sobreviventes-na-turquia-retornam-a-minas-gerais","status":"publish","type":"post","link":"https:\/\/aconteceunovale.com.br\/portal\/?p=193542","title":{"rendered":"Bombeiros que ajudaram nas buscas por sobreviventes na Turquia retornam a Minas Gerais"},"content":{"rendered":"\n<p class=\"wp-block-paragraph\">Ap\u00f3s 17 dias trabalhando na miss\u00e3o de buscas e de ajuda humanit\u00e1ria na Turquia, pa\u00eds devastado por terremotos, seis bombeiros militares mineiros, que compuseram a comitiva brasileira, retornam a Minas Gerais neste s\u00e1bado (25\/2). Mais de 50 mil pessoas morreram no pa\u00eds e na S\u00edria.<\/p>\n\n\n\n<figure class=\"wp-block-gallery has-nested-images columns-default is-cropped wp-block-gallery-1 is-layout-flex wp-block-gallery-is-layout-flex\">\n<figure class=\"wp-block-image size-large\"><img loading=\"lazy\" decoding=\"async\" width=\"602\" height=\"450\" data-id=\"193543\" src=\"https:\/\/aconteceunovale.com.br\/portal\/wp-content\/uploads\/2023\/02\/bombeiros_mg.jpg\" alt=\"\" class=\"wp-image-193543\" srcset=\"https:\/\/aconteceunovale.com.br\/portal\/wp-content\/uploads\/2023\/02\/bombeiros_mg.jpg 602w, https:\/\/aconteceunovale.com.br\/portal\/wp-content\/uploads\/2023\/02\/bombeiros_mg-300x224.jpg 300w, https:\/\/aconteceunovale.com.br\/portal\/wp-content\/uploads\/2023\/02\/bombeiros_mg-80x60.jpg 80w, https:\/\/aconteceunovale.com.br\/portal\/wp-content\/uploads\/2023\/02\/bombeiros_mg-265x198.jpg 265w, https:\/\/aconteceunovale.com.br\/portal\/wp-content\/uploads\/2023\/02\/bombeiros_mg-562x420.jpg 562w\" sizes=\"auto, (max-width: 602px) 100vw, 602px\" \/><figcaption class=\"wp-element-caption\"><em><sub>Foto: Divulga\u00e7\u00e3o \/ Ag\u00eancia Minas<\/sub><\/em><\/figcaption><\/figure>\n<\/figure>\n\n\n\n<p class=\"wp-block-paragraph\">A equipe brasileira, que contou com bombeiros militares de Minas, S\u00e3o Paulo e Esp\u00edrito Santo, decolou no avi\u00e3o da For\u00e7a A\u00e9rea Brasileira no dia 8\/2 e permaneceu empenhada nas buscas por sobreviventes at\u00e9 quarta-feira (22\/2), quando encerrou o prazo do decreto brasileiro.<\/p>\n\n\n\n<p class=\"wp-block-paragraph\">Esta \u00e9 a terceira vez que o&nbsp;<a href=\"https:\/\/www.bombeiros.mg.gov.br\/\" target=\"_blank\" rel=\"noreferrer noopener\">Corpo de Bombeiros Militar de Minas Gerais (CBMMG)<\/a>&nbsp;participa de ajuda humanit\u00e1ria em pa\u00edses que foram assolados por desastres naturais, ajudando a salvar&nbsp;vidas.&nbsp;<\/p>\n\n\n\n<p class=\"wp-block-paragraph\">Os bombeiros do CBMMG integram o Batalh\u00e3o de Emerg\u00eancias Ambientais e Resposta a Desastres (Bemad). Um dos momentos mais dif\u00edceis vivenciados pela equipe foi o trabalho de retirada de v\u00edtimas em Kahramanmaras, em dois conjuntos residenciais totalmente destru\u00eddos pelo terremoto.&nbsp;<\/p>\n\n\n\n<p class=\"wp-block-paragraph\">Comandada pelo major Heitor Aguiar Mendon\u00e7a, subcomandante do Bemad, a equipe mineira contou tamb\u00e9m com o capit\u00e3o Tiago Silva, o tenente Leonan Soares, os sargento William Lopes e Leonardo Costa, al\u00e9m do cabo Vitor Bruno Alves de Oliveira.<\/p>\n\n\n\n<p class=\"wp-block-paragraph\">&#8212;&#8212;&#8212;&#8212;&#8212;&#8212;<br><br><strong>Sabia que o Aconteceu no Vale est\u00e1 tamb\u00e9m no Telegram? <a rel=\"noreferrer noopener\" href=\"https:\/\/t.me\/aconteceunovaleoficial\" target=\"_blank\">Inscreva-se no canal<\/a>.<\/strong><br><br><strong>J\u00e1 curtiu ou seguiu nossas p\u00e1ginas nas redes sociais?\u00a0Receba as not\u00edcias em primeira m\u00e3o:<\/strong><br>\u2022 <a rel=\"noreferrer noopener\" href=\"https:\/\/news.google.com\/publications\/CAAqBwgKMNjklQswi4etAw?hl=pt-BR&amp;gl=BR&amp;ceid=BR%3Apt-419\" target=\"_blank\">Google News<\/a><br>\u2022 <a rel=\"noreferrer noopener\" href=\"https:\/\/www.facebook.com\/aconteceunovale\/\" target=\"_blank\">Facebook<\/a><br>\u2022 <a rel=\"noreferrer noopener\" href=\"https:\/\/twitter.com\/noticiadosvales\" target=\"_blank\">Twitter<\/a><br>\u2022 <a rel=\"noreferrer noopener\" href=\"https:\/\/www.instagram.com\/aconteceunovale\" target=\"_blank\">Instagram<\/a><br>\u2022 <a rel=\"noreferrer noopener\" href=\"https:\/\/www.youtube.com\/AconteceunoValeOficial\" target=\"_blank\">Youtube<\/a><br>\u2022 <a rel=\"noreferrer noopener\" href=\"https:\/\/www.tiktok.com\/@aconteceunovale\" target=\"_blank\">TikTok<\/a><\/p>\n","protected":false},"excerpt":{"rendered":"<p>Ap\u00f3s 17 dias trabalhando na miss\u00e3o de buscas e de ajuda humanit\u00e1ria na Turquia, pa\u00eds devastado por terremotos, seis bombeiros militares mineiros, que compuseram a comitiva brasileira, retornam a Minas Gerais neste s\u00e1bado (25\/2). Mais de 50 mil pessoas morreram no pa\u00eds e na S\u00edria. A equipe brasileira, que contou com bombeiros militares de Minas, [&hellip;]<\/p>\n","protected":false},"author":4,"featured_media":193543,"comment_status":"open","ping_status":"closed","sticky":false,"template":"","format":"standard","meta":{"amp_status":"","footnotes":""},"categories":[123],"tags":[8435,267329,267333,267571,267662,4785,1018,4484,131,2382,14379,267331,267330,267332,46271],"class_list":["post-193542","post","type-post","status-publish","format-standard","has-post-thumbnail","hentry","category-gerais","tag-adana","tag-ajuda-humanitaria-brasileira-chega-a-turquia-apos-terremoto","tag-ajuda-humanitaria-brasileira-na-turquia","tag-bombeiros-de-minas-gerais-completam-11-dias-de-operacoes-na-turquia","tag-bombeiros-que-ajudaram-nas-buscas-por-sobreviventes-na-turquia-retornam-a-minas-gerais","tag-brasil","tag-destaque","tag-espirito-santo","tag-minas-gerais","tag-sao-paulo","tag-siria","tag-terremoto-na-siria","tag-terremoto-na-siria-e-turquia","tag-terremoto-na-turquia","tag-turquia"],"yoast_head":"<!-- This site is optimized with the Yoast SEO plugin v28.3 - https:\/\/yoast.com\/product\/yoast-seo-wordpress\/ -->\n<title>Bombeiros que ajudaram nas buscas por sobreviventes na Turquia retornam a Minas Gerais - Aconteceu no Vale<\/title>\n<meta name=\"robots\" content=\"index, follow, max-snippet:-1, max-image-preview:large, max-video-preview:-1\" \/>\n<link rel=\"canonical\" href=\"https:\/\/aconteceunovale.com.br\/portal\/?p=193542\" \/>\n<meta property=\"og:locale\" content=\"pt_BR\" \/>\n<meta property=\"og:type\" content=\"article\" \/>\n<meta property=\"og:title\" content=\"Bombeiros que ajudaram nas buscas por sobreviventes na Turquia retornam a Minas Gerais - Aconteceu no Vale\" \/>\n<meta property=\"og:description\" content=\"Ap\u00f3s 17 dias trabalhando na miss\u00e3o de buscas e de ajuda humanit\u00e1ria na Turquia, pa\u00eds devastado por terremotos, seis bombeiros militares mineiros, que compuseram a comitiva brasileira, retornam a Minas Gerais neste s\u00e1bado (25\/2). Mais de 50 mil pessoas morreram no pa\u00eds e na S\u00edria. A equipe brasileira, que contou com bombeiros militares de Minas, [&hellip;]\" \/>\n<meta property=\"og:url\" content=\"https:\/\/aconteceunovale.com.br\/portal\/?p=193542\" \/>\n<meta property=\"og:site_name\" content=\"Aconteceu no Vale\" \/>\n<meta property=\"article:publisher\" content=\"https:\/\/www.facebook.com\/aconteceunovale\/\" \/>\n<meta property=\"article:published_time\" content=\"2023-02-25T23:27:28+00:00\" \/>\n<meta property=\"article:modified_time\" content=\"2023-02-25T23:27:58+00:00\" \/>\n<meta property=\"og:image\" content=\"https:\/\/aconteceunovale.com.br\/portal\/wp-content\/uploads\/2023\/02\/bombeiros_mg.jpg\" \/>\n\t<meta property=\"og:image:width\" content=\"602\" \/>\n\t<meta property=\"og:image:height\" content=\"450\" \/>\n\t<meta property=\"og:image:type\" content=\"image\/jpeg\" \/>\n<meta name=\"author\" content=\"Reda\u00e7\u00e3o Aconteceu no Vale\" \/>\n<meta name=\"twitter:card\" content=\"summary_large_image\" \/>\n<meta name=\"twitter:creator\" content=\"@noticiadosvales\" \/>\n<meta name=\"twitter:site\" content=\"@noticiadosvales\" \/>\n<meta name=\"twitter:label1\" content=\"Escrito por\" \/>\n\t<meta name=\"twitter:data1\" content=\"Reda\u00e7\u00e3o Aconteceu no Vale\" \/>\n\t<meta name=\"twitter:label2\" content=\"Est. tempo de leitura\" \/>\n\t<meta name=\"twitter:data2\" content=\"1 minuto\" \/>\n<script type=\"application\/ld+json\" class=\"yoast-schema-graph\">{\"@context\":\"https:\\\/\\\/schema.org\",\"@graph\":[{\"@type\":\"Article\",\"@id\":\"https:\\\/\\\/aconteceunovale.com.br\\\/portal\\\/?p=193542#article\",\"isPartOf\":{\"@id\":\"https:\\\/\\\/aconteceunovale.com.br\\\/portal\\\/?p=193542\"},\"author\":{\"name\":\"Reda\u00e7\u00e3o Aconteceu no Vale\",\"@id\":\"https:\\\/\\\/aconteceunovale.com.br\\\/portal\\\/#\\\/schema\\\/person\\\/7d2f26d1483f8a63de73da1ee0754d35\"},\"headline\":\"Bombeiros que ajudaram nas buscas por sobreviventes na Turquia retornam a Minas Gerais\",\"datePublished\":\"2023-02-25T23:27:28+00:00\",\"dateModified\":\"2023-02-25T23:27:58+00:00\",\"mainEntityOfPage\":{\"@id\":\"https:\\\/\\\/aconteceunovale.com.br\\\/portal\\\/?p=193542\"},\"wordCount\":277,\"commentCount\":0,\"image\":{\"@id\":\"https:\\\/\\\/aconteceunovale.com.br\\\/portal\\\/?p=193542#primaryimage\"},\"thumbnailUrl\":\"https:\\\/\\\/aconteceunovale.com.br\\\/portal\\\/wp-content\\\/uploads\\\/2023\\\/02\\\/bombeiros_mg.jpg\",\"keywords\":[\"Adana\",\"Ajuda humanit\u00e1ria brasileira chega \u00e0 Turquia ap\u00f3s terremoto\",\"Ajuda humanit\u00e1ria brasileira na Turquia\",\"Bombeiros de Minas Gerais completam 11 dias de opera\u00e7\u00f5es na Turquia\",\"Bombeiros que ajudaram nas buscas por sobreviventes na Turquia retornam a Minas Gerais\",\"brasil\",\"destaque\",\"Esp\u00edrito Santo\",\"Minas Gerais\",\"S\u00e3o Paulo\",\"S\u00edria\",\"Terremoto na S\u00edria\",\"Terremoto na S\u00edria e Turquia\",\"Terremoto na Turquia\",\"Turquia\"],\"articleSection\":[\"Minas Gerais\"],\"inLanguage\":\"pt-BR\",\"potentialAction\":[{\"@type\":\"CommentAction\",\"name\":\"Comment\",\"target\":[\"https:\\\/\\\/aconteceunovale.com.br\\\/portal\\\/?p=193542#respond\"]}]},{\"@type\":\"WebPage\",\"@id\":\"https:\\\/\\\/aconteceunovale.com.br\\\/portal\\\/?p=193542\",\"url\":\"https:\\\/\\\/aconteceunovale.com.br\\\/portal\\\/?p=193542\",\"name\":\"Bombeiros que ajudaram nas buscas por sobreviventes na Turquia retornam a Minas Gerais - Aconteceu no Vale\",\"isPartOf\":{\"@id\":\"https:\\\/\\\/aconteceunovale.com.br\\\/portal\\\/#website\"},\"primaryImageOfPage\":{\"@id\":\"https:\\\/\\\/aconteceunovale.com.br\\\/portal\\\/?p=193542#primaryimage\"},\"image\":{\"@id\":\"https:\\\/\\\/aconteceunovale.com.br\\\/portal\\\/?p=193542#primaryimage\"},\"thumbnailUrl\":\"https:\\\/\\\/aconteceunovale.com.br\\\/portal\\\/wp-content\\\/uploads\\\/2023\\\/02\\\/bombeiros_mg.jpg\",\"datePublished\":\"2023-02-25T23:27:28+00:00\",\"dateModified\":\"2023-02-25T23:27:58+00:00\",\"author\":{\"@id\":\"https:\\\/\\\/aconteceunovale.com.br\\\/portal\\\/#\\\/schema\\\/person\\\/7d2f26d1483f8a63de73da1ee0754d35\"},\"breadcrumb\":{\"@id\":\"https:\\\/\\\/aconteceunovale.com.br\\\/portal\\\/?p=193542#breadcrumb\"},\"inLanguage\":\"pt-BR\",\"potentialAction\":[{\"@type\":\"ReadAction\",\"target\":[\"https:\\\/\\\/aconteceunovale.com.br\\\/portal\\\/?p=193542\"]}]},{\"@type\":\"ImageObject\",\"inLanguage\":\"pt-BR\",\"@id\":\"https:\\\/\\\/aconteceunovale.com.br\\\/portal\\\/?p=193542#primaryimage\",\"url\":\"https:\\\/\\\/aconteceunovale.com.br\\\/portal\\\/wp-content\\\/uploads\\\/2023\\\/02\\\/bombeiros_mg.jpg\",\"contentUrl\":\"https:\\\/\\\/aconteceunovale.com.br\\\/portal\\\/wp-content\\\/uploads\\\/2023\\\/02\\\/bombeiros_mg.jpg\",\"width\":602,\"height\":450},{\"@type\":\"BreadcrumbList\",\"@id\":\"https:\\\/\\\/aconteceunovale.com.br\\\/portal\\\/?p=193542#breadcrumb\",\"itemListElement\":[{\"@type\":\"ListItem\",\"position\":1,\"name\":\"In\u00edcio\",\"item\":\"https:\\\/\\\/aconteceunovale.com.br\\\/portal\\\/\"},{\"@type\":\"ListItem\",\"position\":2,\"name\":\"Bombeiros que ajudaram nas buscas por sobreviventes na Turquia retornam a Minas Gerais\"}]},{\"@type\":\"WebSite\",\"@id\":\"https:\\\/\\\/aconteceunovale.com.br\\\/portal\\\/#website\",\"url\":\"https:\\\/\\\/aconteceunovale.com.br\\\/portal\\\/\",\"name\":\"Aconteceu no Vale\",\"description\":\"Portal de Not\u00edcias\",\"potentialAction\":[{\"@type\":\"SearchAction\",\"target\":{\"@type\":\"EntryPoint\",\"urlTemplate\":\"https:\\\/\\\/aconteceunovale.com.br\\\/portal\\\/?s={search_term_string}\"},\"query-input\":{\"@type\":\"PropertyValueSpecification\",\"valueRequired\":true,\"valueName\":\"search_term_string\"}}],\"inLanguage\":\"pt-BR\"},{\"@type\":\"Person\",\"@id\":\"https:\\\/\\\/aconteceunovale.com.br\\\/portal\\\/#\\\/schema\\\/person\\\/7d2f26d1483f8a63de73da1ee0754d35\",\"name\":\"Reda\u00e7\u00e3o Aconteceu no Vale\",\"description\":\"Equipe de reportagem do Aconteceu no Vale, portal de not\u00edcias do Vale do Jequitinhonha, em Minas Gerais. Cobrimos as 51 cidades do Vale desde 2013. Sugest\u00f5es de pauta e pedidos de corre\u00e7\u00e3o: contato@aconteceunovale.com.br\",\"url\":\"https:\\\/\\\/aconteceunovale.com.br\\\/portal\\\/?author=4\"}]}<\/script>\n<!-- \/ Yoast SEO plugin. -->","yoast_head_json":{"title":"Bombeiros que ajudaram nas buscas por sobreviventes na Turquia retornam a Minas Gerais - Aconteceu no Vale","robots":{"index":"index","follow":"follow","max-snippet":"max-snippet:-1","max-image-preview":"max-image-preview:large","max-video-preview":"max-video-preview:-1"},"canonical":"https:\/\/aconteceunovale.com.br\/portal\/?p=193542","og_locale":"pt_BR","og_type":"article","og_title":"Bombeiros que ajudaram nas buscas por sobreviventes na Turquia retornam a Minas Gerais - Aconteceu no Vale","og_description":"Ap\u00f3s 17 dias trabalhando na miss\u00e3o de buscas e de ajuda humanit\u00e1ria na Turquia, pa\u00eds devastado por terremotos, seis bombeiros militares mineiros, que compuseram a comitiva brasileira, retornam a Minas Gerais neste s\u00e1bado (25\/2). Mais de 50 mil pessoas morreram no pa\u00eds e na S\u00edria. A equipe brasileira, que contou com bombeiros militares de Minas, [&hellip;]","og_url":"https:\/\/aconteceunovale.com.br\/portal\/?p=193542","og_site_name":"Aconteceu no Vale","article_publisher":"https:\/\/www.facebook.com\/aconteceunovale\/","article_published_time":"2023-02-25T23:27:28+00:00","article_modified_time":"2023-02-25T23:27:58+00:00","og_image":[{"width":602,"height":450,"url":"https:\/\/aconteceunovale.com.br\/portal\/wp-content\/uploads\/2023\/02\/bombeiros_mg.jpg","type":"image\/jpeg"}],"author":"Reda\u00e7\u00e3o Aconteceu no Vale","twitter_card":"summary_large_image","twitter_creator":"@noticiadosvales","twitter_site":"@noticiadosvales","twitter_misc":{"Escrito por":"Reda\u00e7\u00e3o Aconteceu no Vale","Est. tempo de leitura":"1 minuto"},"schema":{"@context":"https:\/\/schema.org","@graph":[{"@type":"Article","@id":"https:\/\/aconteceunovale.com.br\/portal\/?p=193542#article","isPartOf":{"@id":"https:\/\/aconteceunovale.com.br\/portal\/?p=193542"},"author":{"name":"Reda\u00e7\u00e3o Aconteceu no Vale","@id":"https:\/\/aconteceunovale.com.br\/portal\/#\/schema\/person\/7d2f26d1483f8a63de73da1ee0754d35"},"headline":"Bombeiros que ajudaram nas buscas por sobreviventes na Turquia retornam a Minas Gerais","datePublished":"2023-02-25T23:27:28+00:00","dateModified":"2023-02-25T23:27:58+00:00","mainEntityOfPage":{"@id":"https:\/\/aconteceunovale.com.br\/portal\/?p=193542"},"wordCount":277,"commentCount":0,"image":{"@id":"https:\/\/aconteceunovale.com.br\/portal\/?p=193542#primaryimage"},"thumbnailUrl":"https:\/\/aconteceunovale.com.br\/portal\/wp-content\/uploads\/2023\/02\/bombeiros_mg.jpg","keywords":["Adana","Ajuda humanit\u00e1ria brasileira chega \u00e0 Turquia ap\u00f3s terremoto","Ajuda humanit\u00e1ria brasileira na Turquia","Bombeiros de Minas Gerais completam 11 dias de opera\u00e7\u00f5es na Turquia","Bombeiros que ajudaram nas buscas por sobreviventes na Turquia retornam a Minas Gerais","brasil","destaque","Esp\u00edrito Santo","Minas Gerais","S\u00e3o Paulo","S\u00edria","Terremoto na S\u00edria","Terremoto na S\u00edria e Turquia","Terremoto na Turquia","Turquia"],"articleSection":["Minas Gerais"],"inLanguage":"pt-BR","potentialAction":[{"@type":"CommentAction","name":"Comment","target":["https:\/\/aconteceunovale.com.br\/portal\/?p=193542#respond"]}]},{"@type":"WebPage","@id":"https:\/\/aconteceunovale.com.br\/portal\/?p=193542","url":"https:\/\/aconteceunovale.com.br\/portal\/?p=193542","name":"Bombeiros que ajudaram nas buscas por sobreviventes na Turquia retornam a Minas Gerais - Aconteceu no Vale","isPartOf":{"@id":"https:\/\/aconteceunovale.com.br\/portal\/#website"},"primaryImageOfPage":{"@id":"https:\/\/aconteceunovale.com.br\/portal\/?p=193542#primaryimage"},"image":{"@id":"https:\/\/aconteceunovale.com.br\/portal\/?p=193542#primaryimage"},"thumbnailUrl":"https:\/\/aconteceunovale.com.br\/portal\/wp-content\/uploads\/2023\/02\/bombeiros_mg.jpg","datePublished":"2023-02-25T23:27:28+00:00","dateModified":"2023-02-25T23:27:58+00:00","author":{"@id":"https:\/\/aconteceunovale.com.br\/portal\/#\/schema\/person\/7d2f26d1483f8a63de73da1ee0754d35"},"breadcrumb":{"@id":"https:\/\/aconteceunovale.com.br\/portal\/?p=193542#breadcrumb"},"inLanguage":"pt-BR","potentialAction":[{"@type":"ReadAction","target":["https:\/\/aconteceunovale.com.br\/portal\/?p=193542"]}]},{"@type":"ImageObject","inLanguage":"pt-BR","@id":"https:\/\/aconteceunovale.com.br\/portal\/?p=193542#primaryimage","url":"https:\/\/aconteceunovale.com.br\/portal\/wp-content\/uploads\/2023\/02\/bombeiros_mg.jpg","contentUrl":"https:\/\/aconteceunovale.com.br\/portal\/wp-content\/uploads\/2023\/02\/bombeiros_mg.jpg","width":602,"height":450},{"@type":"BreadcrumbList","@id":"https:\/\/aconteceunovale.com.br\/portal\/?p=193542#breadcrumb","itemListElement":[{"@type":"ListItem","position":1,"name":"In\u00edcio","item":"https:\/\/aconteceunovale.com.br\/portal\/"},{"@type":"ListItem","position":2,"name":"Bombeiros que ajudaram nas buscas por sobreviventes na Turquia retornam a Minas Gerais"}]},{"@type":"WebSite","@id":"https:\/\/aconteceunovale.com.br\/portal\/#website","url":"https:\/\/aconteceunovale.com.br\/portal\/","name":"Aconteceu no Vale","description":"Portal de Not\u00edcias","potentialAction":[{"@type":"SearchAction","target":{"@type":"EntryPoint","urlTemplate":"https:\/\/aconteceunovale.com.br\/portal\/?s={search_term_string}"},"query-input":{"@type":"PropertyValueSpecification","valueRequired":true,"valueName":"search_term_string"}}],"inLanguage":"pt-BR"},{"@type":"Person","@id":"https:\/\/aconteceunovale.com.br\/portal\/#\/schema\/person\/7d2f26d1483f8a63de73da1ee0754d35","name":"Reda\u00e7\u00e3o Aconteceu no Vale","description":"Equipe de reportagem do Aconteceu no Vale, portal de not\u00edcias do Vale do Jequitinhonha, em Minas Gerais. Cobrimos as 51 cidades do Vale desde 2013. Sugest\u00f5es de pauta e pedidos de corre\u00e7\u00e3o: contato@aconteceunovale.com.br","url":"https:\/\/aconteceunovale.com.br\/portal\/?author=4"}]}},"_links":{"self":[{"href":"https:\/\/aconteceunovale.com.br\/portal\/index.php?rest_route=\/wp\/v2\/posts\/193542","targetHints":{"allow":["GET"]}}],"collection":[{"href":"https:\/\/aconteceunovale.com.br\/portal\/index.php?rest_route=\/wp\/v2\/posts"}],"about":[{"href":"https:\/\/aconteceunovale.com.br\/portal\/index.php?rest_route=\/wp\/v2\/types\/post"}],"author":[{"embeddable":true,"href":"https:\/\/aconteceunovale.com.br\/portal\/index.php?rest_route=\/wp\/v2\/users\/4"}],"replies":[{"embeddable":true,"href":"https:\/\/aconteceunovale.com.br\/portal\/index.php?rest_route=%2Fwp%2Fv2%2Fcomments&post=193542"}],"version-history":[{"count":1,"href":"https:\/\/aconteceunovale.com.br\/portal\/index.php?rest_route=\/wp\/v2\/posts\/193542\/revisions"}],"predecessor-version":[{"id":193544,"href":"https:\/\/aconteceunovale.com.br\/portal\/index.php?rest_route=\/wp\/v2\/posts\/193542\/revisions\/193544"}],"wp:featuredmedia":[{"embeddable":true,"href":"https:\/\/aconteceunovale.com.br\/portal\/index.php?rest_route=\/wp\/v2\/media\/193543"}],"wp:attachment":[{"href":"https:\/\/aconteceunovale.com.br\/portal\/index.php?rest_route=%2Fwp%2Fv2%2Fmedia&parent=193542"}],"wp:term":[{"taxonomy":"category","embeddable":true,"href":"https:\/\/aconteceunovale.com.br\/portal\/index.php?rest_route=%2Fwp%2Fv2%2Fcategories&post=193542"},{"taxonomy":"post_tag","embeddable":true,"href":"https:\/\/aconteceunovale.com.br\/portal\/index.php?rest_route=%2Fwp%2Fv2%2Ftags&post=193542"}],"curies":[{"name":"wp","href":"https:\/\/api.w.org\/{rel}","templated":true}]}}