{"id":193537,"date":"2023-02-25T20:16:42","date_gmt":"2023-02-25T23:16:42","guid":{"rendered":"https:\/\/aconteceunovale.com.br\/portal\/?p=193537"},"modified":"2026-09-02T12:29:26","modified_gmt":"2026-09-02T15:29:26","slug":"aneel-mantem-bandeira-tarifaria-verde-para-marco","status":"publish","type":"post","link":"https:\/\/aconteceunovale.com.br\/portal\/?p=193537","title":{"rendered":"Aneel mant\u00e9m bandeira tarif\u00e1ria verde para mar\u00e7o"},"content":{"rendered":"\n<p class=\"wp-block-paragraph\">O consumidor n\u00e3o pagar\u00e1 taxa extra sobre a conta de luz em mar\u00e7o. A Ag\u00eancia Nacional de Energia El\u00e9trica (Aneel) manteve a bandeira verde para o pr\u00f3ximo m\u00eas para todos os consumidores conectados ao Sistema Interligado Nacional (SIN).<\/p>\n\n\n\n<p class=\"wp-block-paragraph\">A conta de luz est\u00e1 sem essas taxas desde o fim da bandeira de escassez h\u00eddrica, que durou de setembro de 2021 at\u00e9 meados de abril de 2022. Segundo a Aneel, na ocasi\u00e3o a bandeira verde foi escolhida devido \u00e0s condi\u00e7\u00f5es favor\u00e1veis de gera\u00e7\u00e3o de energia, com os reservat\u00f3rios das usinas hidrel\u00e9tricas em n\u00edveis satisfat\u00f3rios.<\/p>\n\n\n\n<p class=\"wp-block-paragraph\">Caso houvesse a institui\u00e7\u00e3o das outras bandeiras, a conta de luz refletiria o reajuste de at\u00e9 64% das bandeiras tarif\u00e1rias\u00a0aprovado em junho de 2022 pela Aneel. Segundo a ag\u00eancia, os aumentos refletiram a infla\u00e7\u00e3o e o maior custo das usinas termel\u00e9tricas neste ano, decorrente do encarecimento do petr\u00f3leo e do g\u00e1s natural nos \u00faltimos meses.<\/p>\n\n\n\n<h2 class=\"wp-block-heading\">Bandeiras<\/h2>\n\n\n\n<p class=\"wp-block-paragraph\">Criadas em 2015 pela Aneel, as\u00a0bandeiras tarif\u00e1rias\u00a0refletem os custos vari\u00e1veis da gera\u00e7\u00e3o de energia el\u00e9trica. Divididas em n\u00edveis, as bandeiras indicam quanto est\u00e1 custando para o SIN gerar a energia usada nas casas, em estabelecimentos comerciais e nas ind\u00fastrias.<\/p>\n\n\n\n<p class=\"wp-block-paragraph\">Quando a conta de luz \u00e9 calculada pela bandeira verde, n\u00e3o h\u00e1 nenhum acr\u00e9scimo. Quando s\u00e3o aplicadas as bandeiras vermelha ou amarela, a conta sofre acr\u00e9scimos, que variam de R$ 2,989 (bandeira amarela) a R$ 9,795 (bandeira vermelha patamar 2) a cada 100 quilowatts-hora (kWh) consumidos. Quando a bandeira de escassez h\u00eddrica vigorou de setembro de 2021 a 15 de abril de 2022, o consumidor pagava R$ 14,20 extras a cada 100 kWh.<\/p>\n\n\n\n<p class=\"wp-block-paragraph\">O Sistema Interligado Nacional \u00e9 dividido em quatro subsistemas: Sudeste\/Centro-Oeste, Sul, Nordeste e Norte. Praticamente todo o pa\u00eds \u00e9 coberto pelo SIN. A exce\u00e7\u00e3o s\u00e3o algumas partes de estados da Regi\u00e3o Norte e de Mato Grosso, al\u00e9m de todo o estado de Roraima.<\/p>\n\n\n\n<p class=\"wp-block-paragraph\">Atualmente, h\u00e1 212 localidades isoladas do SIN, nas quais o consumo \u00e9 baixo e representa menos de 1% da carga total do pa\u00eds. A demanda por energia nessas regi\u00f5es \u00e9 suprida, principalmente, por t\u00e9rmicas a \u00f3leo diesel.<\/p>\n\n\n\n<p class=\"wp-block-paragraph\">&#8212;&#8212;&#8212;&#8212;&#8212;&#8212;<br><br><strong>Sabia que o Aconteceu no Vale est\u00e1 tamb\u00e9m no Telegram? <a rel=\"noreferrer noopener\" href=\"https:\/\/t.me\/aconteceunovaleoficial\" target=\"_blank\">Inscreva-se no canal<\/a>.<\/strong><br><br><strong>J\u00e1 curtiu ou seguiu nossas p\u00e1ginas nas redes sociais?\u00a0Receba as not\u00edcias em primeira m\u00e3o:<\/strong><br>\u2022 <a rel=\"noreferrer noopener\" href=\"https:\/\/news.google.com\/publications\/CAAqBwgKMNjklQswi4etAw?hl=pt-BR&amp;gl=BR&amp;ceid=BR%3Apt-419\" target=\"_blank\">Google News<\/a><br>\u2022 <a rel=\"noreferrer noopener\" href=\"https:\/\/www.facebook.com\/aconteceunovale\/\" target=\"_blank\">Facebook<\/a><br>\u2022 <a rel=\"noreferrer noopener\" href=\"https:\/\/twitter.com\/noticiadosvales\" target=\"_blank\">Twitter<\/a><br>\u2022 <a rel=\"noreferrer noopener\" href=\"https:\/\/www.instagram.com\/aconteceunovale\" target=\"_blank\">Instagram<\/a><br>\u2022 <a rel=\"noreferrer noopener\" href=\"https:\/\/www.youtube.com\/AconteceunoValeOficial\" target=\"_blank\">Youtube<\/a><br>\u2022 <a rel=\"noreferrer noopener\" href=\"https:\/\/www.tiktok.com\/@aconteceunovale\" target=\"_blank\">TikTok<\/a><\/p>\n","protected":false},"excerpt":{"rendered":"<p>O consumidor n\u00e3o pagar\u00e1 taxa extra sobre a conta de luz em mar\u00e7o. A Ag\u00eancia Nacional de Energia El\u00e9trica (Aneel) manteve a bandeira verde para o pr\u00f3ximo m\u00eas para todos os consumidores conectados ao Sistema Interligado Nacional (SIN). A conta de luz est\u00e1 sem essas taxas desde o fim da bandeira de escassez h\u00eddrica, que [&hellip;]<\/p>\n","protected":false},"author":4,"featured_media":136246,"comment_status":"open","ping_status":"closed","sticky":false,"template":"","format":"standard","meta":{"amp_status":"","footnotes":""},"categories":[6],"tags":[267656,26918,267657,267658,265478,140810,35833,31753,35418],"class_list":["post-193537","post","type-post","status-publish","format-standard","has-post-thumbnail","hentry","category-br","tag-agencia-nacional-de-energia-eletrica-mantem-bandeira-tarifaria-verde-para-marco","tag-aneel","tag-aneel-mantem-bandeira-tarifaria-verde-para-marco","tag-aneel-mantem-bandeira-tarifaria-verde-para-o-mes-de-marco","tag-bandeira-de-novembro-da-conta-de-energia","tag-bandeira-tarifaria-de-marco","tag-conta-de-energia-eletrica","tag-conta-de-luz","tag-energia-eletrica"],"yoast_head":"<!-- This site is optimized with the Yoast SEO plugin v28.3 - https:\/\/yoast.com\/product\/yoast-seo-wordpress\/ -->\n<title>Aneel mant\u00e9m bandeira tarif\u00e1ria verde para mar\u00e7o - Aconteceu no Vale<\/title>\n<meta name=\"robots\" content=\"index, follow, max-snippet:-1, max-image-preview:large, max-video-preview:-1\" \/>\n<link rel=\"canonical\" href=\"https:\/\/aconteceunovale.com.br\/portal\/?p=193537\" \/>\n<meta property=\"og:locale\" content=\"pt_BR\" \/>\n<meta property=\"og:type\" content=\"article\" \/>\n<meta property=\"og:title\" content=\"Aneel mant\u00e9m bandeira tarif\u00e1ria verde para mar\u00e7o - Aconteceu no Vale\" \/>\n<meta property=\"og:description\" content=\"O consumidor n\u00e3o pagar\u00e1 taxa extra sobre a conta de luz em mar\u00e7o. A Ag\u00eancia Nacional de Energia El\u00e9trica (Aneel) manteve a bandeira verde para o pr\u00f3ximo m\u00eas para todos os consumidores conectados ao Sistema Interligado Nacional (SIN). A conta de luz est\u00e1 sem essas taxas desde o fim da bandeira de escassez h\u00eddrica, que [&hellip;]\" \/>\n<meta property=\"og:url\" content=\"https:\/\/aconteceunovale.com.br\/portal\/?p=193537\" \/>\n<meta property=\"og:site_name\" content=\"Aconteceu no Vale\" \/>\n<meta property=\"article:publisher\" content=\"https:\/\/www.facebook.com\/aconteceunovale\/\" \/>\n<meta property=\"article:published_time\" content=\"2023-02-25T23:16:42+00:00\" \/>\n<meta property=\"article:modified_time\" content=\"2026-09-02T15:29:26+00:00\" \/>\n<meta property=\"og:image\" content=\"https:\/\/aconteceunovale.com.br\/portal\/wp-content\/uploads\/2018\/09\/lampada.jpg\" \/>\n\t<meta property=\"og:image:width\" content=\"678\" \/>\n\t<meta property=\"og:image:height\" content=\"437\" \/>\n\t<meta property=\"og:image:type\" content=\"image\/jpeg\" \/>\n<meta name=\"author\" content=\"Reda\u00e7\u00e3o Aconteceu no Vale\" \/>\n<meta name=\"twitter:card\" content=\"summary_large_image\" \/>\n<meta name=\"twitter:creator\" content=\"@noticiadosvales\" \/>\n<meta name=\"twitter:site\" content=\"@noticiadosvales\" \/>\n<meta name=\"twitter:label1\" content=\"Escrito por\" \/>\n\t<meta name=\"twitter:data1\" content=\"Reda\u00e7\u00e3o Aconteceu no Vale\" \/>\n\t<meta name=\"twitter:label2\" content=\"Est. tempo de leitura\" \/>\n\t<meta name=\"twitter:data2\" content=\"2 minutos\" \/>\n<script type=\"application\/ld+json\" class=\"yoast-schema-graph\">{\"@context\":\"https:\\\/\\\/schema.org\",\"@graph\":[{\"@type\":\"Article\",\"@id\":\"https:\\\/\\\/aconteceunovale.com.br\\\/portal\\\/?p=193537#article\",\"isPartOf\":{\"@id\":\"https:\\\/\\\/aconteceunovale.com.br\\\/portal\\\/?p=193537\"},\"author\":{\"name\":\"Reda\u00e7\u00e3o Aconteceu no Vale\",\"@id\":\"https:\\\/\\\/aconteceunovale.com.br\\\/portal\\\/#\\\/schema\\\/person\\\/7d2f26d1483f8a63de73da1ee0754d35\"},\"headline\":\"Aneel mant\u00e9m bandeira tarif\u00e1ria verde para mar\u00e7o\",\"datePublished\":\"2023-02-25T23:16:42+00:00\",\"dateModified\":\"2026-09-02T15:29:26+00:00\",\"mainEntityOfPage\":{\"@id\":\"https:\\\/\\\/aconteceunovale.com.br\\\/portal\\\/?p=193537\"},\"wordCount\":415,\"commentCount\":0,\"image\":{\"@id\":\"https:\\\/\\\/aconteceunovale.com.br\\\/portal\\\/?p=193537#primaryimage\"},\"thumbnailUrl\":\"https:\\\/\\\/aconteceunovale.com.br\\\/portal\\\/wp-content\\\/uploads\\\/2018\\\/09\\\/lampada.jpg\",\"keywords\":[\"Ag\u00eancia Nacional de Energia El\u00e9trica mant\u00e9m bandeira tarif\u00e1ria verde para mar\u00e7o\",\"Aneel\",\"Aneel mant\u00e9m bandeira tarif\u00e1ria verde para mar\u00e7o\",\"Aneel mant\u00e9m bandeira tarif\u00e1ria verde para o m\u00eas de mar\u00e7o\",\"Bandeira de novembro da conta de energia\",\"Bandeira tarif\u00e1ria de mar\u00e7o\",\"conta de energia el\u00e9trica\",\"conta de luz\",\"energia el\u00e9trica\"],\"articleSection\":[\"Brasil\"],\"inLanguage\":\"pt-BR\",\"potentialAction\":[{\"@type\":\"CommentAction\",\"name\":\"Comment\",\"target\":[\"https:\\\/\\\/aconteceunovale.com.br\\\/portal\\\/?p=193537#respond\"]}]},{\"@type\":\"WebPage\",\"@id\":\"https:\\\/\\\/aconteceunovale.com.br\\\/portal\\\/?p=193537\",\"url\":\"https:\\\/\\\/aconteceunovale.com.br\\\/portal\\\/?p=193537\",\"name\":\"Aneel mant\u00e9m bandeira tarif\u00e1ria verde para mar\u00e7o - Aconteceu no Vale\",\"isPartOf\":{\"@id\":\"https:\\\/\\\/aconteceunovale.com.br\\\/portal\\\/#website\"},\"primaryImageOfPage\":{\"@id\":\"https:\\\/\\\/aconteceunovale.com.br\\\/portal\\\/?p=193537#primaryimage\"},\"image\":{\"@id\":\"https:\\\/\\\/aconteceunovale.com.br\\\/portal\\\/?p=193537#primaryimage\"},\"thumbnailUrl\":\"https:\\\/\\\/aconteceunovale.com.br\\\/portal\\\/wp-content\\\/uploads\\\/2018\\\/09\\\/lampada.jpg\",\"datePublished\":\"2023-02-25T23:16:42+00:00\",\"dateModified\":\"2026-09-02T15:29:26+00:00\",\"author\":{\"@id\":\"https:\\\/\\\/aconteceunovale.com.br\\\/portal\\\/#\\\/schema\\\/person\\\/7d2f26d1483f8a63de73da1ee0754d35\"},\"breadcrumb\":{\"@id\":\"https:\\\/\\\/aconteceunovale.com.br\\\/portal\\\/?p=193537#breadcrumb\"},\"inLanguage\":\"pt-BR\",\"potentialAction\":[{\"@type\":\"ReadAction\",\"target\":[\"https:\\\/\\\/aconteceunovale.com.br\\\/portal\\\/?p=193537\"]}]},{\"@type\":\"ImageObject\",\"inLanguage\":\"pt-BR\",\"@id\":\"https:\\\/\\\/aconteceunovale.com.br\\\/portal\\\/?p=193537#primaryimage\",\"url\":\"https:\\\/\\\/aconteceunovale.com.br\\\/portal\\\/wp-content\\\/uploads\\\/2018\\\/09\\\/lampada.jpg\",\"contentUrl\":\"https:\\\/\\\/aconteceunovale.com.br\\\/portal\\\/wp-content\\\/uploads\\\/2018\\\/09\\\/lampada.jpg\",\"width\":678,\"height\":437},{\"@type\":\"BreadcrumbList\",\"@id\":\"https:\\\/\\\/aconteceunovale.com.br\\\/portal\\\/?p=193537#breadcrumb\",\"itemListElement\":[{\"@type\":\"ListItem\",\"position\":1,\"name\":\"In\u00edcio\",\"item\":\"https:\\\/\\\/aconteceunovale.com.br\\\/portal\\\/\"},{\"@type\":\"ListItem\",\"position\":2,\"name\":\"Aneel mant\u00e9m bandeira tarif\u00e1ria verde para mar\u00e7o\"}]},{\"@type\":\"WebSite\",\"@id\":\"https:\\\/\\\/aconteceunovale.com.br\\\/portal\\\/#website\",\"url\":\"https:\\\/\\\/aconteceunovale.com.br\\\/portal\\\/\",\"name\":\"Aconteceu no Vale\",\"description\":\"Portal de Not\u00edcias\",\"potentialAction\":[{\"@type\":\"SearchAction\",\"target\":{\"@type\":\"EntryPoint\",\"urlTemplate\":\"https:\\\/\\\/aconteceunovale.com.br\\\/portal\\\/?s={search_term_string}\"},\"query-input\":{\"@type\":\"PropertyValueSpecification\",\"valueRequired\":true,\"valueName\":\"search_term_string\"}}],\"inLanguage\":\"pt-BR\"},{\"@type\":\"Person\",\"@id\":\"https:\\\/\\\/aconteceunovale.com.br\\\/portal\\\/#\\\/schema\\\/person\\\/7d2f26d1483f8a63de73da1ee0754d35\",\"name\":\"Reda\u00e7\u00e3o Aconteceu no Vale\",\"description\":\"Equipe de reportagem do Aconteceu no Vale, portal de not\u00edcias do Vale do Jequitinhonha, em Minas Gerais. Cobrimos as 51 cidades do Vale desde 2013. Sugest\u00f5es de pauta e pedidos de corre\u00e7\u00e3o: contato@aconteceunovale.com.br\",\"url\":\"https:\\\/\\\/aconteceunovale.com.br\\\/portal\\\/?author=4\"}]}<\/script>\n<!-- \/ Yoast SEO plugin. -->","yoast_head_json":{"title":"Aneel mant\u00e9m bandeira tarif\u00e1ria verde para mar\u00e7o - Aconteceu no Vale","robots":{"index":"index","follow":"follow","max-snippet":"max-snippet:-1","max-image-preview":"max-image-preview:large","max-video-preview":"max-video-preview:-1"},"canonical":"https:\/\/aconteceunovale.com.br\/portal\/?p=193537","og_locale":"pt_BR","og_type":"article","og_title":"Aneel mant\u00e9m bandeira tarif\u00e1ria verde para mar\u00e7o - Aconteceu no Vale","og_description":"O consumidor n\u00e3o pagar\u00e1 taxa extra sobre a conta de luz em mar\u00e7o. A Ag\u00eancia Nacional de Energia El\u00e9trica (Aneel) manteve a bandeira verde para o pr\u00f3ximo m\u00eas para todos os consumidores conectados ao Sistema Interligado Nacional (SIN). A conta de luz est\u00e1 sem essas taxas desde o fim da bandeira de escassez h\u00eddrica, que [&hellip;]","og_url":"https:\/\/aconteceunovale.com.br\/portal\/?p=193537","og_site_name":"Aconteceu no Vale","article_publisher":"https:\/\/www.facebook.com\/aconteceunovale\/","article_published_time":"2023-02-25T23:16:42+00:00","article_modified_time":"2026-09-02T15:29:26+00:00","og_image":[{"width":678,"height":437,"url":"https:\/\/aconteceunovale.com.br\/portal\/wp-content\/uploads\/2018\/09\/lampada.jpg","type":"image\/jpeg"}],"author":"Reda\u00e7\u00e3o Aconteceu no Vale","twitter_card":"summary_large_image","twitter_creator":"@noticiadosvales","twitter_site":"@noticiadosvales","twitter_misc":{"Escrito por":"Reda\u00e7\u00e3o Aconteceu no Vale","Est. tempo de leitura":"2 minutos"},"schema":{"@context":"https:\/\/schema.org","@graph":[{"@type":"Article","@id":"https:\/\/aconteceunovale.com.br\/portal\/?p=193537#article","isPartOf":{"@id":"https:\/\/aconteceunovale.com.br\/portal\/?p=193537"},"author":{"name":"Reda\u00e7\u00e3o Aconteceu no Vale","@id":"https:\/\/aconteceunovale.com.br\/portal\/#\/schema\/person\/7d2f26d1483f8a63de73da1ee0754d35"},"headline":"Aneel mant\u00e9m bandeira tarif\u00e1ria verde para mar\u00e7o","datePublished":"2023-02-25T23:16:42+00:00","dateModified":"2026-09-02T15:29:26+00:00","mainEntityOfPage":{"@id":"https:\/\/aconteceunovale.com.br\/portal\/?p=193537"},"wordCount":415,"commentCount":0,"image":{"@id":"https:\/\/aconteceunovale.com.br\/portal\/?p=193537#primaryimage"},"thumbnailUrl":"https:\/\/aconteceunovale.com.br\/portal\/wp-content\/uploads\/2018\/09\/lampada.jpg","keywords":["Ag\u00eancia Nacional de Energia El\u00e9trica mant\u00e9m bandeira tarif\u00e1ria verde para mar\u00e7o","Aneel","Aneel mant\u00e9m bandeira tarif\u00e1ria verde para mar\u00e7o","Aneel mant\u00e9m bandeira tarif\u00e1ria verde para o m\u00eas de mar\u00e7o","Bandeira de novembro da conta de energia","Bandeira tarif\u00e1ria de mar\u00e7o","conta de energia el\u00e9trica","conta de luz","energia el\u00e9trica"],"articleSection":["Brasil"],"inLanguage":"pt-BR","potentialAction":[{"@type":"CommentAction","name":"Comment","target":["https:\/\/aconteceunovale.com.br\/portal\/?p=193537#respond"]}]},{"@type":"WebPage","@id":"https:\/\/aconteceunovale.com.br\/portal\/?p=193537","url":"https:\/\/aconteceunovale.com.br\/portal\/?p=193537","name":"Aneel mant\u00e9m bandeira tarif\u00e1ria verde para mar\u00e7o - Aconteceu no Vale","isPartOf":{"@id":"https:\/\/aconteceunovale.com.br\/portal\/#website"},"primaryImageOfPage":{"@id":"https:\/\/aconteceunovale.com.br\/portal\/?p=193537#primaryimage"},"image":{"@id":"https:\/\/aconteceunovale.com.br\/portal\/?p=193537#primaryimage"},"thumbnailUrl":"https:\/\/aconteceunovale.com.br\/portal\/wp-content\/uploads\/2018\/09\/lampada.jpg","datePublished":"2023-02-25T23:16:42+00:00","dateModified":"2026-09-02T15:29:26+00:00","author":{"@id":"https:\/\/aconteceunovale.com.br\/portal\/#\/schema\/person\/7d2f26d1483f8a63de73da1ee0754d35"},"breadcrumb":{"@id":"https:\/\/aconteceunovale.com.br\/portal\/?p=193537#breadcrumb"},"inLanguage":"pt-BR","potentialAction":[{"@type":"ReadAction","target":["https:\/\/aconteceunovale.com.br\/portal\/?p=193537"]}]},{"@type":"ImageObject","inLanguage":"pt-BR","@id":"https:\/\/aconteceunovale.com.br\/portal\/?p=193537#primaryimage","url":"https:\/\/aconteceunovale.com.br\/portal\/wp-content\/uploads\/2018\/09\/lampada.jpg","contentUrl":"https:\/\/aconteceunovale.com.br\/portal\/wp-content\/uploads\/2018\/09\/lampada.jpg","width":678,"height":437},{"@type":"BreadcrumbList","@id":"https:\/\/aconteceunovale.com.br\/portal\/?p=193537#breadcrumb","itemListElement":[{"@type":"ListItem","position":1,"name":"In\u00edcio","item":"https:\/\/aconteceunovale.com.br\/portal\/"},{"@type":"ListItem","position":2,"name":"Aneel mant\u00e9m bandeira tarif\u00e1ria verde para mar\u00e7o"}]},{"@type":"WebSite","@id":"https:\/\/aconteceunovale.com.br\/portal\/#website","url":"https:\/\/aconteceunovale.com.br\/portal\/","name":"Aconteceu no Vale","description":"Portal de Not\u00edcias","potentialAction":[{"@type":"SearchAction","target":{"@type":"EntryPoint","urlTemplate":"https:\/\/aconteceunovale.com.br\/portal\/?s={search_term_string}"},"query-input":{"@type":"PropertyValueSpecification","valueRequired":true,"valueName":"search_term_string"}}],"inLanguage":"pt-BR"},{"@type":"Person","@id":"https:\/\/aconteceunovale.com.br\/portal\/#\/schema\/person\/7d2f26d1483f8a63de73da1ee0754d35","name":"Reda\u00e7\u00e3o Aconteceu no Vale","description":"Equipe de reportagem do Aconteceu no Vale, portal de not\u00edcias do Vale do Jequitinhonha, em Minas Gerais. Cobrimos as 51 cidades do Vale desde 2013. Sugest\u00f5es de pauta e pedidos de corre\u00e7\u00e3o: contato@aconteceunovale.com.br","url":"https:\/\/aconteceunovale.com.br\/portal\/?author=4"}]}},"_links":{"self":[{"href":"https:\/\/aconteceunovale.com.br\/portal\/index.php?rest_route=\/wp\/v2\/posts\/193537","targetHints":{"allow":["GET"]}}],"collection":[{"href":"https:\/\/aconteceunovale.com.br\/portal\/index.php?rest_route=\/wp\/v2\/posts"}],"about":[{"href":"https:\/\/aconteceunovale.com.br\/portal\/index.php?rest_route=\/wp\/v2\/types\/post"}],"author":[{"embeddable":true,"href":"https:\/\/aconteceunovale.com.br\/portal\/index.php?rest_route=\/wp\/v2\/users\/4"}],"replies":[{"embeddable":true,"href":"https:\/\/aconteceunovale.com.br\/portal\/index.php?rest_route=%2Fwp%2Fv2%2Fcomments&post=193537"}],"version-history":[{"count":1,"href":"https:\/\/aconteceunovale.com.br\/portal\/index.php?rest_route=\/wp\/v2\/posts\/193537\/revisions"}],"predecessor-version":[{"id":193538,"href":"https:\/\/aconteceunovale.com.br\/portal\/index.php?rest_route=\/wp\/v2\/posts\/193537\/revisions\/193538"}],"wp:featuredmedia":[{"embeddable":true,"href":"https:\/\/aconteceunovale.com.br\/portal\/index.php?rest_route=\/wp\/v2\/media\/136246"}],"wp:attachment":[{"href":"https:\/\/aconteceunovale.com.br\/portal\/index.php?rest_route=%2Fwp%2Fv2%2Fmedia&parent=193537"}],"wp:term":[{"taxonomy":"category","embeddable":true,"href":"https:\/\/aconteceunovale.com.br\/portal\/index.php?rest_route=%2Fwp%2Fv2%2Fcategories&post=193537"},{"taxonomy":"post_tag","embeddable":true,"href":"https:\/\/aconteceunovale.com.br\/portal\/index.php?rest_route=%2Fwp%2Fv2%2Ftags&post=193537"}],"curies":[{"name":"wp","href":"https:\/\/api.w.org\/{rel}","templated":true}]}}