{"id":19335,"date":"2014-01-24T19:36:05","date_gmt":"2014-01-24T21:36:05","guid":{"rendered":"http:\/\/aconteceunovale.com.br\/portal\/?p=19335"},"modified":"2014-01-24T19:36:05","modified_gmt":"2014-01-24T21:36:05","slug":"sabinopolis-igreja-de-santa-rita-passa-por-reforma","status":"publish","type":"post","link":"https:\/\/aconteceunovale.com.br\/portal\/?p=19335","title":{"rendered":"SABIN\u00d3POLIS: Igreja de Santa Rita passa por reforma"},"content":{"rendered":"<p>A Igreja de Santa Rita, localizada no distrito de Euxenita, em Sabin\u00f3polis, que h\u00e1 10 anos n\u00e3o passava por reforma completa, est\u00e1 em obra. A reforma \u00e9 uma parceria entre a prefeitura municipal e a Divis\u00e3o de Patrim\u00f4nio e Apoio Cultural. <\/p>\n<p><img decoding=\"async\" src=\"http:\/\/aconteceunovale.com.br\/portal\/wp-content\/uploads\/2014\/01\/igreja_santa_rita_sabinopolis.jpg\" alt=\"\" \/><\/p>\n<p>De acordo com a moradora de Euxenita Maria Ant\u00f4nia da Silva, mais conhecida como Mariquinha, a comunidade sempre realiza pequenos reparos na igreja, mas reforma geral tem muito tempo que n\u00e3o realizam. \u201cTem uns 10 anos que a Igreja n\u00e3o tem pintura completa. A pintura interna melhorou muito a apar\u00eancia. Pra quem ajuda na limpeza da igreja, facilitou bastante,\u201d relatou.<\/p>\n<p>As portas e janelas que est\u00e3o com as madeiras danificadas ser\u00e3o reparadas. Al\u00e9m disso, os vidros que est\u00e3o quebrados tamb\u00e9m ser\u00e3o trocados.<\/p>\n<p>O senhor Eust\u00e1quio Ricardo Braga, aprova a reforma e diz que a pintura est\u00e1 boa. \u201cO servi\u00e7o est\u00e1 legal. Preservamos a cor antiga, por\u00e9m com a pintura parece que a igreja est\u00e1 nova\u201d, disse.<\/p>\n<p>O pr\u00f3ximo passo da reforma ser\u00e1 a pintura externa. <em><strong>(Com Ascom Sabin\u00f3polis)<\/strong><\/em><\/p>\n","protected":false},"excerpt":{"rendered":"<p>A Igreja de Santa Rita, localizada no distrito de Euxenita, em Sabin\u00f3polis, que h\u00e1 10 anos n\u00e3o passava por reforma completa, est\u00e1 em obra. A reforma \u00e9 uma parceria entre a prefeitura municipal e a Divis\u00e3o de Patrim\u00f4nio e Apoio Cultural. De acordo com a moradora de Euxenita Maria Ant\u00f4nia da Silva, mais conhecida como [&hellip;]<\/p>\n","protected":false},"author":1,"featured_media":19336,"comment_status":"open","ping_status":"closed","sticky":false,"template":"","format":"standard","meta":{"amp_status":"","footnotes":""},"categories":[121],"tags":[1482,3477,3478,3479],"class_list":["post-19335","post","type-post","status-publish","format-standard","has-post-thumbnail","hentry","category-leste","tag-euxenita","tag-igreja-de-santa-rita-passa-por-reforma","tag-igreja-de-santa-rita-passa-por-reforma-em-sabinopolis","tag-igreja-santa-rita-de-euxenita"],"_links":{"self":[{"href":"https:\/\/aconteceunovale.com.br\/portal\/index.php?rest_route=\/wp\/v2\/posts\/19335","targetHints":{"allow":["GET"]}}],"collection":[{"href":"https:\/\/aconteceunovale.com.br\/portal\/index.php?rest_route=\/wp\/v2\/posts"}],"about":[{"href":"https:\/\/aconteceunovale.com.br\/portal\/index.php?rest_route=\/wp\/v2\/types\/post"}],"author":[{"embeddable":true,"href":"https:\/\/aconteceunovale.com.br\/portal\/index.php?rest_route=\/wp\/v2\/users\/1"}],"replies":[{"embeddable":true,"href":"https:\/\/aconteceunovale.com.br\/portal\/index.php?rest_route=%2Fwp%2Fv2%2Fcomments&post=19335"}],"version-history":[{"count":0,"href":"https:\/\/aconteceunovale.com.br\/portal\/index.php?rest_route=\/wp\/v2\/posts\/19335\/revisions"}],"wp:featuredmedia":[{"embeddable":true,"href":"https:\/\/aconteceunovale.com.br\/portal\/index.php?rest_route=\/wp\/v2\/media\/19336"}],"wp:attachment":[{"href":"https:\/\/aconteceunovale.com.br\/portal\/index.php?rest_route=%2Fwp%2Fv2%2Fmedia&parent=19335"}],"wp:term":[{"taxonomy":"category","embeddable":true,"href":"https:\/\/aconteceunovale.com.br\/portal\/index.php?rest_route=%2Fwp%2Fv2%2Fcategories&post=19335"},{"taxonomy":"post_tag","embeddable":true,"href":"https:\/\/aconteceunovale.com.br\/portal\/index.php?rest_route=%2Fwp%2Fv2%2Ftags&post=19335"}],"curies":[{"name":"wp","href":"https:\/\/api.w.org\/{rel}","templated":true}]}}