{"id":19332,"date":"2014-01-24T19:22:24","date_gmt":"2014-01-24T21:22:24","guid":{"rendered":"http:\/\/aconteceunovale.com.br\/portal\/?p=19332"},"modified":"2014-01-24T19:22:24","modified_gmt":"2014-01-24T21:22:24","slug":"homem-de-23-anos-e-assassinado-apos-desentendimento-em-governador-valadares","status":"publish","type":"post","link":"https:\/\/aconteceunovale.com.br\/portal\/?p=19332","title":{"rendered":"Homem de 23 anos \u00e9 assassinado ap\u00f3s desentendimento em Governador Valadares"},"content":{"rendered":"<p>Um homem de 23 anos, foi assassinado na tarde desta sexta-feira (24), no bairro Santa Rita em Governador Valadares. Segundo a Pol\u00edcia Militar, o jovem estaria no per\u00edmetro urbano da BR-381 conversando com dois suspeitos de terem cometido o crime, sendo que um deles estaria armado. Ap\u00f3s um poss\u00edvel desentendimento um dos envolvidos teria atirado contra a v\u00edtima.<\/p>\n<p>Ainda de acordo com a PM, Jos\u00e9 Maxuel Pinheiro estava de bicicleta e caiu rente ao passeio, em uma cerca de arame, ap\u00f3s ser atingido por quatro tiros de arma de fogo. A per\u00edcia da Pol\u00edcia Civil esteve no local a procura de pistas. Parentes fizeram o reconhecimento do corpo.<\/p>\n<p>Militares disseram que a v\u00edtima, de 23 anos, havia sido liberada do pres\u00eddio da cidade, h\u00e1 tr\u00eas dias, onde cumpriu pena por um ano e quatro meses. A Pol\u00edcia informou ainda que com a morte de Jos\u00e9 Maxuel, subiu para 16 o n\u00famero de v\u00edtimas de homic\u00eddios em Governador Valadares, somente nos 24 dias do ano.<\/p>\n<p>Militares informaram que j\u00e1 identificaram os poss\u00edveis autores do crime, mas ainda n\u00e3o foi efetuado nenhuma pris\u00e3o.<\/p>\n<p><img decoding=\"async\" src=\"http:\/\/aconteceunovale.com.br\/portal\/wp-content\/uploads\/2014\/01\/tiro_no_peito.jpg\" alt=\"\" \/><\/p>\n","protected":false},"excerpt":{"rendered":"<p>Um homem de 23 anos, foi assassinado na tarde desta sexta-feira (24), no bairro Santa Rita em Governador Valadares. Segundo a Pol\u00edcia Militar, o jovem estaria no per\u00edmetro urbano da BR-381 conversando com dois suspeitos de terem cometido o crime, sendo que um deles estaria armado. Ap\u00f3s um poss\u00edvel desentendimento um dos envolvidos teria atirado [&hellip;]<\/p>\n","protected":false},"author":1,"featured_media":0,"comment_status":"open","ping_status":"closed","sticky":false,"template":"","format":"standard","meta":{"amp_status":"","footnotes":""},"categories":[121],"tags":[247,3475,3476],"class_list":["post-19332","post","type-post","status-publish","format-standard","hentry","category-leste","tag-governador-valadares","tag-homem-de-23-anos-e-assassinado-apos-desentendimento-em-governador-valadares","tag-jose-maxuel-pinheiro"],"_links":{"self":[{"href":"https:\/\/aconteceunovale.com.br\/portal\/index.php?rest_route=\/wp\/v2\/posts\/19332","targetHints":{"allow":["GET"]}}],"collection":[{"href":"https:\/\/aconteceunovale.com.br\/portal\/index.php?rest_route=\/wp\/v2\/posts"}],"about":[{"href":"https:\/\/aconteceunovale.com.br\/portal\/index.php?rest_route=\/wp\/v2\/types\/post"}],"author":[{"embeddable":true,"href":"https:\/\/aconteceunovale.com.br\/portal\/index.php?rest_route=\/wp\/v2\/users\/1"}],"replies":[{"embeddable":true,"href":"https:\/\/aconteceunovale.com.br\/portal\/index.php?rest_route=%2Fwp%2Fv2%2Fcomments&post=19332"}],"version-history":[{"count":0,"href":"https:\/\/aconteceunovale.com.br\/portal\/index.php?rest_route=\/wp\/v2\/posts\/19332\/revisions"}],"wp:attachment":[{"href":"https:\/\/aconteceunovale.com.br\/portal\/index.php?rest_route=%2Fwp%2Fv2%2Fmedia&parent=19332"}],"wp:term":[{"taxonomy":"category","embeddable":true,"href":"https:\/\/aconteceunovale.com.br\/portal\/index.php?rest_route=%2Fwp%2Fv2%2Fcategories&post=19332"},{"taxonomy":"post_tag","embeddable":true,"href":"https:\/\/aconteceunovale.com.br\/portal\/index.php?rest_route=%2Fwp%2Fv2%2Ftags&post=19332"}],"curies":[{"name":"wp","href":"https:\/\/api.w.org\/{rel}","templated":true}]}}