{"id":193267,"date":"2023-02-08T20:48:22","date_gmt":"2023-02-08T23:48:22","guid":{"rendered":"https:\/\/aconteceunovale.com.br\/portal\/?p=193267"},"modified":"2023-02-08T20:49:00","modified_gmt":"2023-02-08T23:49:00","slug":"suspeita-de-esfaquear-parceiro-19-vezes-e-presa-em-governador-valadares","status":"publish","type":"post","link":"https:\/\/aconteceunovale.com.br\/portal\/?p=193267","title":{"rendered":"Suspeita de esfaquear parceiro 19 vezes \u00e9 presa em Governador Valadares"},"content":{"rendered":"\n<p class=\"wp-block-paragraph\">A Pol\u00edcia Civil de Minas Gerais (PCMG) prendeu, nesta quarta-feira (8\/2\/2023), em Governador Valadares, uma mulher, de 28 anos, suspeita de assassinar a v\u00edtima, de 60, com quem ela mantinha relacionamento amoroso h\u00e1 cerca de tr\u00eas anos, cujo crime foi registrado no dia 11 de setembro de 2022. A motiva\u00e7\u00e3o estaria relacionada com a inten\u00e7\u00e3o do parceiro de romper a rela\u00e7\u00e3o. O homem, inclusive, j\u00e1 havia sido v\u00edtima de tentativa de homic\u00eddio com faca, praticada pela investigada.<\/p>\n\n\n\n<figure class=\"wp-block-gallery has-nested-images columns-default is-cropped wp-block-gallery-1 is-layout-flex wp-block-gallery-is-layout-flex\">\n<figure class=\"wp-block-image size-large\"><img loading=\"lazy\" decoding=\"async\" width=\"678\" height=\"435\" data-id=\"193268\" src=\"https:\/\/aconteceunovale.com.br\/portal\/wp-content\/uploads\/2023\/02\/delegada_gv.jpg\" alt=\"\" class=\"wp-image-193268\" srcset=\"https:\/\/aconteceunovale.com.br\/portal\/wp-content\/uploads\/2023\/02\/delegada_gv.jpg 678w, https:\/\/aconteceunovale.com.br\/portal\/wp-content\/uploads\/2023\/02\/delegada_gv-300x192.jpg 300w, https:\/\/aconteceunovale.com.br\/portal\/wp-content\/uploads\/2023\/02\/delegada_gv-655x420.jpg 655w\" sizes=\"auto, (max-width: 678px) 100vw, 678px\" \/><figcaption class=\"wp-element-caption\"><em><sub>Foto: Divulga\u00e7\u00e3o \/ PCMG<\/sub><\/em><\/figcaption><\/figure>\n<\/figure>\n\n\n\n<p class=\"wp-block-paragraph\">Na ocasi\u00e3o, por volta das 5 horas, o carro da v\u00edtima foi visto por testemunhas que passavam pela estrada que d\u00e1 acesso ao Pico do Ibituruna, com a porta aberta, sendo que, cerca de duas horas depois, o ve\u00edculo permanecia estacionado. As testemunhas, ent\u00e3o, encontraram a v\u00edtima ensanguentada e com corte profundo no pesco\u00e7o. O homem chegou a ser socorrido no hospital, mas n\u00e3o resistiu aos ferimentos e veio a \u00f3bito. Posteriormente, o laudo do m\u00e9dico-legista constatou les\u00f5es nas m\u00e3os da v\u00edtima que indicam rea\u00e7\u00e3o de defesa, bem como 19 perfura\u00e7\u00f5es pelo corpo.<\/p>\n\n\n\n<p class=\"wp-block-paragraph\">De acordo com a delegada Adeliana Xavier, que conduz as investiga\u00e7\u00f5es, foi poss\u00edvel identificar a din\u00e2mica do evento por meio de an\u00e1lises das c\u00e2meras de seguran\u00e7a dos locais onde o ve\u00edculo que o casal ocupava passou. \u201cEla [a investigada] chega num determinado local e n\u00e3o consegue explicar como chegou ali, quem a levou ali; o intervalo de tempo entre o \u00faltimo local que o carro \u00e9 visto e o tempo em que ela chega nesse outro ambiente, ela n\u00e3o consegue explicar onde estava. Ent\u00e3o, foram diversas circunst\u00e2ncias em que a gente montou esse quebra-cabe\u00e7a\u201d, detalhou.<\/p>\n\n\n\n<p class=\"wp-block-paragraph\">Durante o depoimento, a suspeita negou a autoria do crime. Ela foi encaminhada ao sistema prisional e permanece \u00e0 disposi\u00e7\u00e3o da Justi\u00e7a.<\/p>\n\n\n\n<p class=\"wp-block-paragraph\">&#8212;&#8212;&#8212;&#8212;&#8212;&#8212;<br><br><strong>Sabia que o Aconteceu no Vale est\u00e1 tamb\u00e9m no Telegram? <a rel=\"noreferrer noopener\" href=\"https:\/\/t.me\/aconteceunovaleoficial\" target=\"_blank\">Inscreva-se no canal<\/a>.<\/strong><br><br><strong>J\u00e1 curtiu ou seguiu nossas p\u00e1ginas nas redes sociais?\u00a0Receba as not\u00edcias em primeira m\u00e3o:<\/strong><br>\u2022 <a rel=\"noreferrer noopener\" href=\"https:\/\/news.google.com\/publications\/CAAqBwgKMNjklQswi4etAw?hl=pt-BR&amp;gl=BR&amp;ceid=BR%3Apt-419\" target=\"_blank\">Google News<\/a><br>\u2022 <a rel=\"noreferrer noopener\" href=\"https:\/\/www.facebook.com\/aconteceunovale\/\" target=\"_blank\">Facebook<\/a><br>\u2022 <a rel=\"noreferrer noopener\" href=\"https:\/\/twitter.com\/noticiadosvales\" target=\"_blank\">Twitter<\/a><br>\u2022 <a rel=\"noreferrer noopener\" href=\"https:\/\/www.instagram.com\/aconteceunovale\" target=\"_blank\">Instagram<\/a><br>\u2022 <a rel=\"noreferrer noopener\" href=\"https:\/\/www.youtube.com\/AconteceunoValeOficial\" target=\"_blank\">Youtube<\/a><br>\u2022 <a rel=\"noreferrer noopener\" href=\"https:\/\/www.tiktok.com\/@aconteceunovale\" target=\"_blank\">TikTok<\/a><\/p>\n","protected":false},"excerpt":{"rendered":"<p>A Pol\u00edcia Civil de Minas Gerais (PCMG) prendeu, nesta quarta-feira (8\/2\/2023), em Governador Valadares, uma mulher, de 28 anos, suspeita de assassinar a v\u00edtima, de 60, com quem ela mantinha relacionamento amoroso h\u00e1 cerca de tr\u00eas anos, cujo crime foi registrado no dia 11 de setembro de 2022. A motiva\u00e7\u00e3o estaria relacionada com a inten\u00e7\u00e3o [&hellip;]<\/p>\n","protected":false},"author":4,"featured_media":162079,"comment_status":"open","ping_status":"closed","sticky":false,"template":"","format":"standard","meta":{"amp_status":"","footnotes":""},"categories":[121],"tags":[235218,1018,247,79363,604,161909,149904,267299,267298],"class_list":["post-193267","post","type-post","status-publish","format-standard","has-post-thumbnail","hentry","category-leste","tag-delegada-adeliana-xavier","tag-destaque","tag-governador-valadares","tag-mulher-presa-em-governador-valadares","tag-pcmg","tag-pcmg-em-governador-valadares","tag-presa-em-governador-valadares","tag-prisao-de-mulher-em-governador-valadares","tag-suspeita-de-esfaquear-parceiro-19-vezes-e-presa-em-governador-valadares"],"yoast_head":"<!-- This site is optimized with the Yoast SEO plugin v28.3 - https:\/\/yoast.com\/product\/yoast-seo-wordpress\/ -->\n<title>Suspeita de esfaquear parceiro 19 vezes \u00e9 presa em Governador Valadares - Aconteceu no Vale<\/title>\n<meta name=\"robots\" content=\"index, follow, max-snippet:-1, max-image-preview:large, max-video-preview:-1\" \/>\n<link rel=\"canonical\" href=\"https:\/\/aconteceunovale.com.br\/portal\/?p=193267\" \/>\n<meta property=\"og:locale\" content=\"pt_BR\" \/>\n<meta property=\"og:type\" content=\"article\" \/>\n<meta property=\"og:title\" content=\"Suspeita de esfaquear parceiro 19 vezes \u00e9 presa em Governador Valadares - Aconteceu no Vale\" \/>\n<meta property=\"og:description\" content=\"A Pol\u00edcia Civil de Minas Gerais (PCMG) prendeu, nesta quarta-feira (8\/2\/2023), em Governador Valadares, uma mulher, de 28 anos, suspeita de assassinar a v\u00edtima, de 60, com quem ela mantinha relacionamento amoroso h\u00e1 cerca de tr\u00eas anos, cujo crime foi registrado no dia 11 de setembro de 2022. A motiva\u00e7\u00e3o estaria relacionada com a inten\u00e7\u00e3o [&hellip;]\" \/>\n<meta property=\"og:url\" content=\"https:\/\/aconteceunovale.com.br\/portal\/?p=193267\" \/>\n<meta property=\"og:site_name\" content=\"Aconteceu no Vale\" \/>\n<meta property=\"article:publisher\" content=\"https:\/\/www.facebook.com\/aconteceunovale\/\" \/>\n<meta property=\"article:published_time\" content=\"2023-02-08T23:48:22+00:00\" \/>\n<meta property=\"article:modified_time\" content=\"2023-02-08T23:49:00+00:00\" \/>\n<meta property=\"og:image\" content=\"https:\/\/aconteceunovale.com.br\/portal\/wp-content\/uploads\/2020\/05\/pcmg.jpg\" \/>\n\t<meta property=\"og:image:width\" content=\"650\" \/>\n\t<meta property=\"og:image:height\" content=\"402\" \/>\n\t<meta property=\"og:image:type\" content=\"image\/jpeg\" \/>\n<meta name=\"author\" content=\"Reda\u00e7\u00e3o Aconteceu no Vale\" \/>\n<meta name=\"twitter:card\" content=\"summary_large_image\" \/>\n<meta name=\"twitter:creator\" content=\"@noticiadosvales\" \/>\n<meta name=\"twitter:site\" content=\"@noticiadosvales\" \/>\n<meta name=\"twitter:label1\" content=\"Escrito por\" \/>\n\t<meta name=\"twitter:data1\" content=\"Reda\u00e7\u00e3o Aconteceu no Vale\" \/>\n\t<meta name=\"twitter:label2\" content=\"Est. tempo de leitura\" \/>\n\t<meta name=\"twitter:data2\" content=\"2 minutos\" \/>\n<script type=\"application\/ld+json\" class=\"yoast-schema-graph\">{\"@context\":\"https:\\\/\\\/schema.org\",\"@graph\":[{\"@type\":\"Article\",\"@id\":\"https:\\\/\\\/aconteceunovale.com.br\\\/portal\\\/?p=193267#article\",\"isPartOf\":{\"@id\":\"https:\\\/\\\/aconteceunovale.com.br\\\/portal\\\/?p=193267\"},\"author\":{\"name\":\"Reda\u00e7\u00e3o Aconteceu no Vale\",\"@id\":\"https:\\\/\\\/aconteceunovale.com.br\\\/portal\\\/#\\\/schema\\\/person\\\/7d2f26d1483f8a63de73da1ee0754d35\"},\"headline\":\"Suspeita de esfaquear parceiro 19 vezes \u00e9 presa em Governador Valadares\",\"datePublished\":\"2023-02-08T23:48:22+00:00\",\"dateModified\":\"2023-02-08T23:49:00+00:00\",\"mainEntityOfPage\":{\"@id\":\"https:\\\/\\\/aconteceunovale.com.br\\\/portal\\\/?p=193267\"},\"wordCount\":366,\"commentCount\":0,\"image\":{\"@id\":\"https:\\\/\\\/aconteceunovale.com.br\\\/portal\\\/?p=193267#primaryimage\"},\"thumbnailUrl\":\"https:\\\/\\\/aconteceunovale.com.br\\\/portal\\\/wp-content\\\/uploads\\\/2020\\\/05\\\/pcmg.jpg\",\"keywords\":[\"Delegada Adeliana Xavier\",\"destaque\",\"Governador Valadares\",\"mulher presa em Governador Valadares\",\"PCMG\",\"PCMG em Governador Valadares\",\"Presa em Governador Valadares\",\"Pris\u00e3o de mulher em Governador Valadares\",\"Suspeita de esfaquear parceiro 19 vezes \u00e9 presa em Governador Valadares\"],\"articleSection\":[\"Leste de Minas\"],\"inLanguage\":\"pt-BR\",\"potentialAction\":[{\"@type\":\"CommentAction\",\"name\":\"Comment\",\"target\":[\"https:\\\/\\\/aconteceunovale.com.br\\\/portal\\\/?p=193267#respond\"]}]},{\"@type\":\"WebPage\",\"@id\":\"https:\\\/\\\/aconteceunovale.com.br\\\/portal\\\/?p=193267\",\"url\":\"https:\\\/\\\/aconteceunovale.com.br\\\/portal\\\/?p=193267\",\"name\":\"Suspeita de esfaquear parceiro 19 vezes \u00e9 presa em Governador Valadares - Aconteceu no Vale\",\"isPartOf\":{\"@id\":\"https:\\\/\\\/aconteceunovale.com.br\\\/portal\\\/#website\"},\"primaryImageOfPage\":{\"@id\":\"https:\\\/\\\/aconteceunovale.com.br\\\/portal\\\/?p=193267#primaryimage\"},\"image\":{\"@id\":\"https:\\\/\\\/aconteceunovale.com.br\\\/portal\\\/?p=193267#primaryimage\"},\"thumbnailUrl\":\"https:\\\/\\\/aconteceunovale.com.br\\\/portal\\\/wp-content\\\/uploads\\\/2020\\\/05\\\/pcmg.jpg\",\"datePublished\":\"2023-02-08T23:48:22+00:00\",\"dateModified\":\"2023-02-08T23:49:00+00:00\",\"author\":{\"@id\":\"https:\\\/\\\/aconteceunovale.com.br\\\/portal\\\/#\\\/schema\\\/person\\\/7d2f26d1483f8a63de73da1ee0754d35\"},\"breadcrumb\":{\"@id\":\"https:\\\/\\\/aconteceunovale.com.br\\\/portal\\\/?p=193267#breadcrumb\"},\"inLanguage\":\"pt-BR\",\"potentialAction\":[{\"@type\":\"ReadAction\",\"target\":[\"https:\\\/\\\/aconteceunovale.com.br\\\/portal\\\/?p=193267\"]}]},{\"@type\":\"ImageObject\",\"inLanguage\":\"pt-BR\",\"@id\":\"https:\\\/\\\/aconteceunovale.com.br\\\/portal\\\/?p=193267#primaryimage\",\"url\":\"https:\\\/\\\/aconteceunovale.com.br\\\/portal\\\/wp-content\\\/uploads\\\/2020\\\/05\\\/pcmg.jpg\",\"contentUrl\":\"https:\\\/\\\/aconteceunovale.com.br\\\/portal\\\/wp-content\\\/uploads\\\/2020\\\/05\\\/pcmg.jpg\",\"width\":650,\"height\":402},{\"@type\":\"BreadcrumbList\",\"@id\":\"https:\\\/\\\/aconteceunovale.com.br\\\/portal\\\/?p=193267#breadcrumb\",\"itemListElement\":[{\"@type\":\"ListItem\",\"position\":1,\"name\":\"In\u00edcio\",\"item\":\"https:\\\/\\\/aconteceunovale.com.br\\\/portal\\\/\"},{\"@type\":\"ListItem\",\"position\":2,\"name\":\"Suspeita de esfaquear parceiro 19 vezes \u00e9 presa em Governador Valadares\"}]},{\"@type\":\"WebSite\",\"@id\":\"https:\\\/\\\/aconteceunovale.com.br\\\/portal\\\/#website\",\"url\":\"https:\\\/\\\/aconteceunovale.com.br\\\/portal\\\/\",\"name\":\"Aconteceu no Vale\",\"description\":\"Portal de Not\u00edcias\",\"potentialAction\":[{\"@type\":\"SearchAction\",\"target\":{\"@type\":\"EntryPoint\",\"urlTemplate\":\"https:\\\/\\\/aconteceunovale.com.br\\\/portal\\\/?s={search_term_string}\"},\"query-input\":{\"@type\":\"PropertyValueSpecification\",\"valueRequired\":true,\"valueName\":\"search_term_string\"}}],\"inLanguage\":\"pt-BR\"},{\"@type\":\"Person\",\"@id\":\"https:\\\/\\\/aconteceunovale.com.br\\\/portal\\\/#\\\/schema\\\/person\\\/7d2f26d1483f8a63de73da1ee0754d35\",\"name\":\"Reda\u00e7\u00e3o Aconteceu no Vale\",\"description\":\"Equipe de reportagem do Aconteceu no Vale, portal de not\u00edcias do Vale do Jequitinhonha, em Minas Gerais. Cobrimos as 51 cidades do Vale desde 2013. Sugest\u00f5es de pauta e pedidos de corre\u00e7\u00e3o: contato@aconteceunovale.com.br\",\"url\":\"https:\\\/\\\/aconteceunovale.com.br\\\/portal\\\/?author=4\"}]}<\/script>\n<!-- \/ Yoast SEO plugin. -->","yoast_head_json":{"title":"Suspeita de esfaquear parceiro 19 vezes \u00e9 presa em Governador Valadares - Aconteceu no Vale","robots":{"index":"index","follow":"follow","max-snippet":"max-snippet:-1","max-image-preview":"max-image-preview:large","max-video-preview":"max-video-preview:-1"},"canonical":"https:\/\/aconteceunovale.com.br\/portal\/?p=193267","og_locale":"pt_BR","og_type":"article","og_title":"Suspeita de esfaquear parceiro 19 vezes \u00e9 presa em Governador Valadares - Aconteceu no Vale","og_description":"A Pol\u00edcia Civil de Minas Gerais (PCMG) prendeu, nesta quarta-feira (8\/2\/2023), em Governador Valadares, uma mulher, de 28 anos, suspeita de assassinar a v\u00edtima, de 60, com quem ela mantinha relacionamento amoroso h\u00e1 cerca de tr\u00eas anos, cujo crime foi registrado no dia 11 de setembro de 2022. A motiva\u00e7\u00e3o estaria relacionada com a inten\u00e7\u00e3o [&hellip;]","og_url":"https:\/\/aconteceunovale.com.br\/portal\/?p=193267","og_site_name":"Aconteceu no Vale","article_publisher":"https:\/\/www.facebook.com\/aconteceunovale\/","article_published_time":"2023-02-08T23:48:22+00:00","article_modified_time":"2023-02-08T23:49:00+00:00","og_image":[{"width":650,"height":402,"url":"https:\/\/aconteceunovale.com.br\/portal\/wp-content\/uploads\/2020\/05\/pcmg.jpg","type":"image\/jpeg"}],"author":"Reda\u00e7\u00e3o Aconteceu no Vale","twitter_card":"summary_large_image","twitter_creator":"@noticiadosvales","twitter_site":"@noticiadosvales","twitter_misc":{"Escrito por":"Reda\u00e7\u00e3o Aconteceu no Vale","Est. tempo de leitura":"2 minutos"},"schema":{"@context":"https:\/\/schema.org","@graph":[{"@type":"Article","@id":"https:\/\/aconteceunovale.com.br\/portal\/?p=193267#article","isPartOf":{"@id":"https:\/\/aconteceunovale.com.br\/portal\/?p=193267"},"author":{"name":"Reda\u00e7\u00e3o Aconteceu no Vale","@id":"https:\/\/aconteceunovale.com.br\/portal\/#\/schema\/person\/7d2f26d1483f8a63de73da1ee0754d35"},"headline":"Suspeita de esfaquear parceiro 19 vezes \u00e9 presa em Governador Valadares","datePublished":"2023-02-08T23:48:22+00:00","dateModified":"2023-02-08T23:49:00+00:00","mainEntityOfPage":{"@id":"https:\/\/aconteceunovale.com.br\/portal\/?p=193267"},"wordCount":366,"commentCount":0,"image":{"@id":"https:\/\/aconteceunovale.com.br\/portal\/?p=193267#primaryimage"},"thumbnailUrl":"https:\/\/aconteceunovale.com.br\/portal\/wp-content\/uploads\/2020\/05\/pcmg.jpg","keywords":["Delegada Adeliana Xavier","destaque","Governador Valadares","mulher presa em Governador Valadares","PCMG","PCMG em Governador Valadares","Presa em Governador Valadares","Pris\u00e3o de mulher em Governador Valadares","Suspeita de esfaquear parceiro 19 vezes \u00e9 presa em Governador Valadares"],"articleSection":["Leste de Minas"],"inLanguage":"pt-BR","potentialAction":[{"@type":"CommentAction","name":"Comment","target":["https:\/\/aconteceunovale.com.br\/portal\/?p=193267#respond"]}]},{"@type":"WebPage","@id":"https:\/\/aconteceunovale.com.br\/portal\/?p=193267","url":"https:\/\/aconteceunovale.com.br\/portal\/?p=193267","name":"Suspeita de esfaquear parceiro 19 vezes \u00e9 presa em Governador Valadares - Aconteceu no Vale","isPartOf":{"@id":"https:\/\/aconteceunovale.com.br\/portal\/#website"},"primaryImageOfPage":{"@id":"https:\/\/aconteceunovale.com.br\/portal\/?p=193267#primaryimage"},"image":{"@id":"https:\/\/aconteceunovale.com.br\/portal\/?p=193267#primaryimage"},"thumbnailUrl":"https:\/\/aconteceunovale.com.br\/portal\/wp-content\/uploads\/2020\/05\/pcmg.jpg","datePublished":"2023-02-08T23:48:22+00:00","dateModified":"2023-02-08T23:49:00+00:00","author":{"@id":"https:\/\/aconteceunovale.com.br\/portal\/#\/schema\/person\/7d2f26d1483f8a63de73da1ee0754d35"},"breadcrumb":{"@id":"https:\/\/aconteceunovale.com.br\/portal\/?p=193267#breadcrumb"},"inLanguage":"pt-BR","potentialAction":[{"@type":"ReadAction","target":["https:\/\/aconteceunovale.com.br\/portal\/?p=193267"]}]},{"@type":"ImageObject","inLanguage":"pt-BR","@id":"https:\/\/aconteceunovale.com.br\/portal\/?p=193267#primaryimage","url":"https:\/\/aconteceunovale.com.br\/portal\/wp-content\/uploads\/2020\/05\/pcmg.jpg","contentUrl":"https:\/\/aconteceunovale.com.br\/portal\/wp-content\/uploads\/2020\/05\/pcmg.jpg","width":650,"height":402},{"@type":"BreadcrumbList","@id":"https:\/\/aconteceunovale.com.br\/portal\/?p=193267#breadcrumb","itemListElement":[{"@type":"ListItem","position":1,"name":"In\u00edcio","item":"https:\/\/aconteceunovale.com.br\/portal\/"},{"@type":"ListItem","position":2,"name":"Suspeita de esfaquear parceiro 19 vezes \u00e9 presa em Governador Valadares"}]},{"@type":"WebSite","@id":"https:\/\/aconteceunovale.com.br\/portal\/#website","url":"https:\/\/aconteceunovale.com.br\/portal\/","name":"Aconteceu no Vale","description":"Portal de Not\u00edcias","potentialAction":[{"@type":"SearchAction","target":{"@type":"EntryPoint","urlTemplate":"https:\/\/aconteceunovale.com.br\/portal\/?s={search_term_string}"},"query-input":{"@type":"PropertyValueSpecification","valueRequired":true,"valueName":"search_term_string"}}],"inLanguage":"pt-BR"},{"@type":"Person","@id":"https:\/\/aconteceunovale.com.br\/portal\/#\/schema\/person\/7d2f26d1483f8a63de73da1ee0754d35","name":"Reda\u00e7\u00e3o Aconteceu no Vale","description":"Equipe de reportagem do Aconteceu no Vale, portal de not\u00edcias do Vale do Jequitinhonha, em Minas Gerais. Cobrimos as 51 cidades do Vale desde 2013. Sugest\u00f5es de pauta e pedidos de corre\u00e7\u00e3o: contato@aconteceunovale.com.br","url":"https:\/\/aconteceunovale.com.br\/portal\/?author=4"}]}},"_links":{"self":[{"href":"https:\/\/aconteceunovale.com.br\/portal\/index.php?rest_route=\/wp\/v2\/posts\/193267","targetHints":{"allow":["GET"]}}],"collection":[{"href":"https:\/\/aconteceunovale.com.br\/portal\/index.php?rest_route=\/wp\/v2\/posts"}],"about":[{"href":"https:\/\/aconteceunovale.com.br\/portal\/index.php?rest_route=\/wp\/v2\/types\/post"}],"author":[{"embeddable":true,"href":"https:\/\/aconteceunovale.com.br\/portal\/index.php?rest_route=\/wp\/v2\/users\/4"}],"replies":[{"embeddable":true,"href":"https:\/\/aconteceunovale.com.br\/portal\/index.php?rest_route=%2Fwp%2Fv2%2Fcomments&post=193267"}],"version-history":[{"count":1,"href":"https:\/\/aconteceunovale.com.br\/portal\/index.php?rest_route=\/wp\/v2\/posts\/193267\/revisions"}],"predecessor-version":[{"id":193269,"href":"https:\/\/aconteceunovale.com.br\/portal\/index.php?rest_route=\/wp\/v2\/posts\/193267\/revisions\/193269"}],"wp:featuredmedia":[{"embeddable":true,"href":"https:\/\/aconteceunovale.com.br\/portal\/index.php?rest_route=\/wp\/v2\/media\/162079"}],"wp:attachment":[{"href":"https:\/\/aconteceunovale.com.br\/portal\/index.php?rest_route=%2Fwp%2Fv2%2Fmedia&parent=193267"}],"wp:term":[{"taxonomy":"category","embeddable":true,"href":"https:\/\/aconteceunovale.com.br\/portal\/index.php?rest_route=%2Fwp%2Fv2%2Fcategories&post=193267"},{"taxonomy":"post_tag","embeddable":true,"href":"https:\/\/aconteceunovale.com.br\/portal\/index.php?rest_route=%2Fwp%2Fv2%2Ftags&post=193267"}],"curies":[{"name":"wp","href":"https:\/\/api.w.org\/{rel}","templated":true}]}}