{"id":193264,"date":"2023-02-08T20:41:57","date_gmt":"2023-02-08T23:41:57","guid":{"rendered":"https:\/\/aconteceunovale.com.br\/portal\/?p=193264"},"modified":"2023-02-08T20:43:06","modified_gmt":"2023-02-08T23:43:06","slug":"minas-bate-marca-de-2-gw-de-energia-pela-geracao-solar-centralizada","status":"publish","type":"post","link":"https:\/\/aconteceunovale.com.br\/portal\/?p=193264","title":{"rendered":"Minas bate marca de 2 GW de energia pela gera\u00e7\u00e3o solar centralizada"},"content":{"rendered":"\n<p class=\"wp-block-paragraph\">Minas \u00e9 o primeiro estado no Brasil a atingir a marca de 2 GW em gera\u00e7\u00e3o centralizada de energia solar fotovoltaica, de acordo com dados da Ag\u00eancia Nacional de Energia El\u00e9trica &#8211; Aneel. A gera\u00e7\u00e3o centralizada inclui usinas el\u00e9tricas de grande porte, com extensa capacidade geradora.<\/p>\n\n\n\n<figure class=\"wp-block-gallery has-nested-images columns-default is-cropped wp-block-gallery-1 is-layout-flex wp-block-gallery-is-layout-flex\">\n<figure class=\"wp-block-image size-large\"><img loading=\"lazy\" decoding=\"async\" width=\"678\" height=\"375\" data-id=\"193265\" src=\"https:\/\/aconteceunovale.com.br\/portal\/wp-content\/uploads\/2023\/02\/fazenda_solar.jpg\" alt=\"\" class=\"wp-image-193265\" srcset=\"https:\/\/aconteceunovale.com.br\/portal\/wp-content\/uploads\/2023\/02\/fazenda_solar.jpg 678w, https:\/\/aconteceunovale.com.br\/portal\/wp-content\/uploads\/2023\/02\/fazenda_solar-300x166.jpg 300w\" sizes=\"auto, (max-width: 678px) 100vw, 678px\" \/><figcaption class=\"wp-element-caption\"><em><sub>Foto: Cemig \/ Divulga\u00e7\u00e3o<\/sub><\/em><\/figcaption><\/figure>\n<\/figure>\n\n\n\n<p class=\"wp-block-paragraph\">Atualmente, a produ\u00e7\u00e3o mineira representa 26,8% de toda produ\u00e7\u00e3o nacional, ou seja, Minas \u00e9 respons\u00e1vel por um quarto de toda produ\u00e7\u00e3o brasileira em gera\u00e7\u00e3o centralizada. O estado possui 67 empreendimentos em opera\u00e7\u00e3o e 750 em constru\u00e7\u00e3o ou com a obra n\u00e3o iniciada.<\/p>\n\n\n\n<p class=\"wp-block-paragraph\">A capacidade instalada de gera\u00e7\u00e3o solar centralizada de Minas Gerais pode, portanto, chegar aos 35 GW com a conclus\u00e3o de todos os projetos que est\u00e3o em andamento at\u00e9 o momento.<\/p>\n\n\n\n<p class=\"wp-block-paragraph\">Os atuais 66 empreendimentos em opera\u00e7\u00e3o est\u00e3o distribu\u00eddos em 18 munic\u00edpios mineiros, sendo Jana\u00faba, Pirapora, Ja\u00edba e Paracatu os quatro maiores munic\u00edpios geradores em pot\u00eancia outorgada.<\/p>\n\n\n\n<p class=\"wp-block-paragraph\">De acordo com o secret\u00e1rio de<a href=\"http:\/\/www.desenvolvimento.mg.gov.br\/\" target=\"_blank\" rel=\"noreferrer noopener\">&nbsp;Estado de Desenvolvimento Econ\u00f4mico<\/a>, Fernando Passalio, novamente fica evidente como Minas Gerais vem buscando cada dia mais incentivos para o setor, al\u00e9m de \u201cinvestimentos s\u00f3lidos e constantes, e a melhoria no ambiente de neg\u00f3cios voltados para energia sustent\u00e1vel, fortalecendo a cadeia produtiva da gera\u00e7\u00e3o de energia solar e prospec\u00e7\u00e3o de investimentos voltados para esse tipo de energia\u2019\u2019.<\/p>\n\n\n\n<p class=\"wp-block-paragraph\"><strong>Sol de Minas<\/strong><\/p>\n\n\n\n<p class=\"wp-block-paragraph\">O Projeto Sol de Minas, do<a href=\"https:\/\/www.mg.gov.br\/\" target=\"_blank\" rel=\"noreferrer noopener\">&nbsp;Governo do Estado<\/a>, tem grande relev\u00e2ncia nessa marca, ao buscar alavancar o protagonismo do estado no setor solar fotovoltaico.<\/p>\n\n\n\n<p class=\"wp-block-paragraph\">Algumas de suas iniciativas incluem a capacita\u00e7\u00e3o de gestores municipais para a atra\u00e7\u00e3o de empreendimentos solares, a elabora\u00e7\u00e3o do Atlas Solarim\u00e9trico junto \u00e0&nbsp;<a href=\"https:\/\/www.cemig.com.br\/\" target=\"_blank\" rel=\"noreferrer noopener\">Cemig<\/a>, a simplifica\u00e7\u00e3o dos procedimentos de licenciamento ambiental para a gera\u00e7\u00e3o solar fotovoltaica e a disponibiliza\u00e7\u00e3o de incentivos fiscais para a produ\u00e7\u00e3o de energia el\u00e9trica de fontes renov\u00e1veis.<\/p>\n\n\n\n<p class=\"wp-block-paragraph\">A energia solar permite, para al\u00e9m da redu\u00e7\u00e3o das emiss\u00f5es de gases de efeito estufa, a gera\u00e7\u00e3o de renda e empregos, com Minas atraindo desde 2019 mais de R$ 59 bilh\u00f5es em investimentos no setor solar fotovoltaico e gerando milhares de empregos diretos e indiretos. Hoje, o estado possui 11,3% de sua matriz energ\u00e9tica proveniente de usinas solares fotovoltaicas.<\/p>\n\n\n\n<p class=\"wp-block-paragraph\">Essa marca tamb\u00e9m registra o compromisso de Minas Gerais com a campanha global Race to Zero, da qual Minas foi o primeiro estado da Am\u00e9rica Latina e Caribe a aderir, e que almeja zerar as emiss\u00f5es l\u00edquidas de gases de efeito estufa at\u00e9 2050.<\/p>\n\n\n\n<p class=\"wp-block-paragraph\">&#8212;&#8212;&#8212;&#8212;&#8212;&#8212;<br><br><strong>Sabia que o Aconteceu no Vale est\u00e1 tamb\u00e9m no Telegram? <a rel=\"noreferrer noopener\" href=\"https:\/\/t.me\/aconteceunovaleoficial\" target=\"_blank\">Inscreva-se no canal<\/a>.<\/strong><br><br><strong>J\u00e1 curtiu ou seguiu nossas p\u00e1ginas nas redes sociais?\u00a0Receba as not\u00edcias em primeira m\u00e3o:<\/strong><br>\u2022 <a rel=\"noreferrer noopener\" href=\"https:\/\/news.google.com\/publications\/CAAqBwgKMNjklQswi4etAw?hl=pt-BR&amp;gl=BR&amp;ceid=BR%3Apt-419\" target=\"_blank\">Google News<\/a><br>\u2022 <a rel=\"noreferrer noopener\" href=\"https:\/\/www.facebook.com\/aconteceunovale\/\" target=\"_blank\">Facebook<\/a><br>\u2022 <a rel=\"noreferrer noopener\" href=\"https:\/\/twitter.com\/noticiadosvales\" target=\"_blank\">Twitter<\/a><br>\u2022 <a rel=\"noreferrer noopener\" href=\"https:\/\/www.instagram.com\/aconteceunovale\" target=\"_blank\">Instagram<\/a><br>\u2022 <a rel=\"noreferrer noopener\" href=\"https:\/\/www.youtube.com\/AconteceunoValeOficial\" target=\"_blank\">Youtube<\/a><br>\u2022 <a rel=\"noreferrer noopener\" href=\"https:\/\/www.tiktok.com\/@aconteceunovale\" target=\"_blank\">TikTok<\/a><\/p>\n","protected":false},"excerpt":{"rendered":"<p>Minas \u00e9 o primeiro estado no Brasil a atingir a marca de 2 GW em gera\u00e7\u00e3o centralizada de energia solar fotovoltaica, de acordo com dados da Ag\u00eancia Nacional de Energia El\u00e9trica &#8211; Aneel. A gera\u00e7\u00e3o centralizada inclui usinas el\u00e9tricas de grande porte, com extensa capacidade geradora. Atualmente, a produ\u00e7\u00e3o mineira representa 26,8% de toda produ\u00e7\u00e3o [&hellip;]<\/p>\n","protected":false},"author":4,"featured_media":193265,"comment_status":"open","ping_status":"closed","sticky":false,"template":"","format":"standard","meta":{"amp_status":"","footnotes":""},"categories":[6,123],"tags":[26918,4785,347,1018,27012,35736,267297,251951,267296,265272,1058,204,267295,131,212,254,225216,225215],"class_list":["post-193264","post","type-post","status-publish","format-standard","has-post-thumbnail","hentry","category-br","category-gerais","tag-aneel","tag-brasil","tag-cemig","tag-destaque","tag-energia","tag-energia-solar","tag-fazenda-de-energia-solar","tag-fazenda-solar","tag-geracao-centralizada-de-energia-solar","tag-geracao-de-energia-solar-centralizada","tag-jaiba","tag-janauba","tag-minas-bate-marca-de-2-gw-de-energia-pela-geracao-solar-centralizada","tag-minas-gerais","tag-paracatu","tag-pirapora","tag-projeto-sol-de-minas","tag-sol-de-minas"],"yoast_head":"<!-- This site is optimized with the Yoast SEO plugin v28.3 - https:\/\/yoast.com\/product\/yoast-seo-wordpress\/ -->\n<title>Minas bate marca de 2 GW de energia pela gera\u00e7\u00e3o solar centralizada - Aconteceu no Vale<\/title>\n<meta name=\"robots\" content=\"index, follow, max-snippet:-1, max-image-preview:large, max-video-preview:-1\" \/>\n<link rel=\"canonical\" href=\"https:\/\/aconteceunovale.com.br\/portal\/?p=193264\" \/>\n<meta property=\"og:locale\" content=\"pt_BR\" \/>\n<meta property=\"og:type\" content=\"article\" \/>\n<meta property=\"og:title\" content=\"Minas bate marca de 2 GW de energia pela gera\u00e7\u00e3o solar centralizada - Aconteceu no Vale\" \/>\n<meta property=\"og:description\" content=\"Minas \u00e9 o primeiro estado no Brasil a atingir a marca de 2 GW em gera\u00e7\u00e3o centralizada de energia solar fotovoltaica, de acordo com dados da Ag\u00eancia Nacional de Energia El\u00e9trica &#8211; Aneel. A gera\u00e7\u00e3o centralizada inclui usinas el\u00e9tricas de grande porte, com extensa capacidade geradora. Atualmente, a produ\u00e7\u00e3o mineira representa 26,8% de toda produ\u00e7\u00e3o [&hellip;]\" \/>\n<meta property=\"og:url\" content=\"https:\/\/aconteceunovale.com.br\/portal\/?p=193264\" \/>\n<meta property=\"og:site_name\" content=\"Aconteceu no Vale\" \/>\n<meta property=\"article:publisher\" content=\"https:\/\/www.facebook.com\/aconteceunovale\/\" \/>\n<meta property=\"article:published_time\" content=\"2023-02-08T23:41:57+00:00\" \/>\n<meta property=\"article:modified_time\" content=\"2023-02-08T23:43:06+00:00\" \/>\n<meta property=\"og:image\" content=\"https:\/\/aconteceunovale.com.br\/portal\/wp-content\/uploads\/2023\/02\/fazenda_solar.jpg\" \/>\n\t<meta property=\"og:image:width\" content=\"678\" \/>\n\t<meta property=\"og:image:height\" content=\"375\" \/>\n\t<meta property=\"og:image:type\" content=\"image\/jpeg\" \/>\n<meta name=\"author\" content=\"Reda\u00e7\u00e3o Aconteceu no Vale\" \/>\n<meta name=\"twitter:card\" content=\"summary_large_image\" \/>\n<meta name=\"twitter:creator\" content=\"@noticiadosvales\" \/>\n<meta name=\"twitter:site\" content=\"@noticiadosvales\" \/>\n<meta name=\"twitter:label1\" content=\"Escrito por\" \/>\n\t<meta name=\"twitter:data1\" content=\"Reda\u00e7\u00e3o Aconteceu no Vale\" \/>\n\t<meta name=\"twitter:label2\" content=\"Est. tempo de leitura\" \/>\n\t<meta name=\"twitter:data2\" content=\"2 minutos\" \/>\n<script type=\"application\/ld+json\" class=\"yoast-schema-graph\">{\"@context\":\"https:\\\/\\\/schema.org\",\"@graph\":[{\"@type\":\"Article\",\"@id\":\"https:\\\/\\\/aconteceunovale.com.br\\\/portal\\\/?p=193264#article\",\"isPartOf\":{\"@id\":\"https:\\\/\\\/aconteceunovale.com.br\\\/portal\\\/?p=193264\"},\"author\":{\"name\":\"Reda\u00e7\u00e3o Aconteceu no Vale\",\"@id\":\"https:\\\/\\\/aconteceunovale.com.br\\\/portal\\\/#\\\/schema\\\/person\\\/7d2f26d1483f8a63de73da1ee0754d35\"},\"headline\":\"Minas bate marca de 2 GW de energia pela gera\u00e7\u00e3o solar centralizada\",\"datePublished\":\"2023-02-08T23:41:57+00:00\",\"dateModified\":\"2023-02-08T23:43:06+00:00\",\"mainEntityOfPage\":{\"@id\":\"https:\\\/\\\/aconteceunovale.com.br\\\/portal\\\/?p=193264\"},\"wordCount\":487,\"commentCount\":0,\"image\":{\"@id\":\"https:\\\/\\\/aconteceunovale.com.br\\\/portal\\\/?p=193264#primaryimage\"},\"thumbnailUrl\":\"https:\\\/\\\/aconteceunovale.com.br\\\/portal\\\/wp-content\\\/uploads\\\/2023\\\/02\\\/fazenda_solar.jpg\",\"keywords\":[\"Aneel\",\"brasil\",\"cemig\",\"destaque\",\"energia\",\"energia solar\",\"Fazenda de energia solar\",\"Fazenda solar\",\"Gera\u00e7\u00e3o centralizada de energia solar\",\"Gera\u00e7\u00e3o de energia solar centralizada\",\"ja\u00edba\",\"Jana\u00faba\",\"Minas bate marca de 2 GW de energia pela gera\u00e7\u00e3o solar centralizada\",\"Minas Gerais\",\"Paracatu\",\"Pirapora\",\"Projeto Sol de Minas\",\"Sol de Minas\"],\"articleSection\":[\"Brasil\",\"Minas Gerais\"],\"inLanguage\":\"pt-BR\",\"potentialAction\":[{\"@type\":\"CommentAction\",\"name\":\"Comment\",\"target\":[\"https:\\\/\\\/aconteceunovale.com.br\\\/portal\\\/?p=193264#respond\"]}]},{\"@type\":\"WebPage\",\"@id\":\"https:\\\/\\\/aconteceunovale.com.br\\\/portal\\\/?p=193264\",\"url\":\"https:\\\/\\\/aconteceunovale.com.br\\\/portal\\\/?p=193264\",\"name\":\"Minas bate marca de 2 GW de energia pela gera\u00e7\u00e3o solar centralizada - Aconteceu no Vale\",\"isPartOf\":{\"@id\":\"https:\\\/\\\/aconteceunovale.com.br\\\/portal\\\/#website\"},\"primaryImageOfPage\":{\"@id\":\"https:\\\/\\\/aconteceunovale.com.br\\\/portal\\\/?p=193264#primaryimage\"},\"image\":{\"@id\":\"https:\\\/\\\/aconteceunovale.com.br\\\/portal\\\/?p=193264#primaryimage\"},\"thumbnailUrl\":\"https:\\\/\\\/aconteceunovale.com.br\\\/portal\\\/wp-content\\\/uploads\\\/2023\\\/02\\\/fazenda_solar.jpg\",\"datePublished\":\"2023-02-08T23:41:57+00:00\",\"dateModified\":\"2023-02-08T23:43:06+00:00\",\"author\":{\"@id\":\"https:\\\/\\\/aconteceunovale.com.br\\\/portal\\\/#\\\/schema\\\/person\\\/7d2f26d1483f8a63de73da1ee0754d35\"},\"breadcrumb\":{\"@id\":\"https:\\\/\\\/aconteceunovale.com.br\\\/portal\\\/?p=193264#breadcrumb\"},\"inLanguage\":\"pt-BR\",\"potentialAction\":[{\"@type\":\"ReadAction\",\"target\":[\"https:\\\/\\\/aconteceunovale.com.br\\\/portal\\\/?p=193264\"]}]},{\"@type\":\"ImageObject\",\"inLanguage\":\"pt-BR\",\"@id\":\"https:\\\/\\\/aconteceunovale.com.br\\\/portal\\\/?p=193264#primaryimage\",\"url\":\"https:\\\/\\\/aconteceunovale.com.br\\\/portal\\\/wp-content\\\/uploads\\\/2023\\\/02\\\/fazenda_solar.jpg\",\"contentUrl\":\"https:\\\/\\\/aconteceunovale.com.br\\\/portal\\\/wp-content\\\/uploads\\\/2023\\\/02\\\/fazenda_solar.jpg\",\"width\":678,\"height\":375},{\"@type\":\"BreadcrumbList\",\"@id\":\"https:\\\/\\\/aconteceunovale.com.br\\\/portal\\\/?p=193264#breadcrumb\",\"itemListElement\":[{\"@type\":\"ListItem\",\"position\":1,\"name\":\"In\u00edcio\",\"item\":\"https:\\\/\\\/aconteceunovale.com.br\\\/portal\\\/\"},{\"@type\":\"ListItem\",\"position\":2,\"name\":\"Minas bate marca de 2 GW de energia pela gera\u00e7\u00e3o solar centralizada\"}]},{\"@type\":\"WebSite\",\"@id\":\"https:\\\/\\\/aconteceunovale.com.br\\\/portal\\\/#website\",\"url\":\"https:\\\/\\\/aconteceunovale.com.br\\\/portal\\\/\",\"name\":\"Aconteceu no Vale\",\"description\":\"Portal de Not\u00edcias\",\"potentialAction\":[{\"@type\":\"SearchAction\",\"target\":{\"@type\":\"EntryPoint\",\"urlTemplate\":\"https:\\\/\\\/aconteceunovale.com.br\\\/portal\\\/?s={search_term_string}\"},\"query-input\":{\"@type\":\"PropertyValueSpecification\",\"valueRequired\":true,\"valueName\":\"search_term_string\"}}],\"inLanguage\":\"pt-BR\"},{\"@type\":\"Person\",\"@id\":\"https:\\\/\\\/aconteceunovale.com.br\\\/portal\\\/#\\\/schema\\\/person\\\/7d2f26d1483f8a63de73da1ee0754d35\",\"name\":\"Reda\u00e7\u00e3o Aconteceu no Vale\",\"description\":\"Equipe de reportagem do Aconteceu no Vale, portal de not\u00edcias do Vale do Jequitinhonha, em Minas Gerais. Cobrimos as 51 cidades do Vale desde 2013. Sugest\u00f5es de pauta e pedidos de corre\u00e7\u00e3o: contato@aconteceunovale.com.br\",\"url\":\"https:\\\/\\\/aconteceunovale.com.br\\\/portal\\\/?author=4\"}]}<\/script>\n<!-- \/ Yoast SEO plugin. -->","yoast_head_json":{"title":"Minas bate marca de 2 GW de energia pela gera\u00e7\u00e3o solar centralizada - Aconteceu no Vale","robots":{"index":"index","follow":"follow","max-snippet":"max-snippet:-1","max-image-preview":"max-image-preview:large","max-video-preview":"max-video-preview:-1"},"canonical":"https:\/\/aconteceunovale.com.br\/portal\/?p=193264","og_locale":"pt_BR","og_type":"article","og_title":"Minas bate marca de 2 GW de energia pela gera\u00e7\u00e3o solar centralizada - Aconteceu no Vale","og_description":"Minas \u00e9 o primeiro estado no Brasil a atingir a marca de 2 GW em gera\u00e7\u00e3o centralizada de energia solar fotovoltaica, de acordo com dados da Ag\u00eancia Nacional de Energia El\u00e9trica &#8211; Aneel. A gera\u00e7\u00e3o centralizada inclui usinas el\u00e9tricas de grande porte, com extensa capacidade geradora. Atualmente, a produ\u00e7\u00e3o mineira representa 26,8% de toda produ\u00e7\u00e3o [&hellip;]","og_url":"https:\/\/aconteceunovale.com.br\/portal\/?p=193264","og_site_name":"Aconteceu no Vale","article_publisher":"https:\/\/www.facebook.com\/aconteceunovale\/","article_published_time":"2023-02-08T23:41:57+00:00","article_modified_time":"2023-02-08T23:43:06+00:00","og_image":[{"width":678,"height":375,"url":"https:\/\/aconteceunovale.com.br\/portal\/wp-content\/uploads\/2023\/02\/fazenda_solar.jpg","type":"image\/jpeg"}],"author":"Reda\u00e7\u00e3o Aconteceu no Vale","twitter_card":"summary_large_image","twitter_creator":"@noticiadosvales","twitter_site":"@noticiadosvales","twitter_misc":{"Escrito por":"Reda\u00e7\u00e3o Aconteceu no Vale","Est. tempo de leitura":"2 minutos"},"schema":{"@context":"https:\/\/schema.org","@graph":[{"@type":"Article","@id":"https:\/\/aconteceunovale.com.br\/portal\/?p=193264#article","isPartOf":{"@id":"https:\/\/aconteceunovale.com.br\/portal\/?p=193264"},"author":{"name":"Reda\u00e7\u00e3o Aconteceu no Vale","@id":"https:\/\/aconteceunovale.com.br\/portal\/#\/schema\/person\/7d2f26d1483f8a63de73da1ee0754d35"},"headline":"Minas bate marca de 2 GW de energia pela gera\u00e7\u00e3o solar centralizada","datePublished":"2023-02-08T23:41:57+00:00","dateModified":"2023-02-08T23:43:06+00:00","mainEntityOfPage":{"@id":"https:\/\/aconteceunovale.com.br\/portal\/?p=193264"},"wordCount":487,"commentCount":0,"image":{"@id":"https:\/\/aconteceunovale.com.br\/portal\/?p=193264#primaryimage"},"thumbnailUrl":"https:\/\/aconteceunovale.com.br\/portal\/wp-content\/uploads\/2023\/02\/fazenda_solar.jpg","keywords":["Aneel","brasil","cemig","destaque","energia","energia solar","Fazenda de energia solar","Fazenda solar","Gera\u00e7\u00e3o centralizada de energia solar","Gera\u00e7\u00e3o de energia solar centralizada","ja\u00edba","Jana\u00faba","Minas bate marca de 2 GW de energia pela gera\u00e7\u00e3o solar centralizada","Minas Gerais","Paracatu","Pirapora","Projeto Sol de Minas","Sol de Minas"],"articleSection":["Brasil","Minas Gerais"],"inLanguage":"pt-BR","potentialAction":[{"@type":"CommentAction","name":"Comment","target":["https:\/\/aconteceunovale.com.br\/portal\/?p=193264#respond"]}]},{"@type":"WebPage","@id":"https:\/\/aconteceunovale.com.br\/portal\/?p=193264","url":"https:\/\/aconteceunovale.com.br\/portal\/?p=193264","name":"Minas bate marca de 2 GW de energia pela gera\u00e7\u00e3o solar centralizada - Aconteceu no Vale","isPartOf":{"@id":"https:\/\/aconteceunovale.com.br\/portal\/#website"},"primaryImageOfPage":{"@id":"https:\/\/aconteceunovale.com.br\/portal\/?p=193264#primaryimage"},"image":{"@id":"https:\/\/aconteceunovale.com.br\/portal\/?p=193264#primaryimage"},"thumbnailUrl":"https:\/\/aconteceunovale.com.br\/portal\/wp-content\/uploads\/2023\/02\/fazenda_solar.jpg","datePublished":"2023-02-08T23:41:57+00:00","dateModified":"2023-02-08T23:43:06+00:00","author":{"@id":"https:\/\/aconteceunovale.com.br\/portal\/#\/schema\/person\/7d2f26d1483f8a63de73da1ee0754d35"},"breadcrumb":{"@id":"https:\/\/aconteceunovale.com.br\/portal\/?p=193264#breadcrumb"},"inLanguage":"pt-BR","potentialAction":[{"@type":"ReadAction","target":["https:\/\/aconteceunovale.com.br\/portal\/?p=193264"]}]},{"@type":"ImageObject","inLanguage":"pt-BR","@id":"https:\/\/aconteceunovale.com.br\/portal\/?p=193264#primaryimage","url":"https:\/\/aconteceunovale.com.br\/portal\/wp-content\/uploads\/2023\/02\/fazenda_solar.jpg","contentUrl":"https:\/\/aconteceunovale.com.br\/portal\/wp-content\/uploads\/2023\/02\/fazenda_solar.jpg","width":678,"height":375},{"@type":"BreadcrumbList","@id":"https:\/\/aconteceunovale.com.br\/portal\/?p=193264#breadcrumb","itemListElement":[{"@type":"ListItem","position":1,"name":"In\u00edcio","item":"https:\/\/aconteceunovale.com.br\/portal\/"},{"@type":"ListItem","position":2,"name":"Minas bate marca de 2 GW de energia pela gera\u00e7\u00e3o solar centralizada"}]},{"@type":"WebSite","@id":"https:\/\/aconteceunovale.com.br\/portal\/#website","url":"https:\/\/aconteceunovale.com.br\/portal\/","name":"Aconteceu no Vale","description":"Portal de Not\u00edcias","potentialAction":[{"@type":"SearchAction","target":{"@type":"EntryPoint","urlTemplate":"https:\/\/aconteceunovale.com.br\/portal\/?s={search_term_string}"},"query-input":{"@type":"PropertyValueSpecification","valueRequired":true,"valueName":"search_term_string"}}],"inLanguage":"pt-BR"},{"@type":"Person","@id":"https:\/\/aconteceunovale.com.br\/portal\/#\/schema\/person\/7d2f26d1483f8a63de73da1ee0754d35","name":"Reda\u00e7\u00e3o Aconteceu no Vale","description":"Equipe de reportagem do Aconteceu no Vale, portal de not\u00edcias do Vale do Jequitinhonha, em Minas Gerais. Cobrimos as 51 cidades do Vale desde 2013. Sugest\u00f5es de pauta e pedidos de corre\u00e7\u00e3o: contato@aconteceunovale.com.br","url":"https:\/\/aconteceunovale.com.br\/portal\/?author=4"}]}},"_links":{"self":[{"href":"https:\/\/aconteceunovale.com.br\/portal\/index.php?rest_route=\/wp\/v2\/posts\/193264","targetHints":{"allow":["GET"]}}],"collection":[{"href":"https:\/\/aconteceunovale.com.br\/portal\/index.php?rest_route=\/wp\/v2\/posts"}],"about":[{"href":"https:\/\/aconteceunovale.com.br\/portal\/index.php?rest_route=\/wp\/v2\/types\/post"}],"author":[{"embeddable":true,"href":"https:\/\/aconteceunovale.com.br\/portal\/index.php?rest_route=\/wp\/v2\/users\/4"}],"replies":[{"embeddable":true,"href":"https:\/\/aconteceunovale.com.br\/portal\/index.php?rest_route=%2Fwp%2Fv2%2Fcomments&post=193264"}],"version-history":[{"count":1,"href":"https:\/\/aconteceunovale.com.br\/portal\/index.php?rest_route=\/wp\/v2\/posts\/193264\/revisions"}],"predecessor-version":[{"id":193266,"href":"https:\/\/aconteceunovale.com.br\/portal\/index.php?rest_route=\/wp\/v2\/posts\/193264\/revisions\/193266"}],"wp:featuredmedia":[{"embeddable":true,"href":"https:\/\/aconteceunovale.com.br\/portal\/index.php?rest_route=\/wp\/v2\/media\/193265"}],"wp:attachment":[{"href":"https:\/\/aconteceunovale.com.br\/portal\/index.php?rest_route=%2Fwp%2Fv2%2Fmedia&parent=193264"}],"wp:term":[{"taxonomy":"category","embeddable":true,"href":"https:\/\/aconteceunovale.com.br\/portal\/index.php?rest_route=%2Fwp%2Fv2%2Fcategories&post=193264"},{"taxonomy":"post_tag","embeddable":true,"href":"https:\/\/aconteceunovale.com.br\/portal\/index.php?rest_route=%2Fwp%2Fv2%2Ftags&post=193264"}],"curies":[{"name":"wp","href":"https:\/\/api.w.org\/{rel}","templated":true}]}}