{"id":193260,"date":"2023-02-08T20:34:06","date_gmt":"2023-02-08T23:34:06","guid":{"rendered":"https:\/\/aconteceunovale.com.br\/portal\/?p=193260"},"modified":"2023-02-08T20:34:45","modified_gmt":"2023-02-08T23:34:45","slug":"receita-federal-podera-cobrar-tributos-retroativamente-caso-stf-mude-decisoes","status":"publish","type":"post","link":"https:\/\/aconteceunovale.com.br\/portal\/?p=193260","title":{"rendered":"Receita Federal poder\u00e1 cobrar tributos retroativamente caso STF mude decis\u00f5es"},"content":{"rendered":"\n<p class=\"wp-block-paragraph\">A Receita Federal poder\u00e1 cobrar, de forma retroativa e autom\u00e1tica, tributos de contribuintes que ganharam no Supremo Tribunal Federal (STF) o direito a n\u00e3o pagar, mas perderem o direito no futuro caso a Corte mude de entendimento. Por unanimidade, o Plen\u00e1rio do STF aprovou hoje (8) uma s\u00famula vinculante que \u201cquebra\u201d decis\u00f5es judiciais definitivas.<\/p>\n\n\n\n<p class=\"wp-block-paragraph\">Com a medida, o Fisco ganhou passe livre para cobrar impostos e contribui\u00e7\u00f5es n\u00e3o pagas por contribuintes que haviam ganhado, em \u00faltima inst\u00e2ncia, o direito a n\u00e3o pagar o tributo, mas cuja decis\u00e3o for\u00a0revertida posteriormente pelo Supremo. At\u00e9 agora nesses casos, a cobran\u00e7a n\u00e3o era autom\u00e1tica. A Receita tinha que entrar com uma a\u00e7\u00e3o rescis\u00f3ria, que poderia ser aceita ou rejeitada pela Justi\u00e7a, para come\u00e7ar a arrecadar.<\/p>\n\n\n\n<p class=\"wp-block-paragraph\">De repercuss\u00e3o geral, a s\u00famula vinculante vale para todos os julgamentos de controle concentrado de constitucionalidade daqui para a frente. O julgamento havia come\u00e7ado na semana passada e foi conclu\u00eddo nesta quarta-feira.<\/p>\n\n\n\n<p class=\"wp-block-paragraph\">A Corte tamb\u00e9m decidiu o prazo ap\u00f3s a mudan\u00e7a de decis\u00e3o do STF em que a Receita come\u00e7ar\u00e1 a cobrar. Prevaleceu o entendimento tradicional da Constitui\u00e7\u00e3o, que estabelece 90 dias (ap\u00f3s a decis\u00e3o do STF) no caso de aumento de contribui\u00e7\u00f5es e o in\u00edcio do ano seguinte (\u00e0 decis\u00e3o) no caso de aumento de impostos. Esse ponto n\u00e3o foi aprovado por unanimidade, tendo o voto contr\u00e1rio dos ministros Gilmar Mendes, Dias Toffoli e Andr\u00e9 Mendon\u00e7a.<\/p>\n\n\n\n<h2 class=\"wp-block-heading\">Modula\u00e7\u00e3o<\/h2>\n\n\n\n<p class=\"wp-block-paragraph\">Al\u00e9m de automatizar a cobran\u00e7a no futuro, o STF autorizou a cobran\u00e7a sobre tributos n\u00e3o pagos no passado. O Fisco poder\u00e1 cobrar os tributos relativos ao per\u00edodo em que o contribuinte ficou isento por decis\u00e3o da Corte. Por 6 votos a 5, o Supremo derrubou a modula\u00e7\u00e3o de efeitos, que define o momento a partir do qual uma decis\u00e3o passa a vigorar.<\/p>\n\n\n\n<p class=\"wp-block-paragraph\">Sem a medida, grandes empresas que questionaram o pagamento de tributos ao STF nos \u00faltimos anos passaram a ficar com grande passivo em a\u00e7\u00f5es que questionavam a decis\u00e3o da Contribui\u00e7\u00e3o Social sobre o Lucro L\u00edquido (CSLL) do Imposto de Renda, a incid\u00eancia de Imposto sobre Produtos Industrializados (IPI) na revenda de produtos importados, a contribui\u00e7\u00e3o patronal sobre o adicional de um&nbsp;ter\u00e7o de f\u00e9rias e a cobran\u00e7a da Contribui\u00e7\u00e3o para o Financiamento da Seguridade Social (Cofins) para as sociedades uniprofissionais.<\/p>\n\n\n\n<p class=\"wp-block-paragraph\">No caso da CSLL, o fim da modula\u00e7\u00e3o poder\u00e1 fazer a Receita cobrar a contribui\u00e7\u00e3o devida desde 2007, quando o STF considerou constitucional a base de c\u00e1lculo do tributo. Se houvesse a modula\u00e7\u00e3o, o Fisco s\u00f3 poderia cobrar o tributo 90 dias depois da publica\u00e7\u00e3o da ata do julgamento pelo Supremo.<\/p>\n\n\n\n<p class=\"wp-block-paragraph\">Os ministros Lu\u00eds Roberto Barroso, Gilmar Mendes, Andr\u00e9 Mendon\u00e7a, Alexandre de Moraes, C\u00e1rmen L\u00facia e Rosa Weber votaram contra a modula\u00e7\u00e3o. Os ministros Edson Fachin, Nunes Marques, Luiz Fux, Ricardo Lewandowski e Dias Toffoli votaram a favor. Toffoli havia votado na semana passada pelo fim da modula\u00e7\u00e3o, mas mudou a decis\u00e3o\u00a0hoje.<\/p>\n\n\n\n<p class=\"wp-block-paragraph\">&#8212;&#8212;&#8212;&#8212;&#8212;&#8212;<br><br><strong>Sabia que o Aconteceu no Vale est\u00e1 tamb\u00e9m no Telegram? <a rel=\"noreferrer noopener\" href=\"https:\/\/t.me\/aconteceunovaleoficial\" target=\"_blank\">Inscreva-se no canal<\/a>.<\/strong><br><br><strong>J\u00e1 curtiu ou seguiu nossas p\u00e1ginas nas redes sociais?\u00a0Receba as not\u00edcias em primeira m\u00e3o:<\/strong><br>\u2022 <a rel=\"noreferrer noopener\" href=\"https:\/\/news.google.com\/publications\/CAAqBwgKMNjklQswi4etAw?hl=pt-BR&amp;gl=BR&amp;ceid=BR%3Apt-419\" target=\"_blank\">Google News<\/a><br>\u2022 <a rel=\"noreferrer noopener\" href=\"https:\/\/www.facebook.com\/aconteceunovale\/\" target=\"_blank\">Facebook<\/a><br>\u2022 <a rel=\"noreferrer noopener\" href=\"https:\/\/twitter.com\/noticiadosvales\" target=\"_blank\">Twitter<\/a><br>\u2022 <a rel=\"noreferrer noopener\" href=\"https:\/\/www.instagram.com\/aconteceunovale\" target=\"_blank\">Instagram<\/a><br>\u2022 <a rel=\"noreferrer noopener\" href=\"https:\/\/www.youtube.com\/AconteceunoValeOficial\" target=\"_blank\">Youtube<\/a><br>\u2022 <a rel=\"noreferrer noopener\" href=\"https:\/\/www.tiktok.com\/@aconteceunovale\" target=\"_blank\">TikTok<\/a><\/p>\n","protected":false},"excerpt":{"rendered":"<p>A Receita Federal poder\u00e1 cobrar, de forma retroativa e autom\u00e1tica, tributos de contribuintes que ganharam no Supremo Tribunal Federal (STF) o direito a n\u00e3o pagar, mas perderem o direito no futuro caso a Corte mude de entendimento. Por unanimidade, o Plen\u00e1rio do STF aprovou hoje (8) uma s\u00famula vinculante que \u201cquebra\u201d decis\u00f5es judiciais definitivas. Com [&hellip;]<\/p>\n","protected":false},"author":4,"featured_media":155874,"comment_status":"open","ping_status":"closed","sticky":false,"template":"","format":"standard","meta":{"amp_status":"","footnotes":""},"categories":[6,40239],"tags":[267294,50522,1464,267293,28511,28510],"class_list":["post-193260","post","type-post","status-publish","format-standard","has-post-thumbnail","hentry","category-br","category-economia-2","tag-cobranca-retroativa-de-tributos","tag-fisco","tag-receita-federal","tag-receita-federal-podera-cobrar-tributos-retroativamente-caso-stf-mude-decisoes","tag-stf","tag-supremo-tribunal-federal"],"yoast_head":"<!-- This site is optimized with the Yoast SEO plugin v28.3 - https:\/\/yoast.com\/product\/yoast-seo-wordpress\/ -->\n<title>Receita Federal poder\u00e1 cobrar tributos retroativamente caso STF mude decis\u00f5es - Aconteceu no Vale<\/title>\n<meta name=\"robots\" content=\"index, follow, max-snippet:-1, max-image-preview:large, max-video-preview:-1\" \/>\n<link rel=\"canonical\" href=\"https:\/\/aconteceunovale.com.br\/portal\/?p=193260\" \/>\n<meta property=\"og:locale\" content=\"pt_BR\" \/>\n<meta property=\"og:type\" content=\"article\" \/>\n<meta property=\"og:title\" content=\"Receita Federal poder\u00e1 cobrar tributos retroativamente caso STF mude decis\u00f5es - Aconteceu no Vale\" \/>\n<meta property=\"og:description\" content=\"A Receita Federal poder\u00e1 cobrar, de forma retroativa e autom\u00e1tica, tributos de contribuintes que ganharam no Supremo Tribunal Federal (STF) o direito a n\u00e3o pagar, mas perderem o direito no futuro caso a Corte mude de entendimento. Por unanimidade, o Plen\u00e1rio do STF aprovou hoje (8) uma s\u00famula vinculante que \u201cquebra\u201d decis\u00f5es judiciais definitivas. Com [&hellip;]\" \/>\n<meta property=\"og:url\" content=\"https:\/\/aconteceunovale.com.br\/portal\/?p=193260\" \/>\n<meta property=\"og:site_name\" content=\"Aconteceu no Vale\" \/>\n<meta property=\"article:publisher\" content=\"https:\/\/www.facebook.com\/aconteceunovale\/\" \/>\n<meta property=\"article:published_time\" content=\"2023-02-08T23:34:06+00:00\" \/>\n<meta property=\"article:modified_time\" content=\"2023-02-08T23:34:45+00:00\" \/>\n<meta property=\"og:image\" content=\"https:\/\/aconteceunovale.com.br\/portal\/wp-content\/uploads\/2019\/12\/receita_federal.jpg\" \/>\n\t<meta property=\"og:image:width\" content=\"675\" \/>\n\t<meta property=\"og:image:height\" content=\"450\" \/>\n\t<meta property=\"og:image:type\" content=\"image\/jpeg\" \/>\n<meta name=\"author\" content=\"Reda\u00e7\u00e3o Aconteceu no Vale\" \/>\n<meta name=\"twitter:card\" content=\"summary_large_image\" \/>\n<meta name=\"twitter:creator\" content=\"@noticiadosvales\" \/>\n<meta name=\"twitter:site\" content=\"@noticiadosvales\" \/>\n<meta name=\"twitter:label1\" content=\"Escrito por\" \/>\n\t<meta name=\"twitter:data1\" content=\"Reda\u00e7\u00e3o Aconteceu no Vale\" \/>\n\t<meta name=\"twitter:label2\" content=\"Est. tempo de leitura\" \/>\n\t<meta name=\"twitter:data2\" content=\"3 minutos\" \/>\n<script type=\"application\/ld+json\" class=\"yoast-schema-graph\">{\"@context\":\"https:\\\/\\\/schema.org\",\"@graph\":[{\"@type\":\"Article\",\"@id\":\"https:\\\/\\\/aconteceunovale.com.br\\\/portal\\\/?p=193260#article\",\"isPartOf\":{\"@id\":\"https:\\\/\\\/aconteceunovale.com.br\\\/portal\\\/?p=193260\"},\"author\":{\"name\":\"Reda\u00e7\u00e3o Aconteceu no Vale\",\"@id\":\"https:\\\/\\\/aconteceunovale.com.br\\\/portal\\\/#\\\/schema\\\/person\\\/7d2f26d1483f8a63de73da1ee0754d35\"},\"headline\":\"Receita Federal poder\u00e1 cobrar tributos retroativamente caso STF mude decis\u00f5es\",\"datePublished\":\"2023-02-08T23:34:06+00:00\",\"dateModified\":\"2023-02-08T23:34:45+00:00\",\"mainEntityOfPage\":{\"@id\":\"https:\\\/\\\/aconteceunovale.com.br\\\/portal\\\/?p=193260\"},\"wordCount\":586,\"commentCount\":0,\"image\":{\"@id\":\"https:\\\/\\\/aconteceunovale.com.br\\\/portal\\\/?p=193260#primaryimage\"},\"thumbnailUrl\":\"https:\\\/\\\/aconteceunovale.com.br\\\/portal\\\/wp-content\\\/uploads\\\/2019\\\/12\\\/receita_federal.jpg\",\"keywords\":[\"Cobran\u00e7a retroativa de tributos\",\"fisco\",\"receita federal\",\"Receita Federal poder\u00e1 cobrar tributos retroativamente caso STF mude decis\u00f5es\",\"STF\",\"Supremo Tribunal Federal\"],\"articleSection\":[\"Brasil\",\"Economia\"],\"inLanguage\":\"pt-BR\",\"potentialAction\":[{\"@type\":\"CommentAction\",\"name\":\"Comment\",\"target\":[\"https:\\\/\\\/aconteceunovale.com.br\\\/portal\\\/?p=193260#respond\"]}]},{\"@type\":\"WebPage\",\"@id\":\"https:\\\/\\\/aconteceunovale.com.br\\\/portal\\\/?p=193260\",\"url\":\"https:\\\/\\\/aconteceunovale.com.br\\\/portal\\\/?p=193260\",\"name\":\"Receita Federal poder\u00e1 cobrar tributos retroativamente caso STF mude decis\u00f5es - Aconteceu no Vale\",\"isPartOf\":{\"@id\":\"https:\\\/\\\/aconteceunovale.com.br\\\/portal\\\/#website\"},\"primaryImageOfPage\":{\"@id\":\"https:\\\/\\\/aconteceunovale.com.br\\\/portal\\\/?p=193260#primaryimage\"},\"image\":{\"@id\":\"https:\\\/\\\/aconteceunovale.com.br\\\/portal\\\/?p=193260#primaryimage\"},\"thumbnailUrl\":\"https:\\\/\\\/aconteceunovale.com.br\\\/portal\\\/wp-content\\\/uploads\\\/2019\\\/12\\\/receita_federal.jpg\",\"datePublished\":\"2023-02-08T23:34:06+00:00\",\"dateModified\":\"2023-02-08T23:34:45+00:00\",\"author\":{\"@id\":\"https:\\\/\\\/aconteceunovale.com.br\\\/portal\\\/#\\\/schema\\\/person\\\/7d2f26d1483f8a63de73da1ee0754d35\"},\"breadcrumb\":{\"@id\":\"https:\\\/\\\/aconteceunovale.com.br\\\/portal\\\/?p=193260#breadcrumb\"},\"inLanguage\":\"pt-BR\",\"potentialAction\":[{\"@type\":\"ReadAction\",\"target\":[\"https:\\\/\\\/aconteceunovale.com.br\\\/portal\\\/?p=193260\"]}]},{\"@type\":\"ImageObject\",\"inLanguage\":\"pt-BR\",\"@id\":\"https:\\\/\\\/aconteceunovale.com.br\\\/portal\\\/?p=193260#primaryimage\",\"url\":\"https:\\\/\\\/aconteceunovale.com.br\\\/portal\\\/wp-content\\\/uploads\\\/2019\\\/12\\\/receita_federal.jpg\",\"contentUrl\":\"https:\\\/\\\/aconteceunovale.com.br\\\/portal\\\/wp-content\\\/uploads\\\/2019\\\/12\\\/receita_federal.jpg\",\"width\":675,\"height\":450},{\"@type\":\"BreadcrumbList\",\"@id\":\"https:\\\/\\\/aconteceunovale.com.br\\\/portal\\\/?p=193260#breadcrumb\",\"itemListElement\":[{\"@type\":\"ListItem\",\"position\":1,\"name\":\"In\u00edcio\",\"item\":\"https:\\\/\\\/aconteceunovale.com.br\\\/portal\\\/\"},{\"@type\":\"ListItem\",\"position\":2,\"name\":\"Receita Federal poder\u00e1 cobrar tributos retroativamente caso STF mude decis\u00f5es\"}]},{\"@type\":\"WebSite\",\"@id\":\"https:\\\/\\\/aconteceunovale.com.br\\\/portal\\\/#website\",\"url\":\"https:\\\/\\\/aconteceunovale.com.br\\\/portal\\\/\",\"name\":\"Aconteceu no Vale\",\"description\":\"Portal de Not\u00edcias\",\"potentialAction\":[{\"@type\":\"SearchAction\",\"target\":{\"@type\":\"EntryPoint\",\"urlTemplate\":\"https:\\\/\\\/aconteceunovale.com.br\\\/portal\\\/?s={search_term_string}\"},\"query-input\":{\"@type\":\"PropertyValueSpecification\",\"valueRequired\":true,\"valueName\":\"search_term_string\"}}],\"inLanguage\":\"pt-BR\"},{\"@type\":\"Person\",\"@id\":\"https:\\\/\\\/aconteceunovale.com.br\\\/portal\\\/#\\\/schema\\\/person\\\/7d2f26d1483f8a63de73da1ee0754d35\",\"name\":\"Reda\u00e7\u00e3o Aconteceu no Vale\",\"description\":\"Equipe de reportagem do Aconteceu no Vale, portal de not\u00edcias do Vale do Jequitinhonha, em Minas Gerais. Cobrimos as 51 cidades do Vale desde 2013. Sugest\u00f5es de pauta e pedidos de corre\u00e7\u00e3o: contato@aconteceunovale.com.br\",\"url\":\"https:\\\/\\\/aconteceunovale.com.br\\\/portal\\\/?author=4\"}]}<\/script>\n<!-- \/ Yoast SEO plugin. -->","yoast_head_json":{"title":"Receita Federal poder\u00e1 cobrar tributos retroativamente caso STF mude decis\u00f5es - Aconteceu no Vale","robots":{"index":"index","follow":"follow","max-snippet":"max-snippet:-1","max-image-preview":"max-image-preview:large","max-video-preview":"max-video-preview:-1"},"canonical":"https:\/\/aconteceunovale.com.br\/portal\/?p=193260","og_locale":"pt_BR","og_type":"article","og_title":"Receita Federal poder\u00e1 cobrar tributos retroativamente caso STF mude decis\u00f5es - Aconteceu no Vale","og_description":"A Receita Federal poder\u00e1 cobrar, de forma retroativa e autom\u00e1tica, tributos de contribuintes que ganharam no Supremo Tribunal Federal (STF) o direito a n\u00e3o pagar, mas perderem o direito no futuro caso a Corte mude de entendimento. Por unanimidade, o Plen\u00e1rio do STF aprovou hoje (8) uma s\u00famula vinculante que \u201cquebra\u201d decis\u00f5es judiciais definitivas. Com [&hellip;]","og_url":"https:\/\/aconteceunovale.com.br\/portal\/?p=193260","og_site_name":"Aconteceu no Vale","article_publisher":"https:\/\/www.facebook.com\/aconteceunovale\/","article_published_time":"2023-02-08T23:34:06+00:00","article_modified_time":"2023-02-08T23:34:45+00:00","og_image":[{"width":675,"height":450,"url":"https:\/\/aconteceunovale.com.br\/portal\/wp-content\/uploads\/2019\/12\/receita_federal.jpg","type":"image\/jpeg"}],"author":"Reda\u00e7\u00e3o Aconteceu no Vale","twitter_card":"summary_large_image","twitter_creator":"@noticiadosvales","twitter_site":"@noticiadosvales","twitter_misc":{"Escrito por":"Reda\u00e7\u00e3o Aconteceu no Vale","Est. tempo de leitura":"3 minutos"},"schema":{"@context":"https:\/\/schema.org","@graph":[{"@type":"Article","@id":"https:\/\/aconteceunovale.com.br\/portal\/?p=193260#article","isPartOf":{"@id":"https:\/\/aconteceunovale.com.br\/portal\/?p=193260"},"author":{"name":"Reda\u00e7\u00e3o Aconteceu no Vale","@id":"https:\/\/aconteceunovale.com.br\/portal\/#\/schema\/person\/7d2f26d1483f8a63de73da1ee0754d35"},"headline":"Receita Federal poder\u00e1 cobrar tributos retroativamente caso STF mude decis\u00f5es","datePublished":"2023-02-08T23:34:06+00:00","dateModified":"2023-02-08T23:34:45+00:00","mainEntityOfPage":{"@id":"https:\/\/aconteceunovale.com.br\/portal\/?p=193260"},"wordCount":586,"commentCount":0,"image":{"@id":"https:\/\/aconteceunovale.com.br\/portal\/?p=193260#primaryimage"},"thumbnailUrl":"https:\/\/aconteceunovale.com.br\/portal\/wp-content\/uploads\/2019\/12\/receita_federal.jpg","keywords":["Cobran\u00e7a retroativa de tributos","fisco","receita federal","Receita Federal poder\u00e1 cobrar tributos retroativamente caso STF mude decis\u00f5es","STF","Supremo Tribunal Federal"],"articleSection":["Brasil","Economia"],"inLanguage":"pt-BR","potentialAction":[{"@type":"CommentAction","name":"Comment","target":["https:\/\/aconteceunovale.com.br\/portal\/?p=193260#respond"]}]},{"@type":"WebPage","@id":"https:\/\/aconteceunovale.com.br\/portal\/?p=193260","url":"https:\/\/aconteceunovale.com.br\/portal\/?p=193260","name":"Receita Federal poder\u00e1 cobrar tributos retroativamente caso STF mude decis\u00f5es - Aconteceu no Vale","isPartOf":{"@id":"https:\/\/aconteceunovale.com.br\/portal\/#website"},"primaryImageOfPage":{"@id":"https:\/\/aconteceunovale.com.br\/portal\/?p=193260#primaryimage"},"image":{"@id":"https:\/\/aconteceunovale.com.br\/portal\/?p=193260#primaryimage"},"thumbnailUrl":"https:\/\/aconteceunovale.com.br\/portal\/wp-content\/uploads\/2019\/12\/receita_federal.jpg","datePublished":"2023-02-08T23:34:06+00:00","dateModified":"2023-02-08T23:34:45+00:00","author":{"@id":"https:\/\/aconteceunovale.com.br\/portal\/#\/schema\/person\/7d2f26d1483f8a63de73da1ee0754d35"},"breadcrumb":{"@id":"https:\/\/aconteceunovale.com.br\/portal\/?p=193260#breadcrumb"},"inLanguage":"pt-BR","potentialAction":[{"@type":"ReadAction","target":["https:\/\/aconteceunovale.com.br\/portal\/?p=193260"]}]},{"@type":"ImageObject","inLanguage":"pt-BR","@id":"https:\/\/aconteceunovale.com.br\/portal\/?p=193260#primaryimage","url":"https:\/\/aconteceunovale.com.br\/portal\/wp-content\/uploads\/2019\/12\/receita_federal.jpg","contentUrl":"https:\/\/aconteceunovale.com.br\/portal\/wp-content\/uploads\/2019\/12\/receita_federal.jpg","width":675,"height":450},{"@type":"BreadcrumbList","@id":"https:\/\/aconteceunovale.com.br\/portal\/?p=193260#breadcrumb","itemListElement":[{"@type":"ListItem","position":1,"name":"In\u00edcio","item":"https:\/\/aconteceunovale.com.br\/portal\/"},{"@type":"ListItem","position":2,"name":"Receita Federal poder\u00e1 cobrar tributos retroativamente caso STF mude decis\u00f5es"}]},{"@type":"WebSite","@id":"https:\/\/aconteceunovale.com.br\/portal\/#website","url":"https:\/\/aconteceunovale.com.br\/portal\/","name":"Aconteceu no Vale","description":"Portal de Not\u00edcias","potentialAction":[{"@type":"SearchAction","target":{"@type":"EntryPoint","urlTemplate":"https:\/\/aconteceunovale.com.br\/portal\/?s={search_term_string}"},"query-input":{"@type":"PropertyValueSpecification","valueRequired":true,"valueName":"search_term_string"}}],"inLanguage":"pt-BR"},{"@type":"Person","@id":"https:\/\/aconteceunovale.com.br\/portal\/#\/schema\/person\/7d2f26d1483f8a63de73da1ee0754d35","name":"Reda\u00e7\u00e3o Aconteceu no Vale","description":"Equipe de reportagem do Aconteceu no Vale, portal de not\u00edcias do Vale do Jequitinhonha, em Minas Gerais. Cobrimos as 51 cidades do Vale desde 2013. Sugest\u00f5es de pauta e pedidos de corre\u00e7\u00e3o: contato@aconteceunovale.com.br","url":"https:\/\/aconteceunovale.com.br\/portal\/?author=4"}]}},"_links":{"self":[{"href":"https:\/\/aconteceunovale.com.br\/portal\/index.php?rest_route=\/wp\/v2\/posts\/193260","targetHints":{"allow":["GET"]}}],"collection":[{"href":"https:\/\/aconteceunovale.com.br\/portal\/index.php?rest_route=\/wp\/v2\/posts"}],"about":[{"href":"https:\/\/aconteceunovale.com.br\/portal\/index.php?rest_route=\/wp\/v2\/types\/post"}],"author":[{"embeddable":true,"href":"https:\/\/aconteceunovale.com.br\/portal\/index.php?rest_route=\/wp\/v2\/users\/4"}],"replies":[{"embeddable":true,"href":"https:\/\/aconteceunovale.com.br\/portal\/index.php?rest_route=%2Fwp%2Fv2%2Fcomments&post=193260"}],"version-history":[{"count":1,"href":"https:\/\/aconteceunovale.com.br\/portal\/index.php?rest_route=\/wp\/v2\/posts\/193260\/revisions"}],"predecessor-version":[{"id":193261,"href":"https:\/\/aconteceunovale.com.br\/portal\/index.php?rest_route=\/wp\/v2\/posts\/193260\/revisions\/193261"}],"wp:featuredmedia":[{"embeddable":true,"href":"https:\/\/aconteceunovale.com.br\/portal\/index.php?rest_route=\/wp\/v2\/media\/155874"}],"wp:attachment":[{"href":"https:\/\/aconteceunovale.com.br\/portal\/index.php?rest_route=%2Fwp%2Fv2%2Fmedia&parent=193260"}],"wp:term":[{"taxonomy":"category","embeddable":true,"href":"https:\/\/aconteceunovale.com.br\/portal\/index.php?rest_route=%2Fwp%2Fv2%2Fcategories&post=193260"},{"taxonomy":"post_tag","embeddable":true,"href":"https:\/\/aconteceunovale.com.br\/portal\/index.php?rest_route=%2Fwp%2Fv2%2Ftags&post=193260"}],"curies":[{"name":"wp","href":"https:\/\/api.w.org\/{rel}","templated":true}]}}