{"id":193242,"date":"2023-02-07T23:49:06","date_gmt":"2023-02-08T02:49:06","guid":{"rendered":"https:\/\/aconteceunovale.com.br\/portal\/?p=193242"},"modified":"2023-02-07T23:49:57","modified_gmt":"2023-02-08T02:49:57","slug":"policia-civil-prende-suspeito-de-cometer-homicidio-durante-festa-religiosa-no-norte-de-minas","status":"publish","type":"post","link":"https:\/\/aconteceunovale.com.br\/portal\/?p=193242","title":{"rendered":"Pol\u00edcia Civil prende suspeito de cometer homic\u00eddio durante festa religiosa no Norte de Minas"},"content":{"rendered":"\n<p class=\"wp-block-paragraph\">Um homem de 42 anos foi preso preventivamente pela Pol\u00edcia Civil de Minas Gerais (PCMG), na segunda-feira (6\/2\/2023), na zona rural de S\u00e3o Francisco (Norte do Estado). Ele \u00e9 suspeito de agredir com golpes de faca e matar um jovem, de 21, durante uma festa religiosa no povoado de Buriti do Melo, no dia 23 de janeiro deste ano.<\/p>\n\n\n\n<figure class=\"wp-block-gallery has-nested-images columns-default is-cropped wp-block-gallery-1 is-layout-flex wp-block-gallery-is-layout-flex\">\n<figure class=\"wp-block-image size-large\"><img loading=\"lazy\" decoding=\"async\" width=\"678\" height=\"432\" data-id=\"193243\" src=\"https:\/\/aconteceunovale.com.br\/portal\/wp-content\/uploads\/2023\/02\/preso_sao_francisco.png\" alt=\"\" class=\"wp-image-193243\" srcset=\"https:\/\/aconteceunovale.com.br\/portal\/wp-content\/uploads\/2023\/02\/preso_sao_francisco.png 678w, https:\/\/aconteceunovale.com.br\/portal\/wp-content\/uploads\/2023\/02\/preso_sao_francisco-300x191.png 300w, https:\/\/aconteceunovale.com.br\/portal\/wp-content\/uploads\/2023\/02\/preso_sao_francisco-659x420.png 659w\" sizes=\"auto, (max-width: 678px) 100vw, 678px\" \/><figcaption class=\"wp-element-caption\"><em><sub>Foto: Divulga\u00e7\u00e3o\/PCMG<\/sub><\/em><\/figcaption><\/figure>\n<\/figure>\n\n\n\n<p class=\"wp-block-paragraph\">As investiga\u00e7\u00f5es conduzidas pela equipe da Pol\u00edcia Civil em S\u00e3o Francisco apontam que o crime foi motivado por um esbarr\u00e3o acidental entre v\u00edtima e suspeito, durante uma festa religiosa de S\u00e3o Sebasti\u00e3o. Ap\u00f3s o incidente, conforme apurado, o suspeito surpreendeu a v\u00edtima com uma facada no abd\u00f4men dela, ferindo-a gravemente. Depois, ele perseguiu outras duas pessoas que correram. A v\u00edtima chegou a ser socorrida, mas n\u00e3o resistiu aos ferimentos e faleceu.<\/p>\n\n\n\n<p class=\"wp-block-paragraph\">No dia do crime o suspeito fugiu e n\u00e3o foi localizado. Ele compareceu na delegacia alguns dias depois e alegou que, ap\u00f3s discutir com a v\u00edtima, usou um canivete para atac\u00e1-la.<\/p>\n\n\n\n<p class=\"wp-block-paragraph\">O delegado Rodrigo Gomes Loureiro revela que segundo os relatos das testemunhas e elementos t\u00e9cnicos coletados no inqu\u00e9rito policial, a vers\u00e3o apresentada pelo suspeito n\u00e3o se sustentou. O delegado ainda ressalta que representou pela pris\u00e3o do investigado em decorr\u00eancia do crime cometido, bem como, pelo fato dele ter amea\u00e7ado outras pessoas no povoado, utilizando-se de arma branca. \u201cAs testemunhas foram un\u00e2nimes em afirmar que o investigado \u00e9 conhecido por ser uma pessoa agressiva\u201d, esclareceu o delegado.<\/p>\n\n\n\n<p class=\"wp-block-paragraph\">O homem foi abordado e preso quando pilotava motocicleta na rodovia MG-402. Ap\u00f3s os trabalhos de pol\u00edcia judici\u00e1ria, ele foi encaminhado ao sistema prisional.<\/p>\n\n\n\n<p class=\"wp-block-paragraph\">&#8212;&#8212;&#8212;&#8212;&#8212;&#8212;<br><br><strong>Sabia que o Aconteceu no Vale est\u00e1 tamb\u00e9m no Telegram? <a rel=\"noreferrer noopener\" href=\"https:\/\/t.me\/aconteceunovaleoficial\" target=\"_blank\">Inscreva-se no canal<\/a>.<\/strong><br><br><strong>J\u00e1 curtiu ou seguiu nossas p\u00e1ginas nas redes sociais?\u00a0Receba as not\u00edcias em primeira m\u00e3o:<\/strong><br>\u2022 <a rel=\"noreferrer noopener\" href=\"https:\/\/news.google.com\/publications\/CAAqBwgKMNjklQswi4etAw?hl=pt-BR&amp;gl=BR&amp;ceid=BR%3Apt-419\" target=\"_blank\">Google News<\/a><br>\u2022 <a rel=\"noreferrer noopener\" href=\"https:\/\/www.facebook.com\/aconteceunovale\/\" target=\"_blank\">Facebook<\/a><br>\u2022 <a rel=\"noreferrer noopener\" href=\"https:\/\/twitter.com\/noticiadosvales\" target=\"_blank\">Twitter<\/a><br>\u2022 <a rel=\"noreferrer noopener\" href=\"https:\/\/www.instagram.com\/aconteceunovale\" target=\"_blank\">Instagram<\/a><br>\u2022 <a rel=\"noreferrer noopener\" href=\"https:\/\/www.youtube.com\/AconteceunoValeOficial\" target=\"_blank\">Youtube<\/a><br>\u2022 <a rel=\"noreferrer noopener\" href=\"https:\/\/www.tiktok.com\/@aconteceunovale\" target=\"_blank\">TikTok<\/a><\/p>\n","protected":false},"excerpt":{"rendered":"<p>Um homem de 42 anos foi preso preventivamente pela Pol\u00edcia Civil de Minas Gerais (PCMG), na segunda-feira (6\/2\/2023), na zona rural de S\u00e3o Francisco (Norte do Estado). Ele \u00e9 suspeito de agredir com golpes de faca e matar um jovem, de 21, durante uma festa religiosa no povoado de Buriti do Melo, no dia 23 [&hellip;]<\/p>\n","protected":false},"author":4,"featured_media":193243,"comment_status":"open","ping_status":"closed","sticky":false,"template":"","format":"standard","meta":{"amp_status":"","footnotes":""},"categories":[1236],"tags":[267274,267276,1018,604,267275,267273,267272,267271,237879,1522],"class_list":["post-193242","post","type-post","status-publish","format-standard","has-post-thumbnail","hentry","category-norte_de_minas","tag-buriti-do-melo","tag-delegado-rodrigo-gomes-loureiro","tag-destaque","tag-pcmg","tag-pcmg-em-sao-francisco","tag-policia-civil-prende-suspeito-de-cometer-homicidio-durante-festa-religiosa-em-buriti-do-melo","tag-policia-civil-prende-suspeito-de-cometer-homicidio-durante-festa-religiosa-em-sao-francisco","tag-policia-civil-prende-suspeito-de-cometer-homicidio-durante-festa-religiosa-no-norte-de-minas","tag-preso-por-homicidio-em-sao-francisco","tag-sao-francisco"],"yoast_head":"<!-- This site is optimized with the Yoast SEO plugin v28.3 - https:\/\/yoast.com\/product\/yoast-seo-wordpress\/ -->\n<title>Pol\u00edcia Civil prende suspeito de cometer homic\u00eddio durante festa religiosa no Norte de Minas - Aconteceu no Vale<\/title>\n<meta name=\"robots\" content=\"index, follow, max-snippet:-1, max-image-preview:large, max-video-preview:-1\" \/>\n<link rel=\"canonical\" href=\"https:\/\/aconteceunovale.com.br\/portal\/?p=193242\" \/>\n<meta property=\"og:locale\" content=\"pt_BR\" \/>\n<meta property=\"og:type\" content=\"article\" \/>\n<meta property=\"og:title\" content=\"Pol\u00edcia Civil prende suspeito de cometer homic\u00eddio durante festa religiosa no Norte de Minas - Aconteceu no Vale\" \/>\n<meta property=\"og:description\" content=\"Um homem de 42 anos foi preso preventivamente pela Pol\u00edcia Civil de Minas Gerais (PCMG), na segunda-feira (6\/2\/2023), na zona rural de S\u00e3o Francisco (Norte do Estado). Ele \u00e9 suspeito de agredir com golpes de faca e matar um jovem, de 21, durante uma festa religiosa no povoado de Buriti do Melo, no dia 23 [&hellip;]\" \/>\n<meta property=\"og:url\" content=\"https:\/\/aconteceunovale.com.br\/portal\/?p=193242\" \/>\n<meta property=\"og:site_name\" content=\"Aconteceu no Vale\" \/>\n<meta property=\"article:publisher\" content=\"https:\/\/www.facebook.com\/aconteceunovale\/\" \/>\n<meta property=\"article:published_time\" content=\"2023-02-08T02:49:06+00:00\" \/>\n<meta property=\"article:modified_time\" content=\"2023-02-08T02:49:57+00:00\" \/>\n<meta property=\"og:image\" content=\"https:\/\/aconteceunovale.com.br\/portal\/wp-content\/uploads\/2023\/02\/preso_sao_francisco.png\" \/>\n\t<meta property=\"og:image:width\" content=\"678\" \/>\n\t<meta property=\"og:image:height\" content=\"432\" \/>\n\t<meta property=\"og:image:type\" content=\"image\/png\" \/>\n<meta name=\"author\" content=\"Reda\u00e7\u00e3o Aconteceu no Vale\" \/>\n<meta name=\"twitter:card\" content=\"summary_large_image\" \/>\n<meta name=\"twitter:creator\" content=\"@noticiadosvales\" \/>\n<meta name=\"twitter:site\" content=\"@noticiadosvales\" \/>\n<meta name=\"twitter:label1\" content=\"Escrito por\" \/>\n\t<meta name=\"twitter:data1\" content=\"Reda\u00e7\u00e3o Aconteceu no Vale\" \/>\n\t<meta name=\"twitter:label2\" content=\"Est. tempo de leitura\" \/>\n\t<meta name=\"twitter:data2\" content=\"2 minutos\" \/>\n<script type=\"application\/ld+json\" class=\"yoast-schema-graph\">{\"@context\":\"https:\\\/\\\/schema.org\",\"@graph\":[{\"@type\":\"Article\",\"@id\":\"https:\\\/\\\/aconteceunovale.com.br\\\/portal\\\/?p=193242#article\",\"isPartOf\":{\"@id\":\"https:\\\/\\\/aconteceunovale.com.br\\\/portal\\\/?p=193242\"},\"author\":{\"name\":\"Reda\u00e7\u00e3o Aconteceu no Vale\",\"@id\":\"https:\\\/\\\/aconteceunovale.com.br\\\/portal\\\/#\\\/schema\\\/person\\\/7d2f26d1483f8a63de73da1ee0754d35\"},\"headline\":\"Pol\u00edcia Civil prende suspeito de cometer homic\u00eddio durante festa religiosa no Norte de Minas\",\"datePublished\":\"2023-02-08T02:49:06+00:00\",\"dateModified\":\"2023-02-08T02:49:57+00:00\",\"mainEntityOfPage\":{\"@id\":\"https:\\\/\\\/aconteceunovale.com.br\\\/portal\\\/?p=193242\"},\"wordCount\":344,\"commentCount\":0,\"image\":{\"@id\":\"https:\\\/\\\/aconteceunovale.com.br\\\/portal\\\/?p=193242#primaryimage\"},\"thumbnailUrl\":\"https:\\\/\\\/aconteceunovale.com.br\\\/portal\\\/wp-content\\\/uploads\\\/2023\\\/02\\\/preso_sao_francisco.png\",\"keywords\":[\"Buriti do Melo\",\"Delegado Rodrigo Gomes Loureiro\",\"destaque\",\"PCMG\",\"PCMG em S\u00e3o Francisco\",\"Pol\u00edcia Civil prende suspeito de cometer homic\u00eddio durante festa religiosa em Buriti do Melo\",\"Pol\u00edcia Civil prende suspeito de cometer homic\u00eddio durante festa religiosa em S\u00e3o Francisco\",\"Pol\u00edcia Civil prende suspeito de cometer homic\u00eddio durante festa religiosa no Norte de Minas\",\"Preso por homic\u00eddio em S\u00e3o Francisco\",\"S\u00e3o Francisco\"],\"articleSection\":[\"Norte de Minas\"],\"inLanguage\":\"pt-BR\",\"potentialAction\":[{\"@type\":\"CommentAction\",\"name\":\"Comment\",\"target\":[\"https:\\\/\\\/aconteceunovale.com.br\\\/portal\\\/?p=193242#respond\"]}]},{\"@type\":\"WebPage\",\"@id\":\"https:\\\/\\\/aconteceunovale.com.br\\\/portal\\\/?p=193242\",\"url\":\"https:\\\/\\\/aconteceunovale.com.br\\\/portal\\\/?p=193242\",\"name\":\"Pol\u00edcia Civil prende suspeito de cometer homic\u00eddio durante festa religiosa no Norte de Minas - Aconteceu no Vale\",\"isPartOf\":{\"@id\":\"https:\\\/\\\/aconteceunovale.com.br\\\/portal\\\/#website\"},\"primaryImageOfPage\":{\"@id\":\"https:\\\/\\\/aconteceunovale.com.br\\\/portal\\\/?p=193242#primaryimage\"},\"image\":{\"@id\":\"https:\\\/\\\/aconteceunovale.com.br\\\/portal\\\/?p=193242#primaryimage\"},\"thumbnailUrl\":\"https:\\\/\\\/aconteceunovale.com.br\\\/portal\\\/wp-content\\\/uploads\\\/2023\\\/02\\\/preso_sao_francisco.png\",\"datePublished\":\"2023-02-08T02:49:06+00:00\",\"dateModified\":\"2023-02-08T02:49:57+00:00\",\"author\":{\"@id\":\"https:\\\/\\\/aconteceunovale.com.br\\\/portal\\\/#\\\/schema\\\/person\\\/7d2f26d1483f8a63de73da1ee0754d35\"},\"breadcrumb\":{\"@id\":\"https:\\\/\\\/aconteceunovale.com.br\\\/portal\\\/?p=193242#breadcrumb\"},\"inLanguage\":\"pt-BR\",\"potentialAction\":[{\"@type\":\"ReadAction\",\"target\":[\"https:\\\/\\\/aconteceunovale.com.br\\\/portal\\\/?p=193242\"]}]},{\"@type\":\"ImageObject\",\"inLanguage\":\"pt-BR\",\"@id\":\"https:\\\/\\\/aconteceunovale.com.br\\\/portal\\\/?p=193242#primaryimage\",\"url\":\"https:\\\/\\\/aconteceunovale.com.br\\\/portal\\\/wp-content\\\/uploads\\\/2023\\\/02\\\/preso_sao_francisco.png\",\"contentUrl\":\"https:\\\/\\\/aconteceunovale.com.br\\\/portal\\\/wp-content\\\/uploads\\\/2023\\\/02\\\/preso_sao_francisco.png\",\"width\":678,\"height\":432},{\"@type\":\"BreadcrumbList\",\"@id\":\"https:\\\/\\\/aconteceunovale.com.br\\\/portal\\\/?p=193242#breadcrumb\",\"itemListElement\":[{\"@type\":\"ListItem\",\"position\":1,\"name\":\"In\u00edcio\",\"item\":\"https:\\\/\\\/aconteceunovale.com.br\\\/portal\\\/\"},{\"@type\":\"ListItem\",\"position\":2,\"name\":\"Pol\u00edcia Civil prende suspeito de cometer homic\u00eddio durante festa religiosa no Norte de Minas\"}]},{\"@type\":\"WebSite\",\"@id\":\"https:\\\/\\\/aconteceunovale.com.br\\\/portal\\\/#website\",\"url\":\"https:\\\/\\\/aconteceunovale.com.br\\\/portal\\\/\",\"name\":\"Aconteceu no Vale\",\"description\":\"Portal de Not\u00edcias\",\"potentialAction\":[{\"@type\":\"SearchAction\",\"target\":{\"@type\":\"EntryPoint\",\"urlTemplate\":\"https:\\\/\\\/aconteceunovale.com.br\\\/portal\\\/?s={search_term_string}\"},\"query-input\":{\"@type\":\"PropertyValueSpecification\",\"valueRequired\":true,\"valueName\":\"search_term_string\"}}],\"inLanguage\":\"pt-BR\"},{\"@type\":\"Person\",\"@id\":\"https:\\\/\\\/aconteceunovale.com.br\\\/portal\\\/#\\\/schema\\\/person\\\/7d2f26d1483f8a63de73da1ee0754d35\",\"name\":\"Reda\u00e7\u00e3o Aconteceu no Vale\",\"description\":\"Equipe de reportagem do Aconteceu no Vale, portal de not\u00edcias do Vale do Jequitinhonha, em Minas Gerais. Cobrimos as 51 cidades do Vale desde 2013. Sugest\u00f5es de pauta e pedidos de corre\u00e7\u00e3o: contato@aconteceunovale.com.br\",\"url\":\"https:\\\/\\\/aconteceunovale.com.br\\\/portal\\\/?author=4\"}]}<\/script>\n<!-- \/ Yoast SEO plugin. -->","yoast_head_json":{"title":"Pol\u00edcia Civil prende suspeito de cometer homic\u00eddio durante festa religiosa no Norte de Minas - Aconteceu no Vale","robots":{"index":"index","follow":"follow","max-snippet":"max-snippet:-1","max-image-preview":"max-image-preview:large","max-video-preview":"max-video-preview:-1"},"canonical":"https:\/\/aconteceunovale.com.br\/portal\/?p=193242","og_locale":"pt_BR","og_type":"article","og_title":"Pol\u00edcia Civil prende suspeito de cometer homic\u00eddio durante festa religiosa no Norte de Minas - Aconteceu no Vale","og_description":"Um homem de 42 anos foi preso preventivamente pela Pol\u00edcia Civil de Minas Gerais (PCMG), na segunda-feira (6\/2\/2023), na zona rural de S\u00e3o Francisco (Norte do Estado). Ele \u00e9 suspeito de agredir com golpes de faca e matar um jovem, de 21, durante uma festa religiosa no povoado de Buriti do Melo, no dia 23 [&hellip;]","og_url":"https:\/\/aconteceunovale.com.br\/portal\/?p=193242","og_site_name":"Aconteceu no Vale","article_publisher":"https:\/\/www.facebook.com\/aconteceunovale\/","article_published_time":"2023-02-08T02:49:06+00:00","article_modified_time":"2023-02-08T02:49:57+00:00","og_image":[{"width":678,"height":432,"url":"https:\/\/aconteceunovale.com.br\/portal\/wp-content\/uploads\/2023\/02\/preso_sao_francisco.png","type":"image\/png"}],"author":"Reda\u00e7\u00e3o Aconteceu no Vale","twitter_card":"summary_large_image","twitter_creator":"@noticiadosvales","twitter_site":"@noticiadosvales","twitter_misc":{"Escrito por":"Reda\u00e7\u00e3o Aconteceu no Vale","Est. tempo de leitura":"2 minutos"},"schema":{"@context":"https:\/\/schema.org","@graph":[{"@type":"Article","@id":"https:\/\/aconteceunovale.com.br\/portal\/?p=193242#article","isPartOf":{"@id":"https:\/\/aconteceunovale.com.br\/portal\/?p=193242"},"author":{"name":"Reda\u00e7\u00e3o Aconteceu no Vale","@id":"https:\/\/aconteceunovale.com.br\/portal\/#\/schema\/person\/7d2f26d1483f8a63de73da1ee0754d35"},"headline":"Pol\u00edcia Civil prende suspeito de cometer homic\u00eddio durante festa religiosa no Norte de Minas","datePublished":"2023-02-08T02:49:06+00:00","dateModified":"2023-02-08T02:49:57+00:00","mainEntityOfPage":{"@id":"https:\/\/aconteceunovale.com.br\/portal\/?p=193242"},"wordCount":344,"commentCount":0,"image":{"@id":"https:\/\/aconteceunovale.com.br\/portal\/?p=193242#primaryimage"},"thumbnailUrl":"https:\/\/aconteceunovale.com.br\/portal\/wp-content\/uploads\/2023\/02\/preso_sao_francisco.png","keywords":["Buriti do Melo","Delegado Rodrigo Gomes Loureiro","destaque","PCMG","PCMG em S\u00e3o Francisco","Pol\u00edcia Civil prende suspeito de cometer homic\u00eddio durante festa religiosa em Buriti do Melo","Pol\u00edcia Civil prende suspeito de cometer homic\u00eddio durante festa religiosa em S\u00e3o Francisco","Pol\u00edcia Civil prende suspeito de cometer homic\u00eddio durante festa religiosa no Norte de Minas","Preso por homic\u00eddio em S\u00e3o Francisco","S\u00e3o Francisco"],"articleSection":["Norte de Minas"],"inLanguage":"pt-BR","potentialAction":[{"@type":"CommentAction","name":"Comment","target":["https:\/\/aconteceunovale.com.br\/portal\/?p=193242#respond"]}]},{"@type":"WebPage","@id":"https:\/\/aconteceunovale.com.br\/portal\/?p=193242","url":"https:\/\/aconteceunovale.com.br\/portal\/?p=193242","name":"Pol\u00edcia Civil prende suspeito de cometer homic\u00eddio durante festa religiosa no Norte de Minas - Aconteceu no Vale","isPartOf":{"@id":"https:\/\/aconteceunovale.com.br\/portal\/#website"},"primaryImageOfPage":{"@id":"https:\/\/aconteceunovale.com.br\/portal\/?p=193242#primaryimage"},"image":{"@id":"https:\/\/aconteceunovale.com.br\/portal\/?p=193242#primaryimage"},"thumbnailUrl":"https:\/\/aconteceunovale.com.br\/portal\/wp-content\/uploads\/2023\/02\/preso_sao_francisco.png","datePublished":"2023-02-08T02:49:06+00:00","dateModified":"2023-02-08T02:49:57+00:00","author":{"@id":"https:\/\/aconteceunovale.com.br\/portal\/#\/schema\/person\/7d2f26d1483f8a63de73da1ee0754d35"},"breadcrumb":{"@id":"https:\/\/aconteceunovale.com.br\/portal\/?p=193242#breadcrumb"},"inLanguage":"pt-BR","potentialAction":[{"@type":"ReadAction","target":["https:\/\/aconteceunovale.com.br\/portal\/?p=193242"]}]},{"@type":"ImageObject","inLanguage":"pt-BR","@id":"https:\/\/aconteceunovale.com.br\/portal\/?p=193242#primaryimage","url":"https:\/\/aconteceunovale.com.br\/portal\/wp-content\/uploads\/2023\/02\/preso_sao_francisco.png","contentUrl":"https:\/\/aconteceunovale.com.br\/portal\/wp-content\/uploads\/2023\/02\/preso_sao_francisco.png","width":678,"height":432},{"@type":"BreadcrumbList","@id":"https:\/\/aconteceunovale.com.br\/portal\/?p=193242#breadcrumb","itemListElement":[{"@type":"ListItem","position":1,"name":"In\u00edcio","item":"https:\/\/aconteceunovale.com.br\/portal\/"},{"@type":"ListItem","position":2,"name":"Pol\u00edcia Civil prende suspeito de cometer homic\u00eddio durante festa religiosa no Norte de Minas"}]},{"@type":"WebSite","@id":"https:\/\/aconteceunovale.com.br\/portal\/#website","url":"https:\/\/aconteceunovale.com.br\/portal\/","name":"Aconteceu no Vale","description":"Portal de Not\u00edcias","potentialAction":[{"@type":"SearchAction","target":{"@type":"EntryPoint","urlTemplate":"https:\/\/aconteceunovale.com.br\/portal\/?s={search_term_string}"},"query-input":{"@type":"PropertyValueSpecification","valueRequired":true,"valueName":"search_term_string"}}],"inLanguage":"pt-BR"},{"@type":"Person","@id":"https:\/\/aconteceunovale.com.br\/portal\/#\/schema\/person\/7d2f26d1483f8a63de73da1ee0754d35","name":"Reda\u00e7\u00e3o Aconteceu no Vale","description":"Equipe de reportagem do Aconteceu no Vale, portal de not\u00edcias do Vale do Jequitinhonha, em Minas Gerais. Cobrimos as 51 cidades do Vale desde 2013. Sugest\u00f5es de pauta e pedidos de corre\u00e7\u00e3o: contato@aconteceunovale.com.br","url":"https:\/\/aconteceunovale.com.br\/portal\/?author=4"}]}},"_links":{"self":[{"href":"https:\/\/aconteceunovale.com.br\/portal\/index.php?rest_route=\/wp\/v2\/posts\/193242","targetHints":{"allow":["GET"]}}],"collection":[{"href":"https:\/\/aconteceunovale.com.br\/portal\/index.php?rest_route=\/wp\/v2\/posts"}],"about":[{"href":"https:\/\/aconteceunovale.com.br\/portal\/index.php?rest_route=\/wp\/v2\/types\/post"}],"author":[{"embeddable":true,"href":"https:\/\/aconteceunovale.com.br\/portal\/index.php?rest_route=\/wp\/v2\/users\/4"}],"replies":[{"embeddable":true,"href":"https:\/\/aconteceunovale.com.br\/portal\/index.php?rest_route=%2Fwp%2Fv2%2Fcomments&post=193242"}],"version-history":[{"count":1,"href":"https:\/\/aconteceunovale.com.br\/portal\/index.php?rest_route=\/wp\/v2\/posts\/193242\/revisions"}],"predecessor-version":[{"id":193244,"href":"https:\/\/aconteceunovale.com.br\/portal\/index.php?rest_route=\/wp\/v2\/posts\/193242\/revisions\/193244"}],"wp:featuredmedia":[{"embeddable":true,"href":"https:\/\/aconteceunovale.com.br\/portal\/index.php?rest_route=\/wp\/v2\/media\/193243"}],"wp:attachment":[{"href":"https:\/\/aconteceunovale.com.br\/portal\/index.php?rest_route=%2Fwp%2Fv2%2Fmedia&parent=193242"}],"wp:term":[{"taxonomy":"category","embeddable":true,"href":"https:\/\/aconteceunovale.com.br\/portal\/index.php?rest_route=%2Fwp%2Fv2%2Fcategories&post=193242"},{"taxonomy":"post_tag","embeddable":true,"href":"https:\/\/aconteceunovale.com.br\/portal\/index.php?rest_route=%2Fwp%2Fv2%2Ftags&post=193242"}],"curies":[{"name":"wp","href":"https:\/\/api.w.org\/{rel}","templated":true}]}}