{"id":193237,"date":"2023-02-07T19:52:00","date_gmt":"2023-02-07T22:52:00","guid":{"rendered":"https:\/\/aconteceunovale.com.br\/portal\/?p=193237"},"modified":"2023-02-07T23:24:31","modified_gmt":"2023-02-08T02:24:31","slug":"dolar-sobe-para-r-520-apos-criticas-de-lula-ao-bc","status":"publish","type":"post","link":"https:\/\/aconteceunovale.com.br\/portal\/?p=193237","title":{"rendered":"D\u00f3lar sobe para R$ 5,20 ap\u00f3s cr\u00edticas de Lula ao BC"},"content":{"rendered":"\n<p class=\"wp-block-paragraph\">Em mais um dia de tens\u00f5es entre o presidente Luiz In\u00e1cio Lula da Silva e o Banco Central (BC), o d\u00f3lar superou a barreira dos R$ 5,20 pela primeira vez em duas semanas. A bolsa de valores recuou, na contram\u00e3o do otimismo no mercado norte-americano.<\/p>\n\n\n\n<p class=\"wp-block-paragraph\">O d\u00f3lar comercial encerrou esta\u00a0ter\u00e7a-feira (7) vendido a R$ 5,20, com alta de R$ 0,026 (+0,5%). A cota\u00e7\u00e3o iniciou o dia em baixa, chegando a cair para R$ 5,13 por volta das 10h. Inverteu o movimento ainda durante a manh\u00e3, recuou para R$ 5,15 por volta das 15h e subiu novamente no fim das negocia\u00e7\u00f5es. A moeda norte-americana est\u00e1 no maior n\u00edvel desde 23 de janeiro, quando tamb\u00e9m tinha fechado a R$ 5,20. Apesar da alta de\u00a0hoje, a divisa acumula queda de 1,52% em 2023.<\/p>\n\n\n\n<p class=\"wp-block-paragraph\">No mercado de a\u00e7\u00f5es, o dia tamb\u00e9m foi marcado pela volatilidade. O \u00edndice Ibovespa fechou aos 107.830 pontos, com queda de 0,82%. O indicador iniciou o dia pr\u00f3ximo da estabilidade, mas acelerou as perdas ap\u00f3s declara\u00e7\u00f5es de Lula sobre o Banco Central.<\/p>\n\n\n\n<p class=\"wp-block-paragraph\">Em caf\u00e9 da manh\u00e3 com jornalistas de ve\u00edculos independentes e alternativos, Lula voltou a criticar o Banco Central. O presidente disse que os juros b\u00e1sicos, em 13,75% ao ano, est\u00e3o altos e que precisam cair para gerar mais crescimento e gerar emprego, segundo o Portal Brasil 247, um dos ve\u00edculos presentes ao caf\u00e9 da manh\u00e3. Em seguida, Lula disse ser a favor da responsabilidade fiscal, mas declarou que o BC precisa&nbsp;ter&nbsp;uma meta de infla\u00e7\u00e3o e outra de crescimento.<\/p>\n\n\n\n<p class=\"wp-block-paragraph\">A declara\u00e7\u00e3o pressionou o d\u00f3lar e a bolsa no Brasil. A moeda norte-americana subiu aqui, enquanto ca\u00eda perante as principais divisas globais. O mesmo ocorreu com o mercado de a\u00e7\u00f5es, que se descolou das bolsas norte-americanas, que tiveram forte alta ap\u00f3s o presidente do Federal Reserve (Fed, Banco Central norte-americano), Jerome Powell, afirmar que as press\u00f5es sobre a infla\u00e7\u00e3o norte-americana est\u00e3o caindo, mesmo com o pa\u00eds criando mais empregos que o esperado.<\/p>\n\n\n\n<p class=\"wp-block-paragraph\">A fala de Powell foi interpretada como sinal de que o Fed n\u00e3o deve mexer no ritmo de aumento de juros. Na semana passada, o Banco Central norte-americano elevou os juros b\u00e1sicos em 0,25 ponto percentual, ap\u00f3s quatro altas consecutivas de 0,5 ponto.<\/p>\n\n\n\n<p class=\"wp-block-paragraph\">&#8212;&#8212;&#8212;&#8212;&#8212;&#8212;<br><br><strong>Sabia que o Aconteceu no Vale est\u00e1 tamb\u00e9m no Telegram? <a rel=\"noreferrer noopener\" href=\"https:\/\/t.me\/aconteceunovaleoficial\" target=\"_blank\">Inscreva-se no canal<\/a>.<\/strong><br><br><strong>J\u00e1 curtiu ou seguiu nossas p\u00e1ginas nas redes sociais?\u00a0Receba as not\u00edcias em primeira m\u00e3o:<\/strong><br>\u2022 <a rel=\"noreferrer noopener\" href=\"https:\/\/news.google.com\/publications\/CAAqBwgKMNjklQswi4etAw?hl=pt-BR&amp;gl=BR&amp;ceid=BR%3Apt-419\" target=\"_blank\">Google News<\/a><br>\u2022 <a rel=\"noreferrer noopener\" href=\"https:\/\/www.facebook.com\/aconteceunovale\/\" target=\"_blank\">Facebook<\/a><br>\u2022 <a rel=\"noreferrer noopener\" href=\"https:\/\/twitter.com\/noticiadosvales\" target=\"_blank\">Twitter<\/a><br>\u2022 <a rel=\"noreferrer noopener\" href=\"https:\/\/www.instagram.com\/aconteceunovale\" target=\"_blank\">Instagram<\/a><br>\u2022 <a rel=\"noreferrer noopener\" href=\"https:\/\/www.youtube.com\/AconteceunoValeOficial\" target=\"_blank\">Youtube<\/a><br>\u2022 <a rel=\"noreferrer noopener\" href=\"https:\/\/www.tiktok.com\/@aconteceunovale\" target=\"_blank\">TikTok<\/a><\/p>\n","protected":false},"excerpt":{"rendered":"<p>Em mais um dia de tens\u00f5es entre o presidente Luiz In\u00e1cio Lula da Silva e o Banco Central (BC), o d\u00f3lar superou a barreira dos R$ 5,20 pela primeira vez em duas semanas. A bolsa de valores recuou, na contram\u00e3o do otimismo no mercado norte-americano. O d\u00f3lar comercial encerrou esta\u00a0ter\u00e7a-feira (7) vendido a R$ 5,20, [&hellip;]<\/p>\n","protected":false},"author":4,"featured_media":188522,"comment_status":"open","ping_status":"closed","sticky":false,"template":"","format":"standard","meta":{"amp_status":"","footnotes":""},"categories":[6,28848,40240],"tags":[174398,36073,125578,21714,20088,1018,20087,209222,260865,257088,138905,256799,174397,211240,53804,174334,256798,37630],"class_list":["post-193237","post","type-post","status-publish","format-standard","has-post-thumbnail","hentry","category-br","category-mundo","category-politica","tag-alta-do-dolar-impacta-setores-da-economia","tag-aumento-do-dolar","tag-aumento-do-valor-do-dolar","tag-cambio","tag-cotacao-do-dolar","tag-destaque","tag-dolar","tag-dolar-dos-estados-unidos","tag-dolar-fecha-a-r-4-99-e-acumula-alta-de-8-em-tres-dias","tag-dolar-inicia-semana-em-alta","tag-dolar-norte-americano","tag-dolar-tem-maior-alta-em-dois-meses","tag-influencia-do-dolar","tag-real","tag-subida-do-dolar","tag-supervalorizacao-do-dolar","tag-usd","tag-valorizacao-do-dolar"],"yoast_head":"<!-- This site is optimized with the Yoast SEO plugin v28.3 - https:\/\/yoast.com\/product\/yoast-seo-wordpress\/ -->\n<title>D\u00f3lar sobe para R$ 5,20 ap\u00f3s cr\u00edticas de Lula ao BC - Aconteceu no Vale<\/title>\n<meta name=\"robots\" content=\"index, follow, max-snippet:-1, max-image-preview:large, max-video-preview:-1\" \/>\n<link rel=\"canonical\" href=\"https:\/\/aconteceunovale.com.br\/portal\/?p=193237\" \/>\n<meta property=\"og:locale\" content=\"pt_BR\" \/>\n<meta property=\"og:type\" content=\"article\" \/>\n<meta property=\"og:title\" content=\"D\u00f3lar sobe para R$ 5,20 ap\u00f3s cr\u00edticas de Lula ao BC - Aconteceu no Vale\" \/>\n<meta property=\"og:description\" content=\"Em mais um dia de tens\u00f5es entre o presidente Luiz In\u00e1cio Lula da Silva e o Banco Central (BC), o d\u00f3lar superou a barreira dos R$ 5,20 pela primeira vez em duas semanas. A bolsa de valores recuou, na contram\u00e3o do otimismo no mercado norte-americano. O d\u00f3lar comercial encerrou esta\u00a0ter\u00e7a-feira (7) vendido a R$ 5,20, [&hellip;]\" \/>\n<meta property=\"og:url\" content=\"https:\/\/aconteceunovale.com.br\/portal\/?p=193237\" \/>\n<meta property=\"og:site_name\" content=\"Aconteceu no Vale\" \/>\n<meta property=\"article:publisher\" content=\"https:\/\/www.facebook.com\/aconteceunovale\/\" \/>\n<meta property=\"article:published_time\" content=\"2023-02-07T22:52:00+00:00\" \/>\n<meta property=\"article:modified_time\" content=\"2023-02-08T02:24:31+00:00\" \/>\n<meta property=\"og:image\" content=\"https:\/\/aconteceunovale.com.br\/portal\/wp-content\/uploads\/2022\/04\/dolar_alta.jpg\" \/>\n\t<meta property=\"og:image:width\" content=\"678\" \/>\n\t<meta property=\"og:image:height\" content=\"406\" \/>\n\t<meta property=\"og:image:type\" content=\"image\/jpeg\" \/>\n<meta name=\"author\" content=\"Reda\u00e7\u00e3o Aconteceu no Vale\" \/>\n<meta name=\"twitter:card\" content=\"summary_large_image\" \/>\n<meta name=\"twitter:creator\" content=\"@noticiadosvales\" \/>\n<meta name=\"twitter:site\" content=\"@noticiadosvales\" \/>\n<meta name=\"twitter:label1\" content=\"Escrito por\" \/>\n\t<meta name=\"twitter:data1\" content=\"Reda\u00e7\u00e3o Aconteceu no Vale\" \/>\n\t<meta name=\"twitter:label2\" content=\"Est. tempo de leitura\" \/>\n\t<meta name=\"twitter:data2\" content=\"2 minutos\" \/>\n<script type=\"application\/ld+json\" class=\"yoast-schema-graph\">{\"@context\":\"https:\\\/\\\/schema.org\",\"@graph\":[{\"@type\":\"Article\",\"@id\":\"https:\\\/\\\/aconteceunovale.com.br\\\/portal\\\/?p=193237#article\",\"isPartOf\":{\"@id\":\"https:\\\/\\\/aconteceunovale.com.br\\\/portal\\\/?p=193237\"},\"author\":{\"name\":\"Reda\u00e7\u00e3o Aconteceu no Vale\",\"@id\":\"https:\\\/\\\/aconteceunovale.com.br\\\/portal\\\/#\\\/schema\\\/person\\\/7d2f26d1483f8a63de73da1ee0754d35\"},\"headline\":\"D\u00f3lar sobe para R$ 5,20 ap\u00f3s cr\u00edticas de Lula ao BC\",\"datePublished\":\"2023-02-07T22:52:00+00:00\",\"dateModified\":\"2023-02-08T02:24:31+00:00\",\"mainEntityOfPage\":{\"@id\":\"https:\\\/\\\/aconteceunovale.com.br\\\/portal\\\/?p=193237\"},\"wordCount\":439,\"commentCount\":0,\"image\":{\"@id\":\"https:\\\/\\\/aconteceunovale.com.br\\\/portal\\\/?p=193237#primaryimage\"},\"thumbnailUrl\":\"https:\\\/\\\/aconteceunovale.com.br\\\/portal\\\/wp-content\\\/uploads\\\/2022\\\/04\\\/dolar_alta.jpg\",\"keywords\":[\"Alta do d\u00f3lar impacta setores da economia\",\"aumento do d\u00f3lar\",\"Aumento do valor do d\u00f3lar\",\"c\u00e2mbio\",\"cota\u00e7\u00e3o do d\u00f3lar\",\"destaque\",\"d\u00f3lar\",\"D\u00f3lar dos Estados Unidos\",\"D\u00f3lar fecha a R$ 4.99 e acumula alta de 8% em tr\u00eas dias\",\"D\u00f3lar inicia semana em alta\",\"D\u00f3lar norte-americano\",\"D\u00f3lar tem maior alta em dois meses\",\"Influ\u00eancia do d\u00f3lar\",\"Real\",\"subida do d\u00f3lar\",\"Supervaloriza\u00e7\u00e3o do d\u00f3lar\",\"USD\",\"valoriza\u00e7\u00e3o do d\u00f3lar\"],\"articleSection\":[\"Brasil\",\"Mundo\",\"Pol\u00edtica\"],\"inLanguage\":\"pt-BR\",\"potentialAction\":[{\"@type\":\"CommentAction\",\"name\":\"Comment\",\"target\":[\"https:\\\/\\\/aconteceunovale.com.br\\\/portal\\\/?p=193237#respond\"]}]},{\"@type\":\"WebPage\",\"@id\":\"https:\\\/\\\/aconteceunovale.com.br\\\/portal\\\/?p=193237\",\"url\":\"https:\\\/\\\/aconteceunovale.com.br\\\/portal\\\/?p=193237\",\"name\":\"D\u00f3lar sobe para R$ 5,20 ap\u00f3s cr\u00edticas de Lula ao BC - Aconteceu no Vale\",\"isPartOf\":{\"@id\":\"https:\\\/\\\/aconteceunovale.com.br\\\/portal\\\/#website\"},\"primaryImageOfPage\":{\"@id\":\"https:\\\/\\\/aconteceunovale.com.br\\\/portal\\\/?p=193237#primaryimage\"},\"image\":{\"@id\":\"https:\\\/\\\/aconteceunovale.com.br\\\/portal\\\/?p=193237#primaryimage\"},\"thumbnailUrl\":\"https:\\\/\\\/aconteceunovale.com.br\\\/portal\\\/wp-content\\\/uploads\\\/2022\\\/04\\\/dolar_alta.jpg\",\"datePublished\":\"2023-02-07T22:52:00+00:00\",\"dateModified\":\"2023-02-08T02:24:31+00:00\",\"author\":{\"@id\":\"https:\\\/\\\/aconteceunovale.com.br\\\/portal\\\/#\\\/schema\\\/person\\\/7d2f26d1483f8a63de73da1ee0754d35\"},\"breadcrumb\":{\"@id\":\"https:\\\/\\\/aconteceunovale.com.br\\\/portal\\\/?p=193237#breadcrumb\"},\"inLanguage\":\"pt-BR\",\"potentialAction\":[{\"@type\":\"ReadAction\",\"target\":[\"https:\\\/\\\/aconteceunovale.com.br\\\/portal\\\/?p=193237\"]}]},{\"@type\":\"ImageObject\",\"inLanguage\":\"pt-BR\",\"@id\":\"https:\\\/\\\/aconteceunovale.com.br\\\/portal\\\/?p=193237#primaryimage\",\"url\":\"https:\\\/\\\/aconteceunovale.com.br\\\/portal\\\/wp-content\\\/uploads\\\/2022\\\/04\\\/dolar_alta.jpg\",\"contentUrl\":\"https:\\\/\\\/aconteceunovale.com.br\\\/portal\\\/wp-content\\\/uploads\\\/2022\\\/04\\\/dolar_alta.jpg\",\"width\":678,\"height\":406,\"caption\":\"Notas de Dolar para arquivo\"},{\"@type\":\"BreadcrumbList\",\"@id\":\"https:\\\/\\\/aconteceunovale.com.br\\\/portal\\\/?p=193237#breadcrumb\",\"itemListElement\":[{\"@type\":\"ListItem\",\"position\":1,\"name\":\"In\u00edcio\",\"item\":\"https:\\\/\\\/aconteceunovale.com.br\\\/portal\\\/\"},{\"@type\":\"ListItem\",\"position\":2,\"name\":\"D\u00f3lar sobe para R$ 5,20 ap\u00f3s cr\u00edticas de Lula ao BC\"}]},{\"@type\":\"WebSite\",\"@id\":\"https:\\\/\\\/aconteceunovale.com.br\\\/portal\\\/#website\",\"url\":\"https:\\\/\\\/aconteceunovale.com.br\\\/portal\\\/\",\"name\":\"Aconteceu no Vale\",\"description\":\"Portal de Not\u00edcias\",\"potentialAction\":[{\"@type\":\"SearchAction\",\"target\":{\"@type\":\"EntryPoint\",\"urlTemplate\":\"https:\\\/\\\/aconteceunovale.com.br\\\/portal\\\/?s={search_term_string}\"},\"query-input\":{\"@type\":\"PropertyValueSpecification\",\"valueRequired\":true,\"valueName\":\"search_term_string\"}}],\"inLanguage\":\"pt-BR\"},{\"@type\":\"Person\",\"@id\":\"https:\\\/\\\/aconteceunovale.com.br\\\/portal\\\/#\\\/schema\\\/person\\\/7d2f26d1483f8a63de73da1ee0754d35\",\"name\":\"Reda\u00e7\u00e3o Aconteceu no Vale\",\"description\":\"Equipe de reportagem do Aconteceu no Vale, portal de not\u00edcias do Vale do Jequitinhonha, em Minas Gerais. Cobrimos as 51 cidades do Vale desde 2013. Sugest\u00f5es de pauta e pedidos de corre\u00e7\u00e3o: contato@aconteceunovale.com.br\",\"url\":\"https:\\\/\\\/aconteceunovale.com.br\\\/portal\\\/?author=4\"}]}<\/script>\n<!-- \/ Yoast SEO plugin. -->","yoast_head_json":{"title":"D\u00f3lar sobe para R$ 5,20 ap\u00f3s cr\u00edticas de Lula ao BC - Aconteceu no Vale","robots":{"index":"index","follow":"follow","max-snippet":"max-snippet:-1","max-image-preview":"max-image-preview:large","max-video-preview":"max-video-preview:-1"},"canonical":"https:\/\/aconteceunovale.com.br\/portal\/?p=193237","og_locale":"pt_BR","og_type":"article","og_title":"D\u00f3lar sobe para R$ 5,20 ap\u00f3s cr\u00edticas de Lula ao BC - Aconteceu no Vale","og_description":"Em mais um dia de tens\u00f5es entre o presidente Luiz In\u00e1cio Lula da Silva e o Banco Central (BC), o d\u00f3lar superou a barreira dos R$ 5,20 pela primeira vez em duas semanas. A bolsa de valores recuou, na contram\u00e3o do otimismo no mercado norte-americano. O d\u00f3lar comercial encerrou esta\u00a0ter\u00e7a-feira (7) vendido a R$ 5,20, [&hellip;]","og_url":"https:\/\/aconteceunovale.com.br\/portal\/?p=193237","og_site_name":"Aconteceu no Vale","article_publisher":"https:\/\/www.facebook.com\/aconteceunovale\/","article_published_time":"2023-02-07T22:52:00+00:00","article_modified_time":"2023-02-08T02:24:31+00:00","og_image":[{"width":678,"height":406,"url":"https:\/\/aconteceunovale.com.br\/portal\/wp-content\/uploads\/2022\/04\/dolar_alta.jpg","type":"image\/jpeg"}],"author":"Reda\u00e7\u00e3o Aconteceu no Vale","twitter_card":"summary_large_image","twitter_creator":"@noticiadosvales","twitter_site":"@noticiadosvales","twitter_misc":{"Escrito por":"Reda\u00e7\u00e3o Aconteceu no Vale","Est. tempo de leitura":"2 minutos"},"schema":{"@context":"https:\/\/schema.org","@graph":[{"@type":"Article","@id":"https:\/\/aconteceunovale.com.br\/portal\/?p=193237#article","isPartOf":{"@id":"https:\/\/aconteceunovale.com.br\/portal\/?p=193237"},"author":{"name":"Reda\u00e7\u00e3o Aconteceu no Vale","@id":"https:\/\/aconteceunovale.com.br\/portal\/#\/schema\/person\/7d2f26d1483f8a63de73da1ee0754d35"},"headline":"D\u00f3lar sobe para R$ 5,20 ap\u00f3s cr\u00edticas de Lula ao BC","datePublished":"2023-02-07T22:52:00+00:00","dateModified":"2023-02-08T02:24:31+00:00","mainEntityOfPage":{"@id":"https:\/\/aconteceunovale.com.br\/portal\/?p=193237"},"wordCount":439,"commentCount":0,"image":{"@id":"https:\/\/aconteceunovale.com.br\/portal\/?p=193237#primaryimage"},"thumbnailUrl":"https:\/\/aconteceunovale.com.br\/portal\/wp-content\/uploads\/2022\/04\/dolar_alta.jpg","keywords":["Alta do d\u00f3lar impacta setores da economia","aumento do d\u00f3lar","Aumento do valor do d\u00f3lar","c\u00e2mbio","cota\u00e7\u00e3o do d\u00f3lar","destaque","d\u00f3lar","D\u00f3lar dos Estados Unidos","D\u00f3lar fecha a R$ 4.99 e acumula alta de 8% em tr\u00eas dias","D\u00f3lar inicia semana em alta","D\u00f3lar norte-americano","D\u00f3lar tem maior alta em dois meses","Influ\u00eancia do d\u00f3lar","Real","subida do d\u00f3lar","Supervaloriza\u00e7\u00e3o do d\u00f3lar","USD","valoriza\u00e7\u00e3o do d\u00f3lar"],"articleSection":["Brasil","Mundo","Pol\u00edtica"],"inLanguage":"pt-BR","potentialAction":[{"@type":"CommentAction","name":"Comment","target":["https:\/\/aconteceunovale.com.br\/portal\/?p=193237#respond"]}]},{"@type":"WebPage","@id":"https:\/\/aconteceunovale.com.br\/portal\/?p=193237","url":"https:\/\/aconteceunovale.com.br\/portal\/?p=193237","name":"D\u00f3lar sobe para R$ 5,20 ap\u00f3s cr\u00edticas de Lula ao BC - Aconteceu no Vale","isPartOf":{"@id":"https:\/\/aconteceunovale.com.br\/portal\/#website"},"primaryImageOfPage":{"@id":"https:\/\/aconteceunovale.com.br\/portal\/?p=193237#primaryimage"},"image":{"@id":"https:\/\/aconteceunovale.com.br\/portal\/?p=193237#primaryimage"},"thumbnailUrl":"https:\/\/aconteceunovale.com.br\/portal\/wp-content\/uploads\/2022\/04\/dolar_alta.jpg","datePublished":"2023-02-07T22:52:00+00:00","dateModified":"2023-02-08T02:24:31+00:00","author":{"@id":"https:\/\/aconteceunovale.com.br\/portal\/#\/schema\/person\/7d2f26d1483f8a63de73da1ee0754d35"},"breadcrumb":{"@id":"https:\/\/aconteceunovale.com.br\/portal\/?p=193237#breadcrumb"},"inLanguage":"pt-BR","potentialAction":[{"@type":"ReadAction","target":["https:\/\/aconteceunovale.com.br\/portal\/?p=193237"]}]},{"@type":"ImageObject","inLanguage":"pt-BR","@id":"https:\/\/aconteceunovale.com.br\/portal\/?p=193237#primaryimage","url":"https:\/\/aconteceunovale.com.br\/portal\/wp-content\/uploads\/2022\/04\/dolar_alta.jpg","contentUrl":"https:\/\/aconteceunovale.com.br\/portal\/wp-content\/uploads\/2022\/04\/dolar_alta.jpg","width":678,"height":406,"caption":"Notas de Dolar para arquivo"},{"@type":"BreadcrumbList","@id":"https:\/\/aconteceunovale.com.br\/portal\/?p=193237#breadcrumb","itemListElement":[{"@type":"ListItem","position":1,"name":"In\u00edcio","item":"https:\/\/aconteceunovale.com.br\/portal\/"},{"@type":"ListItem","position":2,"name":"D\u00f3lar sobe para R$ 5,20 ap\u00f3s cr\u00edticas de Lula ao BC"}]},{"@type":"WebSite","@id":"https:\/\/aconteceunovale.com.br\/portal\/#website","url":"https:\/\/aconteceunovale.com.br\/portal\/","name":"Aconteceu no Vale","description":"Portal de Not\u00edcias","potentialAction":[{"@type":"SearchAction","target":{"@type":"EntryPoint","urlTemplate":"https:\/\/aconteceunovale.com.br\/portal\/?s={search_term_string}"},"query-input":{"@type":"PropertyValueSpecification","valueRequired":true,"valueName":"search_term_string"}}],"inLanguage":"pt-BR"},{"@type":"Person","@id":"https:\/\/aconteceunovale.com.br\/portal\/#\/schema\/person\/7d2f26d1483f8a63de73da1ee0754d35","name":"Reda\u00e7\u00e3o Aconteceu no Vale","description":"Equipe de reportagem do Aconteceu no Vale, portal de not\u00edcias do Vale do Jequitinhonha, em Minas Gerais. Cobrimos as 51 cidades do Vale desde 2013. Sugest\u00f5es de pauta e pedidos de corre\u00e7\u00e3o: contato@aconteceunovale.com.br","url":"https:\/\/aconteceunovale.com.br\/portal\/?author=4"}]}},"_links":{"self":[{"href":"https:\/\/aconteceunovale.com.br\/portal\/index.php?rest_route=\/wp\/v2\/posts\/193237","targetHints":{"allow":["GET"]}}],"collection":[{"href":"https:\/\/aconteceunovale.com.br\/portal\/index.php?rest_route=\/wp\/v2\/posts"}],"about":[{"href":"https:\/\/aconteceunovale.com.br\/portal\/index.php?rest_route=\/wp\/v2\/types\/post"}],"author":[{"embeddable":true,"href":"https:\/\/aconteceunovale.com.br\/portal\/index.php?rest_route=\/wp\/v2\/users\/4"}],"replies":[{"embeddable":true,"href":"https:\/\/aconteceunovale.com.br\/portal\/index.php?rest_route=%2Fwp%2Fv2%2Fcomments&post=193237"}],"version-history":[{"count":1,"href":"https:\/\/aconteceunovale.com.br\/portal\/index.php?rest_route=\/wp\/v2\/posts\/193237\/revisions"}],"predecessor-version":[{"id":193238,"href":"https:\/\/aconteceunovale.com.br\/portal\/index.php?rest_route=\/wp\/v2\/posts\/193237\/revisions\/193238"}],"wp:featuredmedia":[{"embeddable":true,"href":"https:\/\/aconteceunovale.com.br\/portal\/index.php?rest_route=\/wp\/v2\/media\/188522"}],"wp:attachment":[{"href":"https:\/\/aconteceunovale.com.br\/portal\/index.php?rest_route=%2Fwp%2Fv2%2Fmedia&parent=193237"}],"wp:term":[{"taxonomy":"category","embeddable":true,"href":"https:\/\/aconteceunovale.com.br\/portal\/index.php?rest_route=%2Fwp%2Fv2%2Fcategories&post=193237"},{"taxonomy":"post_tag","embeddable":true,"href":"https:\/\/aconteceunovale.com.br\/portal\/index.php?rest_route=%2Fwp%2Fv2%2Ftags&post=193237"}],"curies":[{"name":"wp","href":"https:\/\/api.w.org\/{rel}","templated":true}]}}