{"id":193220,"date":"2023-02-06T19:47:47","date_gmt":"2023-02-06T22:47:47","guid":{"rendered":"https:\/\/aconteceunovale.com.br\/portal\/?p=193220"},"modified":"2023-02-06T19:48:45","modified_gmt":"2023-02-06T22:48:45","slug":"vereador-mineiro-e-condenado-a-cinco-anos-de-reclusao-por-envolvimento-em-rachadinha","status":"publish","type":"post","link":"https:\/\/aconteceunovale.com.br\/portal\/?p=193220","title":{"rendered":"Vereador mineiro \u00e9 condenado a cinco anos de reclus\u00e3o por envolvimento em rachadinha"},"content":{"rendered":"\n<p class=\"wp-block-paragraph\">O Minist\u00e9rio P\u00fablico de Minas Gerais (MPMG) obteve este m\u00eas a condena\u00e7\u00e3o de um vereador da cidade de Muria\u00e9, na Zona da Mata, investigado como respons\u00e1vel pela pr\u00e1tica de rachadinha na C\u00e2mara Municipal. Ele foi condenado a uma pena de cinco anos e quatro meses de reclus\u00e3o, a ser cumprida no regime semiaberto, sendo mantido o afastamento dele do cargo p\u00fablico.\u00a0<\/p>\n\n\n\n<p class=\"wp-block-paragraph\">O vereador condenado ainda responde criminalmente pelo cometimento de 178 crimes de peculato e dois delitos de lavagem de dinheiro, sendo que essa a\u00e7\u00e3o ainda est\u00e1 em andamento no Poder Judici\u00e1rio.<\/p>\n\n\n\n<p class=\"wp-block-paragraph\">O parlamentar foi um dos investigados dentro da Opera\u00e7\u00e3o Catarse, deflagrada pelo Grupo de Atua\u00e7\u00e3o Especial de Combate ao Crime Organizado (Gaeco) da Zona da Mata, Promotoria do Patrim\u00f4nio P\u00fablico de Muria\u00e9 e Pol\u00edcias Civil e Militar, que apura a pr\u00e1tica dos crimes de corrup\u00e7\u00e3o passiva, concuss\u00e3o (exig\u00eancia de vantagem indevida em raz\u00e3o do cargo), peculato, fraude \u00e0 licita\u00e7\u00e3o, lavagem de dinheiro e organiza\u00e7\u00e3o criminosa.<\/p>\n\n\n\n<p class=\"wp-block-paragraph\">A opera\u00e7\u00e3o j\u00e1 cumpriu diversos mandados de busca e apreens\u00e3o, mandados de pris\u00e3o preventiva, mandados de afastamento de cargo p\u00fablico, mandados de indisponibilidade, constri\u00e7\u00e3o e bloqueio de bens e valores dos investigados num patamar aproximado de R$ 12,5 milh\u00f5es.<\/p>\n\n\n\n<h2 class=\"wp-block-heading\"><strong>Complexo esquema criminoso<\/strong><\/h2>\n\n\n\n<p class=\"wp-block-paragraph\">O MPMG investiga a exist\u00eancia de um complexo esquema criminoso levado a efeito por vereadores e empres\u00e1rios, consistente na emiss\u00e3o de notas fiscais frias emitidas com o \u00fanico fim de legitimar o pagamento il\u00edcito de verbas de gabinete aos parlamentares investigados, inclusive no cen\u00e1rio de empresas registradas em nome de terceiros (laranjas).<\/p>\n\n\n\n<p class=\"wp-block-paragraph\">Tamb\u00e9m est\u00e3o sendo apuradas condutas de agentes pol\u00edticos da C\u00e2mara Municipal de Muria\u00e9 que teriam obrigado servidores p\u00fablicos a repassarem parte de seus vencimentos aos vereadores, inclusive coagindo-os a realizarem empr\u00e9stimos banc\u00e1rios para a concretiza\u00e7\u00e3o dos delitos. Desses servidores v\u00edtimas, alguns declararam que ficaram endividados e chegaram a adoecer em raz\u00e3o das amea\u00e7as indiretas feitas pelos investigados.<\/p>\n\n\n\n<p class=\"wp-block-paragraph\">Al\u00e9m disso, tamb\u00e9m se apura a ocorr\u00eancia de um complexo esquema de desvio de verbas p\u00fablicas e lavagem de dinheiro, em especial quanto \u00e0 contrata\u00e7\u00e3o de empresas aparentemente de fachada pelo munic\u00edpio, que pode ter gerado um dano ao er\u00e1rio superior a R$ 10 milh\u00f5es.<\/p>\n\n\n\n<p class=\"wp-block-paragraph\">&#8212;&#8212;&#8212;&#8212;&#8212;&#8212;<br><br><strong>Sabia que o Aconteceu no Vale est\u00e1 tamb\u00e9m no Telegram? <a rel=\"noreferrer noopener\" href=\"https:\/\/t.me\/aconteceunovaleoficial\" target=\"_blank\">Inscreva-se no canal<\/a>.<\/strong><br><br><strong>J\u00e1 curtiu ou seguiu nossas p\u00e1ginas nas redes sociais?\u00a0Receba as not\u00edcias em primeira m\u00e3o:<\/strong><br>\u2022 <a rel=\"noreferrer noopener\" href=\"https:\/\/news.google.com\/publications\/CAAqBwgKMNjklQswi4etAw?hl=pt-BR&amp;gl=BR&amp;ceid=BR%3Apt-419\" target=\"_blank\">Google News<\/a><br>\u2022 <a rel=\"noreferrer noopener\" href=\"https:\/\/www.facebook.com\/aconteceunovale\/\" target=\"_blank\">Facebook<\/a><br>\u2022 <a rel=\"noreferrer noopener\" href=\"https:\/\/twitter.com\/noticiadosvales\" target=\"_blank\">Twitter<\/a><br>\u2022 <a rel=\"noreferrer noopener\" href=\"https:\/\/www.instagram.com\/aconteceunovale\" target=\"_blank\">Instagram<\/a><br>\u2022 <a rel=\"noreferrer noopener\" href=\"https:\/\/www.youtube.com\/AconteceunoValeOficial\" target=\"_blank\">Youtube<\/a><br>\u2022 <a rel=\"noreferrer noopener\" href=\"https:\/\/www.tiktok.com\/@aconteceunovale\" target=\"_blank\">TikTok<\/a><\/p>\n","protected":false},"excerpt":{"rendered":"<p>O Minist\u00e9rio P\u00fablico de Minas Gerais (MPMG) obteve este m\u00eas a condena\u00e7\u00e3o de um vereador da cidade de Muria\u00e9, na Zona da Mata, investigado como respons\u00e1vel pela pr\u00e1tica de rachadinha na C\u00e2mara Municipal. Ele foi condenado a uma pena de cinco anos e quatro meses de reclus\u00e3o, a ser cumprida no regime semiaberto, sendo mantido [&hellip;]<\/p>\n","protected":false},"author":4,"featured_media":153854,"comment_status":"open","ping_status":"closed","sticky":false,"template":"","format":"standard","meta":{"amp_status":"","footnotes":""},"categories":[123,40240],"tags":[267250,267246,19674,19675,267248,267249,267245,267244,267247],"class_list":["post-193220","post","type-post","status-publish","format-standard","has-post-thumbnail","hentry","category-gerais","category-politica","tag-camara-de-muriae","tag-condenacao-de-vereador-em-muriae","tag-ministerio-publico-de-minas-gerais","tag-mpmg","tag-operacao-catarse","tag-operacao-catarse-em-muriae","tag-vereador-de-muriae-e-condenado-a-cinco-anos-de-reclusao-por-envolvimento-em-rachadinha","tag-vereador-mineiro-e-condenado-a-cinco-anos-de-reclusao-por-envolvimento-em-rachadinha","tag-vereador-preso-em-muriae"],"yoast_head":"<!-- This site is optimized with the Yoast SEO plugin v28.3 - https:\/\/yoast.com\/product\/yoast-seo-wordpress\/ -->\n<title>Vereador mineiro \u00e9 condenado a cinco anos de reclus\u00e3o por envolvimento em rachadinha - Aconteceu no Vale<\/title>\n<meta name=\"robots\" content=\"index, follow, max-snippet:-1, max-image-preview:large, max-video-preview:-1\" \/>\n<link rel=\"canonical\" href=\"https:\/\/aconteceunovale.com.br\/portal\/?p=193220\" \/>\n<meta property=\"og:locale\" content=\"pt_BR\" \/>\n<meta property=\"og:type\" content=\"article\" \/>\n<meta property=\"og:title\" content=\"Vereador mineiro \u00e9 condenado a cinco anos de reclus\u00e3o por envolvimento em rachadinha - Aconteceu no Vale\" \/>\n<meta property=\"og:description\" content=\"O Minist\u00e9rio P\u00fablico de Minas Gerais (MPMG) obteve este m\u00eas a condena\u00e7\u00e3o de um vereador da cidade de Muria\u00e9, na Zona da Mata, investigado como respons\u00e1vel pela pr\u00e1tica de rachadinha na C\u00e2mara Municipal. Ele foi condenado a uma pena de cinco anos e quatro meses de reclus\u00e3o, a ser cumprida no regime semiaberto, sendo mantido [&hellip;]\" \/>\n<meta property=\"og:url\" content=\"https:\/\/aconteceunovale.com.br\/portal\/?p=193220\" \/>\n<meta property=\"og:site_name\" content=\"Aconteceu no Vale\" \/>\n<meta property=\"article:publisher\" content=\"https:\/\/www.facebook.com\/aconteceunovale\/\" \/>\n<meta property=\"article:published_time\" content=\"2023-02-06T22:47:47+00:00\" \/>\n<meta property=\"article:modified_time\" content=\"2023-02-06T22:48:45+00:00\" \/>\n<meta property=\"og:image\" content=\"https:\/\/aconteceunovale.com.br\/portal\/wp-content\/uploads\/2019\/10\/dinheiro.png\" \/>\n\t<meta property=\"og:image:width\" content=\"678\" \/>\n\t<meta property=\"og:image:height\" content=\"427\" \/>\n\t<meta property=\"og:image:type\" content=\"image\/png\" \/>\n<meta name=\"author\" content=\"Reda\u00e7\u00e3o Aconteceu no Vale\" \/>\n<meta name=\"twitter:card\" content=\"summary_large_image\" \/>\n<meta name=\"twitter:creator\" content=\"@noticiadosvales\" \/>\n<meta name=\"twitter:site\" content=\"@noticiadosvales\" \/>\n<meta name=\"twitter:label1\" content=\"Escrito por\" \/>\n\t<meta name=\"twitter:data1\" content=\"Reda\u00e7\u00e3o Aconteceu no Vale\" \/>\n\t<meta name=\"twitter:label2\" content=\"Est. tempo de leitura\" \/>\n\t<meta name=\"twitter:data2\" content=\"2 minutos\" \/>\n<script type=\"application\/ld+json\" class=\"yoast-schema-graph\">{\"@context\":\"https:\\\/\\\/schema.org\",\"@graph\":[{\"@type\":\"Article\",\"@id\":\"https:\\\/\\\/aconteceunovale.com.br\\\/portal\\\/?p=193220#article\",\"isPartOf\":{\"@id\":\"https:\\\/\\\/aconteceunovale.com.br\\\/portal\\\/?p=193220\"},\"author\":{\"name\":\"Reda\u00e7\u00e3o Aconteceu no Vale\",\"@id\":\"https:\\\/\\\/aconteceunovale.com.br\\\/portal\\\/#\\\/schema\\\/person\\\/7d2f26d1483f8a63de73da1ee0754d35\"},\"headline\":\"Vereador mineiro \u00e9 condenado a cinco anos de reclus\u00e3o por envolvimento em rachadinha\",\"datePublished\":\"2023-02-06T22:47:47+00:00\",\"dateModified\":\"2023-02-06T22:48:45+00:00\",\"mainEntityOfPage\":{\"@id\":\"https:\\\/\\\/aconteceunovale.com.br\\\/portal\\\/?p=193220\"},\"wordCount\":454,\"commentCount\":0,\"image\":{\"@id\":\"https:\\\/\\\/aconteceunovale.com.br\\\/portal\\\/?p=193220#primaryimage\"},\"thumbnailUrl\":\"https:\\\/\\\/aconteceunovale.com.br\\\/portal\\\/wp-content\\\/uploads\\\/2019\\\/10\\\/dinheiro.png\",\"keywords\":[\"C\u00e2mara de Muria\u00e9\",\"Condena\u00e7\u00e3o de vereador em Muria\u00e9\",\"Minist\u00e9rio P\u00fablico de Minas Gerais\",\"MPMG\",\"Opera\u00e7\u00e3o Catarse\",\"Opera\u00e7\u00e3o Catarse em Muria\u00e9\",\"Vereador de Muria\u00e9 \u00e9 condenado a cinco anos de reclus\u00e3o por envolvimento em rachadinha\",\"Vereador mineiro \u00e9 condenado a cinco anos de reclus\u00e3o por envolvimento em rachadinha\",\"Vereador preso em Muria\u00e9\"],\"articleSection\":[\"Minas Gerais\",\"Pol\u00edtica\"],\"inLanguage\":\"pt-BR\",\"potentialAction\":[{\"@type\":\"CommentAction\",\"name\":\"Comment\",\"target\":[\"https:\\\/\\\/aconteceunovale.com.br\\\/portal\\\/?p=193220#respond\"]}]},{\"@type\":\"WebPage\",\"@id\":\"https:\\\/\\\/aconteceunovale.com.br\\\/portal\\\/?p=193220\",\"url\":\"https:\\\/\\\/aconteceunovale.com.br\\\/portal\\\/?p=193220\",\"name\":\"Vereador mineiro \u00e9 condenado a cinco anos de reclus\u00e3o por envolvimento em rachadinha - Aconteceu no Vale\",\"isPartOf\":{\"@id\":\"https:\\\/\\\/aconteceunovale.com.br\\\/portal\\\/#website\"},\"primaryImageOfPage\":{\"@id\":\"https:\\\/\\\/aconteceunovale.com.br\\\/portal\\\/?p=193220#primaryimage\"},\"image\":{\"@id\":\"https:\\\/\\\/aconteceunovale.com.br\\\/portal\\\/?p=193220#primaryimage\"},\"thumbnailUrl\":\"https:\\\/\\\/aconteceunovale.com.br\\\/portal\\\/wp-content\\\/uploads\\\/2019\\\/10\\\/dinheiro.png\",\"datePublished\":\"2023-02-06T22:47:47+00:00\",\"dateModified\":\"2023-02-06T22:48:45+00:00\",\"author\":{\"@id\":\"https:\\\/\\\/aconteceunovale.com.br\\\/portal\\\/#\\\/schema\\\/person\\\/7d2f26d1483f8a63de73da1ee0754d35\"},\"breadcrumb\":{\"@id\":\"https:\\\/\\\/aconteceunovale.com.br\\\/portal\\\/?p=193220#breadcrumb\"},\"inLanguage\":\"pt-BR\",\"potentialAction\":[{\"@type\":\"ReadAction\",\"target\":[\"https:\\\/\\\/aconteceunovale.com.br\\\/portal\\\/?p=193220\"]}]},{\"@type\":\"ImageObject\",\"inLanguage\":\"pt-BR\",\"@id\":\"https:\\\/\\\/aconteceunovale.com.br\\\/portal\\\/?p=193220#primaryimage\",\"url\":\"https:\\\/\\\/aconteceunovale.com.br\\\/portal\\\/wp-content\\\/uploads\\\/2019\\\/10\\\/dinheiro.png\",\"contentUrl\":\"https:\\\/\\\/aconteceunovale.com.br\\\/portal\\\/wp-content\\\/uploads\\\/2019\\\/10\\\/dinheiro.png\",\"width\":678,\"height\":427},{\"@type\":\"BreadcrumbList\",\"@id\":\"https:\\\/\\\/aconteceunovale.com.br\\\/portal\\\/?p=193220#breadcrumb\",\"itemListElement\":[{\"@type\":\"ListItem\",\"position\":1,\"name\":\"In\u00edcio\",\"item\":\"https:\\\/\\\/aconteceunovale.com.br\\\/portal\\\/\"},{\"@type\":\"ListItem\",\"position\":2,\"name\":\"Vereador mineiro \u00e9 condenado a cinco anos de reclus\u00e3o por envolvimento em rachadinha\"}]},{\"@type\":\"WebSite\",\"@id\":\"https:\\\/\\\/aconteceunovale.com.br\\\/portal\\\/#website\",\"url\":\"https:\\\/\\\/aconteceunovale.com.br\\\/portal\\\/\",\"name\":\"Aconteceu no Vale\",\"description\":\"Portal de Not\u00edcias\",\"potentialAction\":[{\"@type\":\"SearchAction\",\"target\":{\"@type\":\"EntryPoint\",\"urlTemplate\":\"https:\\\/\\\/aconteceunovale.com.br\\\/portal\\\/?s={search_term_string}\"},\"query-input\":{\"@type\":\"PropertyValueSpecification\",\"valueRequired\":true,\"valueName\":\"search_term_string\"}}],\"inLanguage\":\"pt-BR\"},{\"@type\":\"Person\",\"@id\":\"https:\\\/\\\/aconteceunovale.com.br\\\/portal\\\/#\\\/schema\\\/person\\\/7d2f26d1483f8a63de73da1ee0754d35\",\"name\":\"Reda\u00e7\u00e3o Aconteceu no Vale\",\"description\":\"Equipe de reportagem do Aconteceu no Vale, portal de not\u00edcias do Vale do Jequitinhonha, em Minas Gerais. Cobrimos as 51 cidades do Vale desde 2013. Sugest\u00f5es de pauta e pedidos de corre\u00e7\u00e3o: contato@aconteceunovale.com.br\",\"url\":\"https:\\\/\\\/aconteceunovale.com.br\\\/portal\\\/?author=4\"}]}<\/script>\n<!-- \/ Yoast SEO plugin. -->","yoast_head_json":{"title":"Vereador mineiro \u00e9 condenado a cinco anos de reclus\u00e3o por envolvimento em rachadinha - Aconteceu no Vale","robots":{"index":"index","follow":"follow","max-snippet":"max-snippet:-1","max-image-preview":"max-image-preview:large","max-video-preview":"max-video-preview:-1"},"canonical":"https:\/\/aconteceunovale.com.br\/portal\/?p=193220","og_locale":"pt_BR","og_type":"article","og_title":"Vereador mineiro \u00e9 condenado a cinco anos de reclus\u00e3o por envolvimento em rachadinha - Aconteceu no Vale","og_description":"O Minist\u00e9rio P\u00fablico de Minas Gerais (MPMG) obteve este m\u00eas a condena\u00e7\u00e3o de um vereador da cidade de Muria\u00e9, na Zona da Mata, investigado como respons\u00e1vel pela pr\u00e1tica de rachadinha na C\u00e2mara Municipal. Ele foi condenado a uma pena de cinco anos e quatro meses de reclus\u00e3o, a ser cumprida no regime semiaberto, sendo mantido [&hellip;]","og_url":"https:\/\/aconteceunovale.com.br\/portal\/?p=193220","og_site_name":"Aconteceu no Vale","article_publisher":"https:\/\/www.facebook.com\/aconteceunovale\/","article_published_time":"2023-02-06T22:47:47+00:00","article_modified_time":"2023-02-06T22:48:45+00:00","og_image":[{"width":678,"height":427,"url":"https:\/\/aconteceunovale.com.br\/portal\/wp-content\/uploads\/2019\/10\/dinheiro.png","type":"image\/png"}],"author":"Reda\u00e7\u00e3o Aconteceu no Vale","twitter_card":"summary_large_image","twitter_creator":"@noticiadosvales","twitter_site":"@noticiadosvales","twitter_misc":{"Escrito por":"Reda\u00e7\u00e3o Aconteceu no Vale","Est. tempo de leitura":"2 minutos"},"schema":{"@context":"https:\/\/schema.org","@graph":[{"@type":"Article","@id":"https:\/\/aconteceunovale.com.br\/portal\/?p=193220#article","isPartOf":{"@id":"https:\/\/aconteceunovale.com.br\/portal\/?p=193220"},"author":{"name":"Reda\u00e7\u00e3o Aconteceu no Vale","@id":"https:\/\/aconteceunovale.com.br\/portal\/#\/schema\/person\/7d2f26d1483f8a63de73da1ee0754d35"},"headline":"Vereador mineiro \u00e9 condenado a cinco anos de reclus\u00e3o por envolvimento em rachadinha","datePublished":"2023-02-06T22:47:47+00:00","dateModified":"2023-02-06T22:48:45+00:00","mainEntityOfPage":{"@id":"https:\/\/aconteceunovale.com.br\/portal\/?p=193220"},"wordCount":454,"commentCount":0,"image":{"@id":"https:\/\/aconteceunovale.com.br\/portal\/?p=193220#primaryimage"},"thumbnailUrl":"https:\/\/aconteceunovale.com.br\/portal\/wp-content\/uploads\/2019\/10\/dinheiro.png","keywords":["C\u00e2mara de Muria\u00e9","Condena\u00e7\u00e3o de vereador em Muria\u00e9","Minist\u00e9rio P\u00fablico de Minas Gerais","MPMG","Opera\u00e7\u00e3o Catarse","Opera\u00e7\u00e3o Catarse em Muria\u00e9","Vereador de Muria\u00e9 \u00e9 condenado a cinco anos de reclus\u00e3o por envolvimento em rachadinha","Vereador mineiro \u00e9 condenado a cinco anos de reclus\u00e3o por envolvimento em rachadinha","Vereador preso em Muria\u00e9"],"articleSection":["Minas Gerais","Pol\u00edtica"],"inLanguage":"pt-BR","potentialAction":[{"@type":"CommentAction","name":"Comment","target":["https:\/\/aconteceunovale.com.br\/portal\/?p=193220#respond"]}]},{"@type":"WebPage","@id":"https:\/\/aconteceunovale.com.br\/portal\/?p=193220","url":"https:\/\/aconteceunovale.com.br\/portal\/?p=193220","name":"Vereador mineiro \u00e9 condenado a cinco anos de reclus\u00e3o por envolvimento em rachadinha - Aconteceu no Vale","isPartOf":{"@id":"https:\/\/aconteceunovale.com.br\/portal\/#website"},"primaryImageOfPage":{"@id":"https:\/\/aconteceunovale.com.br\/portal\/?p=193220#primaryimage"},"image":{"@id":"https:\/\/aconteceunovale.com.br\/portal\/?p=193220#primaryimage"},"thumbnailUrl":"https:\/\/aconteceunovale.com.br\/portal\/wp-content\/uploads\/2019\/10\/dinheiro.png","datePublished":"2023-02-06T22:47:47+00:00","dateModified":"2023-02-06T22:48:45+00:00","author":{"@id":"https:\/\/aconteceunovale.com.br\/portal\/#\/schema\/person\/7d2f26d1483f8a63de73da1ee0754d35"},"breadcrumb":{"@id":"https:\/\/aconteceunovale.com.br\/portal\/?p=193220#breadcrumb"},"inLanguage":"pt-BR","potentialAction":[{"@type":"ReadAction","target":["https:\/\/aconteceunovale.com.br\/portal\/?p=193220"]}]},{"@type":"ImageObject","inLanguage":"pt-BR","@id":"https:\/\/aconteceunovale.com.br\/portal\/?p=193220#primaryimage","url":"https:\/\/aconteceunovale.com.br\/portal\/wp-content\/uploads\/2019\/10\/dinheiro.png","contentUrl":"https:\/\/aconteceunovale.com.br\/portal\/wp-content\/uploads\/2019\/10\/dinheiro.png","width":678,"height":427},{"@type":"BreadcrumbList","@id":"https:\/\/aconteceunovale.com.br\/portal\/?p=193220#breadcrumb","itemListElement":[{"@type":"ListItem","position":1,"name":"In\u00edcio","item":"https:\/\/aconteceunovale.com.br\/portal\/"},{"@type":"ListItem","position":2,"name":"Vereador mineiro \u00e9 condenado a cinco anos de reclus\u00e3o por envolvimento em rachadinha"}]},{"@type":"WebSite","@id":"https:\/\/aconteceunovale.com.br\/portal\/#website","url":"https:\/\/aconteceunovale.com.br\/portal\/","name":"Aconteceu no Vale","description":"Portal de Not\u00edcias","potentialAction":[{"@type":"SearchAction","target":{"@type":"EntryPoint","urlTemplate":"https:\/\/aconteceunovale.com.br\/portal\/?s={search_term_string}"},"query-input":{"@type":"PropertyValueSpecification","valueRequired":true,"valueName":"search_term_string"}}],"inLanguage":"pt-BR"},{"@type":"Person","@id":"https:\/\/aconteceunovale.com.br\/portal\/#\/schema\/person\/7d2f26d1483f8a63de73da1ee0754d35","name":"Reda\u00e7\u00e3o Aconteceu no Vale","description":"Equipe de reportagem do Aconteceu no Vale, portal de not\u00edcias do Vale do Jequitinhonha, em Minas Gerais. Cobrimos as 51 cidades do Vale desde 2013. Sugest\u00f5es de pauta e pedidos de corre\u00e7\u00e3o: contato@aconteceunovale.com.br","url":"https:\/\/aconteceunovale.com.br\/portal\/?author=4"}]}},"_links":{"self":[{"href":"https:\/\/aconteceunovale.com.br\/portal\/index.php?rest_route=\/wp\/v2\/posts\/193220","targetHints":{"allow":["GET"]}}],"collection":[{"href":"https:\/\/aconteceunovale.com.br\/portal\/index.php?rest_route=\/wp\/v2\/posts"}],"about":[{"href":"https:\/\/aconteceunovale.com.br\/portal\/index.php?rest_route=\/wp\/v2\/types\/post"}],"author":[{"embeddable":true,"href":"https:\/\/aconteceunovale.com.br\/portal\/index.php?rest_route=\/wp\/v2\/users\/4"}],"replies":[{"embeddable":true,"href":"https:\/\/aconteceunovale.com.br\/portal\/index.php?rest_route=%2Fwp%2Fv2%2Fcomments&post=193220"}],"version-history":[{"count":1,"href":"https:\/\/aconteceunovale.com.br\/portal\/index.php?rest_route=\/wp\/v2\/posts\/193220\/revisions"}],"predecessor-version":[{"id":193221,"href":"https:\/\/aconteceunovale.com.br\/portal\/index.php?rest_route=\/wp\/v2\/posts\/193220\/revisions\/193221"}],"wp:featuredmedia":[{"embeddable":true,"href":"https:\/\/aconteceunovale.com.br\/portal\/index.php?rest_route=\/wp\/v2\/media\/153854"}],"wp:attachment":[{"href":"https:\/\/aconteceunovale.com.br\/portal\/index.php?rest_route=%2Fwp%2Fv2%2Fmedia&parent=193220"}],"wp:term":[{"taxonomy":"category","embeddable":true,"href":"https:\/\/aconteceunovale.com.br\/portal\/index.php?rest_route=%2Fwp%2Fv2%2Fcategories&post=193220"},{"taxonomy":"post_tag","embeddable":true,"href":"https:\/\/aconteceunovale.com.br\/portal\/index.php?rest_route=%2Fwp%2Fv2%2Ftags&post=193220"}],"curies":[{"name":"wp","href":"https:\/\/api.w.org\/{rel}","templated":true}]}}