{"id":193210,"date":"2023-02-06T19:22:08","date_gmt":"2023-02-06T22:22:08","guid":{"rendered":"https:\/\/aconteceunovale.com.br\/portal\/?p=193210"},"modified":"2023-02-06T19:23:11","modified_gmt":"2023-02-06T22:23:11","slug":"trecho-da-mgc-259-sera-interditado-para-obras","status":"publish","type":"post","link":"https:\/\/aconteceunovale.com.br\/portal\/?p=193210","title":{"rendered":"Trecho da MGC-259 ser\u00e1 interditado para obras"},"content":{"rendered":"\n<p class=\"wp-block-paragraph\">Nesta ter\u00e7a-feira (7\/2\/2023), \u00e0s 6h, o\u00a0<a rel=\"noreferrer noopener\" href=\"https:\/\/www.der.mg.gov.br\/\" target=\"_blank\">Departamento de Edifica\u00e7\u00f5es e Estradas de Rodagem de Minas Gerais (DER-MG)<\/a>\u00a0far\u00e1 a interdi\u00e7\u00e3o da MGC-259, no km 199, entre o distrito de Santo Ant\u00f4nio do Porto e a ponte do Rio Sua\u00e7u\u00ed Pequeno, no munic\u00edpio de Governador Valadares, para a execu\u00e7\u00e3o das obras de implanta\u00e7\u00e3o de novo bueiro met\u00e1lico e recomposi\u00e7\u00e3o do aterro.<\/p>\n\n\n\n<figure class=\"wp-block-gallery has-nested-images columns-default is-cropped wp-block-gallery-1 is-layout-flex wp-block-gallery-is-layout-flex\">\n<figure class=\"wp-block-image size-large\"><img loading=\"lazy\" decoding=\"async\" width=\"540\" height=\"489\" data-id=\"193211\" src=\"https:\/\/aconteceunovale.com.br\/portal\/wp-content\/uploads\/2023\/02\/interdicao_259.jpeg\" alt=\"\" class=\"wp-image-193211\" srcset=\"https:\/\/aconteceunovale.com.br\/portal\/wp-content\/uploads\/2023\/02\/interdicao_259.jpeg 540w, https:\/\/aconteceunovale.com.br\/portal\/wp-content\/uploads\/2023\/02\/interdicao_259-300x272.jpeg 300w, https:\/\/aconteceunovale.com.br\/portal\/wp-content\/uploads\/2023\/02\/interdicao_259-464x420.jpeg 464w\" sizes=\"auto, (max-width: 540px) 100vw, 540px\" \/><\/figure>\n<\/figure>\n\n\n\n<p class=\"wp-block-paragraph\">A previs\u00e3o \u00e9 a de que os trabalhos sejam conclu\u00eddos at\u00e9 \u00e0s 20h do mesmo dia. A Pol\u00edcia Rodovi\u00e1ria Estadual dar\u00e1 o apoio necess\u00e1rio ao departamento durante o per\u00edodo da interdi\u00e7\u00e3o.<\/p>\n\n\n\n<p class=\"wp-block-paragraph\">A op\u00e7\u00e3o de desvio para quem far\u00e1 o percurso Governador Valadares \u2013 Guanh\u00e3es \u00e9 pegar a BR-381, sentido Ipatinga, LMG-758 (entroncamento BR-381 ao entroncamento com a MGC-259) e seguir pela MGC-259, do entroncamento com a LMG-758 at\u00e9 Guanh\u00e3es.<\/p>\n\n\n\n<p class=\"wp-block-paragraph\">No sentido contr\u00e1rio, a op\u00e7\u00e3o \u00e9 a MGC-259, sentido Virgin\u00f3polis, LMG-758 at\u00e9 o entroncamento com a BR-381 e seguir pela BR-381, sentido Governador Valadares.<\/p>\n\n\n\n<p class=\"wp-block-paragraph\">Na quarta-feira (8\/2), o departamento dar\u00e1 continuidade aos trabalhos, com o in\u00edcio da recomposi\u00e7\u00e3o da eros\u00e3o e, posteriormente, do pavimento, onde o tr\u00e1fego est\u00e1 em meia pista desde 27\/1, devido \u00e0s chuvas intensas que atingiram a regi\u00e3o em janeiro.<\/p>\n\n\n\n<p class=\"wp-block-paragraph\">Para este servi\u00e7o, n\u00e3o haver\u00e1 necessidade de nova interdi\u00e7\u00e3o e a opera\u00e7\u00e3o ser\u00e1 em sistema pare e siga at\u00e9 que a pista seja recomposta e o tr\u00e1fego liberado nos dois sentidos.<\/p>\n\n\n\n<p class=\"wp-block-paragraph\">&#8212;&#8212;&#8212;&#8212;&#8212;&#8212;<br><br><strong>Sabia que o Aconteceu no Vale est\u00e1 tamb\u00e9m no Telegram? <a rel=\"noreferrer noopener\" href=\"https:\/\/t.me\/aconteceunovaleoficial\" target=\"_blank\">Inscreva-se no canal<\/a>.<\/strong><br><br><strong>J\u00e1 curtiu ou seguiu nossas p\u00e1ginas nas redes sociais?\u00a0Receba as not\u00edcias em primeira m\u00e3o:<\/strong><br>\u2022 <a rel=\"noreferrer noopener\" href=\"https:\/\/news.google.com\/publications\/CAAqBwgKMNjklQswi4etAw?hl=pt-BR&amp;gl=BR&amp;ceid=BR%3Apt-419\" target=\"_blank\">Google News<\/a><br>\u2022 <a rel=\"noreferrer noopener\" href=\"https:\/\/www.facebook.com\/aconteceunovale\/\" target=\"_blank\">Facebook<\/a><br>\u2022 <a rel=\"noreferrer noopener\" href=\"https:\/\/twitter.com\/noticiadosvales\" target=\"_blank\">Twitter<\/a><br>\u2022 <a rel=\"noreferrer noopener\" href=\"https:\/\/www.instagram.com\/aconteceunovale\" target=\"_blank\">Instagram<\/a><br>\u2022 <a rel=\"noreferrer noopener\" href=\"https:\/\/www.youtube.com\/AconteceunoValeOficial\" target=\"_blank\">Youtube<\/a><br>\u2022 <a rel=\"noreferrer noopener\" href=\"https:\/\/www.tiktok.com\/@aconteceunovale\" target=\"_blank\">TikTok<\/a><\/p>\n","protected":false},"excerpt":{"rendered":"<p>Nesta ter\u00e7a-feira (7\/2\/2023), \u00e0s 6h, o\u00a0Departamento de Edifica\u00e7\u00f5es e Estradas de Rodagem de Minas Gerais (DER-MG)\u00a0far\u00e1 a interdi\u00e7\u00e3o da MGC-259, no km 199, entre o distrito de Santo Ant\u00f4nio do Porto e a ponte do Rio Sua\u00e7u\u00ed Pequeno, no munic\u00edpio de Governador Valadares, para a execu\u00e7\u00e3o das obras de implanta\u00e7\u00e3o de novo bueiro met\u00e1lico e [&hellip;]<\/p>\n","protected":false},"author":4,"featured_media":193212,"comment_status":"open","ping_status":"closed","sticky":false,"template":"","format":"standard","meta":{"amp_status":"","footnotes":""},"categories":[121],"tags":[71975,215389,1018,247,155,169596,198483,201,107905,172495,267235,332],"class_list":["post-193210","post","type-post","status-publish","format-standard","has-post-thumbnail","hentry","category-leste","tag-br-259","tag-der-mg-2","tag-destaque","tag-governador-valadares","tag-guanhaes","tag-interdicao-da-br-259","tag-interdicao-da-mgc-259","tag-ipatinga","tag-mgc-259","tag-santo-antonio-do-porto","tag-trecho-da-mgc-259-sera-interditado-para-obras","tag-virginopolis"],"yoast_head":"<!-- This site is optimized with the Yoast SEO plugin v28.3 - https:\/\/yoast.com\/product\/yoast-seo-wordpress\/ -->\n<title>Trecho da MGC-259 ser\u00e1 interditado para obras - Aconteceu no Vale<\/title>\n<meta name=\"robots\" content=\"index, follow, max-snippet:-1, max-image-preview:large, max-video-preview:-1\" \/>\n<link rel=\"canonical\" href=\"https:\/\/aconteceunovale.com.br\/portal\/?p=193210\" \/>\n<meta property=\"og:locale\" content=\"pt_BR\" \/>\n<meta property=\"og:type\" content=\"article\" \/>\n<meta property=\"og:title\" content=\"Trecho da MGC-259 ser\u00e1 interditado para obras - Aconteceu no Vale\" \/>\n<meta property=\"og:description\" content=\"Nesta ter\u00e7a-feira (7\/2\/2023), \u00e0s 6h, o\u00a0Departamento de Edifica\u00e7\u00f5es e Estradas de Rodagem de Minas Gerais (DER-MG)\u00a0far\u00e1 a interdi\u00e7\u00e3o da MGC-259, no km 199, entre o distrito de Santo Ant\u00f4nio do Porto e a ponte do Rio Sua\u00e7u\u00ed Pequeno, no munic\u00edpio de Governador Valadares, para a execu\u00e7\u00e3o das obras de implanta\u00e7\u00e3o de novo bueiro met\u00e1lico e [&hellip;]\" \/>\n<meta property=\"og:url\" content=\"https:\/\/aconteceunovale.com.br\/portal\/?p=193210\" \/>\n<meta property=\"og:site_name\" content=\"Aconteceu no Vale\" \/>\n<meta property=\"article:publisher\" content=\"https:\/\/www.facebook.com\/aconteceunovale\/\" \/>\n<meta property=\"article:published_time\" content=\"2023-02-06T22:22:08+00:00\" \/>\n<meta property=\"article:modified_time\" content=\"2023-02-06T22:23:11+00:00\" \/>\n<meta property=\"og:image\" content=\"https:\/\/aconteceunovale.com.br\/portal\/wp-content\/uploads\/2023\/02\/interdicao_2592.png\" \/>\n\t<meta property=\"og:image:width\" content=\"650\" \/>\n\t<meta property=\"og:image:height\" content=\"370\" \/>\n\t<meta property=\"og:image:type\" content=\"image\/png\" \/>\n<meta name=\"author\" content=\"Reda\u00e7\u00e3o Aconteceu no Vale\" \/>\n<meta name=\"twitter:card\" content=\"summary_large_image\" \/>\n<meta name=\"twitter:creator\" content=\"@noticiadosvales\" \/>\n<meta name=\"twitter:site\" content=\"@noticiadosvales\" \/>\n<meta name=\"twitter:label1\" content=\"Escrito por\" \/>\n\t<meta name=\"twitter:data1\" content=\"Reda\u00e7\u00e3o Aconteceu no Vale\" \/>\n\t<meta name=\"twitter:label2\" content=\"Est. tempo de leitura\" \/>\n\t<meta name=\"twitter:data2\" content=\"1 minuto\" \/>\n<script type=\"application\/ld+json\" class=\"yoast-schema-graph\">{\"@context\":\"https:\\\/\\\/schema.org\",\"@graph\":[{\"@type\":\"Article\",\"@id\":\"https:\\\/\\\/aconteceunovale.com.br\\\/portal\\\/?p=193210#article\",\"isPartOf\":{\"@id\":\"https:\\\/\\\/aconteceunovale.com.br\\\/portal\\\/?p=193210\"},\"author\":{\"name\":\"Reda\u00e7\u00e3o Aconteceu no Vale\",\"@id\":\"https:\\\/\\\/aconteceunovale.com.br\\\/portal\\\/#\\\/schema\\\/person\\\/7d2f26d1483f8a63de73da1ee0754d35\"},\"headline\":\"Trecho da MGC-259 ser\u00e1 interditado para obras\",\"datePublished\":\"2023-02-06T22:22:08+00:00\",\"dateModified\":\"2023-02-06T22:23:11+00:00\",\"mainEntityOfPage\":{\"@id\":\"https:\\\/\\\/aconteceunovale.com.br\\\/portal\\\/?p=193210\"},\"wordCount\":295,\"commentCount\":0,\"image\":{\"@id\":\"https:\\\/\\\/aconteceunovale.com.br\\\/portal\\\/?p=193210#primaryimage\"},\"thumbnailUrl\":\"https:\\\/\\\/aconteceunovale.com.br\\\/portal\\\/wp-content\\\/uploads\\\/2023\\\/02\\\/interdicao_2592.png\",\"keywords\":[\"BR-259\",\"DER-MG\",\"destaque\",\"Governador Valadares\",\"Guanh\u00e3es\",\"Interdi\u00e7\u00e3o da BR-259\",\"Interdi\u00e7\u00e3o da MGC-259\",\"Ipatinga\",\"MGC-259\",\"Santo Ant\u00f4nio do Porto\",\"Trecho da MGC-259 ser\u00e1 interditado para obras\",\"Virgin\u00f3polis\"],\"articleSection\":[\"Leste de Minas\"],\"inLanguage\":\"pt-BR\",\"potentialAction\":[{\"@type\":\"CommentAction\",\"name\":\"Comment\",\"target\":[\"https:\\\/\\\/aconteceunovale.com.br\\\/portal\\\/?p=193210#respond\"]}]},{\"@type\":\"WebPage\",\"@id\":\"https:\\\/\\\/aconteceunovale.com.br\\\/portal\\\/?p=193210\",\"url\":\"https:\\\/\\\/aconteceunovale.com.br\\\/portal\\\/?p=193210\",\"name\":\"Trecho da MGC-259 ser\u00e1 interditado para obras - Aconteceu no Vale\",\"isPartOf\":{\"@id\":\"https:\\\/\\\/aconteceunovale.com.br\\\/portal\\\/#website\"},\"primaryImageOfPage\":{\"@id\":\"https:\\\/\\\/aconteceunovale.com.br\\\/portal\\\/?p=193210#primaryimage\"},\"image\":{\"@id\":\"https:\\\/\\\/aconteceunovale.com.br\\\/portal\\\/?p=193210#primaryimage\"},\"thumbnailUrl\":\"https:\\\/\\\/aconteceunovale.com.br\\\/portal\\\/wp-content\\\/uploads\\\/2023\\\/02\\\/interdicao_2592.png\",\"datePublished\":\"2023-02-06T22:22:08+00:00\",\"dateModified\":\"2023-02-06T22:23:11+00:00\",\"author\":{\"@id\":\"https:\\\/\\\/aconteceunovale.com.br\\\/portal\\\/#\\\/schema\\\/person\\\/7d2f26d1483f8a63de73da1ee0754d35\"},\"breadcrumb\":{\"@id\":\"https:\\\/\\\/aconteceunovale.com.br\\\/portal\\\/?p=193210#breadcrumb\"},\"inLanguage\":\"pt-BR\",\"potentialAction\":[{\"@type\":\"ReadAction\",\"target\":[\"https:\\\/\\\/aconteceunovale.com.br\\\/portal\\\/?p=193210\"]}]},{\"@type\":\"ImageObject\",\"inLanguage\":\"pt-BR\",\"@id\":\"https:\\\/\\\/aconteceunovale.com.br\\\/portal\\\/?p=193210#primaryimage\",\"url\":\"https:\\\/\\\/aconteceunovale.com.br\\\/portal\\\/wp-content\\\/uploads\\\/2023\\\/02\\\/interdicao_2592.png\",\"contentUrl\":\"https:\\\/\\\/aconteceunovale.com.br\\\/portal\\\/wp-content\\\/uploads\\\/2023\\\/02\\\/interdicao_2592.png\",\"width\":650,\"height\":370},{\"@type\":\"BreadcrumbList\",\"@id\":\"https:\\\/\\\/aconteceunovale.com.br\\\/portal\\\/?p=193210#breadcrumb\",\"itemListElement\":[{\"@type\":\"ListItem\",\"position\":1,\"name\":\"In\u00edcio\",\"item\":\"https:\\\/\\\/aconteceunovale.com.br\\\/portal\\\/\"},{\"@type\":\"ListItem\",\"position\":2,\"name\":\"Trecho da MGC-259 ser\u00e1 interditado para obras\"}]},{\"@type\":\"WebSite\",\"@id\":\"https:\\\/\\\/aconteceunovale.com.br\\\/portal\\\/#website\",\"url\":\"https:\\\/\\\/aconteceunovale.com.br\\\/portal\\\/\",\"name\":\"Aconteceu no Vale\",\"description\":\"Portal de Not\u00edcias\",\"potentialAction\":[{\"@type\":\"SearchAction\",\"target\":{\"@type\":\"EntryPoint\",\"urlTemplate\":\"https:\\\/\\\/aconteceunovale.com.br\\\/portal\\\/?s={search_term_string}\"},\"query-input\":{\"@type\":\"PropertyValueSpecification\",\"valueRequired\":true,\"valueName\":\"search_term_string\"}}],\"inLanguage\":\"pt-BR\"},{\"@type\":\"Person\",\"@id\":\"https:\\\/\\\/aconteceunovale.com.br\\\/portal\\\/#\\\/schema\\\/person\\\/7d2f26d1483f8a63de73da1ee0754d35\",\"name\":\"Reda\u00e7\u00e3o Aconteceu no Vale\",\"description\":\"Equipe de reportagem do Aconteceu no Vale, portal de not\u00edcias do Vale do Jequitinhonha, em Minas Gerais. Cobrimos as 51 cidades do Vale desde 2013. Sugest\u00f5es de pauta e pedidos de corre\u00e7\u00e3o: contato@aconteceunovale.com.br\",\"url\":\"https:\\\/\\\/aconteceunovale.com.br\\\/portal\\\/?author=4\"}]}<\/script>\n<!-- \/ Yoast SEO plugin. -->","yoast_head_json":{"title":"Trecho da MGC-259 ser\u00e1 interditado para obras - Aconteceu no Vale","robots":{"index":"index","follow":"follow","max-snippet":"max-snippet:-1","max-image-preview":"max-image-preview:large","max-video-preview":"max-video-preview:-1"},"canonical":"https:\/\/aconteceunovale.com.br\/portal\/?p=193210","og_locale":"pt_BR","og_type":"article","og_title":"Trecho da MGC-259 ser\u00e1 interditado para obras - Aconteceu no Vale","og_description":"Nesta ter\u00e7a-feira (7\/2\/2023), \u00e0s 6h, o\u00a0Departamento de Edifica\u00e7\u00f5es e Estradas de Rodagem de Minas Gerais (DER-MG)\u00a0far\u00e1 a interdi\u00e7\u00e3o da MGC-259, no km 199, entre o distrito de Santo Ant\u00f4nio do Porto e a ponte do Rio Sua\u00e7u\u00ed Pequeno, no munic\u00edpio de Governador Valadares, para a execu\u00e7\u00e3o das obras de implanta\u00e7\u00e3o de novo bueiro met\u00e1lico e [&hellip;]","og_url":"https:\/\/aconteceunovale.com.br\/portal\/?p=193210","og_site_name":"Aconteceu no Vale","article_publisher":"https:\/\/www.facebook.com\/aconteceunovale\/","article_published_time":"2023-02-06T22:22:08+00:00","article_modified_time":"2023-02-06T22:23:11+00:00","og_image":[{"width":650,"height":370,"url":"https:\/\/aconteceunovale.com.br\/portal\/wp-content\/uploads\/2023\/02\/interdicao_2592.png","type":"image\/png"}],"author":"Reda\u00e7\u00e3o Aconteceu no Vale","twitter_card":"summary_large_image","twitter_creator":"@noticiadosvales","twitter_site":"@noticiadosvales","twitter_misc":{"Escrito por":"Reda\u00e7\u00e3o Aconteceu no Vale","Est. tempo de leitura":"1 minuto"},"schema":{"@context":"https:\/\/schema.org","@graph":[{"@type":"Article","@id":"https:\/\/aconteceunovale.com.br\/portal\/?p=193210#article","isPartOf":{"@id":"https:\/\/aconteceunovale.com.br\/portal\/?p=193210"},"author":{"name":"Reda\u00e7\u00e3o Aconteceu no Vale","@id":"https:\/\/aconteceunovale.com.br\/portal\/#\/schema\/person\/7d2f26d1483f8a63de73da1ee0754d35"},"headline":"Trecho da MGC-259 ser\u00e1 interditado para obras","datePublished":"2023-02-06T22:22:08+00:00","dateModified":"2023-02-06T22:23:11+00:00","mainEntityOfPage":{"@id":"https:\/\/aconteceunovale.com.br\/portal\/?p=193210"},"wordCount":295,"commentCount":0,"image":{"@id":"https:\/\/aconteceunovale.com.br\/portal\/?p=193210#primaryimage"},"thumbnailUrl":"https:\/\/aconteceunovale.com.br\/portal\/wp-content\/uploads\/2023\/02\/interdicao_2592.png","keywords":["BR-259","DER-MG","destaque","Governador Valadares","Guanh\u00e3es","Interdi\u00e7\u00e3o da BR-259","Interdi\u00e7\u00e3o da MGC-259","Ipatinga","MGC-259","Santo Ant\u00f4nio do Porto","Trecho da MGC-259 ser\u00e1 interditado para obras","Virgin\u00f3polis"],"articleSection":["Leste de Minas"],"inLanguage":"pt-BR","potentialAction":[{"@type":"CommentAction","name":"Comment","target":["https:\/\/aconteceunovale.com.br\/portal\/?p=193210#respond"]}]},{"@type":"WebPage","@id":"https:\/\/aconteceunovale.com.br\/portal\/?p=193210","url":"https:\/\/aconteceunovale.com.br\/portal\/?p=193210","name":"Trecho da MGC-259 ser\u00e1 interditado para obras - Aconteceu no Vale","isPartOf":{"@id":"https:\/\/aconteceunovale.com.br\/portal\/#website"},"primaryImageOfPage":{"@id":"https:\/\/aconteceunovale.com.br\/portal\/?p=193210#primaryimage"},"image":{"@id":"https:\/\/aconteceunovale.com.br\/portal\/?p=193210#primaryimage"},"thumbnailUrl":"https:\/\/aconteceunovale.com.br\/portal\/wp-content\/uploads\/2023\/02\/interdicao_2592.png","datePublished":"2023-02-06T22:22:08+00:00","dateModified":"2023-02-06T22:23:11+00:00","author":{"@id":"https:\/\/aconteceunovale.com.br\/portal\/#\/schema\/person\/7d2f26d1483f8a63de73da1ee0754d35"},"breadcrumb":{"@id":"https:\/\/aconteceunovale.com.br\/portal\/?p=193210#breadcrumb"},"inLanguage":"pt-BR","potentialAction":[{"@type":"ReadAction","target":["https:\/\/aconteceunovale.com.br\/portal\/?p=193210"]}]},{"@type":"ImageObject","inLanguage":"pt-BR","@id":"https:\/\/aconteceunovale.com.br\/portal\/?p=193210#primaryimage","url":"https:\/\/aconteceunovale.com.br\/portal\/wp-content\/uploads\/2023\/02\/interdicao_2592.png","contentUrl":"https:\/\/aconteceunovale.com.br\/portal\/wp-content\/uploads\/2023\/02\/interdicao_2592.png","width":650,"height":370},{"@type":"BreadcrumbList","@id":"https:\/\/aconteceunovale.com.br\/portal\/?p=193210#breadcrumb","itemListElement":[{"@type":"ListItem","position":1,"name":"In\u00edcio","item":"https:\/\/aconteceunovale.com.br\/portal\/"},{"@type":"ListItem","position":2,"name":"Trecho da MGC-259 ser\u00e1 interditado para obras"}]},{"@type":"WebSite","@id":"https:\/\/aconteceunovale.com.br\/portal\/#website","url":"https:\/\/aconteceunovale.com.br\/portal\/","name":"Aconteceu no Vale","description":"Portal de Not\u00edcias","potentialAction":[{"@type":"SearchAction","target":{"@type":"EntryPoint","urlTemplate":"https:\/\/aconteceunovale.com.br\/portal\/?s={search_term_string}"},"query-input":{"@type":"PropertyValueSpecification","valueRequired":true,"valueName":"search_term_string"}}],"inLanguage":"pt-BR"},{"@type":"Person","@id":"https:\/\/aconteceunovale.com.br\/portal\/#\/schema\/person\/7d2f26d1483f8a63de73da1ee0754d35","name":"Reda\u00e7\u00e3o Aconteceu no Vale","description":"Equipe de reportagem do Aconteceu no Vale, portal de not\u00edcias do Vale do Jequitinhonha, em Minas Gerais. Cobrimos as 51 cidades do Vale desde 2013. Sugest\u00f5es de pauta e pedidos de corre\u00e7\u00e3o: contato@aconteceunovale.com.br","url":"https:\/\/aconteceunovale.com.br\/portal\/?author=4"}]}},"_links":{"self":[{"href":"https:\/\/aconteceunovale.com.br\/portal\/index.php?rest_route=\/wp\/v2\/posts\/193210","targetHints":{"allow":["GET"]}}],"collection":[{"href":"https:\/\/aconteceunovale.com.br\/portal\/index.php?rest_route=\/wp\/v2\/posts"}],"about":[{"href":"https:\/\/aconteceunovale.com.br\/portal\/index.php?rest_route=\/wp\/v2\/types\/post"}],"author":[{"embeddable":true,"href":"https:\/\/aconteceunovale.com.br\/portal\/index.php?rest_route=\/wp\/v2\/users\/4"}],"replies":[{"embeddable":true,"href":"https:\/\/aconteceunovale.com.br\/portal\/index.php?rest_route=%2Fwp%2Fv2%2Fcomments&post=193210"}],"version-history":[{"count":1,"href":"https:\/\/aconteceunovale.com.br\/portal\/index.php?rest_route=\/wp\/v2\/posts\/193210\/revisions"}],"predecessor-version":[{"id":193213,"href":"https:\/\/aconteceunovale.com.br\/portal\/index.php?rest_route=\/wp\/v2\/posts\/193210\/revisions\/193213"}],"wp:featuredmedia":[{"embeddable":true,"href":"https:\/\/aconteceunovale.com.br\/portal\/index.php?rest_route=\/wp\/v2\/media\/193212"}],"wp:attachment":[{"href":"https:\/\/aconteceunovale.com.br\/portal\/index.php?rest_route=%2Fwp%2Fv2%2Fmedia&parent=193210"}],"wp:term":[{"taxonomy":"category","embeddable":true,"href":"https:\/\/aconteceunovale.com.br\/portal\/index.php?rest_route=%2Fwp%2Fv2%2Fcategories&post=193210"},{"taxonomy":"post_tag","embeddable":true,"href":"https:\/\/aconteceunovale.com.br\/portal\/index.php?rest_route=%2Fwp%2Fv2%2Ftags&post=193210"}],"curies":[{"name":"wp","href":"https:\/\/api.w.org\/{rel}","templated":true}]}}