{"id":193202,"date":"2023-02-06T15:28:23","date_gmt":"2023-02-06T18:28:23","guid":{"rendered":"https:\/\/aconteceunovale.com.br\/portal\/?p=193202"},"modified":"2023-02-06T15:29:34","modified_gmt":"2023-02-06T18:29:34","slug":"consumidores-que-ingeriram-refrigerante-contaminado-serao-indenizados-decide-justica-de-minas-gerais","status":"publish","type":"post","link":"https:\/\/aconteceunovale.com.br\/portal\/?p=193202","title":{"rendered":"Consumidores que ingeriram refrigerante contaminado ser\u00e3o indenizados, decide Justi\u00e7a de Minas Gerais"},"content":{"rendered":"\n<p class=\"wp-block-paragraph\">Uma fabricante de refrigerante foi condenada&nbsp;a indenizar dois consumidores num total de&nbsp;R$ 8 mil por danos morais, pelo fato de eles terem ingerido um produto contaminado com hidr\u00f3xido de s\u00f3dio (soda c\u00e1ustica). A decis\u00e3o \u00e9 da 12\u00aa C\u00e2mara C\u00edvel do Tribunal de Justi\u00e7a de Minas Gerais, em conformidade com a senten\u00e7a da Comarca de Divin\u00f3polis.&nbsp;<\/p>\n\n\n\n<p class=\"wp-block-paragraph\">De acordo com o processo, um casal entrou em uma padaria de Divin\u00f3polis para lanchar e adquiriu um refrigerante de 200 ml. A mulher tomou o l\u00edquido primeiro e sentiu queima\u00e7\u00e3o e falta de ar.&nbsp;O namorado dela tamb\u00e9m provou da bebida, em menor quantidade, e sentiu queima\u00e7\u00e3o. A Pol\u00edcia Militar foi acionada e apreendeu a garrafa com o l\u00edquido.<\/p>\n\n\n\n<p class=\"wp-block-paragraph\">A mulher foi levada para o Pronto Socorro Regional de Divin\u00f3polis com queixas de dor na boca e na garganta, n\u00e1useas e mal estar. Ela permaneceu internada durante algumas horas e depois recebeu alta.&nbsp;<\/p>\n\n\n\n<p class=\"wp-block-paragraph\">Um laudo elaborado pelo Instituto de Criminal\u00edstica da Pol\u00edcia Civil do Estado de Minas Gerais constatou a presen\u00e7a de soda c\u00e1ustica no l\u00edquido enviado para exame. Segundo o relator, desembargador Jos\u00e9 Augusto Louren\u00e7o dos Santos, ficou \u201ccomprovado nos autos que o produto fabricado pela apelante foi colocado no mercado de consumo sem qualidade de seguran\u00e7a \u00e0 sa\u00fade, pois continha subst\u00e2ncia com potencialidade corrosiva de tecidos humanos\u201d.<\/p>\n\n\n\n<p class=\"wp-block-paragraph\">A empresa foi condenada a indenizar em R$ 5 mil a mulher e em R$ 3 mil o homem por danos morais. Os\u00a0desembargadores Joemilson Lopes, Saldanha da Fonseca, Domingos Coelho e Jos\u00e9 Fl\u00e1vio de Almeida votaram de acordo com o relator.<\/p>\n\n\n\n<p class=\"wp-block-paragraph\">&#8212;&#8212;&#8212;&#8212;&#8212;&#8212;<br><br><strong>Sabia que o Aconteceu no Vale est\u00e1 tamb\u00e9m no Telegram? <a rel=\"noreferrer noopener\" href=\"https:\/\/t.me\/aconteceunovaleoficial\" target=\"_blank\">Inscreva-se no canal<\/a>.<\/strong><br><br><strong>J\u00e1 curtiu ou seguiu nossas p\u00e1ginas nas redes sociais?\u00a0Receba as not\u00edcias em primeira m\u00e3o:<\/strong><br>\u2022 <a rel=\"noreferrer noopener\" href=\"https:\/\/news.google.com\/publications\/CAAqBwgKMNjklQswi4etAw?hl=pt-BR&amp;gl=BR&amp;ceid=BR%3Apt-419\" target=\"_blank\">Google News<\/a><br>\u2022 <a rel=\"noreferrer noopener\" href=\"https:\/\/www.facebook.com\/aconteceunovale\/\" target=\"_blank\">Facebook<\/a><br>\u2022 <a rel=\"noreferrer noopener\" href=\"https:\/\/twitter.com\/noticiadosvales\" target=\"_blank\">Twitter<\/a><br>\u2022 <a rel=\"noreferrer noopener\" href=\"https:\/\/www.instagram.com\/aconteceunovale\" target=\"_blank\">Instagram<\/a><br>\u2022 <a rel=\"noreferrer noopener\" href=\"https:\/\/www.youtube.com\/AconteceunoValeOficial\" target=\"_blank\">Youtube<\/a><br>\u2022 <a rel=\"noreferrer noopener\" href=\"https:\/\/www.tiktok.com\/@aconteceunovale\" target=\"_blank\">TikTok<\/a><\/p>\n","protected":false},"excerpt":{"rendered":"<p>Uma fabricante de refrigerante foi condenada&nbsp;a indenizar dois consumidores num total de&nbsp;R$ 8 mil por danos morais, pelo fato de eles terem ingerido um produto contaminado com hidr\u00f3xido de s\u00f3dio (soda c\u00e1ustica). A decis\u00e3o \u00e9 da 12\u00aa C\u00e2mara C\u00edvel do Tribunal de Justi\u00e7a de Minas Gerais, em conformidade com a senten\u00e7a da Comarca de Divin\u00f3polis.&nbsp; [&hellip;]<\/p>\n","protected":false},"author":4,"featured_media":193203,"comment_status":"open","ping_status":"closed","sticky":false,"template":"","format":"standard","meta":{"amp_status":"","footnotes":""},"categories":[123],"tags":[267230,1018,199,267232,140692,267231,267233,270,231497],"class_list":["post-193202","post","type-post","status-publish","format-standard","has-post-thumbnail","hentry","category-gerais","tag-consumidores-que-ingeriram-refrigerante-contaminado-serao-indenizados","tag-destaque","tag-divinopolis","tag-indenizacao-por-bebida-contaminada","tag-justica-de-minas-gerais","tag-processo-por-bebida-contaminada","tag-refrigerante-contaminado-com-soda-caustica","tag-tjmg","tag-tribunal-justica-de-minas-gerais"],"yoast_head":"<!-- This site is optimized with the Yoast SEO plugin v28.3 - https:\/\/yoast.com\/product\/yoast-seo-wordpress\/ -->\n<title>Consumidores que ingeriram refrigerante contaminado ser\u00e3o indenizados, decide Justi\u00e7a de Minas Gerais - Aconteceu no Vale<\/title>\n<meta name=\"robots\" content=\"index, follow, max-snippet:-1, max-image-preview:large, max-video-preview:-1\" \/>\n<link rel=\"canonical\" href=\"https:\/\/aconteceunovale.com.br\/portal\/?p=193202\" \/>\n<meta property=\"og:locale\" content=\"pt_BR\" \/>\n<meta property=\"og:type\" content=\"article\" \/>\n<meta property=\"og:title\" content=\"Consumidores que ingeriram refrigerante contaminado ser\u00e3o indenizados, decide Justi\u00e7a de Minas Gerais - Aconteceu no Vale\" \/>\n<meta property=\"og:description\" content=\"Uma fabricante de refrigerante foi condenada&nbsp;a indenizar dois consumidores num total de&nbsp;R$ 8 mil por danos morais, pelo fato de eles terem ingerido um produto contaminado com hidr\u00f3xido de s\u00f3dio (soda c\u00e1ustica). A decis\u00e3o \u00e9 da 12\u00aa C\u00e2mara C\u00edvel do Tribunal de Justi\u00e7a de Minas Gerais, em conformidade com a senten\u00e7a da Comarca de Divin\u00f3polis.&nbsp; [&hellip;]\" \/>\n<meta property=\"og:url\" content=\"https:\/\/aconteceunovale.com.br\/portal\/?p=193202\" \/>\n<meta property=\"og:site_name\" content=\"Aconteceu no Vale\" \/>\n<meta property=\"article:publisher\" content=\"https:\/\/www.facebook.com\/aconteceunovale\/\" \/>\n<meta property=\"article:published_time\" content=\"2023-02-06T18:28:23+00:00\" \/>\n<meta property=\"article:modified_time\" content=\"2023-02-06T18:29:34+00:00\" \/>\n<meta property=\"og:image\" content=\"https:\/\/aconteceunovale.com.br\/portal\/wp-content\/uploads\/2023\/02\/refrigerante_contaminado.jpg\" \/>\n\t<meta property=\"og:image:width\" content=\"675\" \/>\n\t<meta property=\"og:image:height\" content=\"450\" \/>\n\t<meta property=\"og:image:type\" content=\"image\/jpeg\" \/>\n<meta name=\"author\" content=\"Reda\u00e7\u00e3o Aconteceu no Vale\" \/>\n<meta name=\"twitter:card\" content=\"summary_large_image\" \/>\n<meta name=\"twitter:creator\" content=\"@noticiadosvales\" \/>\n<meta name=\"twitter:site\" content=\"@noticiadosvales\" \/>\n<meta name=\"twitter:label1\" content=\"Escrito por\" \/>\n\t<meta name=\"twitter:data1\" content=\"Reda\u00e7\u00e3o Aconteceu no Vale\" \/>\n\t<meta name=\"twitter:label2\" content=\"Est. tempo de leitura\" \/>\n\t<meta name=\"twitter:data2\" content=\"2 minutos\" \/>\n<script type=\"application\/ld+json\" class=\"yoast-schema-graph\">{\"@context\":\"https:\\\/\\\/schema.org\",\"@graph\":[{\"@type\":\"Article\",\"@id\":\"https:\\\/\\\/aconteceunovale.com.br\\\/portal\\\/?p=193202#article\",\"isPartOf\":{\"@id\":\"https:\\\/\\\/aconteceunovale.com.br\\\/portal\\\/?p=193202\"},\"author\":{\"name\":\"Reda\u00e7\u00e3o Aconteceu no Vale\",\"@id\":\"https:\\\/\\\/aconteceunovale.com.br\\\/portal\\\/#\\\/schema\\\/person\\\/7d2f26d1483f8a63de73da1ee0754d35\"},\"headline\":\"Consumidores que ingeriram refrigerante contaminado ser\u00e3o indenizados, decide Justi\u00e7a de Minas Gerais\",\"datePublished\":\"2023-02-06T18:28:23+00:00\",\"dateModified\":\"2023-02-06T18:29:34+00:00\",\"mainEntityOfPage\":{\"@id\":\"https:\\\/\\\/aconteceunovale.com.br\\\/portal\\\/?p=193202\"},\"wordCount\":339,\"commentCount\":0,\"image\":{\"@id\":\"https:\\\/\\\/aconteceunovale.com.br\\\/portal\\\/?p=193202#primaryimage\"},\"thumbnailUrl\":\"https:\\\/\\\/aconteceunovale.com.br\\\/portal\\\/wp-content\\\/uploads\\\/2023\\\/02\\\/refrigerante_contaminado.jpg\",\"keywords\":[\"Consumidores que ingeriram refrigerante contaminado ser\u00e3o indenizados\",\"destaque\",\"Divin\u00f3polis\",\"Indeniza\u00e7\u00e3o por bebida contaminada\",\"Justi\u00e7a de Minas Gerais\",\"Processo por bebida contaminada\",\"Refrigerante contaminado com soda c\u00e1ustica\",\"TJMG\",\"Tribunal Justi\u00e7a de Minas Gerais\"],\"articleSection\":[\"Minas Gerais\"],\"inLanguage\":\"pt-BR\",\"potentialAction\":[{\"@type\":\"CommentAction\",\"name\":\"Comment\",\"target\":[\"https:\\\/\\\/aconteceunovale.com.br\\\/portal\\\/?p=193202#respond\"]}]},{\"@type\":\"WebPage\",\"@id\":\"https:\\\/\\\/aconteceunovale.com.br\\\/portal\\\/?p=193202\",\"url\":\"https:\\\/\\\/aconteceunovale.com.br\\\/portal\\\/?p=193202\",\"name\":\"Consumidores que ingeriram refrigerante contaminado ser\u00e3o indenizados, decide Justi\u00e7a de Minas Gerais - Aconteceu no Vale\",\"isPartOf\":{\"@id\":\"https:\\\/\\\/aconteceunovale.com.br\\\/portal\\\/#website\"},\"primaryImageOfPage\":{\"@id\":\"https:\\\/\\\/aconteceunovale.com.br\\\/portal\\\/?p=193202#primaryimage\"},\"image\":{\"@id\":\"https:\\\/\\\/aconteceunovale.com.br\\\/portal\\\/?p=193202#primaryimage\"},\"thumbnailUrl\":\"https:\\\/\\\/aconteceunovale.com.br\\\/portal\\\/wp-content\\\/uploads\\\/2023\\\/02\\\/refrigerante_contaminado.jpg\",\"datePublished\":\"2023-02-06T18:28:23+00:00\",\"dateModified\":\"2023-02-06T18:29:34+00:00\",\"author\":{\"@id\":\"https:\\\/\\\/aconteceunovale.com.br\\\/portal\\\/#\\\/schema\\\/person\\\/7d2f26d1483f8a63de73da1ee0754d35\"},\"breadcrumb\":{\"@id\":\"https:\\\/\\\/aconteceunovale.com.br\\\/portal\\\/?p=193202#breadcrumb\"},\"inLanguage\":\"pt-BR\",\"potentialAction\":[{\"@type\":\"ReadAction\",\"target\":[\"https:\\\/\\\/aconteceunovale.com.br\\\/portal\\\/?p=193202\"]}]},{\"@type\":\"ImageObject\",\"inLanguage\":\"pt-BR\",\"@id\":\"https:\\\/\\\/aconteceunovale.com.br\\\/portal\\\/?p=193202#primaryimage\",\"url\":\"https:\\\/\\\/aconteceunovale.com.br\\\/portal\\\/wp-content\\\/uploads\\\/2023\\\/02\\\/refrigerante_contaminado.jpg\",\"contentUrl\":\"https:\\\/\\\/aconteceunovale.com.br\\\/portal\\\/wp-content\\\/uploads\\\/2023\\\/02\\\/refrigerante_contaminado.jpg\",\"width\":675,\"height\":450},{\"@type\":\"BreadcrumbList\",\"@id\":\"https:\\\/\\\/aconteceunovale.com.br\\\/portal\\\/?p=193202#breadcrumb\",\"itemListElement\":[{\"@type\":\"ListItem\",\"position\":1,\"name\":\"In\u00edcio\",\"item\":\"https:\\\/\\\/aconteceunovale.com.br\\\/portal\\\/\"},{\"@type\":\"ListItem\",\"position\":2,\"name\":\"Consumidores que ingeriram refrigerante contaminado ser\u00e3o indenizados, decide Justi\u00e7a de Minas Gerais\"}]},{\"@type\":\"WebSite\",\"@id\":\"https:\\\/\\\/aconteceunovale.com.br\\\/portal\\\/#website\",\"url\":\"https:\\\/\\\/aconteceunovale.com.br\\\/portal\\\/\",\"name\":\"Aconteceu no Vale\",\"description\":\"Portal de Not\u00edcias\",\"potentialAction\":[{\"@type\":\"SearchAction\",\"target\":{\"@type\":\"EntryPoint\",\"urlTemplate\":\"https:\\\/\\\/aconteceunovale.com.br\\\/portal\\\/?s={search_term_string}\"},\"query-input\":{\"@type\":\"PropertyValueSpecification\",\"valueRequired\":true,\"valueName\":\"search_term_string\"}}],\"inLanguage\":\"pt-BR\"},{\"@type\":\"Person\",\"@id\":\"https:\\\/\\\/aconteceunovale.com.br\\\/portal\\\/#\\\/schema\\\/person\\\/7d2f26d1483f8a63de73da1ee0754d35\",\"name\":\"Reda\u00e7\u00e3o Aconteceu no Vale\",\"description\":\"Equipe de reportagem do Aconteceu no Vale, portal de not\u00edcias do Vale do Jequitinhonha, em Minas Gerais. Cobrimos as 51 cidades do Vale desde 2013. Sugest\u00f5es de pauta e pedidos de corre\u00e7\u00e3o: contato@aconteceunovale.com.br\",\"url\":\"https:\\\/\\\/aconteceunovale.com.br\\\/portal\\\/?author=4\"}]}<\/script>\n<!-- \/ Yoast SEO plugin. -->","yoast_head_json":{"title":"Consumidores que ingeriram refrigerante contaminado ser\u00e3o indenizados, decide Justi\u00e7a de Minas Gerais - Aconteceu no Vale","robots":{"index":"index","follow":"follow","max-snippet":"max-snippet:-1","max-image-preview":"max-image-preview:large","max-video-preview":"max-video-preview:-1"},"canonical":"https:\/\/aconteceunovale.com.br\/portal\/?p=193202","og_locale":"pt_BR","og_type":"article","og_title":"Consumidores que ingeriram refrigerante contaminado ser\u00e3o indenizados, decide Justi\u00e7a de Minas Gerais - Aconteceu no Vale","og_description":"Uma fabricante de refrigerante foi condenada&nbsp;a indenizar dois consumidores num total de&nbsp;R$ 8 mil por danos morais, pelo fato de eles terem ingerido um produto contaminado com hidr\u00f3xido de s\u00f3dio (soda c\u00e1ustica). A decis\u00e3o \u00e9 da 12\u00aa C\u00e2mara C\u00edvel do Tribunal de Justi\u00e7a de Minas Gerais, em conformidade com a senten\u00e7a da Comarca de Divin\u00f3polis.&nbsp; [&hellip;]","og_url":"https:\/\/aconteceunovale.com.br\/portal\/?p=193202","og_site_name":"Aconteceu no Vale","article_publisher":"https:\/\/www.facebook.com\/aconteceunovale\/","article_published_time":"2023-02-06T18:28:23+00:00","article_modified_time":"2023-02-06T18:29:34+00:00","og_image":[{"width":675,"height":450,"url":"https:\/\/aconteceunovale.com.br\/portal\/wp-content\/uploads\/2023\/02\/refrigerante_contaminado.jpg","type":"image\/jpeg"}],"author":"Reda\u00e7\u00e3o Aconteceu no Vale","twitter_card":"summary_large_image","twitter_creator":"@noticiadosvales","twitter_site":"@noticiadosvales","twitter_misc":{"Escrito por":"Reda\u00e7\u00e3o Aconteceu no Vale","Est. tempo de leitura":"2 minutos"},"schema":{"@context":"https:\/\/schema.org","@graph":[{"@type":"Article","@id":"https:\/\/aconteceunovale.com.br\/portal\/?p=193202#article","isPartOf":{"@id":"https:\/\/aconteceunovale.com.br\/portal\/?p=193202"},"author":{"name":"Reda\u00e7\u00e3o Aconteceu no Vale","@id":"https:\/\/aconteceunovale.com.br\/portal\/#\/schema\/person\/7d2f26d1483f8a63de73da1ee0754d35"},"headline":"Consumidores que ingeriram refrigerante contaminado ser\u00e3o indenizados, decide Justi\u00e7a de Minas Gerais","datePublished":"2023-02-06T18:28:23+00:00","dateModified":"2023-02-06T18:29:34+00:00","mainEntityOfPage":{"@id":"https:\/\/aconteceunovale.com.br\/portal\/?p=193202"},"wordCount":339,"commentCount":0,"image":{"@id":"https:\/\/aconteceunovale.com.br\/portal\/?p=193202#primaryimage"},"thumbnailUrl":"https:\/\/aconteceunovale.com.br\/portal\/wp-content\/uploads\/2023\/02\/refrigerante_contaminado.jpg","keywords":["Consumidores que ingeriram refrigerante contaminado ser\u00e3o indenizados","destaque","Divin\u00f3polis","Indeniza\u00e7\u00e3o por bebida contaminada","Justi\u00e7a de Minas Gerais","Processo por bebida contaminada","Refrigerante contaminado com soda c\u00e1ustica","TJMG","Tribunal Justi\u00e7a de Minas Gerais"],"articleSection":["Minas Gerais"],"inLanguage":"pt-BR","potentialAction":[{"@type":"CommentAction","name":"Comment","target":["https:\/\/aconteceunovale.com.br\/portal\/?p=193202#respond"]}]},{"@type":"WebPage","@id":"https:\/\/aconteceunovale.com.br\/portal\/?p=193202","url":"https:\/\/aconteceunovale.com.br\/portal\/?p=193202","name":"Consumidores que ingeriram refrigerante contaminado ser\u00e3o indenizados, decide Justi\u00e7a de Minas Gerais - Aconteceu no Vale","isPartOf":{"@id":"https:\/\/aconteceunovale.com.br\/portal\/#website"},"primaryImageOfPage":{"@id":"https:\/\/aconteceunovale.com.br\/portal\/?p=193202#primaryimage"},"image":{"@id":"https:\/\/aconteceunovale.com.br\/portal\/?p=193202#primaryimage"},"thumbnailUrl":"https:\/\/aconteceunovale.com.br\/portal\/wp-content\/uploads\/2023\/02\/refrigerante_contaminado.jpg","datePublished":"2023-02-06T18:28:23+00:00","dateModified":"2023-02-06T18:29:34+00:00","author":{"@id":"https:\/\/aconteceunovale.com.br\/portal\/#\/schema\/person\/7d2f26d1483f8a63de73da1ee0754d35"},"breadcrumb":{"@id":"https:\/\/aconteceunovale.com.br\/portal\/?p=193202#breadcrumb"},"inLanguage":"pt-BR","potentialAction":[{"@type":"ReadAction","target":["https:\/\/aconteceunovale.com.br\/portal\/?p=193202"]}]},{"@type":"ImageObject","inLanguage":"pt-BR","@id":"https:\/\/aconteceunovale.com.br\/portal\/?p=193202#primaryimage","url":"https:\/\/aconteceunovale.com.br\/portal\/wp-content\/uploads\/2023\/02\/refrigerante_contaminado.jpg","contentUrl":"https:\/\/aconteceunovale.com.br\/portal\/wp-content\/uploads\/2023\/02\/refrigerante_contaminado.jpg","width":675,"height":450},{"@type":"BreadcrumbList","@id":"https:\/\/aconteceunovale.com.br\/portal\/?p=193202#breadcrumb","itemListElement":[{"@type":"ListItem","position":1,"name":"In\u00edcio","item":"https:\/\/aconteceunovale.com.br\/portal\/"},{"@type":"ListItem","position":2,"name":"Consumidores que ingeriram refrigerante contaminado ser\u00e3o indenizados, decide Justi\u00e7a de Minas Gerais"}]},{"@type":"WebSite","@id":"https:\/\/aconteceunovale.com.br\/portal\/#website","url":"https:\/\/aconteceunovale.com.br\/portal\/","name":"Aconteceu no Vale","description":"Portal de Not\u00edcias","potentialAction":[{"@type":"SearchAction","target":{"@type":"EntryPoint","urlTemplate":"https:\/\/aconteceunovale.com.br\/portal\/?s={search_term_string}"},"query-input":{"@type":"PropertyValueSpecification","valueRequired":true,"valueName":"search_term_string"}}],"inLanguage":"pt-BR"},{"@type":"Person","@id":"https:\/\/aconteceunovale.com.br\/portal\/#\/schema\/person\/7d2f26d1483f8a63de73da1ee0754d35","name":"Reda\u00e7\u00e3o Aconteceu no Vale","description":"Equipe de reportagem do Aconteceu no Vale, portal de not\u00edcias do Vale do Jequitinhonha, em Minas Gerais. Cobrimos as 51 cidades do Vale desde 2013. Sugest\u00f5es de pauta e pedidos de corre\u00e7\u00e3o: contato@aconteceunovale.com.br","url":"https:\/\/aconteceunovale.com.br\/portal\/?author=4"}]}},"_links":{"self":[{"href":"https:\/\/aconteceunovale.com.br\/portal\/index.php?rest_route=\/wp\/v2\/posts\/193202","targetHints":{"allow":["GET"]}}],"collection":[{"href":"https:\/\/aconteceunovale.com.br\/portal\/index.php?rest_route=\/wp\/v2\/posts"}],"about":[{"href":"https:\/\/aconteceunovale.com.br\/portal\/index.php?rest_route=\/wp\/v2\/types\/post"}],"author":[{"embeddable":true,"href":"https:\/\/aconteceunovale.com.br\/portal\/index.php?rest_route=\/wp\/v2\/users\/4"}],"replies":[{"embeddable":true,"href":"https:\/\/aconteceunovale.com.br\/portal\/index.php?rest_route=%2Fwp%2Fv2%2Fcomments&post=193202"}],"version-history":[{"count":1,"href":"https:\/\/aconteceunovale.com.br\/portal\/index.php?rest_route=\/wp\/v2\/posts\/193202\/revisions"}],"predecessor-version":[{"id":193204,"href":"https:\/\/aconteceunovale.com.br\/portal\/index.php?rest_route=\/wp\/v2\/posts\/193202\/revisions\/193204"}],"wp:featuredmedia":[{"embeddable":true,"href":"https:\/\/aconteceunovale.com.br\/portal\/index.php?rest_route=\/wp\/v2\/media\/193203"}],"wp:attachment":[{"href":"https:\/\/aconteceunovale.com.br\/portal\/index.php?rest_route=%2Fwp%2Fv2%2Fmedia&parent=193202"}],"wp:term":[{"taxonomy":"category","embeddable":true,"href":"https:\/\/aconteceunovale.com.br\/portal\/index.php?rest_route=%2Fwp%2Fv2%2Fcategories&post=193202"},{"taxonomy":"post_tag","embeddable":true,"href":"https:\/\/aconteceunovale.com.br\/portal\/index.php?rest_route=%2Fwp%2Fv2%2Ftags&post=193202"}],"curies":[{"name":"wp","href":"https:\/\/api.w.org\/{rel}","templated":true}]}}