{"id":19303,"date":"2014-01-24T13:14:27","date_gmt":"2014-01-24T15:14:27","guid":{"rendered":"http:\/\/aconteceunovale.com.br\/portal\/?p=19303"},"modified":"2014-01-24T13:18:20","modified_gmt":"2014-01-24T15:18:20","slug":"ifnmg-publica-edital-de-concursos-para-professor-e-area-administrativa","status":"publish","type":"post","link":"https:\/\/aconteceunovale.com.br\/portal\/?p=19303","title":{"rendered":"IFNMG publica edital de concursos para professor e t\u00e9cnico administrativo"},"content":{"rendered":"<p>O  Instituto Federal do Norte de Minas Gerais (IFNMG) publicou os editais do concurso p\u00fablico para os Cargos de Professor de Ensino B\u00e1sico, T\u00e9cnico e Tecnol\u00f3gico em Educa\u00e7\u00e3o e para os Cargos de T\u00e9cnico-Administrativso em Educa\u00e7\u00e3o.<\/p>\n<p>As inscri\u00e7\u00f5es para o cargo de Professor de Ensino B\u00e1sico, T\u00e9cnico e Tecnol\u00f3gico ser\u00e3o realizadas exclusivamente via internet, pelo endere\u00e7o eletr\u00f4nico <a href=\"http:\/\/www.gestaodeconcursos.com.br\" target=\"_blank\">http:\/\/www.gestaodeconcursos.com.br<\/a>, a partir das 00h do dia 29 de janeiro at\u00e9 as 23h59min do dia 21 de fevereiro de 2014, hor\u00e1rio oficial de Bras\u00edlia. Ap\u00f3s esse per\u00edodo o sistema n\u00e3o permitir\u00e1 mais inscri\u00e7\u00f5es.<\/p>\n<p>A taxa de inscri\u00e7\u00e3o \u00e9 de R$200,00 e deve ser paga por meio de GRU (Guia de Recolhimento da Uni\u00e3o), em qualquer ag\u00eancia do Banco do Brasil, impreterivelmente at\u00e9 o dia 22 de fevereiro de 2014.<\/p>\n<p>A isen\u00e7\u00e3o da taxa de inscri\u00e7\u00e3o pode ser solicitada, mediante requerimento do candidato, dispon\u00edvel no site gest\u00e3o de concursos exclusivamente nos dias 29, 30 e 31 de janeiro de 2014.<\/p>\n<p>A prova objetiva de m\u00faltipla escolha ser\u00e1 realizada no dia 23 de mar\u00e7o de 2014, nas cidades de Janu\u00e1ria, Montes Claros e Salinas.<\/p>\n<p><strong>T\u00e9cnico-Administrativo em Educa\u00e7\u00e3o<\/strong><\/p>\n<p>As inscri\u00e7\u00f5es para o cargo de T\u00e9cnico-Administrativo ser\u00e3o realizadas exclusivamente via internet, pelo endere\u00e7o eletr\u00f4nico <a href=\"http:\/\/www.gestaodeconcursos.com.br\" target=\"_blank\">http:\/\/www.gestaodeconcursos.com.br<\/a>, a partir das 00h do dia 29 de janeiro at\u00e9 as 23h59min do dia 21 de fevereiro de 2014, hor\u00e1rio oficial de Bras\u00edlia. Ap\u00f3s esse per\u00edodo o sistema n\u00e3o permitir\u00e1 mais inscri\u00e7\u00f5es.<\/p>\n<p>A taxa de inscri\u00e7\u00e3o para o cargo de t\u00e9cnico-administrativo dever\u00e1 ser paga, por interm\u00e9dio de GRU (Guia de Recolhimento da Uni\u00e3o), em qualquer ag\u00eancia banc\u00e1ria, impreterivelmente at\u00e9 o dia 24 de fevereiro de 2014. Os valores s\u00e3o os seguintes:<\/p>\n<p>R$ 50,00 para os cargos de N\u00edvel Intermedi\u00e1rio-C-I;<br \/>\nR$ 70,00 para os cargos de N\u00edvel Intermedi\u00e1rio-D-I;<br \/>\nR$ 100,00 para os cargos de N\u00edvel Superior E-I.<\/p>\n<p>A isen\u00e7\u00e3o da taxa de inscri\u00e7\u00e3o pode ser solicitada, mediante requerimento do candidato, pelo mesmo site eleletr\u00f4nico onde foi feito a inscri\u00e7\u00e3o, exclusivamente nos dias 29, 30 e 31 de janeiro de 2014.<\/p>\n<p>A prova objetiva de m\u00faltipla escolha, para todos os cargos\/\u00e1reas e localidades ser\u00e1 realizada no dia 30 de mar\u00e7o de 2014, nas cidades de Janu\u00e1ria, Montes Claros e Salinas.<\/p>\n<p><a href=\"http:\/\/www.ifnmg.edu.br\/component\/content\/article\/127-portal\/reitoria\/portal-noticias-2014\/index.php?option=com_content&#038;view=article&#038;id=5952:tecnico-administrativo-edital-n-11-14-ifnmg&#038;catid=16:concurso-tec-administrativo&#038;Itemid=142\" target=\"_blank\"><strong>PARA LER O EDITAL CLIQUE AQUI.<\/strong><\/a><\/p>\n<p><img decoding=\"async\" src=\"http:\/\/aconteceunovale.com.br\/portal\/wp-content\/uploads\/2013\/11\/concurso_publico_angelandia.jpg\" alt=\"\" \/><\/p>\n","protected":false},"excerpt":{"rendered":"<p>O Instituto Federal do Norte de Minas Gerais (IFNMG) publicou os editais do concurso p\u00fablico para os Cargos de Professor de Ensino B\u00e1sico, T\u00e9cnico e Tecnol\u00f3gico em Educa\u00e7\u00e3o e para os Cargos de T\u00e9cnico-Administrativso em Educa\u00e7\u00e3o. As inscri\u00e7\u00f5es para o cargo de Professor de Ensino B\u00e1sico, T\u00e9cnico e Tecnol\u00f3gico ser\u00e3o realizadas exclusivamente via internet, pelo [&hellip;]<\/p>\n","protected":false},"author":1,"featured_media":13951,"comment_status":"open","ping_status":"closed","sticky":false,"template":"","format":"standard","meta":{"amp_status":"","footnotes":""},"categories":[6],"tags":[700,3465,3464,3466,205,210,190],"class_list":["post-19303","post","type-post","status-publish","format-standard","has-post-thumbnail","hentry","category-br","tag-concurso-publico","tag-concurso-publico-ifnmg","tag-ifnmg-publica-edital-de-concursos-para-professor-e-area-administrativa","tag-ifnmg-publica-edital-de-concursos-para-professor-e-tecnico-administrativo","tag-januaria","tag-montes-claros","tag-salinas"],"_links":{"self":[{"href":"https:\/\/aconteceunovale.com.br\/portal\/index.php?rest_route=\/wp\/v2\/posts\/19303","targetHints":{"allow":["GET"]}}],"collection":[{"href":"https:\/\/aconteceunovale.com.br\/portal\/index.php?rest_route=\/wp\/v2\/posts"}],"about":[{"href":"https:\/\/aconteceunovale.com.br\/portal\/index.php?rest_route=\/wp\/v2\/types\/post"}],"author":[{"embeddable":true,"href":"https:\/\/aconteceunovale.com.br\/portal\/index.php?rest_route=\/wp\/v2\/users\/1"}],"replies":[{"embeddable":true,"href":"https:\/\/aconteceunovale.com.br\/portal\/index.php?rest_route=%2Fwp%2Fv2%2Fcomments&post=19303"}],"version-history":[{"count":0,"href":"https:\/\/aconteceunovale.com.br\/portal\/index.php?rest_route=\/wp\/v2\/posts\/19303\/revisions"}],"wp:featuredmedia":[{"embeddable":true,"href":"https:\/\/aconteceunovale.com.br\/portal\/index.php?rest_route=\/wp\/v2\/media\/13951"}],"wp:attachment":[{"href":"https:\/\/aconteceunovale.com.br\/portal\/index.php?rest_route=%2Fwp%2Fv2%2Fmedia&parent=19303"}],"wp:term":[{"taxonomy":"category","embeddable":true,"href":"https:\/\/aconteceunovale.com.br\/portal\/index.php?rest_route=%2Fwp%2Fv2%2Fcategories&post=19303"},{"taxonomy":"post_tag","embeddable":true,"href":"https:\/\/aconteceunovale.com.br\/portal\/index.php?rest_route=%2Fwp%2Fv2%2Ftags&post=19303"}],"curies":[{"name":"wp","href":"https:\/\/api.w.org\/{rel}","templated":true}]}}