{"id":19291,"date":"2014-01-24T12:49:46","date_gmt":"2014-01-24T14:49:46","guid":{"rendered":"http:\/\/aconteceunovale.com.br\/portal\/?p=19291"},"modified":"2014-01-24T12:49:46","modified_gmt":"2014-01-24T14:49:46","slug":"fundacao-clovis-salgado-leva-a-ipatinga-acervo-da-sua-colecao-de-artes-visuais","status":"publish","type":"post","link":"https:\/\/aconteceunovale.com.br\/portal\/?p=19291","title":{"rendered":"Funda\u00e7\u00e3o Cl\u00f3vis Salgado leva a Ipatinga acervo da sua cole\u00e7\u00e3o de Artes Visuais"},"content":{"rendered":"<p>Parte especial do acervo de Artes Visuais da Funda\u00e7\u00e3o Cl\u00f3vis Salgado (FCS) ficar\u00e1 em exposi\u00e7\u00e3o na galeria Hideo Kobayashi, do Instituto Cultural Usiminas, em Ipatinga. Das 227 pe\u00e7as da Cole\u00e7\u00e3o, cerca de 60 poder\u00e3o ser conferidas no Vale do A\u00e7o de 4 de fevereiro a 5 de maio. Entre pinturas, gravuras, esculturas, fotografias e instala\u00e7\u00f5es, a exposi\u00e7\u00e3o apresentar\u00e1 obras modernistas e contempor\u00e2neas, evidenciando as poss\u00edveis rela\u00e7\u00f5es entre as linguagens e o di\u00e1logo entre as diversas gera\u00e7\u00f5es que constituem o acervo.<\/p>\n<p><img decoding=\"async\" src=\"http:\/\/aconteceunovale.com.br\/portal\/wp-content\/uploads\/2014\/01\/um_olhar_sobre_a_colecao.jpg\" alt=\"\" \/><\/p>\n<p>Das obras selecionadas, destacam-se os trabalhos da artista pl\u00e1stica, ceramista e psicopedagoga Arlinda Corr\u00eaa Lima &#8211; uma das maiores incentivadoras da educa\u00e7\u00e3o art\u00edstica para crian\u00e7as em Minas, que tamb\u00e9m d\u00e1 nome a uma das galerias do Pal\u00e1cio das Artes; Roberto Burle Marx, Marisa Trancoso, F\u00e1tima Pena, Jorge dos Anjos, Marcone Moreira,  Andr\u00e9 Komatsu e Jonathas de Andrade, entre outros.<\/p>\n<p>Para a presidente da FCS, Fernanda Machado, a circula\u00e7\u00e3o do acervo da Funda\u00e7\u00e3o Cl\u00f3vis Salgado apresenta-se como uma grande oportunidade para dar visibilidade \u00e0 cole\u00e7\u00e3o formada ao longo da hist\u00f3ria da institui\u00e7\u00e3o. \u201cA partir dessa exposi\u00e7\u00e3o, \u00e9 poss\u00edvel conhecer diversos momentos da arte produzida em Minas Gerais e no Brasil, bem como as pesquisas de diferentes artistas desde os anos 1970 at\u00e9 a atualidade\u201d, afirma Fernanda Machado.<\/p>\n<p>A curadoria \u00e9 de Fab\u00edola Moulin, diretora de programa\u00e7\u00e3o da FCS, que prop\u00f4s um recorte com obras representativas de todas as gera\u00e7\u00f5es presentes no acervo, \u00e0 semelhan\u00e7a de uma linha do tempo, observando-se a import\u00e2ncia hist\u00f3rica das pe\u00e7as. \u201cOlhar para a cole\u00e7\u00e3o significa entender as escolhas e os processos que a constitu\u00edram\u201d, diz a curadora.<\/p>\n<p><strong>Acervo revitalizado<\/strong><\/p>\n<p>A Cole\u00e7\u00e3o de Artes Visuais da Funda\u00e7\u00e3o Cl\u00f3vis Salgado \u00e9 constitu\u00edda por obras que datam desde a d\u00e9cada de 40, incluindo importantes nomes como: Am\u00edlcar de Castro, Genesco Murta, F\u00e1tima Pena, Amadeo Lorenzato, Gilvan Samico, Ana Am\u00e9lia Diniz Camargos, Beatriz Milhazes, M\u00f4nica Sartori, Ricardo Homen, Mabe Beth\u00f4nico e Jorge dos Anjos entre outros.<\/p>\n<p>Em 2013, por meio do Pr\u00eamio CNI-SESI \u2018Marcantonio Vila\u00e7a para as Artes Pl\u00e1sticas\u2019, foi incorporada \u00e0 cole\u00e7\u00e3o importantes obras de artistas contempor\u00e2neos: Laura Bel\u00e9m, Andr\u00e9 Komatsu, Jonathas de Andrade, Marcone Moreira e Paulo Nenfl\u00eddio. Tais aquisi\u00e7\u00f5es marcam a revitaliza\u00e7\u00e3o do acervo e o desejo de conson\u00e2ncia da Cole\u00e7\u00e3o com a produ\u00e7\u00e3o art\u00edstica contempor\u00e2nea.<\/p>\n<p>No mesmo ano, para garantir as melhores condi\u00e7\u00f5es poss\u00edveis de armazenamento, a Cole\u00e7\u00e3o de Artes Visuais da FCS foi transferida para a Reserva T\u00e9cnica da Superintend\u00eancia de Museus e Artes Visuais, onde teve in\u00edcio processo de conserva\u00e7\u00e3o e restaura\u00e7\u00e3o das obras.<\/p>\n<p><strong>Servi\u00e7o: <\/strong>       <\/p>\n<p><strong>Evento:<\/strong> Um Olhar Sobre a Cole\u00e7\u00e3o \u2013 Exposi\u00e7\u00e3o de Obras do Acervo de Artes Visuais da Funda\u00e7\u00e3o Cl\u00f3vis Salgado<\/p>\n<p><strong>Local:<\/strong> Galeria Hideo Kobayashi do Instituto Cultural Usiminas &#8211; Av. Pedro Linhares Gomes, 3900 &#8211; Bairro Industrial &#8211; Ipatinga\/MG<\/p>\n<p><strong>Data:<\/strong> De 4 de fevereiro a  5 de maio de 2014<\/p>\n<p><strong>Hor\u00e1rio:<\/strong> 10h \u00e0s 21h<\/p>\n<p><strong>Pre\u00e7o:<\/strong> Acesso gratuito<\/p>\n","protected":false},"excerpt":{"rendered":"<p>Parte especial do acervo de Artes Visuais da Funda\u00e7\u00e3o Cl\u00f3vis Salgado (FCS) ficar\u00e1 em exposi\u00e7\u00e3o na galeria Hideo Kobayashi, do Instituto Cultural Usiminas, em Ipatinga. Das 227 pe\u00e7as da Cole\u00e7\u00e3o, cerca de 60 poder\u00e3o ser conferidas no Vale do A\u00e7o de 4 de fevereiro a 5 de maio. Entre pinturas, gravuras, esculturas, fotografias e instala\u00e7\u00f5es, [&hellip;]<\/p>\n","protected":false},"author":1,"featured_media":19292,"comment_status":"open","ping_status":"closed","sticky":false,"template":"","format":"standard","meta":{"amp_status":"","footnotes":""},"categories":[121],"tags":[3459,201],"class_list":["post-19291","post","type-post","status-publish","format-standard","has-post-thumbnail","hentry","category-leste","tag-fundacao-clovis-salgado-leva-a-ipatinga-acervo-da-sua-colecao-de-artes-visuais","tag-ipatinga"],"_links":{"self":[{"href":"https:\/\/aconteceunovale.com.br\/portal\/index.php?rest_route=\/wp\/v2\/posts\/19291","targetHints":{"allow":["GET"]}}],"collection":[{"href":"https:\/\/aconteceunovale.com.br\/portal\/index.php?rest_route=\/wp\/v2\/posts"}],"about":[{"href":"https:\/\/aconteceunovale.com.br\/portal\/index.php?rest_route=\/wp\/v2\/types\/post"}],"author":[{"embeddable":true,"href":"https:\/\/aconteceunovale.com.br\/portal\/index.php?rest_route=\/wp\/v2\/users\/1"}],"replies":[{"embeddable":true,"href":"https:\/\/aconteceunovale.com.br\/portal\/index.php?rest_route=%2Fwp%2Fv2%2Fcomments&post=19291"}],"version-history":[{"count":0,"href":"https:\/\/aconteceunovale.com.br\/portal\/index.php?rest_route=\/wp\/v2\/posts\/19291\/revisions"}],"wp:featuredmedia":[{"embeddable":true,"href":"https:\/\/aconteceunovale.com.br\/portal\/index.php?rest_route=\/wp\/v2\/media\/19292"}],"wp:attachment":[{"href":"https:\/\/aconteceunovale.com.br\/portal\/index.php?rest_route=%2Fwp%2Fv2%2Fmedia&parent=19291"}],"wp:term":[{"taxonomy":"category","embeddable":true,"href":"https:\/\/aconteceunovale.com.br\/portal\/index.php?rest_route=%2Fwp%2Fv2%2Fcategories&post=19291"},{"taxonomy":"post_tag","embeddable":true,"href":"https:\/\/aconteceunovale.com.br\/portal\/index.php?rest_route=%2Fwp%2Fv2%2Ftags&post=19291"}],"curies":[{"name":"wp","href":"https:\/\/api.w.org\/{rel}","templated":true}]}}