{"id":19266,"date":"2014-01-24T11:25:39","date_gmt":"2014-01-24T13:25:39","guid":{"rendered":"http:\/\/aconteceunovale.com.br\/portal\/?p=19266"},"modified":"2014-01-24T11:25:39","modified_gmt":"2014-01-24T13:25:39","slug":"pistoleiros-da-chacina-de-felisburgo-sao-condenados-a-102-anos-de-prisao","status":"publish","type":"post","link":"https:\/\/aconteceunovale.com.br\/portal\/?p=19266","title":{"rendered":"Pistoleiros da Chacina de Felisburgo s\u00e3o condenados a 102 anos de pris\u00e3o"},"content":{"rendered":"<p>Os dois acusados de matar cinco pessoas e incendiar o acampamento Terra Prometida, no Vale do Jequitinhonha, crime conhecido como &#8220;Chacina de Felisburgo&#8221;, foram condenados a 102 anos e seis meses de pris\u00e3o. O julgamento do crime, que ocorreu h\u00e1 nove anos, terminou na madrugada desta sexta-feira (24\/01). Conforme a Justi\u00e7a, Francisco de Assis Rodrigues de Oliveira e Milton Francisco de Souza responder\u00e3o por tentativa de homic\u00eddio, homic\u00eddio qualificado e inc\u00eandio. A pena dever\u00e1 ser cumprida em regime inicial fechado, mas ambos poder\u00e3o aguardar o recurso em liberdade.<\/p>\n<p><img decoding=\"async\" src=\"http:\/\/aconteceunovale.com.br\/portal\/wp-content\/uploads\/2014\/01\/pistoleiros_terra_prometida_102_anos.jpg\" alt=\"\" \/><br \/>\n<em><strong>Julgamento teve in\u00edcio na manh\u00e3 de quinta-feira (23) e s\u00f3 terminou na madrugada de sexta-feira (24) &#8211; (Foto: Ricardo Bastos)<\/strong><\/em><\/p>\n<p>Durante a sess\u00e3o, que teve in\u00edcio nessa quinta-feira (23\/01), \u00e0s 9h30, no 2\u00ba Tribunal do J\u00fari do F\u00f3rum Lafayette, Souza sesentiu mal quando ocorria a r\u00e9plica do Minist\u00e9rio P\u00fablico. Ele teve que ser levado para atendimento m\u00e9dico externo. Com a anu\u00eancia de seu advogado, a sess\u00e3o prosseguiu.<\/p>\n<p><strong>JULGAMENTO<\/strong><\/p>\n<p>No in\u00edcio, tr\u00eas testemunhas de defesa foram ouvidas. Uma delas foi o dono de um bar, que disse que um dos acusados amanheceu l\u00e1 e saiu exatamente \u00e0s 10h50. Outra testemunha falou que conhecia duas das v\u00edtimas mortas na chacina e uma delas chegou a morar na fazenda de seu pai.<\/p>\n<p>Oliveira foi o primeiro acusado ouvido em plen\u00e1rio. Ele disse que nunca matou ningu\u00e9m e que estava em um bar no dia do crime. Acredita que foi incriminado por vingan\u00e7a, porque houve roubo e morte de gado na fazenda de Adriano Chafik e ele foi acusado de participar disso.<\/p>\n<p>Tamb\u00e9m Souza acredita que a sua acusa\u00e7\u00e3o se deve a uma persegui\u00e7\u00e3o, pois ele chegou a participar do roubo do gado na fazenda de Chafik, mas se arrependeu depois. Os dois acusados declararam que foram submetidos a exame de res\u00edduo de p\u00f3lvora e nada foi constatado.<\/p>\n<p>Ap\u00f3s o intervalo para o almo\u00e7o, \u00e0s 14 horas, o julgamento foi retomado com os debates.<\/p>\n<p>O promotor Christiano Leonardo explicou que, para a lei, n\u00e3o importa quem atirou. O que importa \u00e9 ter contribu\u00eddo para o crime. Ele apontou v\u00e1rios depoimentos confirmando a presen\u00e7a dos r\u00e9us entre os indiv\u00edduos que invadiram o acampamento, participaram do inc\u00eandio e do tiroteio, \u201ccom muita covardia e com muitas armas\u201d.<\/p>\n<p>O promotor disse n\u00e3o haver no processo nenhum exame de res\u00edduo de p\u00f3lvora, e mesmo que houvesse, \u00e9 um exame falho. Ressaltou que os r\u00e9us s\u00e3o pessoas humildes, mas n\u00e3o tiveram compaix\u00e3o na hora da execu\u00e7\u00e3o.<\/p>\n<p>O advogado de defesa Heleno Vieira, disse que pegou o processo j\u00e1 na fase de julgamento e n\u00e3o p\u00f4de, por isso, pedir mais provas que considerava importantes. Disse que o MP apontou depoimentos de testemunhas que afirmaram ter visto os dois r\u00e9us entre os indiv\u00edduos que cometeram os crimes, mas h\u00e1 tamb\u00e9m muitas testemunhas &#8211; uma grande maioria, segundo ele &#8211; que n\u00e3o os viram no local.<\/p>\n<p>Para o advogado, houve manobra para encontrar culpados, porque o fato teve repercuss\u00e3o nacional. Relatou que s\u00e3o 15 denunciados e que 10 est\u00e3o foragidos. Os seus dois clientes n\u00e3o fugiram, porque n\u00e3o s\u00e3o culpados. Eles permaneceram em Felisburgo e l\u00e1 foram presos.<\/p>\n<p>O advogado acha que a sociedade de Felisburgo deve cobrar pelo julgamento dos outros 10, que segundo ele, est\u00e3o foragidos e devem ser encontrados para que a justi\u00e7a seja feita. Os seus clientes s\u00e3o inocentes e n\u00e3o deveriam ser condenados injustamente.<\/p>\n<p><strong>RELEMBRE O CASO<\/strong><\/p>\n<p>De acordo com a den\u00fancia, um grupo de indiv\u00edduos, dentre eles os acusados, invadiram o acampamento e atiraram em homens, mulheres e crian\u00e7as, atingindo fatalmente cinco pessoas, em novembro de 2004. Outras 12 pessoas ficaram feridas na a\u00e7\u00e3o, que ainda incluiu o inc\u00eandio de 27 casas e da escola do acampamento. Admilson Rodrigues Lima um dos cinco acusados que tiveram o julgamento transferido para Belo Horizonte, faleceu.<\/p>\n<p>Chafik acusado de ser o mandante do crime, e Washington Agostinho foram os primeiros condenados nesse caso, no julgamento ocorrido em 10 de outubro de 2013, quando os processos foram desmembrados.<\/p>\n<p>Naquela ocasi\u00e3o, o juiz Glauco Fernandes fixou a pena de Chafik em 115 anos de pris\u00e3o e a de Agostinho em 97 anos e 6 meses de pris\u00e3o, pelos crimes de homic\u00eddio qualificado, les\u00e3o corporal, inc\u00eandio e forma\u00e7\u00e3o de quadrilha. Eles foram absolvidos em rela\u00e7\u00e3o \u00e0 tentativa de homic\u00eddio contra cinco das v\u00edtimas.<\/p>\n<p>Na ocasi\u00e3o, o magistrado concedeu \u00e0queles acusados o direito de recorrer em liberdade, considerando que eles estavam beneficiados por liminar do STJ.<\/p>\n<p><em><strong>(Fonte: Jornal Hoje em Dia)<\/strong><\/em><\/p>\n","protected":false},"excerpt":{"rendered":"<p>Os dois acusados de matar cinco pessoas e incendiar o acampamento Terra Prometida, no Vale do Jequitinhonha, crime conhecido como &#8220;Chacina de Felisburgo&#8221;, foram condenados a 102 anos e seis meses de pris\u00e3o. O julgamento do crime, que ocorreu h\u00e1 nove anos, terminou na madrugada desta sexta-feira (24\/01). Conforme a Justi\u00e7a, Francisco de Assis Rodrigues [&hellip;]<\/p>\n","protected":false},"author":1,"featured_media":19267,"comment_status":"open","ping_status":"closed","sticky":false,"template":"","format":"standard","meta":{"amp_status":"","footnotes":""},"categories":[120],"tags":[3452,3355,136,3356,3357,3451],"class_list":["post-19266","post","type-post","status-publish","format-standard","has-post-thumbnail","hentry","category-jequi","tag-acampamento-terra-prometida-em-felisburgo","tag-adriano-chafik-luedy","tag-felisburgo","tag-francisco-de-assis-rodrigues-de-oliveira","tag-milton-francisco-de-souza","tag-pistoleiros-da-chacina-de-felisburgo-sao-condenados-a-102-anos-de-prisao"],"_links":{"self":[{"href":"https:\/\/aconteceunovale.com.br\/portal\/index.php?rest_route=\/wp\/v2\/posts\/19266","targetHints":{"allow":["GET"]}}],"collection":[{"href":"https:\/\/aconteceunovale.com.br\/portal\/index.php?rest_route=\/wp\/v2\/posts"}],"about":[{"href":"https:\/\/aconteceunovale.com.br\/portal\/index.php?rest_route=\/wp\/v2\/types\/post"}],"author":[{"embeddable":true,"href":"https:\/\/aconteceunovale.com.br\/portal\/index.php?rest_route=\/wp\/v2\/users\/1"}],"replies":[{"embeddable":true,"href":"https:\/\/aconteceunovale.com.br\/portal\/index.php?rest_route=%2Fwp%2Fv2%2Fcomments&post=19266"}],"version-history":[{"count":0,"href":"https:\/\/aconteceunovale.com.br\/portal\/index.php?rest_route=\/wp\/v2\/posts\/19266\/revisions"}],"wp:featuredmedia":[{"embeddable":true,"href":"https:\/\/aconteceunovale.com.br\/portal\/index.php?rest_route=\/wp\/v2\/media\/19267"}],"wp:attachment":[{"href":"https:\/\/aconteceunovale.com.br\/portal\/index.php?rest_route=%2Fwp%2Fv2%2Fmedia&parent=19266"}],"wp:term":[{"taxonomy":"category","embeddable":true,"href":"https:\/\/aconteceunovale.com.br\/portal\/index.php?rest_route=%2Fwp%2Fv2%2Fcategories&post=19266"},{"taxonomy":"post_tag","embeddable":true,"href":"https:\/\/aconteceunovale.com.br\/portal\/index.php?rest_route=%2Fwp%2Fv2%2Ftags&post=19266"}],"curies":[{"name":"wp","href":"https:\/\/api.w.org\/{rel}","templated":true}]}}