{"id":192531,"date":"2022-11-17T21:59:02","date_gmt":"2022-11-18T00:59:02","guid":{"rendered":"https:\/\/aconteceunovale.com.br\/portal\/?p=192531"},"modified":"2022-11-20T10:58:47","modified_gmt":"2022-11-20T13:58:47","slug":"ufmg-seleciona-voluntarios-para-teste-de-nova-vacina-contra-a-covid-19","status":"publish","type":"post","link":"https:\/\/aconteceunovale.com.br\/portal\/?p=192531","title":{"rendered":"UFMG seleciona volunt\u00e1rios para teste de nova vacina contra a Covid-19"},"content":{"rendered":"\n<p class=\"wp-block-paragraph\">A Universidade Federal de Minas Gerais (UFMG) abriu um cadastro para quem deseja participar, como volunt\u00e1rio, das fases 1 e 2 dos testes cl\u00ednicos da sua vacina contra a covid-19. Um\u00a0<a rel=\"noreferrer noopener\" href=\"http:\/\/www.ctvacinas.ufmg.br\/index.php\/estudo-spin\/\" target=\"_blank\">formul\u00e1rio\u00a0<em>online<\/em><\/a>\u00a0foi disponibilizado hoje (17) aos interessados.<\/p>\n\n\n\n<p class=\"wp-block-paragraph\">A expectativa \u00e9 de que o imunizante esteja dispon\u00edvel para aplica\u00e7\u00e3o na popula\u00e7\u00e3o a partir de 2025. Ele est\u00e1 sendo desenvolvido no Centro de Tecnologia de Vacinas (CT-Vacinas), um centro de biotecnologia instalado no Parque Tecnol\u00f3gico de Belo Horizonte (BH-Tec) e resultado de uma parceria entre a UFMG e o Instituto Ren\u00e9 Rachou, unidade regional da Funda\u00e7\u00e3o Oswaldo Cruz (Fiocruz), institui\u00e7\u00e3o cient\u00edfica vinculada ao Minist\u00e9rio da Sa\u00fade.<\/p>\n\n\n\n<p class=\"wp-block-paragraph\">Os cadastros de volunt\u00e1rios passar\u00e3o por uma triagem que verificar\u00e1 os pr\u00e9-requisitos. Os candidatos para a fase 1 precisam ter idade entre 18 e 85 anos, ser saud\u00e1vel, n\u00e3o ter tido covid-19, ter recebido as duas doses iniciais da vacina CoronaVac e uma dose de refor\u00e7o da Pfizer h\u00e1 pelo menos nove meses.<\/p>\n\n\n\n<p class=\"wp-block-paragraph\">Tamb\u00e9m devem residir em Belo Horizonte durante os 12 meses de estudo e, no caso das mulheres, n\u00e3o estar gr\u00e1vida nem amamentando. Para a fase 2, o fato de j\u00e1 ter contra\u00eddo a doen\u00e7a n\u00e3o ser\u00e1 impeditivo, mas os demais crit\u00e9rios de recrutamento s\u00e3o mantidos.<\/p>\n\n\n\n<p class=\"wp-block-paragraph\">O in\u00edcio dos testes j\u00e1 foi aprovado no sistema CEP\/Conep, inst\u00e2ncia m\u00e1xima de avalia\u00e7\u00e3o \u00e9tica em protocolos de pesquisa com seres humanos. Inicialmente, os estudos envolvem grupos reduzidos de adultos saud\u00e1veis. Ser\u00e3o selecionados 72 volunt\u00e1rios para a fase 1 e 360 para a fase 2. Se os resultados forem satisfat\u00f3rios, a fase 3 ser\u00e1 realizada para avaliar a efic\u00e1cia com 4 mil a 5 mil de participantes.<\/p>\n\n\n\n<p class=\"wp-block-paragraph\">Em testes pr\u00e9-cl\u00ednicos, com animais, os resultados t\u00eam se mostrado promissores. Quando inoculada em camundongos, foi observada uma resposta adequada: a formula\u00e7\u00e3o induziu 100% de prote\u00e7\u00e3o. Tamb\u00e9m foram realizados ensaios de tolerabilidade e imunogenicidade em primatas n\u00e3o humanos. Esses experimentos buscam detectar poss\u00edveis efeitos colaterais e confirmar a gera\u00e7\u00e3o de anticorpos.<\/p>\n\n\n\n<p class=\"wp-block-paragraph\">&#8212;&#8212;&#8212;&#8212;&#8212;&#8212;<br><br><strong>Sabia que o Aconteceu no Vale est\u00e1 tamb\u00e9m no Telegram? <a rel=\"noreferrer noopener\" href=\"https:\/\/t.me\/aconteceunovaleoficial\" target=\"_blank\">Inscreva-se no canal<\/a>.<\/strong><br><br><strong>J\u00e1 curtiu ou seguiu nossas p\u00e1ginas nas redes sociais?\u00a0Receba as not\u00edcias em primeira m\u00e3o:<\/strong><br>\u2022 <a rel=\"noreferrer noopener\" href=\"https:\/\/news.google.com\/publications\/CAAqBwgKMNjklQswi4etAw?hl=pt-BR&amp;gl=BR&amp;ceid=BR%3Apt-419\" target=\"_blank\">Google News<\/a><br>\u2022 <a rel=\"noreferrer noopener\" href=\"https:\/\/www.facebook.com\/aconteceunovale\/\" target=\"_blank\">Facebook<\/a><br>\u2022 <a rel=\"noreferrer noopener\" href=\"https:\/\/twitter.com\/noticiadosvales\" target=\"_blank\">Twitter<\/a><br>\u2022 <a rel=\"noreferrer noopener\" href=\"https:\/\/www.instagram.com\/aconteceunovale\" target=\"_blank\">Instagram<\/a><br>\u2022 <a rel=\"noreferrer noopener\" href=\"https:\/\/www.youtube.com\/AconteceunoValeOficial\" target=\"_blank\">Youtube<\/a><br>\u2022 <a rel=\"noreferrer noopener\" href=\"https:\/\/www.tiktok.com\/@aconteceunovale\" target=\"_blank\">TikTok<\/a><\/p>\n","protected":false},"excerpt":{"rendered":"<p>A Universidade Federal de Minas Gerais (UFMG) abriu um cadastro para quem deseja participar, como volunt\u00e1rio, das fases 1 e 2 dos testes cl\u00ednicos da sua vacina contra a covid-19. Um\u00a0formul\u00e1rio\u00a0online\u00a0foi disponibilizado hoje (17) aos interessados. A expectativa \u00e9 de que o imunizante esteja dispon\u00edvel para aplica\u00e7\u00e3o na popula\u00e7\u00e3o a partir de 2025. Ele est\u00e1 [&hellip;]<\/p>\n","protected":false},"author":4,"featured_media":169318,"comment_status":"open","ping_status":"closed","sticky":false,"template":"","format":"standard","meta":{"amp_status":"","footnotes":""},"categories":[123,40242],"tags":[25793,2278,248867,249369,252192,216498,250579,248875,1018,249374,249373,24222,2559,38748,249368,249372,249367,248870,248872,248873,874,266459,24166,249365,249366,248869,248868,237013,237014,249370,249371,248871,248874,266460],"class_list":["post-192531","post","type-post","status-publish","format-standard","has-post-thumbnail","hentry","category-gerais","category-saude-2","tag-agencia-nacional-de-vigilancia-sanitaria","tag-anvisa","tag-anvisa-recebe-pedido-para-testes-de-vacina-desenvolvida-pela-ufmg","tag-as-variantes-vao-exigir-novas-vacinas","tag-bh-tec","tag-covid-19","tag-ct-vacinas","tag-ct-vacinas-da-ufmg","tag-destaque","tag-dose-de-reforco-contra-coronavirus","tag-dose-de-reforco-contra-covid-19","tag-fiocruz","tag-fundacao-ezequiel-dias","tag-funed","tag-quem-tomou-duas-doses-precisara-de-um-reforco","tag-santuza-teixeira","tag-sera-necessario-se-vacinar-todo-ano-contra-a-covid-19","tag-spin-tec","tag-testes-com-a-spin-tec","tag-testes-em-humanos-com-a-spin-tec","tag-ufmg","tag-ufmg-seleciona-voluntarios-para-teste-de-nova-vacina-contra-a-covid-19","tag-universidade-federal-de-minas-gerais","tag-uso-de-vacina-da-ufmg-como-reforco","tag-uso-de-vacina-da-ufmg-contra-covid-19-como-reforco","tag-vacina-contra-coronavirus-da-ufmg","tag-vacina-contra-covid-19-da-ufmg","tag-vacina-da-ufmg","tag-vacina-da-ufmg-contra-covid-19","tag-vacina-mineira","tag-vacina-mineira-contra-covid-19","tag-vacina-spin-tec","tag-vacina-spin-tec-contra-covid-19","tag-voluntarios-de-nova-vacina-contra-a-covid-19"],"yoast_head":"<!-- This site is optimized with the Yoast SEO plugin v28.3 - https:\/\/yoast.com\/product\/yoast-seo-wordpress\/ -->\n<title>UFMG seleciona volunt\u00e1rios para teste de nova vacina contra a Covid-19 - Aconteceu no Vale<\/title>\n<meta name=\"robots\" content=\"index, follow, max-snippet:-1, max-image-preview:large, max-video-preview:-1\" \/>\n<link rel=\"canonical\" href=\"https:\/\/aconteceunovale.com.br\/portal\/?p=192531\" \/>\n<meta property=\"og:locale\" content=\"pt_BR\" \/>\n<meta property=\"og:type\" content=\"article\" \/>\n<meta property=\"og:title\" content=\"UFMG seleciona volunt\u00e1rios para teste de nova vacina contra a Covid-19 - Aconteceu no Vale\" \/>\n<meta property=\"og:description\" content=\"A Universidade Federal de Minas Gerais (UFMG) abriu um cadastro para quem deseja participar, como volunt\u00e1rio, das fases 1 e 2 dos testes cl\u00ednicos da sua vacina contra a covid-19. Um\u00a0formul\u00e1rio\u00a0online\u00a0foi disponibilizado hoje (17) aos interessados. A expectativa \u00e9 de que o imunizante esteja dispon\u00edvel para aplica\u00e7\u00e3o na popula\u00e7\u00e3o a partir de 2025. Ele est\u00e1 [&hellip;]\" \/>\n<meta property=\"og:url\" content=\"https:\/\/aconteceunovale.com.br\/portal\/?p=192531\" \/>\n<meta property=\"og:site_name\" content=\"Aconteceu no Vale\" \/>\n<meta property=\"article:publisher\" content=\"https:\/\/www.facebook.com\/aconteceunovale\/\" \/>\n<meta property=\"article:published_time\" content=\"2022-11-18T00:59:02+00:00\" \/>\n<meta property=\"article:modified_time\" content=\"2022-11-20T13:58:47+00:00\" \/>\n<meta property=\"og:image\" content=\"https:\/\/aconteceunovale.com.br\/portal\/wp-content\/uploads\/2020\/11\/vacina_covid_oxford_fiocruz.jpg\" \/>\n\t<meta property=\"og:image:width\" content=\"678\" \/>\n\t<meta property=\"og:image:height\" content=\"403\" \/>\n\t<meta property=\"og:image:type\" content=\"image\/jpeg\" \/>\n<meta name=\"author\" content=\"Reda\u00e7\u00e3o Aconteceu no Vale\" \/>\n<meta name=\"twitter:card\" content=\"summary_large_image\" \/>\n<meta name=\"twitter:creator\" content=\"@noticiadosvales\" \/>\n<meta name=\"twitter:site\" content=\"@noticiadosvales\" \/>\n<meta name=\"twitter:label1\" content=\"Escrito por\" \/>\n\t<meta name=\"twitter:data1\" content=\"Reda\u00e7\u00e3o Aconteceu no Vale\" \/>\n\t<meta name=\"twitter:label2\" content=\"Est. tempo de leitura\" \/>\n\t<meta name=\"twitter:data2\" content=\"2 minutos\" \/>\n<script type=\"application\/ld+json\" class=\"yoast-schema-graph\">{\"@context\":\"https:\\\/\\\/schema.org\",\"@graph\":[{\"@type\":\"Article\",\"@id\":\"https:\\\/\\\/aconteceunovale.com.br\\\/portal\\\/?p=192531#article\",\"isPartOf\":{\"@id\":\"https:\\\/\\\/aconteceunovale.com.br\\\/portal\\\/?p=192531\"},\"author\":{\"name\":\"Reda\u00e7\u00e3o Aconteceu no Vale\",\"@id\":\"https:\\\/\\\/aconteceunovale.com.br\\\/portal\\\/#\\\/schema\\\/person\\\/7d2f26d1483f8a63de73da1ee0754d35\"},\"headline\":\"UFMG seleciona volunt\u00e1rios para teste de nova vacina contra a Covid-19\",\"datePublished\":\"2022-11-18T00:59:02+00:00\",\"dateModified\":\"2022-11-20T13:58:47+00:00\",\"mainEntityOfPage\":{\"@id\":\"https:\\\/\\\/aconteceunovale.com.br\\\/portal\\\/?p=192531\"},\"wordCount\":401,\"commentCount\":0,\"image\":{\"@id\":\"https:\\\/\\\/aconteceunovale.com.br\\\/portal\\\/?p=192531#primaryimage\"},\"thumbnailUrl\":\"https:\\\/\\\/aconteceunovale.com.br\\\/portal\\\/wp-content\\\/uploads\\\/2020\\\/11\\\/vacina_covid_oxford_fiocruz.jpg\",\"keywords\":[\"Ag\u00eancia Nacional de Vigil\u00e2ncia Sanit\u00e1ria\",\"Anvisa\",\"Anvisa recebe pedido para testes de vacina desenvolvida pela UFMG\",\"As variantes v\u00e3o exigir novas vacinas?\",\"BH-Tec\",\"COVID-19\",\"CT-Vacinas\",\"CT-Vacinas da UFMG\",\"destaque\",\"Dose de refor\u00e7o contra coronav\u00edrus\",\"Dose de refor\u00e7o contra covid-19\",\"Fiocruz\",\"Funda\u00e7\u00e3o Ezequiel Dias\",\"Funed\",\"Quem tomou duas doses precisar\u00e1 de um refor\u00e7o?\",\"Santuza Teixeira\",\"Ser\u00e1 necess\u00e1rio se vacinar todo ano contra a covid-19?\",\"SpiN-TEC\",\"Testes com a SpiN-TEC\",\"Testes em humanos com a SpiN-TEC\",\"UFMG\",\"UFMG seleciona volunt\u00e1rios para teste de nova vacina contra a Covid-19\",\"Universidade Federal de Minas Gerais\",\"Uso de vacina da UFMG como refor\u00e7o\",\"Uso de vacina da UFMG contra covid-19 como refor\u00e7o\",\"Vacina contra coronav\u00edrus da UFMG\",\"Vacina contra covid-19 da UFMG\",\"Vacina da UFMG\",\"Vacina da UFMG contra covid-19\",\"Vacina mineira\",\"Vacina mineira contra covid-19\",\"Vacina SpiN-TEC\",\"Vacina SpiN-TEC contra covid-19\",\"Volunt\u00e1rios de nova vacina contra a Covid-19\"],\"articleSection\":[\"Minas Gerais\",\"Sa\u00fade\"],\"inLanguage\":\"pt-BR\",\"potentialAction\":[{\"@type\":\"CommentAction\",\"name\":\"Comment\",\"target\":[\"https:\\\/\\\/aconteceunovale.com.br\\\/portal\\\/?p=192531#respond\"]}]},{\"@type\":\"WebPage\",\"@id\":\"https:\\\/\\\/aconteceunovale.com.br\\\/portal\\\/?p=192531\",\"url\":\"https:\\\/\\\/aconteceunovale.com.br\\\/portal\\\/?p=192531\",\"name\":\"UFMG seleciona volunt\u00e1rios para teste de nova vacina contra a Covid-19 - Aconteceu no Vale\",\"isPartOf\":{\"@id\":\"https:\\\/\\\/aconteceunovale.com.br\\\/portal\\\/#website\"},\"primaryImageOfPage\":{\"@id\":\"https:\\\/\\\/aconteceunovale.com.br\\\/portal\\\/?p=192531#primaryimage\"},\"image\":{\"@id\":\"https:\\\/\\\/aconteceunovale.com.br\\\/portal\\\/?p=192531#primaryimage\"},\"thumbnailUrl\":\"https:\\\/\\\/aconteceunovale.com.br\\\/portal\\\/wp-content\\\/uploads\\\/2020\\\/11\\\/vacina_covid_oxford_fiocruz.jpg\",\"datePublished\":\"2022-11-18T00:59:02+00:00\",\"dateModified\":\"2022-11-20T13:58:47+00:00\",\"author\":{\"@id\":\"https:\\\/\\\/aconteceunovale.com.br\\\/portal\\\/#\\\/schema\\\/person\\\/7d2f26d1483f8a63de73da1ee0754d35\"},\"breadcrumb\":{\"@id\":\"https:\\\/\\\/aconteceunovale.com.br\\\/portal\\\/?p=192531#breadcrumb\"},\"inLanguage\":\"pt-BR\",\"potentialAction\":[{\"@type\":\"ReadAction\",\"target\":[\"https:\\\/\\\/aconteceunovale.com.br\\\/portal\\\/?p=192531\"]}]},{\"@type\":\"ImageObject\",\"inLanguage\":\"pt-BR\",\"@id\":\"https:\\\/\\\/aconteceunovale.com.br\\\/portal\\\/?p=192531#primaryimage\",\"url\":\"https:\\\/\\\/aconteceunovale.com.br\\\/portal\\\/wp-content\\\/uploads\\\/2020\\\/11\\\/vacina_covid_oxford_fiocruz.jpg\",\"contentUrl\":\"https:\\\/\\\/aconteceunovale.com.br\\\/portal\\\/wp-content\\\/uploads\\\/2020\\\/11\\\/vacina_covid_oxford_fiocruz.jpg\",\"width\":678,\"height\":403},{\"@type\":\"BreadcrumbList\",\"@id\":\"https:\\\/\\\/aconteceunovale.com.br\\\/portal\\\/?p=192531#breadcrumb\",\"itemListElement\":[{\"@type\":\"ListItem\",\"position\":1,\"name\":\"In\u00edcio\",\"item\":\"https:\\\/\\\/aconteceunovale.com.br\\\/portal\\\/\"},{\"@type\":\"ListItem\",\"position\":2,\"name\":\"UFMG seleciona volunt\u00e1rios para teste de nova vacina contra a Covid-19\"}]},{\"@type\":\"WebSite\",\"@id\":\"https:\\\/\\\/aconteceunovale.com.br\\\/portal\\\/#website\",\"url\":\"https:\\\/\\\/aconteceunovale.com.br\\\/portal\\\/\",\"name\":\"Aconteceu no Vale\",\"description\":\"Portal de Not\u00edcias\",\"potentialAction\":[{\"@type\":\"SearchAction\",\"target\":{\"@type\":\"EntryPoint\",\"urlTemplate\":\"https:\\\/\\\/aconteceunovale.com.br\\\/portal\\\/?s={search_term_string}\"},\"query-input\":{\"@type\":\"PropertyValueSpecification\",\"valueRequired\":true,\"valueName\":\"search_term_string\"}}],\"inLanguage\":\"pt-BR\"},{\"@type\":\"Person\",\"@id\":\"https:\\\/\\\/aconteceunovale.com.br\\\/portal\\\/#\\\/schema\\\/person\\\/7d2f26d1483f8a63de73da1ee0754d35\",\"name\":\"Reda\u00e7\u00e3o Aconteceu no Vale\",\"description\":\"Equipe de reportagem do Aconteceu no Vale, portal de not\u00edcias do Vale do Jequitinhonha, em Minas Gerais. Cobrimos as 51 cidades do Vale desde 2013. Sugest\u00f5es de pauta e pedidos de corre\u00e7\u00e3o: contato@aconteceunovale.com.br\",\"url\":\"https:\\\/\\\/aconteceunovale.com.br\\\/portal\\\/?author=4\"}]}<\/script>\n<!-- \/ Yoast SEO plugin. -->","yoast_head_json":{"title":"UFMG seleciona volunt\u00e1rios para teste de nova vacina contra a Covid-19 - Aconteceu no Vale","robots":{"index":"index","follow":"follow","max-snippet":"max-snippet:-1","max-image-preview":"max-image-preview:large","max-video-preview":"max-video-preview:-1"},"canonical":"https:\/\/aconteceunovale.com.br\/portal\/?p=192531","og_locale":"pt_BR","og_type":"article","og_title":"UFMG seleciona volunt\u00e1rios para teste de nova vacina contra a Covid-19 - Aconteceu no Vale","og_description":"A Universidade Federal de Minas Gerais (UFMG) abriu um cadastro para quem deseja participar, como volunt\u00e1rio, das fases 1 e 2 dos testes cl\u00ednicos da sua vacina contra a covid-19. Um\u00a0formul\u00e1rio\u00a0online\u00a0foi disponibilizado hoje (17) aos interessados. A expectativa \u00e9 de que o imunizante esteja dispon\u00edvel para aplica\u00e7\u00e3o na popula\u00e7\u00e3o a partir de 2025. Ele est\u00e1 [&hellip;]","og_url":"https:\/\/aconteceunovale.com.br\/portal\/?p=192531","og_site_name":"Aconteceu no Vale","article_publisher":"https:\/\/www.facebook.com\/aconteceunovale\/","article_published_time":"2022-11-18T00:59:02+00:00","article_modified_time":"2022-11-20T13:58:47+00:00","og_image":[{"width":678,"height":403,"url":"https:\/\/aconteceunovale.com.br\/portal\/wp-content\/uploads\/2020\/11\/vacina_covid_oxford_fiocruz.jpg","type":"image\/jpeg"}],"author":"Reda\u00e7\u00e3o Aconteceu no Vale","twitter_card":"summary_large_image","twitter_creator":"@noticiadosvales","twitter_site":"@noticiadosvales","twitter_misc":{"Escrito por":"Reda\u00e7\u00e3o Aconteceu no Vale","Est. tempo de leitura":"2 minutos"},"schema":{"@context":"https:\/\/schema.org","@graph":[{"@type":"Article","@id":"https:\/\/aconteceunovale.com.br\/portal\/?p=192531#article","isPartOf":{"@id":"https:\/\/aconteceunovale.com.br\/portal\/?p=192531"},"author":{"name":"Reda\u00e7\u00e3o Aconteceu no Vale","@id":"https:\/\/aconteceunovale.com.br\/portal\/#\/schema\/person\/7d2f26d1483f8a63de73da1ee0754d35"},"headline":"UFMG seleciona volunt\u00e1rios para teste de nova vacina contra a Covid-19","datePublished":"2022-11-18T00:59:02+00:00","dateModified":"2022-11-20T13:58:47+00:00","mainEntityOfPage":{"@id":"https:\/\/aconteceunovale.com.br\/portal\/?p=192531"},"wordCount":401,"commentCount":0,"image":{"@id":"https:\/\/aconteceunovale.com.br\/portal\/?p=192531#primaryimage"},"thumbnailUrl":"https:\/\/aconteceunovale.com.br\/portal\/wp-content\/uploads\/2020\/11\/vacina_covid_oxford_fiocruz.jpg","keywords":["Ag\u00eancia Nacional de Vigil\u00e2ncia Sanit\u00e1ria","Anvisa","Anvisa recebe pedido para testes de vacina desenvolvida pela UFMG","As variantes v\u00e3o exigir novas vacinas?","BH-Tec","COVID-19","CT-Vacinas","CT-Vacinas da UFMG","destaque","Dose de refor\u00e7o contra coronav\u00edrus","Dose de refor\u00e7o contra covid-19","Fiocruz","Funda\u00e7\u00e3o Ezequiel Dias","Funed","Quem tomou duas doses precisar\u00e1 de um refor\u00e7o?","Santuza Teixeira","Ser\u00e1 necess\u00e1rio se vacinar todo ano contra a covid-19?","SpiN-TEC","Testes com a SpiN-TEC","Testes em humanos com a SpiN-TEC","UFMG","UFMG seleciona volunt\u00e1rios para teste de nova vacina contra a Covid-19","Universidade Federal de Minas Gerais","Uso de vacina da UFMG como refor\u00e7o","Uso de vacina da UFMG contra covid-19 como refor\u00e7o","Vacina contra coronav\u00edrus da UFMG","Vacina contra covid-19 da UFMG","Vacina da UFMG","Vacina da UFMG contra covid-19","Vacina mineira","Vacina mineira contra covid-19","Vacina SpiN-TEC","Vacina SpiN-TEC contra covid-19","Volunt\u00e1rios de nova vacina contra a Covid-19"],"articleSection":["Minas Gerais","Sa\u00fade"],"inLanguage":"pt-BR","potentialAction":[{"@type":"CommentAction","name":"Comment","target":["https:\/\/aconteceunovale.com.br\/portal\/?p=192531#respond"]}]},{"@type":"WebPage","@id":"https:\/\/aconteceunovale.com.br\/portal\/?p=192531","url":"https:\/\/aconteceunovale.com.br\/portal\/?p=192531","name":"UFMG seleciona volunt\u00e1rios para teste de nova vacina contra a Covid-19 - Aconteceu no Vale","isPartOf":{"@id":"https:\/\/aconteceunovale.com.br\/portal\/#website"},"primaryImageOfPage":{"@id":"https:\/\/aconteceunovale.com.br\/portal\/?p=192531#primaryimage"},"image":{"@id":"https:\/\/aconteceunovale.com.br\/portal\/?p=192531#primaryimage"},"thumbnailUrl":"https:\/\/aconteceunovale.com.br\/portal\/wp-content\/uploads\/2020\/11\/vacina_covid_oxford_fiocruz.jpg","datePublished":"2022-11-18T00:59:02+00:00","dateModified":"2022-11-20T13:58:47+00:00","author":{"@id":"https:\/\/aconteceunovale.com.br\/portal\/#\/schema\/person\/7d2f26d1483f8a63de73da1ee0754d35"},"breadcrumb":{"@id":"https:\/\/aconteceunovale.com.br\/portal\/?p=192531#breadcrumb"},"inLanguage":"pt-BR","potentialAction":[{"@type":"ReadAction","target":["https:\/\/aconteceunovale.com.br\/portal\/?p=192531"]}]},{"@type":"ImageObject","inLanguage":"pt-BR","@id":"https:\/\/aconteceunovale.com.br\/portal\/?p=192531#primaryimage","url":"https:\/\/aconteceunovale.com.br\/portal\/wp-content\/uploads\/2020\/11\/vacina_covid_oxford_fiocruz.jpg","contentUrl":"https:\/\/aconteceunovale.com.br\/portal\/wp-content\/uploads\/2020\/11\/vacina_covid_oxford_fiocruz.jpg","width":678,"height":403},{"@type":"BreadcrumbList","@id":"https:\/\/aconteceunovale.com.br\/portal\/?p=192531#breadcrumb","itemListElement":[{"@type":"ListItem","position":1,"name":"In\u00edcio","item":"https:\/\/aconteceunovale.com.br\/portal\/"},{"@type":"ListItem","position":2,"name":"UFMG seleciona volunt\u00e1rios para teste de nova vacina contra a Covid-19"}]},{"@type":"WebSite","@id":"https:\/\/aconteceunovale.com.br\/portal\/#website","url":"https:\/\/aconteceunovale.com.br\/portal\/","name":"Aconteceu no Vale","description":"Portal de Not\u00edcias","potentialAction":[{"@type":"SearchAction","target":{"@type":"EntryPoint","urlTemplate":"https:\/\/aconteceunovale.com.br\/portal\/?s={search_term_string}"},"query-input":{"@type":"PropertyValueSpecification","valueRequired":true,"valueName":"search_term_string"}}],"inLanguage":"pt-BR"},{"@type":"Person","@id":"https:\/\/aconteceunovale.com.br\/portal\/#\/schema\/person\/7d2f26d1483f8a63de73da1ee0754d35","name":"Reda\u00e7\u00e3o Aconteceu no Vale","description":"Equipe de reportagem do Aconteceu no Vale, portal de not\u00edcias do Vale do Jequitinhonha, em Minas Gerais. Cobrimos as 51 cidades do Vale desde 2013. Sugest\u00f5es de pauta e pedidos de corre\u00e7\u00e3o: contato@aconteceunovale.com.br","url":"https:\/\/aconteceunovale.com.br\/portal\/?author=4"}]}},"_links":{"self":[{"href":"https:\/\/aconteceunovale.com.br\/portal\/index.php?rest_route=\/wp\/v2\/posts\/192531","targetHints":{"allow":["GET"]}}],"collection":[{"href":"https:\/\/aconteceunovale.com.br\/portal\/index.php?rest_route=\/wp\/v2\/posts"}],"about":[{"href":"https:\/\/aconteceunovale.com.br\/portal\/index.php?rest_route=\/wp\/v2\/types\/post"}],"author":[{"embeddable":true,"href":"https:\/\/aconteceunovale.com.br\/portal\/index.php?rest_route=\/wp\/v2\/users\/4"}],"replies":[{"embeddable":true,"href":"https:\/\/aconteceunovale.com.br\/portal\/index.php?rest_route=%2Fwp%2Fv2%2Fcomments&post=192531"}],"version-history":[{"count":1,"href":"https:\/\/aconteceunovale.com.br\/portal\/index.php?rest_route=\/wp\/v2\/posts\/192531\/revisions"}],"predecessor-version":[{"id":192532,"href":"https:\/\/aconteceunovale.com.br\/portal\/index.php?rest_route=\/wp\/v2\/posts\/192531\/revisions\/192532"}],"wp:featuredmedia":[{"embeddable":true,"href":"https:\/\/aconteceunovale.com.br\/portal\/index.php?rest_route=\/wp\/v2\/media\/169318"}],"wp:attachment":[{"href":"https:\/\/aconteceunovale.com.br\/portal\/index.php?rest_route=%2Fwp%2Fv2%2Fmedia&parent=192531"}],"wp:term":[{"taxonomy":"category","embeddable":true,"href":"https:\/\/aconteceunovale.com.br\/portal\/index.php?rest_route=%2Fwp%2Fv2%2Fcategories&post=192531"},{"taxonomy":"post_tag","embeddable":true,"href":"https:\/\/aconteceunovale.com.br\/portal\/index.php?rest_route=%2Fwp%2Fv2%2Ftags&post=192531"}],"curies":[{"name":"wp","href":"https:\/\/api.w.org\/{rel}","templated":true}]}}