{"id":192516,"date":"2022-11-17T17:18:42","date_gmt":"2022-11-17T20:18:42","guid":{"rendered":"https:\/\/aconteceunovale.com.br\/portal\/?p=192516"},"modified":"2026-09-02T12:47:08","modified_gmt":"2026-09-02T15:47:08","slug":"senac-oferece-tres-vagas-de-emprego-na-regiao-de-diamantina","status":"publish","type":"post","link":"https:\/\/aconteceunovale.com.br\/portal\/?p=192516","title":{"rendered":"Senac oferece tr\u00eas vagas de emprego na regi\u00e3o de Diamantina"},"content":{"rendered":"\n<h3 class=\"has-text-align-center wp-block-heading\"><em>Inscri\u00e7\u00f5es devem ser feitas na aba Trabalhe Conosco, no site da institui\u00e7\u00e3o at\u00e9 20 de novembro<\/em><\/h3>\n\n\n\n<p class=\"wp-block-paragraph\">O Senac Diamantina est\u00e1 com tr\u00eas oportunidade de emprego abertas em Berilo, Francisco Badar\u00f3 e Senador Modestino Gon\u00e7alves. Os interessadosdevem se inscrever pelo site <a href=\"https:\/\/www.mg.senac.br\/paginas\/trabalheconosco.aspx\" target=\"_blank\" rel=\"noreferrer noopener\">https:\/\/www.mg.senac.br\/paginas\/trabalheconosco.aspx<\/a>. As oportunidades s\u00e3o na \u00e1rea de gest\u00e3o, sa\u00fade e administra\u00e7\u00e3o. Confira as vagas ofertadas e prazo de inscri\u00e7\u00e3o:<\/p>\n\n\n\n<ul class=\"wp-block-list\">\n<li>Instrutor de Forma\u00e7\u00e3o Profissional \u2013 Assistente Administrativo \u2013 <strong>Berilo<\/strong><\/li>\n\n\n\n<li>Instrutor de Forma\u00e7\u00e3o Profissional &#8211; Cuidador de Idoso \u2013 <strong>Francisco Badar\u00f3<\/strong><\/li>\n\n\n\n<li>Instrutor de Forma\u00e7\u00e3o Profissional \u2013 Recepcionista \u2013 <strong>Senador Modestino Gon\u00e7alves<\/strong><\/li>\n<\/ul>\n\n\n\n<p class=\"wp-block-paragraph\">No cargo de Instrutor, o profissional ministrar\u00e1 aulas presenciais dos cursos do Senac, presando pelo desenvolvimento do aluno e participando dos projetos e atividades pedag\u00f3gicas da institui\u00e7\u00e3o. Para se candidatar \u00e9 necess\u00e1rio ter forma\u00e7\u00e3o, experi\u00eancia profissional na \u00e1rea e residir ou ter f\u00e1cil acesso \u00e0 cidade de atua\u00e7\u00e3o. P\u00f3s-gradua\u00e7\u00e3o ser\u00e1 considerado como diferencial.<\/p>\n\n\n\n<p class=\"wp-block-paragraph\">Para se candidatar, \u00e9 necess\u00e1rio residir no munic\u00edpio de atua\u00e7\u00e3o ou em local pr\u00f3ximo, de f\u00e1cil acesso. A oportunidade \u00e9 extensiva a pessoas com defici\u00eancia (PCD).<\/p>\n\n\n\n<p class=\"wp-block-paragraph\"><strong>Banco de Talentos<\/strong><\/p>\n\n\n\n<p class=\"wp-block-paragraph\">O Senac tamb\u00e9m est\u00e1 cadastrando Pessoas com Defici\u00eancia (PCD) e reabilitados pelo INSS para o Banco de Talentos. Para participar do processo seletivo, as pessoas interessadas devem acessar o <a rel=\"noreferrer noopener\" href=\"https:\/\/www.mg.senac.br\/paginas\/trabalheconosco.aspx\" target=\"_blank\">site do Senac<\/a>.\u00a0<\/p>\n\n\n\n<p class=\"wp-block-paragraph\"><strong>Sobre o Senac em Diamantina<\/strong><strong><\/strong><\/p>\n\n\n\n<p class=\"wp-block-paragraph\">O Senac est\u00e1 em atua\u00e7\u00e3o em Diamantina desde 2004, inicialmente como apoio \u00e0 unidade de Sete Lagoas. O Centro de Educa\u00e7\u00e3o Profissional foi inaugurado no ano seguinte, em 2005. A partir de 2021, passou a ocupar um casar\u00e3o na rua Macau de Cima, com estrutura completa e acessibilidade.<\/p>\n\n\n\n<p class=\"wp-block-paragraph\">Entre os cursos t\u00e9cnicos, o de Enfermagem \u00e9 um dos destaques da unidade, que conta ainda com os cursos de Administra\u00e7\u00e3o e de Seguran\u00e7a do Trabalho. Tamb\u00e9m h\u00e1 op\u00e7\u00f5es de cursos livres nas \u00e1reas de Gest\u00e3o, Inform\u00e1tica e Sa\u00fade, al\u00e9m do ensino da\u00a0<a href=\"https:\/\/www.mg.senac.br\/paginas\/jovemaprendiz.aspx\" target=\"_blank\" rel=\"noreferrer noopener\">Aprendizagem Comercial<\/a>. O curso T\u00e9cnico em Inform\u00e1tica tamb\u00e9m tem uma boa procura.<\/p>\n\n\n\n<p class=\"wp-block-paragraph\"><strong><u>Servi\u00e7o:<\/u><\/strong>&nbsp;<\/p>\n\n\n\n<p class=\"wp-block-paragraph\"><strong>Vagas de emprego no Senac em Berilo, Francisco Badar\u00f3 e Senador Modestino Gon\u00e7alves<\/strong><\/p>\n\n\n\n<p class=\"wp-block-paragraph\"><strong>Inscri\u00e7\u00f5es: <\/strong>pelo <a href=\"https:\/\/www.mg.senac.br\/paginas\/trabalheconosco.aspx\">https:\/\/www.mg.senac.br\/paginas\/trabalheconosco.aspx<\/a> &nbsp;<\/p>\n\n\n\n<p class=\"wp-block-paragraph\"><strong>Endere\u00e7o do Senac em Diamantina: <\/strong>Rua Macau de Cima, 17 \u2013 Centro<\/p>\n\n\n\n<p class=\"wp-block-paragraph\"><strong>Mais informa\u00e7\u00f5es: <\/strong>(38)3532-6500<\/p>\n\n\n\n<p class=\"wp-block-paragraph\">&#8212;&#8212;&#8212;&#8212;&#8212;&#8212;<br><br><strong>Sabia que o Aconteceu no Vale est\u00e1 tamb\u00e9m no Telegram? <a rel=\"noreferrer noopener\" href=\"https:\/\/t.me\/aconteceunovaleoficial\" target=\"_blank\">Inscreva-se no canal<\/a>.<\/strong><br><br><strong>J\u00e1 curtiu ou seguiu nossas p\u00e1ginas nas redes sociais?\u00a0Receba as not\u00edcias em primeira m\u00e3o:<\/strong><br>\u2022 <a rel=\"noreferrer noopener\" href=\"https:\/\/news.google.com\/publications\/CAAqBwgKMNjklQswi4etAw?hl=pt-BR&amp;gl=BR&amp;ceid=BR%3Apt-419\" target=\"_blank\">Google News<\/a><br>\u2022 <a rel=\"noreferrer noopener\" href=\"https:\/\/www.facebook.com\/aconteceunovale\/\" target=\"_blank\">Facebook<\/a><br>\u2022 <a rel=\"noreferrer noopener\" href=\"https:\/\/twitter.com\/noticiadosvales\" target=\"_blank\">Twitter<\/a><br>\u2022 <a rel=\"noreferrer noopener\" href=\"https:\/\/www.instagram.com\/aconteceunovale\" target=\"_blank\">Instagram<\/a><br>\u2022 <a rel=\"noreferrer noopener\" href=\"https:\/\/www.youtube.com\/AconteceunoValeOficial\" target=\"_blank\">Youtube<\/a><br>\u2022 <a rel=\"noreferrer noopener\" href=\"https:\/\/www.tiktok.com\/@aconteceunovale\" target=\"_blank\">TikTok<\/a><\/p>\n","protected":false},"excerpt":{"rendered":"<p>Inscri\u00e7\u00f5es devem ser feitas na aba Trabalhe Conosco, no site da institui\u00e7\u00e3o at\u00e9 20 de novembro O Senac Diamantina est\u00e1 com tr\u00eas oportunidade de emprego abertas em Berilo, Francisco Badar\u00f3 e Senador Modestino Gon\u00e7alves. Os interessadosdevem se inscrever pelo site https:\/\/www.mg.senac.br\/paginas\/trabalheconosco.aspx. As oportunidades s\u00e3o na \u00e1rea de gest\u00e3o, sa\u00fade e administra\u00e7\u00e3o. Confira as vagas ofertadas [&hellip;]<\/p>\n","protected":false},"author":4,"featured_media":180971,"comment_status":"open","ping_status":"closed","sticky":false,"template":"","format":"standard","meta":{"amp_status":"","footnotes":""},"categories":[272543,155260,40236,120],"tags":[841,1018,198,187,249710,266437,266435,439,266438,103148,249711,266436],"class_list":["post-192516","post","type-post","status-publish","format-standard","has-post-thumbnail","hentry","category-diamantina","category-editais","category-empregos-2","category-jequi","tag-berilo","tag-destaque","tag-diamantina","tag-francisco-badaro","tag-senac-em-diamantina","tag-senac-na-regiao-de-diamantina","tag-senac-oferece-tres-vagas-de-emprego-na-regiao-de-diamantina","tag-senador-modestino-goncalves","tag-trabalho-no-senac","tag-vaga-no-senac","tag-vagas-no-senac-em-diamantina","tag-vagas-no-senac-na-regiao-de-diamantina"],"yoast_head":"<!-- This site is optimized with the Yoast SEO plugin v28.3 - https:\/\/yoast.com\/product\/yoast-seo-wordpress\/ -->\n<title>Senac oferece tr\u00eas vagas de emprego na regi\u00e3o de Diamantina - Aconteceu no Vale<\/title>\n<meta name=\"robots\" content=\"index, follow, max-snippet:-1, max-image-preview:large, max-video-preview:-1\" \/>\n<link rel=\"canonical\" href=\"https:\/\/aconteceunovale.com.br\/portal\/?p=192516\" \/>\n<meta property=\"og:locale\" content=\"pt_BR\" \/>\n<meta property=\"og:type\" content=\"article\" \/>\n<meta property=\"og:title\" content=\"Senac oferece tr\u00eas vagas de emprego na regi\u00e3o de Diamantina - Aconteceu no Vale\" \/>\n<meta property=\"og:description\" content=\"Inscri\u00e7\u00f5es devem ser feitas na aba Trabalhe Conosco, no site da institui\u00e7\u00e3o at\u00e9 20 de novembro O Senac Diamantina est\u00e1 com tr\u00eas oportunidade de emprego abertas em Berilo, Francisco Badar\u00f3 e Senador Modestino Gon\u00e7alves. Os interessadosdevem se inscrever pelo site https:\/\/www.mg.senac.br\/paginas\/trabalheconosco.aspx. As oportunidades s\u00e3o na \u00e1rea de gest\u00e3o, sa\u00fade e administra\u00e7\u00e3o. Confira as vagas ofertadas [&hellip;]\" \/>\n<meta property=\"og:url\" content=\"https:\/\/aconteceunovale.com.br\/portal\/?p=192516\" \/>\n<meta property=\"og:site_name\" content=\"Aconteceu no Vale\" \/>\n<meta property=\"article:publisher\" content=\"https:\/\/www.facebook.com\/aconteceunovale\/\" \/>\n<meta property=\"article:published_time\" content=\"2022-11-17T20:18:42+00:00\" \/>\n<meta property=\"article:modified_time\" content=\"2026-09-02T15:47:08+00:00\" \/>\n<meta property=\"og:image\" content=\"https:\/\/aconteceunovale.com.br\/portal\/wp-content\/uploads\/2021\/08\/senac_diamantina.jpg\" \/>\n\t<meta property=\"og:image:width\" content=\"600\" \/>\n\t<meta property=\"og:image:height\" content=\"450\" \/>\n\t<meta property=\"og:image:type\" content=\"image\/jpeg\" \/>\n<meta name=\"author\" content=\"Reda\u00e7\u00e3o Aconteceu no Vale\" \/>\n<meta name=\"twitter:card\" content=\"summary_large_image\" \/>\n<meta name=\"twitter:creator\" content=\"@noticiadosvales\" \/>\n<meta name=\"twitter:site\" content=\"@noticiadosvales\" \/>\n<meta name=\"twitter:label1\" content=\"Escrito por\" \/>\n\t<meta name=\"twitter:data1\" content=\"Reda\u00e7\u00e3o Aconteceu no Vale\" \/>\n\t<meta name=\"twitter:label2\" content=\"Est. tempo de leitura\" \/>\n\t<meta name=\"twitter:data2\" content=\"2 minutos\" \/>\n<script type=\"application\/ld+json\" class=\"yoast-schema-graph\">{\"@context\":\"https:\\\/\\\/schema.org\",\"@graph\":[{\"@type\":\"Article\",\"@id\":\"https:\\\/\\\/aconteceunovale.com.br\\\/portal\\\/?p=192516#article\",\"isPartOf\":{\"@id\":\"https:\\\/\\\/aconteceunovale.com.br\\\/portal\\\/?p=192516\"},\"author\":{\"name\":\"Reda\u00e7\u00e3o Aconteceu no Vale\",\"@id\":\"https:\\\/\\\/aconteceunovale.com.br\\\/portal\\\/#\\\/schema\\\/person\\\/7d2f26d1483f8a63de73da1ee0754d35\"},\"headline\":\"Senac oferece tr\u00eas vagas de emprego na regi\u00e3o de Diamantina\",\"datePublished\":\"2022-11-17T20:18:42+00:00\",\"dateModified\":\"2026-09-02T15:47:08+00:00\",\"mainEntityOfPage\":{\"@id\":\"https:\\\/\\\/aconteceunovale.com.br\\\/portal\\\/?p=192516\"},\"wordCount\":444,\"commentCount\":0,\"image\":{\"@id\":\"https:\\\/\\\/aconteceunovale.com.br\\\/portal\\\/?p=192516#primaryimage\"},\"thumbnailUrl\":\"https:\\\/\\\/aconteceunovale.com.br\\\/portal\\\/wp-content\\\/uploads\\\/2021\\\/08\\\/senac_diamantina.jpg\",\"keywords\":[\"berilo\",\"destaque\",\"Diamantina\",\"Francisco Badar\u00f3\",\"Senac em Diamantina\",\"Senac na regi\u00e3o de Diamantina\",\"Senac oferece tr\u00eas vagas de emprego na regi\u00e3o de Diamantina\",\"senador modestino gon\u00e7alves\",\"Trabalho no Senac\",\"vaga no senac\",\"Vagas no Senac em Diamantina\",\"Vagas no Senac na regi\u00e3o de Diamantina\"],\"articleSection\":[\"Diamantina\",\"Editais\",\"Empregos\",\"Vale do Jequitinhonha\"],\"inLanguage\":\"pt-BR\",\"potentialAction\":[{\"@type\":\"CommentAction\",\"name\":\"Comment\",\"target\":[\"https:\\\/\\\/aconteceunovale.com.br\\\/portal\\\/?p=192516#respond\"]}]},{\"@type\":\"WebPage\",\"@id\":\"https:\\\/\\\/aconteceunovale.com.br\\\/portal\\\/?p=192516\",\"url\":\"https:\\\/\\\/aconteceunovale.com.br\\\/portal\\\/?p=192516\",\"name\":\"Senac oferece tr\u00eas vagas de emprego na regi\u00e3o de Diamantina - Aconteceu no Vale\",\"isPartOf\":{\"@id\":\"https:\\\/\\\/aconteceunovale.com.br\\\/portal\\\/#website\"},\"primaryImageOfPage\":{\"@id\":\"https:\\\/\\\/aconteceunovale.com.br\\\/portal\\\/?p=192516#primaryimage\"},\"image\":{\"@id\":\"https:\\\/\\\/aconteceunovale.com.br\\\/portal\\\/?p=192516#primaryimage\"},\"thumbnailUrl\":\"https:\\\/\\\/aconteceunovale.com.br\\\/portal\\\/wp-content\\\/uploads\\\/2021\\\/08\\\/senac_diamantina.jpg\",\"datePublished\":\"2022-11-17T20:18:42+00:00\",\"dateModified\":\"2026-09-02T15:47:08+00:00\",\"author\":{\"@id\":\"https:\\\/\\\/aconteceunovale.com.br\\\/portal\\\/#\\\/schema\\\/person\\\/7d2f26d1483f8a63de73da1ee0754d35\"},\"breadcrumb\":{\"@id\":\"https:\\\/\\\/aconteceunovale.com.br\\\/portal\\\/?p=192516#breadcrumb\"},\"inLanguage\":\"pt-BR\",\"potentialAction\":[{\"@type\":\"ReadAction\",\"target\":[\"https:\\\/\\\/aconteceunovale.com.br\\\/portal\\\/?p=192516\"]}]},{\"@type\":\"ImageObject\",\"inLanguage\":\"pt-BR\",\"@id\":\"https:\\\/\\\/aconteceunovale.com.br\\\/portal\\\/?p=192516#primaryimage\",\"url\":\"https:\\\/\\\/aconteceunovale.com.br\\\/portal\\\/wp-content\\\/uploads\\\/2021\\\/08\\\/senac_diamantina.jpg\",\"contentUrl\":\"https:\\\/\\\/aconteceunovale.com.br\\\/portal\\\/wp-content\\\/uploads\\\/2021\\\/08\\\/senac_diamantina.jpg\",\"width\":600,\"height\":450},{\"@type\":\"BreadcrumbList\",\"@id\":\"https:\\\/\\\/aconteceunovale.com.br\\\/portal\\\/?p=192516#breadcrumb\",\"itemListElement\":[{\"@type\":\"ListItem\",\"position\":1,\"name\":\"In\u00edcio\",\"item\":\"https:\\\/\\\/aconteceunovale.com.br\\\/portal\\\/\"},{\"@type\":\"ListItem\",\"position\":2,\"name\":\"Senac oferece tr\u00eas vagas de emprego na regi\u00e3o de Diamantina\"}]},{\"@type\":\"WebSite\",\"@id\":\"https:\\\/\\\/aconteceunovale.com.br\\\/portal\\\/#website\",\"url\":\"https:\\\/\\\/aconteceunovale.com.br\\\/portal\\\/\",\"name\":\"Aconteceu no Vale\",\"description\":\"Portal de Not\u00edcias\",\"potentialAction\":[{\"@type\":\"SearchAction\",\"target\":{\"@type\":\"EntryPoint\",\"urlTemplate\":\"https:\\\/\\\/aconteceunovale.com.br\\\/portal\\\/?s={search_term_string}\"},\"query-input\":{\"@type\":\"PropertyValueSpecification\",\"valueRequired\":true,\"valueName\":\"search_term_string\"}}],\"inLanguage\":\"pt-BR\"},{\"@type\":\"Person\",\"@id\":\"https:\\\/\\\/aconteceunovale.com.br\\\/portal\\\/#\\\/schema\\\/person\\\/7d2f26d1483f8a63de73da1ee0754d35\",\"name\":\"Reda\u00e7\u00e3o Aconteceu no Vale\",\"description\":\"Equipe de reportagem do Aconteceu no Vale, portal de not\u00edcias do Vale do Jequitinhonha, em Minas Gerais. Cobrimos as 51 cidades do Vale desde 2013. Sugest\u00f5es de pauta e pedidos de corre\u00e7\u00e3o: contato@aconteceunovale.com.br\",\"url\":\"https:\\\/\\\/aconteceunovale.com.br\\\/portal\\\/?author=4\"}]}<\/script>\n<!-- \/ Yoast SEO plugin. -->","yoast_head_json":{"title":"Senac oferece tr\u00eas vagas de emprego na regi\u00e3o de Diamantina - Aconteceu no Vale","robots":{"index":"index","follow":"follow","max-snippet":"max-snippet:-1","max-image-preview":"max-image-preview:large","max-video-preview":"max-video-preview:-1"},"canonical":"https:\/\/aconteceunovale.com.br\/portal\/?p=192516","og_locale":"pt_BR","og_type":"article","og_title":"Senac oferece tr\u00eas vagas de emprego na regi\u00e3o de Diamantina - Aconteceu no Vale","og_description":"Inscri\u00e7\u00f5es devem ser feitas na aba Trabalhe Conosco, no site da institui\u00e7\u00e3o at\u00e9 20 de novembro O Senac Diamantina est\u00e1 com tr\u00eas oportunidade de emprego abertas em Berilo, Francisco Badar\u00f3 e Senador Modestino Gon\u00e7alves. Os interessadosdevem se inscrever pelo site https:\/\/www.mg.senac.br\/paginas\/trabalheconosco.aspx. As oportunidades s\u00e3o na \u00e1rea de gest\u00e3o, sa\u00fade e administra\u00e7\u00e3o. Confira as vagas ofertadas [&hellip;]","og_url":"https:\/\/aconteceunovale.com.br\/portal\/?p=192516","og_site_name":"Aconteceu no Vale","article_publisher":"https:\/\/www.facebook.com\/aconteceunovale\/","article_published_time":"2022-11-17T20:18:42+00:00","article_modified_time":"2026-09-02T15:47:08+00:00","og_image":[{"width":600,"height":450,"url":"https:\/\/aconteceunovale.com.br\/portal\/wp-content\/uploads\/2021\/08\/senac_diamantina.jpg","type":"image\/jpeg"}],"author":"Reda\u00e7\u00e3o Aconteceu no Vale","twitter_card":"summary_large_image","twitter_creator":"@noticiadosvales","twitter_site":"@noticiadosvales","twitter_misc":{"Escrito por":"Reda\u00e7\u00e3o Aconteceu no Vale","Est. tempo de leitura":"2 minutos"},"schema":{"@context":"https:\/\/schema.org","@graph":[{"@type":"Article","@id":"https:\/\/aconteceunovale.com.br\/portal\/?p=192516#article","isPartOf":{"@id":"https:\/\/aconteceunovale.com.br\/portal\/?p=192516"},"author":{"name":"Reda\u00e7\u00e3o Aconteceu no Vale","@id":"https:\/\/aconteceunovale.com.br\/portal\/#\/schema\/person\/7d2f26d1483f8a63de73da1ee0754d35"},"headline":"Senac oferece tr\u00eas vagas de emprego na regi\u00e3o de Diamantina","datePublished":"2022-11-17T20:18:42+00:00","dateModified":"2026-09-02T15:47:08+00:00","mainEntityOfPage":{"@id":"https:\/\/aconteceunovale.com.br\/portal\/?p=192516"},"wordCount":444,"commentCount":0,"image":{"@id":"https:\/\/aconteceunovale.com.br\/portal\/?p=192516#primaryimage"},"thumbnailUrl":"https:\/\/aconteceunovale.com.br\/portal\/wp-content\/uploads\/2021\/08\/senac_diamantina.jpg","keywords":["berilo","destaque","Diamantina","Francisco Badar\u00f3","Senac em Diamantina","Senac na regi\u00e3o de Diamantina","Senac oferece tr\u00eas vagas de emprego na regi\u00e3o de Diamantina","senador modestino gon\u00e7alves","Trabalho no Senac","vaga no senac","Vagas no Senac em Diamantina","Vagas no Senac na regi\u00e3o de Diamantina"],"articleSection":["Diamantina","Editais","Empregos","Vale do Jequitinhonha"],"inLanguage":"pt-BR","potentialAction":[{"@type":"CommentAction","name":"Comment","target":["https:\/\/aconteceunovale.com.br\/portal\/?p=192516#respond"]}]},{"@type":"WebPage","@id":"https:\/\/aconteceunovale.com.br\/portal\/?p=192516","url":"https:\/\/aconteceunovale.com.br\/portal\/?p=192516","name":"Senac oferece tr\u00eas vagas de emprego na regi\u00e3o de Diamantina - Aconteceu no Vale","isPartOf":{"@id":"https:\/\/aconteceunovale.com.br\/portal\/#website"},"primaryImageOfPage":{"@id":"https:\/\/aconteceunovale.com.br\/portal\/?p=192516#primaryimage"},"image":{"@id":"https:\/\/aconteceunovale.com.br\/portal\/?p=192516#primaryimage"},"thumbnailUrl":"https:\/\/aconteceunovale.com.br\/portal\/wp-content\/uploads\/2021\/08\/senac_diamantina.jpg","datePublished":"2022-11-17T20:18:42+00:00","dateModified":"2026-09-02T15:47:08+00:00","author":{"@id":"https:\/\/aconteceunovale.com.br\/portal\/#\/schema\/person\/7d2f26d1483f8a63de73da1ee0754d35"},"breadcrumb":{"@id":"https:\/\/aconteceunovale.com.br\/portal\/?p=192516#breadcrumb"},"inLanguage":"pt-BR","potentialAction":[{"@type":"ReadAction","target":["https:\/\/aconteceunovale.com.br\/portal\/?p=192516"]}]},{"@type":"ImageObject","inLanguage":"pt-BR","@id":"https:\/\/aconteceunovale.com.br\/portal\/?p=192516#primaryimage","url":"https:\/\/aconteceunovale.com.br\/portal\/wp-content\/uploads\/2021\/08\/senac_diamantina.jpg","contentUrl":"https:\/\/aconteceunovale.com.br\/portal\/wp-content\/uploads\/2021\/08\/senac_diamantina.jpg","width":600,"height":450},{"@type":"BreadcrumbList","@id":"https:\/\/aconteceunovale.com.br\/portal\/?p=192516#breadcrumb","itemListElement":[{"@type":"ListItem","position":1,"name":"In\u00edcio","item":"https:\/\/aconteceunovale.com.br\/portal\/"},{"@type":"ListItem","position":2,"name":"Senac oferece tr\u00eas vagas de emprego na regi\u00e3o de Diamantina"}]},{"@type":"WebSite","@id":"https:\/\/aconteceunovale.com.br\/portal\/#website","url":"https:\/\/aconteceunovale.com.br\/portal\/","name":"Aconteceu no Vale","description":"Portal de Not\u00edcias","potentialAction":[{"@type":"SearchAction","target":{"@type":"EntryPoint","urlTemplate":"https:\/\/aconteceunovale.com.br\/portal\/?s={search_term_string}"},"query-input":{"@type":"PropertyValueSpecification","valueRequired":true,"valueName":"search_term_string"}}],"inLanguage":"pt-BR"},{"@type":"Person","@id":"https:\/\/aconteceunovale.com.br\/portal\/#\/schema\/person\/7d2f26d1483f8a63de73da1ee0754d35","name":"Reda\u00e7\u00e3o Aconteceu no Vale","description":"Equipe de reportagem do Aconteceu no Vale, portal de not\u00edcias do Vale do Jequitinhonha, em Minas Gerais. Cobrimos as 51 cidades do Vale desde 2013. Sugest\u00f5es de pauta e pedidos de corre\u00e7\u00e3o: contato@aconteceunovale.com.br","url":"https:\/\/aconteceunovale.com.br\/portal\/?author=4"}]}},"_links":{"self":[{"href":"https:\/\/aconteceunovale.com.br\/portal\/index.php?rest_route=\/wp\/v2\/posts\/192516","targetHints":{"allow":["GET"]}}],"collection":[{"href":"https:\/\/aconteceunovale.com.br\/portal\/index.php?rest_route=\/wp\/v2\/posts"}],"about":[{"href":"https:\/\/aconteceunovale.com.br\/portal\/index.php?rest_route=\/wp\/v2\/types\/post"}],"author":[{"embeddable":true,"href":"https:\/\/aconteceunovale.com.br\/portal\/index.php?rest_route=\/wp\/v2\/users\/4"}],"replies":[{"embeddable":true,"href":"https:\/\/aconteceunovale.com.br\/portal\/index.php?rest_route=%2Fwp%2Fv2%2Fcomments&post=192516"}],"version-history":[{"count":2,"href":"https:\/\/aconteceunovale.com.br\/portal\/index.php?rest_route=\/wp\/v2\/posts\/192516\/revisions"}],"predecessor-version":[{"id":192518,"href":"https:\/\/aconteceunovale.com.br\/portal\/index.php?rest_route=\/wp\/v2\/posts\/192516\/revisions\/192518"}],"wp:featuredmedia":[{"embeddable":true,"href":"https:\/\/aconteceunovale.com.br\/portal\/index.php?rest_route=\/wp\/v2\/media\/180971"}],"wp:attachment":[{"href":"https:\/\/aconteceunovale.com.br\/portal\/index.php?rest_route=%2Fwp%2Fv2%2Fmedia&parent=192516"}],"wp:term":[{"taxonomy":"category","embeddable":true,"href":"https:\/\/aconteceunovale.com.br\/portal\/index.php?rest_route=%2Fwp%2Fv2%2Fcategories&post=192516"},{"taxonomy":"post_tag","embeddable":true,"href":"https:\/\/aconteceunovale.com.br\/portal\/index.php?rest_route=%2Fwp%2Fv2%2Ftags&post=192516"}],"curies":[{"name":"wp","href":"https:\/\/api.w.org\/{rel}","templated":true}]}}