{"id":19251,"date":"2014-01-23T21:20:57","date_gmt":"2014-01-23T23:20:57","guid":{"rendered":"http:\/\/aconteceunovale.com.br\/portal\/?p=19251"},"modified":"2014-01-23T21:20:57","modified_gmt":"2014-01-23T23:20:57","slug":"seis-pessoas-sao-presas-durante-operacao-trovao-em-buenopolis","status":"publish","type":"post","link":"https:\/\/aconteceunovale.com.br\/portal\/?p=19251","title":{"rendered":"Seis pessoas s\u00e3o presas durante opera\u00e7\u00e3o Trov\u00e3o em Buen\u00f3polis"},"content":{"rendered":"<p>Seis pessoas foram presas durante uma opera\u00e7\u00e3o conjunta das Pol\u00edcias Civil e Militar de Buen\u00f3polis, Norte de Minas Gerais, nesta quinta-feira (23\/01). A a\u00e7\u00e3o foi realizada para o cumprimento de mandado de busca e apreens\u00e3o e pris\u00e3o preventiva de suspeitos de envolvimento com o tr\u00e1fico de drogas nas cidades de Joaquim Fel\u00edcio e Buen\u00f3polis.<\/p>\n<p><img decoding=\"async\" src=\"http:\/\/aconteceunovale.com.br\/portal\/wp-content\/uploads\/2014\/01\/apreensao_drogas_buenopolis_23.jpg\" alt=\"\" \/><br \/>\n<em>(Foto: Divulga\u00e7\u00e3o Pol\u00edcia Civil)<\/em><\/p>\n<p>A opera\u00e7\u00e3o Trov\u00e3o apreendeu drogas, balan\u00e7a de precis\u00e3o e materiais utilizados na embalagem do material. Quatro pessoas foram presas em flagrante por tr\u00e1fico de drogas. Outros dois envolvidos foram presos preventivamente.<\/p>\n<p>Segundo a delegada respons\u00e1vel pela opera\u00e7\u00e3o, Ione Maria Moreira Dias Barbosa, os presos seriam respons\u00e1veis por grande parte do esquemas de tr\u00e1fico de drogas na regi\u00e3o.<\/p>\n<p>\u201cA suspeita \u00e9 que eles tenham importante envolvimento no tr\u00e1fico em Buen\u00f3polis e tamb\u00e9m em Joaquim Fel\u00edcio. Temos ind\u00edcios de que esta droga estaria vindo de Belo Horizonte e tamb\u00e9m de Montes Claros. Inclusive, apreendemos um ve\u00edculo que seria utilizado no tr\u00e1fico aqui na regi\u00e3o\u201d, afirma a delegada.<\/p>\n<p>Os suspeitos foram ouvidos e encaminhados para a cadeia de Buen\u00f3polis.<\/p>\n<p><em>(Informa\u00e7\u00f5es publicadas pelo G1)<\/em><\/p>\n","protected":false},"excerpt":{"rendered":"<p>Seis pessoas foram presas durante uma opera\u00e7\u00e3o conjunta das Pol\u00edcias Civil e Militar de Buen\u00f3polis, Norte de Minas Gerais, nesta quinta-feira (23\/01). A a\u00e7\u00e3o foi realizada para o cumprimento de mandado de busca e apreens\u00e3o e pris\u00e3o preventiva de suspeitos de envolvimento com o tr\u00e1fico de drogas nas cidades de Joaquim Fel\u00edcio e Buen\u00f3polis. (Foto: [&hellip;]<\/p>\n","protected":false},"author":1,"featured_media":19252,"comment_status":"open","ping_status":"closed","sticky":false,"template":"","format":"standard","meta":{"amp_status":"","footnotes":""},"categories":[1236],"tags":[960,1043,3449],"class_list":["post-19251","post","type-post","status-publish","format-standard","has-post-thumbnail","hentry","category-norte_de_minas","tag-buenopolis","tag-joaquim-felicio","tag-seis-pessoas-sao-presas-durante-operacao-trovao-em-buenopolis"],"_links":{"self":[{"href":"https:\/\/aconteceunovale.com.br\/portal\/index.php?rest_route=\/wp\/v2\/posts\/19251","targetHints":{"allow":["GET"]}}],"collection":[{"href":"https:\/\/aconteceunovale.com.br\/portal\/index.php?rest_route=\/wp\/v2\/posts"}],"about":[{"href":"https:\/\/aconteceunovale.com.br\/portal\/index.php?rest_route=\/wp\/v2\/types\/post"}],"author":[{"embeddable":true,"href":"https:\/\/aconteceunovale.com.br\/portal\/index.php?rest_route=\/wp\/v2\/users\/1"}],"replies":[{"embeddable":true,"href":"https:\/\/aconteceunovale.com.br\/portal\/index.php?rest_route=%2Fwp%2Fv2%2Fcomments&post=19251"}],"version-history":[{"count":0,"href":"https:\/\/aconteceunovale.com.br\/portal\/index.php?rest_route=\/wp\/v2\/posts\/19251\/revisions"}],"wp:featuredmedia":[{"embeddable":true,"href":"https:\/\/aconteceunovale.com.br\/portal\/index.php?rest_route=\/wp\/v2\/media\/19252"}],"wp:attachment":[{"href":"https:\/\/aconteceunovale.com.br\/portal\/index.php?rest_route=%2Fwp%2Fv2%2Fmedia&parent=19251"}],"wp:term":[{"taxonomy":"category","embeddable":true,"href":"https:\/\/aconteceunovale.com.br\/portal\/index.php?rest_route=%2Fwp%2Fv2%2Fcategories&post=19251"},{"taxonomy":"post_tag","embeddable":true,"href":"https:\/\/aconteceunovale.com.br\/portal\/index.php?rest_route=%2Fwp%2Fv2%2Ftags&post=19251"}],"curies":[{"name":"wp","href":"https:\/\/api.w.org\/{rel}","templated":true}]}}