{"id":192507,"date":"2022-11-17T11:11:13","date_gmt":"2022-11-17T14:11:13","guid":{"rendered":"https:\/\/aconteceunovale.com.br\/portal\/?p=192507"},"modified":"2022-11-17T11:13:01","modified_gmt":"2022-11-17T14:13:01","slug":"defesa-civil-alerta-para-previsao-de-chuvas-intensas-em-minas-gerais-espirito-santo-e-bahia","status":"publish","type":"post","link":"https:\/\/aconteceunovale.com.br\/portal\/?p=192507","title":{"rendered":"Defesa Civil alerta para previs\u00e3o de chuvas intensas em Minas Gerais, Esp\u00edrito Santo e Bahia"},"content":{"rendered":"\n<h3 class=\"has-text-align-center wp-block-heading\"><em>Fortes chuvas devem atingir esses estados ao longo desta quinta (17) e sexta-feira (18) devido a uma frente fria que chega \u00e0 regi\u00e3o Sudeste e parte da regi\u00e3o Nordeste do Pa\u00eds<\/em><\/h3>\n\n\n\n<p class=\"wp-block-paragraph\">A Defesa Civil Nacional alerta para a previs\u00e3o de chuvas intensas nos estados de Minas Gerais, Esp\u00edrito Santo e Bahia ao longo desta quinta (17) e sexta-feira (18\/11\/2022). Segundo dados do Instituto Nacional de Meteorologia (Inmet), os locais mais afetados dever\u00e3o ser o norte, o noroeste e os Vales do Rio Doce, Jequitinhonha e Mucuri, em Minas Gerais, a regi\u00e3o central, o litoral norte e o noroeste do Esp\u00edrito Santo, e o Vale S\u00e3o Franciscano, o sul, o centro sul e o extremo oeste baiano.<\/p>\n\n\n\n<p class=\"wp-block-paragraph\">De acordo com o Inmet, os acumulados de chuvas podem chegar a 100 mil\u00edmetros por dia. Com isso, h\u00e1 risco de alagamentos, deslizamentos de encostas e transbordamentos de rios em cidades com tais \u00e1reas de risco.<\/p>\n\n\n\n<p class=\"wp-block-paragraph\">Diante da previs\u00e3o, o Centro Nacional de Gerenciamento de Riscos e Desastres (Cenad) do Minist\u00e9rio do Desenvolvimento Regional (MDR) j\u00e1 comunicou as defesas civis estaduais do risco e opera com equipes de plant\u00e3o para acompanhar o registro de qualquer ocorr\u00eancia significativa.<\/p>\n\n\n\n<p class=\"wp-block-paragraph\">O coordenador-geral de Gerenciamento de Desastres da Defesa Civil Nacional, Tiago Molina Schnorr, destaca a import\u00e2ncia de que a popula\u00e7\u00e3o fique atenta \u00e0s informa\u00e7\u00f5es oficiais e aos locais onde ser\u00e3o divulgados os alertas, al\u00e9m de adotar medidas de autoprote\u00e7\u00e3o.<\/p>\n\n\n\n<p class=\"wp-block-paragraph\">&#8220;\u00c9 fundamental que a popula\u00e7\u00e3o adote algumas medidas de preven\u00e7\u00e3o, como desligar aparelhos el\u00e9tricos e quadro geral de energia. Em caso de enxurrada, coloque documentos e objetos de valor em sacos pl\u00e1sticos. J\u00e1 em situa\u00e7\u00e3o de grande perigo confirmada, procure abrigo e evite permanecer ao ar livre. \u00c9 importante que a popula\u00e7\u00e3o fique atenta \u00e0s informa\u00e7\u00f5es oficiais e aos locais onde ser\u00e3o divulgados os alertas, al\u00e9m de adotar as medidas de autoprote\u00e7\u00e3o&#8221;, observou.<\/p>\n\n\n\n<p class=\"wp-block-paragraph\"><strong>Para receber alertas por WhatsApp<\/strong><\/p>\n\n\n\n<p class=\"wp-block-paragraph\">Para ter acesso ao servi\u00e7o, \u00e9 necess\u00e1rio se cadastrar pelo telefone (61) 2034-4611 ou pelo link\u00a0<a rel=\"noreferrer noopener\" href=\"https:\/\/s2211.envioscomunicacao.com\/link.php?code=bDpodHRwcyUzQSUyRiUyRndhLm1lJTJGNTU2MTIwMzQ0NjExOjExNjE3MjM5ODY6Y29udGF0b0BhY29udGVjZXVub3ZhbGUuY29tLmJyOjVjNDQ5MjoyZA==\" target=\"_blank\">Link<\/a>\u00a0e, em seguida, interagir com o chatbot (rob\u00f4 de atendimento), enviando um simples &#8220;Oi&#8221;. Ap\u00f3s essa primeira intera\u00e7\u00e3o, o usu\u00e1rio poder\u00e1 compartilhar sua localiza\u00e7\u00e3o atual ou escolher qualquer outra do seu interesse e, dessa forma, receber as mensagens que ser\u00e3o encaminhadas pelos \u00f3rg\u00e3os de defesa civil locais.<\/p>\n\n\n\n<p class=\"wp-block-paragraph\">Ap\u00f3s o envio de qualquer mensagem pelo usu\u00e1rio, o rob\u00f4 encaminhar\u00e1 a pergunta se a pessoa deseja receber os alertas da Defesa Civil. Se sim, ser\u00e1 disponibilizado no chatbot os termos de uso e pol\u00edtica de privacidade, que regulamentam o projeto, e o pedido para o aceite do usu\u00e1rio.<\/p>\n\n\n\n<p class=\"wp-block-paragraph\">Na sequ\u00eancia, ser\u00e1 solicitado ao usu\u00e1rio que envie a localiza\u00e7\u00e3o que deseja receber os alertas. Podem ser cadastradas v\u00e1rias localiza\u00e7\u00f5es diferentes, pensando nos lugares que frequenta, que deseja monitorar ou mesmo se for fazer alguma viagem.<\/p>\n\n\n\n<p class=\"wp-block-paragraph\">S\u00e3o tr\u00eas diferentes possibilidades para o cadastro das localiza\u00e7\u00f5es: a pessoa pode compartilhar a localiza\u00e7\u00e3o na mensagem (toque em Anexar > Localiza\u00e7\u00e3o); digitar o CEP e clicar em enviar ou, simplesmente, digitar o nome do munic\u00edpio e enviar. Essas \u00e1reas de interesse podem ser editadas a qualquer momento.<\/p>\n\n\n\n<p class=\"wp-block-paragraph\"><strong>Para receber alertas por SMS<\/strong><\/p>\n\n\n\n<p class=\"wp-block-paragraph\">A Defesa Civil Nacional orienta os moradores das regi\u00f5es de risco a se inscreverem nos servi\u00e7os de alerta, enviando um SMS com o CEP do local onde mora, ou outro local de interesse, para o n\u00famero 40199.<\/p>\n\n\n\n<p class=\"wp-block-paragraph\">N\u00e3o h\u00e1 limite de locais cadastrados e o servi\u00e7o \u00e9 totalmente gratuito para a popula\u00e7\u00e3o. A partir da previs\u00e3o de desastre, a popula\u00e7\u00e3o receber\u00e1 um aviso contendo informa\u00e7\u00f5es de risco e orienta\u00e7\u00f5es para a autoprote\u00e7\u00e3o.<\/p>\n\n\n\n<p class=\"wp-block-paragraph\">&#8212;&#8212;&#8212;&#8212;&#8212;&#8212;<br><br><strong>Sabia que o Aconteceu no Vale est\u00e1 tamb\u00e9m no Telegram? <a rel=\"noreferrer noopener\" href=\"https:\/\/t.me\/aconteceunovaleoficial\" target=\"_blank\">Inscreva-se no canal<\/a>.<\/strong><br><br><strong>J\u00e1 curtiu ou seguiu nossas p\u00e1ginas nas redes sociais?\u00a0Receba as not\u00edcias em primeira m\u00e3o:<\/strong><br>\u2022 <a rel=\"noreferrer noopener\" href=\"https:\/\/news.google.com\/publications\/CAAqBwgKMNjklQswi4etAw?hl=pt-BR&amp;gl=BR&amp;ceid=BR%3Apt-419\" target=\"_blank\">Google News<\/a><br>\u2022 <a rel=\"noreferrer noopener\" href=\"https:\/\/www.facebook.com\/aconteceunovale\/\" target=\"_blank\">Facebook<\/a><br>\u2022 <a rel=\"noreferrer noopener\" href=\"https:\/\/twitter.com\/noticiadosvales\" target=\"_blank\">Twitter<\/a><br>\u2022 <a rel=\"noreferrer noopener\" href=\"https:\/\/www.instagram.com\/aconteceunovale\" target=\"_blank\">Instagram<\/a><br>\u2022 <a rel=\"noreferrer noopener\" href=\"https:\/\/www.youtube.com\/AconteceunoValeOficial\" target=\"_blank\">Youtube<\/a><br>\u2022 <a rel=\"noreferrer noopener\" href=\"https:\/\/www.tiktok.com\/@aconteceunovale\" target=\"_blank\">TikTok<\/a><\/p>\n","protected":false},"excerpt":{"rendered":"<p>Fortes chuvas devem atingir esses estados ao longo desta quinta (17) e sexta-feira (18) devido a uma frente fria que chega \u00e0 regi\u00e3o Sudeste e parte da regi\u00e3o Nordeste do Pa\u00eds A Defesa Civil Nacional alerta para a previs\u00e3o de chuvas intensas nos estados de Minas Gerais, Esp\u00edrito Santo e Bahia ao longo desta quinta [&hellip;]<\/p>\n","protected":false},"author":4,"featured_media":192508,"comment_status":"open","ping_status":"closed","sticky":false,"template":"","format":"standard","meta":{"amp_status":"","footnotes":""},"categories":[6,121,123,1236,120,122],"tags":[266424,266417,266419,266418,266421,266422,266423,266420,266425,266426,2379,215281,266414,266416,266415,257020,1018,54659,192825,266119],"class_list":["post-192507","post","type-post","status-publish","format-standard","has-post-thumbnail","hentry","category-br","category-leste","category-gerais","category-norte_de_minas","category-jequi","category-mucuri","tag-alerta-da-defesa-civil","tag-alerta-de-chuvas-bahia","tag-alerta-de-chuvas-espirito-santo","tag-alerta-de-chuvas-minas-gerais","tag-alerta-de-chuvas-norte-de-minas","tag-alerta-de-chuvas-vale-do-jequitinhonha","tag-alerta-de-chuvas-vale-do-mucuri","tag-alerta-de-chuvas-vale-do-rio-doce","tag-alerta-defesa-civil-pelo-whatsapp","tag-alerta-defesa-civil-sms","tag-bahia","tag-cenad","tag-defesa-civil-alerta-para-previsao-de-chuvas-intensas-em-minas-gerais","tag-defesa-civil-alerta-para-previsao-de-chuvas-intensas-na-bahia","tag-defesa-civil-alerta-para-previsao-de-chuvas-intensas-no-espirito-santo","tag-defesa-civil-nacional","tag-destaque","tag-inmet","tag-mdr","tag-tiago-molina-schnorr"],"yoast_head":"<!-- This site is optimized with the Yoast SEO plugin v28.3 - https:\/\/yoast.com\/product\/yoast-seo-wordpress\/ -->\n<title>Defesa Civil alerta para previs\u00e3o de chuvas intensas em Minas Gerais, Esp\u00edrito Santo e Bahia - Aconteceu no Vale<\/title>\n<meta name=\"robots\" content=\"index, follow, max-snippet:-1, max-image-preview:large, max-video-preview:-1\" \/>\n<link rel=\"canonical\" href=\"https:\/\/aconteceunovale.com.br\/portal\/?p=192507\" \/>\n<meta property=\"og:locale\" content=\"pt_BR\" \/>\n<meta property=\"og:type\" content=\"article\" \/>\n<meta property=\"og:title\" content=\"Defesa Civil alerta para previs\u00e3o de chuvas intensas em Minas Gerais, Esp\u00edrito Santo e Bahia - Aconteceu no Vale\" \/>\n<meta property=\"og:description\" content=\"Fortes chuvas devem atingir esses estados ao longo desta quinta (17) e sexta-feira (18) devido a uma frente fria que chega \u00e0 regi\u00e3o Sudeste e parte da regi\u00e3o Nordeste do Pa\u00eds A Defesa Civil Nacional alerta para a previs\u00e3o de chuvas intensas nos estados de Minas Gerais, Esp\u00edrito Santo e Bahia ao longo desta quinta [&hellip;]\" \/>\n<meta property=\"og:url\" content=\"https:\/\/aconteceunovale.com.br\/portal\/?p=192507\" \/>\n<meta property=\"og:site_name\" content=\"Aconteceu no Vale\" \/>\n<meta property=\"article:publisher\" content=\"https:\/\/www.facebook.com\/aconteceunovale\/\" \/>\n<meta property=\"article:published_time\" content=\"2022-11-17T14:11:13+00:00\" \/>\n<meta property=\"article:modified_time\" content=\"2022-11-17T14:13:01+00:00\" \/>\n<meta property=\"og:image\" content=\"https:\/\/aconteceunovale.com.br\/portal\/wp-content\/uploads\/2022\/11\/chuva_intensa.jpeg\" \/>\n\t<meta property=\"og:image:width\" content=\"678\" \/>\n\t<meta property=\"og:image:height\" content=\"412\" \/>\n\t<meta property=\"og:image:type\" content=\"image\/jpeg\" \/>\n<meta name=\"author\" content=\"Reda\u00e7\u00e3o Aconteceu no Vale\" \/>\n<meta name=\"twitter:card\" content=\"summary_large_image\" \/>\n<meta name=\"twitter:creator\" content=\"@noticiadosvales\" \/>\n<meta name=\"twitter:site\" content=\"@noticiadosvales\" \/>\n<meta name=\"twitter:label1\" content=\"Escrito por\" \/>\n\t<meta name=\"twitter:data1\" content=\"Reda\u00e7\u00e3o Aconteceu no Vale\" \/>\n\t<meta name=\"twitter:label2\" content=\"Est. tempo de leitura\" \/>\n\t<meta name=\"twitter:data2\" content=\"3 minutos\" \/>\n<script type=\"application\/ld+json\" class=\"yoast-schema-graph\">{\"@context\":\"https:\\\/\\\/schema.org\",\"@graph\":[{\"@type\":\"Article\",\"@id\":\"https:\\\/\\\/aconteceunovale.com.br\\\/portal\\\/?p=192507#article\",\"isPartOf\":{\"@id\":\"https:\\\/\\\/aconteceunovale.com.br\\\/portal\\\/?p=192507\"},\"author\":{\"name\":\"Reda\u00e7\u00e3o Aconteceu no Vale\",\"@id\":\"https:\\\/\\\/aconteceunovale.com.br\\\/portal\\\/#\\\/schema\\\/person\\\/7d2f26d1483f8a63de73da1ee0754d35\"},\"headline\":\"Defesa Civil alerta para previs\u00e3o de chuvas intensas em Minas Gerais, Esp\u00edrito Santo e Bahia\",\"datePublished\":\"2022-11-17T14:11:13+00:00\",\"dateModified\":\"2022-11-17T14:13:01+00:00\",\"mainEntityOfPage\":{\"@id\":\"https:\\\/\\\/aconteceunovale.com.br\\\/portal\\\/?p=192507\"},\"wordCount\":692,\"commentCount\":0,\"image\":{\"@id\":\"https:\\\/\\\/aconteceunovale.com.br\\\/portal\\\/?p=192507#primaryimage\"},\"thumbnailUrl\":\"https:\\\/\\\/aconteceunovale.com.br\\\/portal\\\/wp-content\\\/uploads\\\/2022\\\/11\\\/chuva_intensa.jpeg\",\"keywords\":[\"Alerta da Defesa Civil\",\"Alerta de chuvas Bahia\",\"Alerta de chuvas Esp\u00edrito Santo\",\"Alerta de chuvas Minas Gerais\",\"Alerta de chuvas Norte de Minas\",\"Alerta de chuvas Vale do Jequitinhonha\",\"Alerta de chuvas Vale do Mucuri\",\"Alerta de chuvas Vale do Rio Doce\",\"Alerta defesa civil pelo WhatsApp\",\"Alerta defesa civil SMS\",\"Bahia\",\"Cenad\",\"Defesa Civil alerta para previs\u00e3o de chuvas intensas em Minas Gerais\",\"Defesa Civil alerta para previs\u00e3o de chuvas intensas na Bahia\",\"Defesa Civil alerta para previs\u00e3o de chuvas intensas no Esp\u00edrito Santo\",\"Defesa Civil Nacional\",\"destaque\",\"Inmet\",\"MDR\",\"Tiago Molina Schnorr\"],\"articleSection\":[\"Brasil\",\"Leste de Minas\",\"Minas Gerais\",\"Norte de Minas\",\"Vale do Jequitinhonha\",\"Vale do Mucuri\"],\"inLanguage\":\"pt-BR\",\"potentialAction\":[{\"@type\":\"CommentAction\",\"name\":\"Comment\",\"target\":[\"https:\\\/\\\/aconteceunovale.com.br\\\/portal\\\/?p=192507#respond\"]}]},{\"@type\":\"WebPage\",\"@id\":\"https:\\\/\\\/aconteceunovale.com.br\\\/portal\\\/?p=192507\",\"url\":\"https:\\\/\\\/aconteceunovale.com.br\\\/portal\\\/?p=192507\",\"name\":\"Defesa Civil alerta para previs\u00e3o de chuvas intensas em Minas Gerais, Esp\u00edrito Santo e Bahia - Aconteceu no Vale\",\"isPartOf\":{\"@id\":\"https:\\\/\\\/aconteceunovale.com.br\\\/portal\\\/#website\"},\"primaryImageOfPage\":{\"@id\":\"https:\\\/\\\/aconteceunovale.com.br\\\/portal\\\/?p=192507#primaryimage\"},\"image\":{\"@id\":\"https:\\\/\\\/aconteceunovale.com.br\\\/portal\\\/?p=192507#primaryimage\"},\"thumbnailUrl\":\"https:\\\/\\\/aconteceunovale.com.br\\\/portal\\\/wp-content\\\/uploads\\\/2022\\\/11\\\/chuva_intensa.jpeg\",\"datePublished\":\"2022-11-17T14:11:13+00:00\",\"dateModified\":\"2022-11-17T14:13:01+00:00\",\"author\":{\"@id\":\"https:\\\/\\\/aconteceunovale.com.br\\\/portal\\\/#\\\/schema\\\/person\\\/7d2f26d1483f8a63de73da1ee0754d35\"},\"breadcrumb\":{\"@id\":\"https:\\\/\\\/aconteceunovale.com.br\\\/portal\\\/?p=192507#breadcrumb\"},\"inLanguage\":\"pt-BR\",\"potentialAction\":[{\"@type\":\"ReadAction\",\"target\":[\"https:\\\/\\\/aconteceunovale.com.br\\\/portal\\\/?p=192507\"]}]},{\"@type\":\"ImageObject\",\"inLanguage\":\"pt-BR\",\"@id\":\"https:\\\/\\\/aconteceunovale.com.br\\\/portal\\\/?p=192507#primaryimage\",\"url\":\"https:\\\/\\\/aconteceunovale.com.br\\\/portal\\\/wp-content\\\/uploads\\\/2022\\\/11\\\/chuva_intensa.jpeg\",\"contentUrl\":\"https:\\\/\\\/aconteceunovale.com.br\\\/portal\\\/wp-content\\\/uploads\\\/2022\\\/11\\\/chuva_intensa.jpeg\",\"width\":678,\"height\":412},{\"@type\":\"BreadcrumbList\",\"@id\":\"https:\\\/\\\/aconteceunovale.com.br\\\/portal\\\/?p=192507#breadcrumb\",\"itemListElement\":[{\"@type\":\"ListItem\",\"position\":1,\"name\":\"In\u00edcio\",\"item\":\"https:\\\/\\\/aconteceunovale.com.br\\\/portal\\\/\"},{\"@type\":\"ListItem\",\"position\":2,\"name\":\"Defesa Civil alerta para previs\u00e3o de chuvas intensas em Minas Gerais, Esp\u00edrito Santo e Bahia\"}]},{\"@type\":\"WebSite\",\"@id\":\"https:\\\/\\\/aconteceunovale.com.br\\\/portal\\\/#website\",\"url\":\"https:\\\/\\\/aconteceunovale.com.br\\\/portal\\\/\",\"name\":\"Aconteceu no Vale\",\"description\":\"Portal de Not\u00edcias\",\"potentialAction\":[{\"@type\":\"SearchAction\",\"target\":{\"@type\":\"EntryPoint\",\"urlTemplate\":\"https:\\\/\\\/aconteceunovale.com.br\\\/portal\\\/?s={search_term_string}\"},\"query-input\":{\"@type\":\"PropertyValueSpecification\",\"valueRequired\":true,\"valueName\":\"search_term_string\"}}],\"inLanguage\":\"pt-BR\"},{\"@type\":\"Person\",\"@id\":\"https:\\\/\\\/aconteceunovale.com.br\\\/portal\\\/#\\\/schema\\\/person\\\/7d2f26d1483f8a63de73da1ee0754d35\",\"name\":\"Reda\u00e7\u00e3o Aconteceu no Vale\",\"description\":\"Equipe de reportagem do Aconteceu no Vale, portal de not\u00edcias do Vale do Jequitinhonha, em Minas Gerais. Cobrimos as 51 cidades do Vale desde 2013. Sugest\u00f5es de pauta e pedidos de corre\u00e7\u00e3o: contato@aconteceunovale.com.br\",\"url\":\"https:\\\/\\\/aconteceunovale.com.br\\\/portal\\\/?author=4\"}]}<\/script>\n<!-- \/ Yoast SEO plugin. -->","yoast_head_json":{"title":"Defesa Civil alerta para previs\u00e3o de chuvas intensas em Minas Gerais, Esp\u00edrito Santo e Bahia - Aconteceu no Vale","robots":{"index":"index","follow":"follow","max-snippet":"max-snippet:-1","max-image-preview":"max-image-preview:large","max-video-preview":"max-video-preview:-1"},"canonical":"https:\/\/aconteceunovale.com.br\/portal\/?p=192507","og_locale":"pt_BR","og_type":"article","og_title":"Defesa Civil alerta para previs\u00e3o de chuvas intensas em Minas Gerais, Esp\u00edrito Santo e Bahia - Aconteceu no Vale","og_description":"Fortes chuvas devem atingir esses estados ao longo desta quinta (17) e sexta-feira (18) devido a uma frente fria que chega \u00e0 regi\u00e3o Sudeste e parte da regi\u00e3o Nordeste do Pa\u00eds A Defesa Civil Nacional alerta para a previs\u00e3o de chuvas intensas nos estados de Minas Gerais, Esp\u00edrito Santo e Bahia ao longo desta quinta [&hellip;]","og_url":"https:\/\/aconteceunovale.com.br\/portal\/?p=192507","og_site_name":"Aconteceu no Vale","article_publisher":"https:\/\/www.facebook.com\/aconteceunovale\/","article_published_time":"2022-11-17T14:11:13+00:00","article_modified_time":"2022-11-17T14:13:01+00:00","og_image":[{"width":678,"height":412,"url":"https:\/\/aconteceunovale.com.br\/portal\/wp-content\/uploads\/2022\/11\/chuva_intensa.jpeg","type":"image\/jpeg"}],"author":"Reda\u00e7\u00e3o Aconteceu no Vale","twitter_card":"summary_large_image","twitter_creator":"@noticiadosvales","twitter_site":"@noticiadosvales","twitter_misc":{"Escrito por":"Reda\u00e7\u00e3o Aconteceu no Vale","Est. tempo de leitura":"3 minutos"},"schema":{"@context":"https:\/\/schema.org","@graph":[{"@type":"Article","@id":"https:\/\/aconteceunovale.com.br\/portal\/?p=192507#article","isPartOf":{"@id":"https:\/\/aconteceunovale.com.br\/portal\/?p=192507"},"author":{"name":"Reda\u00e7\u00e3o Aconteceu no Vale","@id":"https:\/\/aconteceunovale.com.br\/portal\/#\/schema\/person\/7d2f26d1483f8a63de73da1ee0754d35"},"headline":"Defesa Civil alerta para previs\u00e3o de chuvas intensas em Minas Gerais, Esp\u00edrito Santo e Bahia","datePublished":"2022-11-17T14:11:13+00:00","dateModified":"2022-11-17T14:13:01+00:00","mainEntityOfPage":{"@id":"https:\/\/aconteceunovale.com.br\/portal\/?p=192507"},"wordCount":692,"commentCount":0,"image":{"@id":"https:\/\/aconteceunovale.com.br\/portal\/?p=192507#primaryimage"},"thumbnailUrl":"https:\/\/aconteceunovale.com.br\/portal\/wp-content\/uploads\/2022\/11\/chuva_intensa.jpeg","keywords":["Alerta da Defesa Civil","Alerta de chuvas Bahia","Alerta de chuvas Esp\u00edrito Santo","Alerta de chuvas Minas Gerais","Alerta de chuvas Norte de Minas","Alerta de chuvas Vale do Jequitinhonha","Alerta de chuvas Vale do Mucuri","Alerta de chuvas Vale do Rio Doce","Alerta defesa civil pelo WhatsApp","Alerta defesa civil SMS","Bahia","Cenad","Defesa Civil alerta para previs\u00e3o de chuvas intensas em Minas Gerais","Defesa Civil alerta para previs\u00e3o de chuvas intensas na Bahia","Defesa Civil alerta para previs\u00e3o de chuvas intensas no Esp\u00edrito Santo","Defesa Civil Nacional","destaque","Inmet","MDR","Tiago Molina Schnorr"],"articleSection":["Brasil","Leste de Minas","Minas Gerais","Norte de Minas","Vale do Jequitinhonha","Vale do Mucuri"],"inLanguage":"pt-BR","potentialAction":[{"@type":"CommentAction","name":"Comment","target":["https:\/\/aconteceunovale.com.br\/portal\/?p=192507#respond"]}]},{"@type":"WebPage","@id":"https:\/\/aconteceunovale.com.br\/portal\/?p=192507","url":"https:\/\/aconteceunovale.com.br\/portal\/?p=192507","name":"Defesa Civil alerta para previs\u00e3o de chuvas intensas em Minas Gerais, Esp\u00edrito Santo e Bahia - Aconteceu no Vale","isPartOf":{"@id":"https:\/\/aconteceunovale.com.br\/portal\/#website"},"primaryImageOfPage":{"@id":"https:\/\/aconteceunovale.com.br\/portal\/?p=192507#primaryimage"},"image":{"@id":"https:\/\/aconteceunovale.com.br\/portal\/?p=192507#primaryimage"},"thumbnailUrl":"https:\/\/aconteceunovale.com.br\/portal\/wp-content\/uploads\/2022\/11\/chuva_intensa.jpeg","datePublished":"2022-11-17T14:11:13+00:00","dateModified":"2022-11-17T14:13:01+00:00","author":{"@id":"https:\/\/aconteceunovale.com.br\/portal\/#\/schema\/person\/7d2f26d1483f8a63de73da1ee0754d35"},"breadcrumb":{"@id":"https:\/\/aconteceunovale.com.br\/portal\/?p=192507#breadcrumb"},"inLanguage":"pt-BR","potentialAction":[{"@type":"ReadAction","target":["https:\/\/aconteceunovale.com.br\/portal\/?p=192507"]}]},{"@type":"ImageObject","inLanguage":"pt-BR","@id":"https:\/\/aconteceunovale.com.br\/portal\/?p=192507#primaryimage","url":"https:\/\/aconteceunovale.com.br\/portal\/wp-content\/uploads\/2022\/11\/chuva_intensa.jpeg","contentUrl":"https:\/\/aconteceunovale.com.br\/portal\/wp-content\/uploads\/2022\/11\/chuva_intensa.jpeg","width":678,"height":412},{"@type":"BreadcrumbList","@id":"https:\/\/aconteceunovale.com.br\/portal\/?p=192507#breadcrumb","itemListElement":[{"@type":"ListItem","position":1,"name":"In\u00edcio","item":"https:\/\/aconteceunovale.com.br\/portal\/"},{"@type":"ListItem","position":2,"name":"Defesa Civil alerta para previs\u00e3o de chuvas intensas em Minas Gerais, Esp\u00edrito Santo e Bahia"}]},{"@type":"WebSite","@id":"https:\/\/aconteceunovale.com.br\/portal\/#website","url":"https:\/\/aconteceunovale.com.br\/portal\/","name":"Aconteceu no Vale","description":"Portal de Not\u00edcias","potentialAction":[{"@type":"SearchAction","target":{"@type":"EntryPoint","urlTemplate":"https:\/\/aconteceunovale.com.br\/portal\/?s={search_term_string}"},"query-input":{"@type":"PropertyValueSpecification","valueRequired":true,"valueName":"search_term_string"}}],"inLanguage":"pt-BR"},{"@type":"Person","@id":"https:\/\/aconteceunovale.com.br\/portal\/#\/schema\/person\/7d2f26d1483f8a63de73da1ee0754d35","name":"Reda\u00e7\u00e3o Aconteceu no Vale","description":"Equipe de reportagem do Aconteceu no Vale, portal de not\u00edcias do Vale do Jequitinhonha, em Minas Gerais. Cobrimos as 51 cidades do Vale desde 2013. Sugest\u00f5es de pauta e pedidos de corre\u00e7\u00e3o: contato@aconteceunovale.com.br","url":"https:\/\/aconteceunovale.com.br\/portal\/?author=4"}]}},"_links":{"self":[{"href":"https:\/\/aconteceunovale.com.br\/portal\/index.php?rest_route=\/wp\/v2\/posts\/192507","targetHints":{"allow":["GET"]}}],"collection":[{"href":"https:\/\/aconteceunovale.com.br\/portal\/index.php?rest_route=\/wp\/v2\/posts"}],"about":[{"href":"https:\/\/aconteceunovale.com.br\/portal\/index.php?rest_route=\/wp\/v2\/types\/post"}],"author":[{"embeddable":true,"href":"https:\/\/aconteceunovale.com.br\/portal\/index.php?rest_route=\/wp\/v2\/users\/4"}],"replies":[{"embeddable":true,"href":"https:\/\/aconteceunovale.com.br\/portal\/index.php?rest_route=%2Fwp%2Fv2%2Fcomments&post=192507"}],"version-history":[{"count":1,"href":"https:\/\/aconteceunovale.com.br\/portal\/index.php?rest_route=\/wp\/v2\/posts\/192507\/revisions"}],"predecessor-version":[{"id":192509,"href":"https:\/\/aconteceunovale.com.br\/portal\/index.php?rest_route=\/wp\/v2\/posts\/192507\/revisions\/192509"}],"wp:featuredmedia":[{"embeddable":true,"href":"https:\/\/aconteceunovale.com.br\/portal\/index.php?rest_route=\/wp\/v2\/media\/192508"}],"wp:attachment":[{"href":"https:\/\/aconteceunovale.com.br\/portal\/index.php?rest_route=%2Fwp%2Fv2%2Fmedia&parent=192507"}],"wp:term":[{"taxonomy":"category","embeddable":true,"href":"https:\/\/aconteceunovale.com.br\/portal\/index.php?rest_route=%2Fwp%2Fv2%2Fcategories&post=192507"},{"taxonomy":"post_tag","embeddable":true,"href":"https:\/\/aconteceunovale.com.br\/portal\/index.php?rest_route=%2Fwp%2Fv2%2Ftags&post=192507"}],"curies":[{"name":"wp","href":"https:\/\/api.w.org\/{rel}","templated":true}]}}