{"id":192505,"date":"2022-11-16T22:50:29","date_gmt":"2022-11-17T01:50:29","guid":{"rendered":"https:\/\/aconteceunovale.com.br\/portal\/?p=192505"},"modified":"2022-11-16T22:51:55","modified_gmt":"2022-11-17T01:51:55","slug":"policiais-civis-sao-condenados-por-peculato-no-vale-do-jequitinhonha","status":"publish","type":"post","link":"https:\/\/aconteceunovale.com.br\/portal\/?p=192505","title":{"rendered":"Policiais civis s\u00e3o condenados por peculato no Vale do Jequitinhonha"},"content":{"rendered":"\n<p class=\"wp-block-paragraph\">Os desembargadores da 7\u00aa C\u00e2mara Criminal do Tribunal de Justi\u00e7a de Minas Gerais condenaram por peculato&nbsp;quatro investigadores da Pol\u00edcia Civil&nbsp;que atuavam na Comarca de Pedra Azul. Al\u00e9m da perda dos cargos p\u00fablicos, eles foram condenados a tr\u00eas anos de reclus\u00e3o, em regime inicialmente aberto, pena substitu\u00edda pela presta\u00e7\u00e3o de servi\u00e7os \u00e0 comunidade e ao pagamento de presta\u00e7\u00e3o pecuni\u00e1ria no valor de 15 sal\u00e1rios m\u00ednimos. De acordo com as investiga\u00e7\u00f5es, os&nbsp;policiais civis teriam desviado&nbsp;parte de uma carga roubada, que havia sido recuperada, e a venderam. A senten\u00e7a na 1\u00aa Inst\u00e2ncia foi proferida pelo juiz Guilherme Esch de Rueda, da 1\u00aa Vara C\u00edvel, Criminal e de Execu\u00e7\u00f5es Penais de Pedra Azul (MG).<\/p>\n\n\n\n<p class=\"wp-block-paragraph\">Al\u00e9m dos quatro investigadores,&nbsp;foi condenado um comerciante de Te\u00f3filo Otoni por recepta\u00e7\u00e3o qualificada. A pena do comerciante foi fixada em um ano e seis meses de reclus\u00e3o, em regime inicialmente aberto. A pena privativa de liberdade foi substitu\u00edda por uma pena restritiva de direitos, consistente na presta\u00e7\u00e3o de servi\u00e7os \u00e0 comunidade e ao pagamento de uma presta\u00e7\u00e3o pecuni\u00e1ria no valor de 30 sal\u00e1rios m\u00ednimos. A esposa do comerciante foi absolvida do crime de recepta\u00e7\u00e3o, j\u00e1 que o conjunto de provas n\u00e3o permitiu identificar o envolvimento da mulher de forma clara e inequ\u00edvoca.<\/p>\n\n\n\n<p class=\"wp-block-paragraph\">O crime de peculato \u00e9 descrito no artigo 312, do C\u00f3digo Penal, como o ato de o funcion\u00e1rio p\u00fablico apropriar-se de dinheiro, valor ou qualquer outro bem m\u00f3vel, p\u00fablico ou particular, de que tem a posse em raz\u00e3o do cargo, ou desvi\u00e1-lo, em proveito pr\u00f3prio ou alheio.<\/p>\n\n\n\n<h2 class=\"wp-block-heading\"><strong>Hist\u00f3rico<\/strong><\/h2>\n\n\n\n<p class=\"wp-block-paragraph\">Segundo o processo, em 8 de novembro de 2019, um caminhoneiro fazia o transporte de uma carga de produtos de limpeza e de higiene pessoal avaliada em R$ 816,9 mil. A carga, composta por mais de 8 mil caixas de desodorantes e 1,6 mil caixas de creme para pentear, havia sa\u00eddo de Louveira\/SP, tendo como destino Igarass\u00fa\/PE. Na BR-251, pr\u00f3ximo a Montes Claros\/MG, o caminhoneiro foi rendido e levado \u00e0 BR-116, onde um outro caminh\u00e3o, escondido em uma estrada vicinal, em \u00e1rea de mata espessa, aguardava para levar a mercadoria.<\/p>\n\n\n\n<p class=\"wp-block-paragraph\">O departamento de seguran\u00e7a da transportadora percebeu o desaparecimento do sinal eletr\u00f4nico que rastreava o caminh\u00e3o e acionou a Pol\u00edcia Civil da Delegacia Regional de Pedra Azul\/MG para ajudar nas buscas. Os quatro policiais condenados se prontificaram a integrar a equipe de investigadores do caso.<\/p>\n\n\n\n<p class=\"wp-block-paragraph\">Com a ajuda dos profissionais da transportadora e de um rastreador, a equipe policial chegou \u00e0 estrada vicinal, onde flagraram os assaltantes carregando o segundo caminh\u00e3o com a mercadoria roubada. Os ladr\u00f5es fugiram e o condutor do caminh\u00e3o foi libertado. Segundo a v\u00edtima, parte do material j\u00e1 havia sido transportado em ve\u00edculos menores. Os quatro policiais preencheram um boletim de ocorr\u00eancia descrevendo a recupera\u00e7\u00e3o de 4,9 mil caixas de mercadorias.<\/p>\n\n\n\n<p class=\"wp-block-paragraph\">Uma outra parte dos produtos foi encontrada pela Pol\u00edcia Militar de \u00c1guas Vermelhas\/MG&nbsp;em um restaurante abandonado&nbsp;\u00e0s margens da BR-116. A mesma equipe de investigadores foi chamada ao local e elaborou um novo boletim de ocorr\u00eancia, relatando a recupera\u00e7\u00e3o de outras 2,9 mil caixas de produtos de higiene pessoal e beleza.<\/p>\n\n\n\n<p class=\"wp-block-paragraph\">Os&nbsp;registros do material recuperado foram feitos em n\u00famero inferior ao que efetivamente foi encontrado. O material desviado foi negociado com um comerciante de Te\u00f3filo Otoni, que recebeu a mercadoria em 14 de novembro. Os produtos foram pagos com dois cheques, no valor total de R$ 60 mil. Contudo, um laudo pericial elaborado posteriormente atestou que a mercadoria valia cerca de R$ 143 mil e foi adquirida pelo comerciante sem que fossem apresentadas as notas fiscais relativas aos produtos.<\/p>\n\n\n\n<h2 class=\"wp-block-heading\"><strong>Materialidade<\/strong><\/h2>\n\n\n\n<p class=\"wp-block-paragraph\">Para os desembargadores, a materialidade do crime ficou comprovada por meio dos autos de apreens\u00e3o, dos boletins de ocorr\u00eancia, de laudos, dos termos de restitui\u00e7\u00e3o, das fichas de vistoria de ve\u00edculos, das notas fiscais e dos depoimentos coletados. Documentos anexados ao processo tamb\u00e9m apontaram discrep\u00e2ncias entre os relat\u00f3rios&nbsp;elaborados pela Pol\u00edcia Militar e pela Pol\u00edcia Civil, que descreveram a quantidade de produtos encontrados.<\/p>\n\n\n\n<p class=\"wp-block-paragraph\">Em seu voto, o relator do processo na 2\u00aa Inst\u00e2ncia, desembargador Paulo Calmon Nogueira da Gama, citou a culpabilidade dos r\u00e9us, os quais, \u201cao inv\u00e9s de combaterem o epis\u00f3dio concreto de criminalidade, praticaram delito por conta pr\u00f3pria\u201d.\u00a0Para o revisor do caso no TJMG, desembargador Marc\u00edlio Eust\u00e1quio dos Santos, ainda que os produtos n\u00e3o estivessem expostos \u00e0 venda no estabelecimento comercial que os receptou, \u201capenas o fato de terem sido encontrados no interior do local j\u00e1 permite a conclus\u00e3o da conduta do agente em rela\u00e7\u00e3o ao delito de recepta\u00e7\u00e3o em sua forma qualificada&#8221;.<\/p>\n\n\n\n<p class=\"wp-block-paragraph\">&#8212;&#8212;&#8212;&#8212;&#8212;&#8212;<br><br><strong>Sabia que o Aconteceu no Vale est\u00e1 tamb\u00e9m no Telegram? <a rel=\"noreferrer noopener\" href=\"https:\/\/t.me\/aconteceunovaleoficial\" target=\"_blank\">Inscreva-se no canal<\/a>.<\/strong><br><br><strong>J\u00e1 curtiu ou seguiu nossas p\u00e1ginas nas redes sociais?\u00a0Receba as not\u00edcias em primeira m\u00e3o:<\/strong><br>\u2022 <a rel=\"noreferrer noopener\" href=\"https:\/\/news.google.com\/publications\/CAAqBwgKMNjklQswi4etAw?hl=pt-BR&amp;gl=BR&amp;ceid=BR%3Apt-419\" target=\"_blank\">Google News<\/a><br>\u2022 <a rel=\"noreferrer noopener\" href=\"https:\/\/www.facebook.com\/aconteceunovale\/\" target=\"_blank\">Facebook<\/a><br>\u2022 <a rel=\"noreferrer noopener\" href=\"https:\/\/twitter.com\/noticiadosvales\" target=\"_blank\">Twitter<\/a><br>\u2022 <a rel=\"noreferrer noopener\" href=\"https:\/\/www.instagram.com\/aconteceunovale\" target=\"_blank\">Instagram<\/a><br>\u2022 <a rel=\"noreferrer noopener\" href=\"https:\/\/www.youtube.com\/AconteceunoValeOficial\" target=\"_blank\">Youtube<\/a><br>\u2022 <a rel=\"noreferrer noopener\" href=\"https:\/\/www.tiktok.com\/@aconteceunovale\" target=\"_blank\">TikTok<\/a><\/p>\n","protected":false},"excerpt":{"rendered":"<p>Os desembargadores da 7\u00aa C\u00e2mara Criminal do Tribunal de Justi\u00e7a de Minas Gerais condenaram por peculato&nbsp;quatro investigadores da Pol\u00edcia Civil&nbsp;que atuavam na Comarca de Pedra Azul. Al\u00e9m da perda dos cargos p\u00fablicos, eles foram condenados a tr\u00eas anos de reclus\u00e3o, em regime inicialmente aberto, pena substitu\u00edda pela presta\u00e7\u00e3o de servi\u00e7os \u00e0 comunidade e ao pagamento [&hellip;]<\/p>\n","protected":false},"author":4,"featured_media":153477,"comment_status":"open","ping_status":"closed","sticky":false,"template":"","format":"standard","meta":{"amp_status":"","footnotes":""},"categories":[120,122],"tags":[4202,266413,1018,91039,91072,210,252710,455,266411,266410,266412,164,270],"class_list":["post-192505","post","type-post","status-publish","format-standard","has-post-thumbnail","hentry","category-jequi","category-mucuri","tag-aguas-vermelhas","tag-comerciante-de-teofilo-otoni","tag-destaque","tag-igarassu","tag-louveira","tag-montes-claros","tag-pcmg-em-pedra-azul","tag-pedra-azul","tag-policiais-civis-sao-condenados-por-peculato-em-pedra-azul","tag-policiais-civis-sao-condenados-por-peculato-no-vale-do-jequitinhonha","tag-policiais-civis-sao-condenados-por-venda-de-carga-roubada-em-pedra-azul","tag-teofilo-otoni","tag-tjmg"],"yoast_head":"<!-- This site is optimized with the Yoast SEO plugin v28.3 - https:\/\/yoast.com\/product\/yoast-seo-wordpress\/ -->\n<title>Policiais civis s\u00e3o condenados por peculato no Vale do Jequitinhonha - Aconteceu no Vale<\/title>\n<meta name=\"robots\" content=\"index, follow, max-snippet:-1, max-image-preview:large, max-video-preview:-1\" \/>\n<link rel=\"canonical\" href=\"https:\/\/aconteceunovale.com.br\/portal\/?p=192505\" \/>\n<meta property=\"og:locale\" content=\"pt_BR\" \/>\n<meta property=\"og:type\" content=\"article\" \/>\n<meta property=\"og:title\" content=\"Policiais civis s\u00e3o condenados por peculato no Vale do Jequitinhonha - Aconteceu no Vale\" \/>\n<meta property=\"og:description\" content=\"Os desembargadores da 7\u00aa C\u00e2mara Criminal do Tribunal de Justi\u00e7a de Minas Gerais condenaram por peculato&nbsp;quatro investigadores da Pol\u00edcia Civil&nbsp;que atuavam na Comarca de Pedra Azul. Al\u00e9m da perda dos cargos p\u00fablicos, eles foram condenados a tr\u00eas anos de reclus\u00e3o, em regime inicialmente aberto, pena substitu\u00edda pela presta\u00e7\u00e3o de servi\u00e7os \u00e0 comunidade e ao pagamento [&hellip;]\" \/>\n<meta property=\"og:url\" content=\"https:\/\/aconteceunovale.com.br\/portal\/?p=192505\" \/>\n<meta property=\"og:site_name\" content=\"Aconteceu no Vale\" \/>\n<meta property=\"article:publisher\" content=\"https:\/\/www.facebook.com\/aconteceunovale\/\" \/>\n<meta property=\"article:published_time\" content=\"2022-11-17T01:50:29+00:00\" \/>\n<meta property=\"article:modified_time\" content=\"2022-11-17T01:51:55+00:00\" \/>\n<meta property=\"og:image\" content=\"https:\/\/aconteceunovale.com.br\/portal\/wp-content\/uploads\/2019\/10\/condenado.jpg\" \/>\n\t<meta property=\"og:image:width\" content=\"678\" \/>\n\t<meta property=\"og:image:height\" content=\"394\" \/>\n\t<meta property=\"og:image:type\" content=\"image\/jpeg\" \/>\n<meta name=\"author\" content=\"Reda\u00e7\u00e3o Aconteceu no Vale\" \/>\n<meta name=\"twitter:card\" content=\"summary_large_image\" \/>\n<meta name=\"twitter:creator\" content=\"@noticiadosvales\" \/>\n<meta name=\"twitter:site\" content=\"@noticiadosvales\" \/>\n<meta name=\"twitter:label1\" content=\"Escrito por\" \/>\n\t<meta name=\"twitter:data1\" content=\"Reda\u00e7\u00e3o Aconteceu no Vale\" \/>\n\t<meta name=\"twitter:label2\" content=\"Est. tempo de leitura\" \/>\n\t<meta name=\"twitter:data2\" content=\"4 minutos\" \/>\n<script type=\"application\/ld+json\" class=\"yoast-schema-graph\">{\"@context\":\"https:\\\/\\\/schema.org\",\"@graph\":[{\"@type\":\"Article\",\"@id\":\"https:\\\/\\\/aconteceunovale.com.br\\\/portal\\\/?p=192505#article\",\"isPartOf\":{\"@id\":\"https:\\\/\\\/aconteceunovale.com.br\\\/portal\\\/?p=192505\"},\"author\":{\"name\":\"Reda\u00e7\u00e3o Aconteceu no Vale\",\"@id\":\"https:\\\/\\\/aconteceunovale.com.br\\\/portal\\\/#\\\/schema\\\/person\\\/7d2f26d1483f8a63de73da1ee0754d35\"},\"headline\":\"Policiais civis s\u00e3o condenados por peculato no Vale do Jequitinhonha\",\"datePublished\":\"2022-11-17T01:50:29+00:00\",\"dateModified\":\"2022-11-17T01:51:55+00:00\",\"mainEntityOfPage\":{\"@id\":\"https:\\\/\\\/aconteceunovale.com.br\\\/portal\\\/?p=192505\"},\"wordCount\":871,\"commentCount\":0,\"image\":{\"@id\":\"https:\\\/\\\/aconteceunovale.com.br\\\/portal\\\/?p=192505#primaryimage\"},\"thumbnailUrl\":\"https:\\\/\\\/aconteceunovale.com.br\\\/portal\\\/wp-content\\\/uploads\\\/2019\\\/10\\\/condenado.jpg\",\"keywords\":[\"\u00c1guas Vermelhas\",\"Comerciante de Te\u00f3filo Otoni\",\"destaque\",\"Igarassu\",\"Louveira\",\"Montes Claros\",\"PCMG em Pedra Azul\",\"Pedra Azul\",\"Policiais civis s\u00e3o condenados por peculato em Pedra Azul\",\"Policiais civis s\u00e3o condenados por peculato no Vale do Jequitinhonha\",\"Policiais civis s\u00e3o condenados por venda de carga roubada em Pedra Azul\",\"Te\u00f3filo Otoni\",\"TJMG\"],\"articleSection\":[\"Vale do Jequitinhonha\",\"Vale do Mucuri\"],\"inLanguage\":\"pt-BR\",\"potentialAction\":[{\"@type\":\"CommentAction\",\"name\":\"Comment\",\"target\":[\"https:\\\/\\\/aconteceunovale.com.br\\\/portal\\\/?p=192505#respond\"]}]},{\"@type\":\"WebPage\",\"@id\":\"https:\\\/\\\/aconteceunovale.com.br\\\/portal\\\/?p=192505\",\"url\":\"https:\\\/\\\/aconteceunovale.com.br\\\/portal\\\/?p=192505\",\"name\":\"Policiais civis s\u00e3o condenados por peculato no Vale do Jequitinhonha - Aconteceu no Vale\",\"isPartOf\":{\"@id\":\"https:\\\/\\\/aconteceunovale.com.br\\\/portal\\\/#website\"},\"primaryImageOfPage\":{\"@id\":\"https:\\\/\\\/aconteceunovale.com.br\\\/portal\\\/?p=192505#primaryimage\"},\"image\":{\"@id\":\"https:\\\/\\\/aconteceunovale.com.br\\\/portal\\\/?p=192505#primaryimage\"},\"thumbnailUrl\":\"https:\\\/\\\/aconteceunovale.com.br\\\/portal\\\/wp-content\\\/uploads\\\/2019\\\/10\\\/condenado.jpg\",\"datePublished\":\"2022-11-17T01:50:29+00:00\",\"dateModified\":\"2022-11-17T01:51:55+00:00\",\"author\":{\"@id\":\"https:\\\/\\\/aconteceunovale.com.br\\\/portal\\\/#\\\/schema\\\/person\\\/7d2f26d1483f8a63de73da1ee0754d35\"},\"breadcrumb\":{\"@id\":\"https:\\\/\\\/aconteceunovale.com.br\\\/portal\\\/?p=192505#breadcrumb\"},\"inLanguage\":\"pt-BR\",\"potentialAction\":[{\"@type\":\"ReadAction\",\"target\":[\"https:\\\/\\\/aconteceunovale.com.br\\\/portal\\\/?p=192505\"]}]},{\"@type\":\"ImageObject\",\"inLanguage\":\"pt-BR\",\"@id\":\"https:\\\/\\\/aconteceunovale.com.br\\\/portal\\\/?p=192505#primaryimage\",\"url\":\"https:\\\/\\\/aconteceunovale.com.br\\\/portal\\\/wp-content\\\/uploads\\\/2019\\\/10\\\/condenado.jpg\",\"contentUrl\":\"https:\\\/\\\/aconteceunovale.com.br\\\/portal\\\/wp-content\\\/uploads\\\/2019\\\/10\\\/condenado.jpg\",\"width\":678,\"height\":394},{\"@type\":\"BreadcrumbList\",\"@id\":\"https:\\\/\\\/aconteceunovale.com.br\\\/portal\\\/?p=192505#breadcrumb\",\"itemListElement\":[{\"@type\":\"ListItem\",\"position\":1,\"name\":\"In\u00edcio\",\"item\":\"https:\\\/\\\/aconteceunovale.com.br\\\/portal\\\/\"},{\"@type\":\"ListItem\",\"position\":2,\"name\":\"Policiais civis s\u00e3o condenados por peculato no Vale do Jequitinhonha\"}]},{\"@type\":\"WebSite\",\"@id\":\"https:\\\/\\\/aconteceunovale.com.br\\\/portal\\\/#website\",\"url\":\"https:\\\/\\\/aconteceunovale.com.br\\\/portal\\\/\",\"name\":\"Aconteceu no Vale\",\"description\":\"Portal de Not\u00edcias\",\"potentialAction\":[{\"@type\":\"SearchAction\",\"target\":{\"@type\":\"EntryPoint\",\"urlTemplate\":\"https:\\\/\\\/aconteceunovale.com.br\\\/portal\\\/?s={search_term_string}\"},\"query-input\":{\"@type\":\"PropertyValueSpecification\",\"valueRequired\":true,\"valueName\":\"search_term_string\"}}],\"inLanguage\":\"pt-BR\"},{\"@type\":\"Person\",\"@id\":\"https:\\\/\\\/aconteceunovale.com.br\\\/portal\\\/#\\\/schema\\\/person\\\/7d2f26d1483f8a63de73da1ee0754d35\",\"name\":\"Reda\u00e7\u00e3o Aconteceu no Vale\",\"description\":\"Equipe de reportagem do Aconteceu no Vale, portal de not\u00edcias do Vale do Jequitinhonha, em Minas Gerais. Cobrimos as 51 cidades do Vale desde 2013. Sugest\u00f5es de pauta e pedidos de corre\u00e7\u00e3o: contato@aconteceunovale.com.br\",\"url\":\"https:\\\/\\\/aconteceunovale.com.br\\\/portal\\\/?author=4\"}]}<\/script>\n<!-- \/ Yoast SEO plugin. -->","yoast_head_json":{"title":"Policiais civis s\u00e3o condenados por peculato no Vale do Jequitinhonha - Aconteceu no Vale","robots":{"index":"index","follow":"follow","max-snippet":"max-snippet:-1","max-image-preview":"max-image-preview:large","max-video-preview":"max-video-preview:-1"},"canonical":"https:\/\/aconteceunovale.com.br\/portal\/?p=192505","og_locale":"pt_BR","og_type":"article","og_title":"Policiais civis s\u00e3o condenados por peculato no Vale do Jequitinhonha - Aconteceu no Vale","og_description":"Os desembargadores da 7\u00aa C\u00e2mara Criminal do Tribunal de Justi\u00e7a de Minas Gerais condenaram por peculato&nbsp;quatro investigadores da Pol\u00edcia Civil&nbsp;que atuavam na Comarca de Pedra Azul. Al\u00e9m da perda dos cargos p\u00fablicos, eles foram condenados a tr\u00eas anos de reclus\u00e3o, em regime inicialmente aberto, pena substitu\u00edda pela presta\u00e7\u00e3o de servi\u00e7os \u00e0 comunidade e ao pagamento [&hellip;]","og_url":"https:\/\/aconteceunovale.com.br\/portal\/?p=192505","og_site_name":"Aconteceu no Vale","article_publisher":"https:\/\/www.facebook.com\/aconteceunovale\/","article_published_time":"2022-11-17T01:50:29+00:00","article_modified_time":"2022-11-17T01:51:55+00:00","og_image":[{"width":678,"height":394,"url":"https:\/\/aconteceunovale.com.br\/portal\/wp-content\/uploads\/2019\/10\/condenado.jpg","type":"image\/jpeg"}],"author":"Reda\u00e7\u00e3o Aconteceu no Vale","twitter_card":"summary_large_image","twitter_creator":"@noticiadosvales","twitter_site":"@noticiadosvales","twitter_misc":{"Escrito por":"Reda\u00e7\u00e3o Aconteceu no Vale","Est. tempo de leitura":"4 minutos"},"schema":{"@context":"https:\/\/schema.org","@graph":[{"@type":"Article","@id":"https:\/\/aconteceunovale.com.br\/portal\/?p=192505#article","isPartOf":{"@id":"https:\/\/aconteceunovale.com.br\/portal\/?p=192505"},"author":{"name":"Reda\u00e7\u00e3o Aconteceu no Vale","@id":"https:\/\/aconteceunovale.com.br\/portal\/#\/schema\/person\/7d2f26d1483f8a63de73da1ee0754d35"},"headline":"Policiais civis s\u00e3o condenados por peculato no Vale do Jequitinhonha","datePublished":"2022-11-17T01:50:29+00:00","dateModified":"2022-11-17T01:51:55+00:00","mainEntityOfPage":{"@id":"https:\/\/aconteceunovale.com.br\/portal\/?p=192505"},"wordCount":871,"commentCount":0,"image":{"@id":"https:\/\/aconteceunovale.com.br\/portal\/?p=192505#primaryimage"},"thumbnailUrl":"https:\/\/aconteceunovale.com.br\/portal\/wp-content\/uploads\/2019\/10\/condenado.jpg","keywords":["\u00c1guas Vermelhas","Comerciante de Te\u00f3filo Otoni","destaque","Igarassu","Louveira","Montes Claros","PCMG em Pedra Azul","Pedra Azul","Policiais civis s\u00e3o condenados por peculato em Pedra Azul","Policiais civis s\u00e3o condenados por peculato no Vale do Jequitinhonha","Policiais civis s\u00e3o condenados por venda de carga roubada em Pedra Azul","Te\u00f3filo Otoni","TJMG"],"articleSection":["Vale do Jequitinhonha","Vale do Mucuri"],"inLanguage":"pt-BR","potentialAction":[{"@type":"CommentAction","name":"Comment","target":["https:\/\/aconteceunovale.com.br\/portal\/?p=192505#respond"]}]},{"@type":"WebPage","@id":"https:\/\/aconteceunovale.com.br\/portal\/?p=192505","url":"https:\/\/aconteceunovale.com.br\/portal\/?p=192505","name":"Policiais civis s\u00e3o condenados por peculato no Vale do Jequitinhonha - Aconteceu no Vale","isPartOf":{"@id":"https:\/\/aconteceunovale.com.br\/portal\/#website"},"primaryImageOfPage":{"@id":"https:\/\/aconteceunovale.com.br\/portal\/?p=192505#primaryimage"},"image":{"@id":"https:\/\/aconteceunovale.com.br\/portal\/?p=192505#primaryimage"},"thumbnailUrl":"https:\/\/aconteceunovale.com.br\/portal\/wp-content\/uploads\/2019\/10\/condenado.jpg","datePublished":"2022-11-17T01:50:29+00:00","dateModified":"2022-11-17T01:51:55+00:00","author":{"@id":"https:\/\/aconteceunovale.com.br\/portal\/#\/schema\/person\/7d2f26d1483f8a63de73da1ee0754d35"},"breadcrumb":{"@id":"https:\/\/aconteceunovale.com.br\/portal\/?p=192505#breadcrumb"},"inLanguage":"pt-BR","potentialAction":[{"@type":"ReadAction","target":["https:\/\/aconteceunovale.com.br\/portal\/?p=192505"]}]},{"@type":"ImageObject","inLanguage":"pt-BR","@id":"https:\/\/aconteceunovale.com.br\/portal\/?p=192505#primaryimage","url":"https:\/\/aconteceunovale.com.br\/portal\/wp-content\/uploads\/2019\/10\/condenado.jpg","contentUrl":"https:\/\/aconteceunovale.com.br\/portal\/wp-content\/uploads\/2019\/10\/condenado.jpg","width":678,"height":394},{"@type":"BreadcrumbList","@id":"https:\/\/aconteceunovale.com.br\/portal\/?p=192505#breadcrumb","itemListElement":[{"@type":"ListItem","position":1,"name":"In\u00edcio","item":"https:\/\/aconteceunovale.com.br\/portal\/"},{"@type":"ListItem","position":2,"name":"Policiais civis s\u00e3o condenados por peculato no Vale do Jequitinhonha"}]},{"@type":"WebSite","@id":"https:\/\/aconteceunovale.com.br\/portal\/#website","url":"https:\/\/aconteceunovale.com.br\/portal\/","name":"Aconteceu no Vale","description":"Portal de Not\u00edcias","potentialAction":[{"@type":"SearchAction","target":{"@type":"EntryPoint","urlTemplate":"https:\/\/aconteceunovale.com.br\/portal\/?s={search_term_string}"},"query-input":{"@type":"PropertyValueSpecification","valueRequired":true,"valueName":"search_term_string"}}],"inLanguage":"pt-BR"},{"@type":"Person","@id":"https:\/\/aconteceunovale.com.br\/portal\/#\/schema\/person\/7d2f26d1483f8a63de73da1ee0754d35","name":"Reda\u00e7\u00e3o Aconteceu no Vale","description":"Equipe de reportagem do Aconteceu no Vale, portal de not\u00edcias do Vale do Jequitinhonha, em Minas Gerais. Cobrimos as 51 cidades do Vale desde 2013. Sugest\u00f5es de pauta e pedidos de corre\u00e7\u00e3o: contato@aconteceunovale.com.br","url":"https:\/\/aconteceunovale.com.br\/portal\/?author=4"}]}},"_links":{"self":[{"href":"https:\/\/aconteceunovale.com.br\/portal\/index.php?rest_route=\/wp\/v2\/posts\/192505","targetHints":{"allow":["GET"]}}],"collection":[{"href":"https:\/\/aconteceunovale.com.br\/portal\/index.php?rest_route=\/wp\/v2\/posts"}],"about":[{"href":"https:\/\/aconteceunovale.com.br\/portal\/index.php?rest_route=\/wp\/v2\/types\/post"}],"author":[{"embeddable":true,"href":"https:\/\/aconteceunovale.com.br\/portal\/index.php?rest_route=\/wp\/v2\/users\/4"}],"replies":[{"embeddable":true,"href":"https:\/\/aconteceunovale.com.br\/portal\/index.php?rest_route=%2Fwp%2Fv2%2Fcomments&post=192505"}],"version-history":[{"count":1,"href":"https:\/\/aconteceunovale.com.br\/portal\/index.php?rest_route=\/wp\/v2\/posts\/192505\/revisions"}],"predecessor-version":[{"id":192506,"href":"https:\/\/aconteceunovale.com.br\/portal\/index.php?rest_route=\/wp\/v2\/posts\/192505\/revisions\/192506"}],"wp:featuredmedia":[{"embeddable":true,"href":"https:\/\/aconteceunovale.com.br\/portal\/index.php?rest_route=\/wp\/v2\/media\/153477"}],"wp:attachment":[{"href":"https:\/\/aconteceunovale.com.br\/portal\/index.php?rest_route=%2Fwp%2Fv2%2Fmedia&parent=192505"}],"wp:term":[{"taxonomy":"category","embeddable":true,"href":"https:\/\/aconteceunovale.com.br\/portal\/index.php?rest_route=%2Fwp%2Fv2%2Fcategories&post=192505"},{"taxonomy":"post_tag","embeddable":true,"href":"https:\/\/aconteceunovale.com.br\/portal\/index.php?rest_route=%2Fwp%2Fv2%2Ftags&post=192505"}],"curies":[{"name":"wp","href":"https:\/\/api.w.org\/{rel}","templated":true}]}}