{"id":192490,"date":"2022-11-16T09:27:17","date_gmt":"2022-11-16T12:27:17","guid":{"rendered":"https:\/\/aconteceunovale.com.br\/portal\/?p=192490"},"modified":"2022-11-16T09:28:31","modified_gmt":"2022-11-16T12:28:31","slug":"vendedora-que-era-obrigada-a-borrifar-perfumes-em-loja-sera-indenizada","status":"publish","type":"post","link":"https:\/\/aconteceunovale.com.br\/portal\/?p=192490","title":{"rendered":"Vendedora que era obrigada a borrifar perfumes em loja ser\u00e1 indenizada"},"content":{"rendered":"\n<p class=\"wp-block-paragraph\">A Justi\u00e7a do Trabalho determinou o pagamento de indeniza\u00e7\u00e3o, no valor de R$ 10 mil, \u00e0 vendedora que sofreu ass\u00e9dio moral em uma loja de cosm\u00e9ticos, produtos de perfumaria e de higiene pessoal, em Belo Horizonte. Segundo a profissional, ap\u00f3s o diagn\u00f3stico de alergia respirat\u00f3ria ocupacional, ela passou a sofrer persegui\u00e7\u00e3o da gerente. Contou que chegou a pedir mudan\u00e7a de setor. Por\u00e9m, em contrapartida, explicou que a superior come\u00e7ou a exigir, com maior frequ\u00eancia, que a ex-empregada fizesse a borrifa\u00e7\u00e3o de perfumes e&nbsp;<em>\u201cbody-splash\u201d<\/em>&nbsp;&#8211; produtos que tornavam mais graves as crises respirat\u00f3rias.<\/p>\n\n\n\n<p class=\"wp-block-paragraph\">Com o fim do contrato, ela ajuizou a\u00e7\u00e3o trabalhista requerendo a indeniza\u00e7\u00e3o por danos morais e materiais. Contou que, em fun\u00e7\u00e3o das atividades exercidas, foi acometida por crises al\u00e9rgicas e respirat\u00f3rias frequentes, acompanhadas de outros problemas de sa\u00fade, como fortes dores de cabe\u00e7a, cansa\u00e7o, dores no corpo e mal-estar.<\/p>\n\n\n\n<p class=\"wp-block-paragraph\">Informou que o m\u00e9dico respons\u00e1vel pelo tratamento sugeriu a altera\u00e7\u00e3o de fun\u00e7\u00e3o no trabalho, para evitar o contato com os agentes alerg\u00eanicos. Explicou que, ao comunicar o quadro \u00e0 gerente, foi aconselhada a&nbsp;<em>\u201cpedir demiss\u00e3o para cuidar da<\/em><em>&nbsp;sa\u00fade\u201d<\/em>. Disse ainda que, ap\u00f3s frequentes consultas m\u00e9dicas, afastamentos do trabalho e tentativas frustradas de negocia\u00e7\u00e3o com a gerente, enviou e-mail ao setor de recursos humanos da empresa solicitando a altera\u00e7\u00e3o de fun\u00e7\u00e3o. Segundo ela, o pedido foi negado.<\/p>\n\n\n\n<p class=\"wp-block-paragraph\">A profissional explicou que, a partir desse epis\u00f3dio, passou a sofrer persegui\u00e7\u00e3o da gerente:&nbsp;<em>\u201cEla come\u00e7ou a exigir, com maior frequ\u00eancia, que fizesse a borrifa\u00e7\u00e3o de produtos que agravavam as crises respirat\u00f3rias\u201d<\/em>. A ex-empregada narrou ainda que a gerente passou a afastar os demais empregados da conviv\u00eancia com ela e a fazer piadas pejorativas envolvendo a sua condi\u00e7\u00e3o de sa\u00fade.<\/p>\n\n\n\n<h2 class=\"wp-block-heading\"><strong>Senten\u00e7a<\/strong><\/h2>\n\n\n\n<p class=\"wp-block-paragraph\">O caso foi decidido pelo ju\u00edzo da 16\u00aa Vara do Trabalho de Belo Horizonte, que julgou parcialmente procedentes os pedidos da trabalhadora, garantindo a indeniza\u00e7\u00e3o. Determinou ainda o pagamento de R$ 1.068,35 pelos gastos com vacina e medica\u00e7\u00e3o.Por\u00e9m, ela interp\u00f4s recurso, pretendendo a majora\u00e7\u00e3o do valor arbitrado \u00e0 repara\u00e7\u00e3o por danos morais.<\/p>\n\n\n\n<p class=\"wp-block-paragraph\">A empregadora alegou que a per\u00edcia m\u00e9dica concluiu pela exist\u00eancia de alergia respirat\u00f3ria ocupacional, sem inspecionar o local de trabalho ou os produtos comercializados pela empresa, inexistindo, ainda, an\u00e1lise do hist\u00f3rico da trabalhadora em per\u00edodo anterior \u00e0 admiss\u00e3o. Afirmou que o laudo do assistente t\u00e9cnico concluiu que a rinite cr\u00f4nica da trabalhadora \u00e9 anterior \u00e0 admiss\u00e3o. Negou ainda a exist\u00eancia de persegui\u00e7\u00e3o e argumentou, por fim, que n\u00e3o foram provados preju\u00edzos \u00e0 honra, \u00e0 dignidade e \u00e0 boa fama da trabalhadora.<\/p>\n\n\n\n<p class=\"wp-block-paragraph\">Mas a prova pericial demonstrou que a doen\u00e7a se desenvolveu em raz\u00e3o das fun\u00e7\u00f5es desempenhadas no trabalho. E o documento juntado pela profissional no processo evidenciou a tentativa de alterar a coloca\u00e7\u00e3o, com a finalidade de preservar a sa\u00fade e o emprego. Em depoimento, a trabalhadora explicou que foi mencionada uma vaga em uma loja do mesmo grupo. Por\u00e9m, como nessa unidade haveria perfumes, n\u00e3o houve proposta de transfer\u00eancia.<\/p>\n\n\n\n<h2 class=\"wp-block-heading\"><strong>Recurso<\/strong><\/h2>\n\n\n\n<p class=\"wp-block-paragraph\">Para o juiz convocado da 11\u00aa Turma do TRT-MG, M\u00e1rcio Toledo Gon\u00e7alves, n\u00e3o h\u00e1 prova de que a profissional j\u00e1 apresentava problemas de sa\u00fade relacionados aos constatados quando admitida.&nbsp;<em>\u201cIsso refor\u00e7a a possibilidade de a doen\u00e7a ter se desencadeado em raz\u00e3o das atividades exercidas\u201d.<\/em><\/p>\n\n\n\n<p class=\"wp-block-paragraph\">O julgador ressaltou que c\u00f3pia do e-mail comprovou a ci\u00eancia da empresa sobre o estado de sa\u00fade da profissional e o pedido de altera\u00e7\u00e3o de coloca\u00e7\u00e3o, com o intuito de preserva\u00e7\u00e3o de sa\u00fade e emprego.&nbsp;<em>\u201cPor outro lado, a empregadora n\u00e3o comprovou a tentativa de recoloca\u00e7\u00e3o em outra fun\u00e7\u00e3o ou em outro local de trabalho\u201d<\/em>.<\/p>\n\n\n\n<p class=\"wp-block-paragraph\">Assim, segundo o magistrado, ficou provado o nexo causal entre a atividade exercida e a doen\u00e7a.&nbsp;<em>\u201c\u00c0 luz deste quadro cl\u00ednico, al\u00e9m de n\u00e3o adotar as medidas de cuidado \u00e0 sa\u00fade, houve o aludido ass\u00e9dio moral em desfavor da trabalhadora\u201d<\/em>.<\/p>\n\n\n\n<p class=\"wp-block-paragraph\">Para o julgador, a pr\u00e1tica do ass\u00e9dio moral foi evidenciada pela prova oral. A testemunha contou que a gerente explicou para ela que havia uma empregada dando muito problema.&nbsp;<em>\u201cDisse que a vendedora era muito dissimulada, alertando para manter dist\u00e2ncia; disse que a trabalhadora era ruiva, de cabelo tipo \u2018chanel\u2019, sendo que a \u00fanica com essas caracter\u00edsticas era a ex-empregada que apresentou a a\u00e7\u00e3o\u201d.<\/em><\/p>\n\n\n\n<p class=\"wp-block-paragraph\">Informou ainda que a gerente disse aos empregados que havia gente fazendo corpo mole e apresentando atestado falso para ser mandada embora. Disse tamb\u00e9m que presenciou a ex-empregada passando mal,&nbsp;<em>\u201ccom secre\u00e7\u00e3o verde\u201d<\/em>.&nbsp;<em>\u201cEla ficava gripada, congestionada e apresentava muitos atestados por problema de sa\u00fade\u201d<\/em>.<\/p>\n\n\n\n<h2 class=\"wp-block-heading\"><strong>Danos morais<\/strong><\/h2>\n\n\n\n<p class=\"wp-block-paragraph\">Diante das provas, o magistrado negou provimento ao recurso da vendedora, por entender correta a senten\u00e7a que condenou a empresa a pagar indeniza\u00e7\u00e3o pelo dano moral no valor de R$ 10 mil. Na decis\u00e3o, o julgador considerou os fatos evidenciados sobre o adoecimento no trabalho, a ci\u00eancia da empresa sobre a patologia, a in\u00e9rcia em adotar medidas que amenizassem o risco \u00e0 sa\u00fade da ex-empregada, a conduta il\u00edcita praticada pela gerente e, ainda, o tempo do contrato de trabalho (pouco mais de dois anos) e o potencial econ\u00f4mico da empregadora.<\/p>\n\n\n\n<h2 class=\"wp-block-heading\"><strong>Danos materiais<\/strong><\/h2>\n\n\n\n<p class=\"wp-block-paragraph\">A empresa foi condenada ainda ao pagamento de indeniza\u00e7\u00e3o por danos materiais pelas despesas com medicamentos, no valor de R$ 1.068,35.\u00a0<em>\u201cComprovado o adoecimento da trabalhadora pelas atividades desenvolvidas, \u00e9 acertada a senten\u00e7a que determinou o ressarcimento dos valores gastos com vacina e medica\u00e7\u00e3o\u201d<\/em>, concluiu o julgador. J\u00e1 foi iniciada a fase de execu\u00e7\u00e3o.<\/p>\n\n\n\n<p class=\"wp-block-paragraph\">&#8212;&#8212;&#8212;&#8212;&#8212;&#8212;<br><br><strong>Sabia que o Aconteceu no Vale est\u00e1 tamb\u00e9m no Telegram? <a rel=\"noreferrer noopener\" href=\"https:\/\/t.me\/aconteceunovaleoficial\" target=\"_blank\">Inscreva-se no canal<\/a>.<\/strong><br><br><strong>J\u00e1 curtiu ou seguiu nossas p\u00e1ginas nas redes sociais?\u00a0Receba as not\u00edcias em primeira m\u00e3o:<\/strong><br>\u2022 <a rel=\"noreferrer noopener\" href=\"https:\/\/news.google.com\/publications\/CAAqBwgKMNjklQswi4etAw?hl=pt-BR&amp;gl=BR&amp;ceid=BR%3Apt-419\" target=\"_blank\">Google News<\/a><br>\u2022 <a rel=\"noreferrer noopener\" href=\"https:\/\/www.facebook.com\/aconteceunovale\/\" target=\"_blank\">Facebook<\/a><br>\u2022 <a rel=\"noreferrer noopener\" href=\"https:\/\/twitter.com\/noticiadosvales\" target=\"_blank\">Twitter<\/a><br>\u2022 <a rel=\"noreferrer noopener\" href=\"https:\/\/www.instagram.com\/aconteceunovale\" target=\"_blank\">Instagram<\/a><br>\u2022 <a rel=\"noreferrer noopener\" href=\"https:\/\/www.youtube.com\/AconteceunoValeOficial\" target=\"_blank\">Youtube<\/a><br>\u2022 <a rel=\"noreferrer noopener\" href=\"https:\/\/www.tiktok.com\/@aconteceunovale\" target=\"_blank\">TikTok<\/a><\/p>\n","protected":false},"excerpt":{"rendered":"<p>A Justi\u00e7a do Trabalho determinou o pagamento de indeniza\u00e7\u00e3o, no valor de R$ 10 mil, \u00e0 vendedora que sofreu ass\u00e9dio moral em uma loja de cosm\u00e9ticos, produtos de perfumaria e de higiene pessoal, em Belo Horizonte. Segundo a profissional, ap\u00f3s o diagn\u00f3stico de alergia respirat\u00f3ria ocupacional, ela passou a sofrer persegui\u00e7\u00e3o da gerente. Contou que [&hellip;]<\/p>\n","protected":false},"author":4,"featured_media":192491,"comment_status":"open","ping_status":"closed","sticky":false,"template":"","format":"standard","meta":{"amp_status":"","footnotes":""},"categories":[40236,123],"tags":[39741,194,1017,266398,266397,1018,105047,63697,206293,266396,266395],"class_list":["post-192490","post","type-post","status-publish","format-standard","has-post-thumbnail","hentry","category-empregos-2","category-gerais","tag-assedio-moral-no-trabalho","tag-belo-horizonte","tag-bh","tag-danos-materiais-por-assedio-moral-no-trabalho","tag-danos-morais-por-assedio-moral-no-trabalho","tag-destaque","tag-justica-do-trabalho","tag-trt-mg","tag-vara-do-trabalho-de-belo-horizonte","tag-vendedora-que-era-obrigada-a-borrifar-perfumes-em-loja-de-belo-horizonte-sera-indenizada","tag-vendedora-que-era-obrigada-a-borrifar-perfumes-em-loja-sera-indenizada"],"yoast_head":"<!-- This site is optimized with the Yoast SEO plugin v28.3 - https:\/\/yoast.com\/product\/yoast-seo-wordpress\/ -->\n<title>Vendedora que era obrigada a borrifar perfumes em loja ser\u00e1 indenizada - Aconteceu no Vale<\/title>\n<meta name=\"robots\" content=\"index, follow, max-snippet:-1, max-image-preview:large, max-video-preview:-1\" \/>\n<link rel=\"canonical\" href=\"https:\/\/aconteceunovale.com.br\/portal\/?p=192490\" \/>\n<meta property=\"og:locale\" content=\"pt_BR\" \/>\n<meta property=\"og:type\" content=\"article\" \/>\n<meta property=\"og:title\" content=\"Vendedora que era obrigada a borrifar perfumes em loja ser\u00e1 indenizada - Aconteceu no Vale\" \/>\n<meta property=\"og:description\" content=\"A Justi\u00e7a do Trabalho determinou o pagamento de indeniza\u00e7\u00e3o, no valor de R$ 10 mil, \u00e0 vendedora que sofreu ass\u00e9dio moral em uma loja de cosm\u00e9ticos, produtos de perfumaria e de higiene pessoal, em Belo Horizonte. Segundo a profissional, ap\u00f3s o diagn\u00f3stico de alergia respirat\u00f3ria ocupacional, ela passou a sofrer persegui\u00e7\u00e3o da gerente. Contou que [&hellip;]\" \/>\n<meta property=\"og:url\" content=\"https:\/\/aconteceunovale.com.br\/portal\/?p=192490\" \/>\n<meta property=\"og:site_name\" content=\"Aconteceu no Vale\" \/>\n<meta property=\"article:publisher\" content=\"https:\/\/www.facebook.com\/aconteceunovale\/\" \/>\n<meta property=\"article:published_time\" content=\"2022-11-16T12:27:17+00:00\" \/>\n<meta property=\"article:modified_time\" content=\"2022-11-16T12:28:31+00:00\" \/>\n<meta property=\"og:image\" content=\"https:\/\/aconteceunovale.com.br\/portal\/wp-content\/uploads\/2022\/11\/perfume_mulher.png\" \/>\n\t<meta property=\"og:image:width\" content=\"600\" \/>\n\t<meta property=\"og:image:height\" content=\"358\" \/>\n\t<meta property=\"og:image:type\" content=\"image\/png\" \/>\n<meta name=\"author\" content=\"Reda\u00e7\u00e3o Aconteceu no Vale\" \/>\n<meta name=\"twitter:card\" content=\"summary_large_image\" \/>\n<meta name=\"twitter:creator\" content=\"@noticiadosvales\" \/>\n<meta name=\"twitter:site\" content=\"@noticiadosvales\" \/>\n<meta name=\"twitter:label1\" content=\"Escrito por\" \/>\n\t<meta name=\"twitter:data1\" content=\"Reda\u00e7\u00e3o Aconteceu no Vale\" \/>\n\t<meta name=\"twitter:label2\" content=\"Est. tempo de leitura\" \/>\n\t<meta name=\"twitter:data2\" content=\"5 minutos\" \/>\n<script type=\"application\/ld+json\" class=\"yoast-schema-graph\">{\"@context\":\"https:\\\/\\\/schema.org\",\"@graph\":[{\"@type\":\"Article\",\"@id\":\"https:\\\/\\\/aconteceunovale.com.br\\\/portal\\\/?p=192490#article\",\"isPartOf\":{\"@id\":\"https:\\\/\\\/aconteceunovale.com.br\\\/portal\\\/?p=192490\"},\"author\":{\"name\":\"Reda\u00e7\u00e3o Aconteceu no Vale\",\"@id\":\"https:\\\/\\\/aconteceunovale.com.br\\\/portal\\\/#\\\/schema\\\/person\\\/7d2f26d1483f8a63de73da1ee0754d35\"},\"headline\":\"Vendedora que era obrigada a borrifar perfumes em loja ser\u00e1 indenizada\",\"datePublished\":\"2022-11-16T12:27:17+00:00\",\"dateModified\":\"2022-11-16T12:28:31+00:00\",\"mainEntityOfPage\":{\"@id\":\"https:\\\/\\\/aconteceunovale.com.br\\\/portal\\\/?p=192490\"},\"wordCount\":1040,\"commentCount\":0,\"image\":{\"@id\":\"https:\\\/\\\/aconteceunovale.com.br\\\/portal\\\/?p=192490#primaryimage\"},\"thumbnailUrl\":\"https:\\\/\\\/aconteceunovale.com.br\\\/portal\\\/wp-content\\\/uploads\\\/2022\\\/11\\\/perfume_mulher.png\",\"keywords\":[\"ass\u00e9dio moral no trabalho\",\"Belo Horizonte\",\"bh\",\"Danos materiais por ass\u00e9dio moral no trabalho\",\"Danos morais por ass\u00e9dio moral no trabalho\",\"destaque\",\"Justi\u00e7a do Trabalho\",\"TRT-MG\",\"Vara do Trabalho de Belo Horizonte\",\"Vendedora que era obrigada a borrifar perfumes em loja de Belo Horizonte ser\u00e1 indenizada\",\"Vendedora que era obrigada a borrifar perfumes em loja ser\u00e1 indenizada\"],\"articleSection\":[\"Empregos\",\"Minas Gerais\"],\"inLanguage\":\"pt-BR\",\"potentialAction\":[{\"@type\":\"CommentAction\",\"name\":\"Comment\",\"target\":[\"https:\\\/\\\/aconteceunovale.com.br\\\/portal\\\/?p=192490#respond\"]}]},{\"@type\":\"WebPage\",\"@id\":\"https:\\\/\\\/aconteceunovale.com.br\\\/portal\\\/?p=192490\",\"url\":\"https:\\\/\\\/aconteceunovale.com.br\\\/portal\\\/?p=192490\",\"name\":\"Vendedora que era obrigada a borrifar perfumes em loja ser\u00e1 indenizada - Aconteceu no Vale\",\"isPartOf\":{\"@id\":\"https:\\\/\\\/aconteceunovale.com.br\\\/portal\\\/#website\"},\"primaryImageOfPage\":{\"@id\":\"https:\\\/\\\/aconteceunovale.com.br\\\/portal\\\/?p=192490#primaryimage\"},\"image\":{\"@id\":\"https:\\\/\\\/aconteceunovale.com.br\\\/portal\\\/?p=192490#primaryimage\"},\"thumbnailUrl\":\"https:\\\/\\\/aconteceunovale.com.br\\\/portal\\\/wp-content\\\/uploads\\\/2022\\\/11\\\/perfume_mulher.png\",\"datePublished\":\"2022-11-16T12:27:17+00:00\",\"dateModified\":\"2022-11-16T12:28:31+00:00\",\"author\":{\"@id\":\"https:\\\/\\\/aconteceunovale.com.br\\\/portal\\\/#\\\/schema\\\/person\\\/7d2f26d1483f8a63de73da1ee0754d35\"},\"breadcrumb\":{\"@id\":\"https:\\\/\\\/aconteceunovale.com.br\\\/portal\\\/?p=192490#breadcrumb\"},\"inLanguage\":\"pt-BR\",\"potentialAction\":[{\"@type\":\"ReadAction\",\"target\":[\"https:\\\/\\\/aconteceunovale.com.br\\\/portal\\\/?p=192490\"]}]},{\"@type\":\"ImageObject\",\"inLanguage\":\"pt-BR\",\"@id\":\"https:\\\/\\\/aconteceunovale.com.br\\\/portal\\\/?p=192490#primaryimage\",\"url\":\"https:\\\/\\\/aconteceunovale.com.br\\\/portal\\\/wp-content\\\/uploads\\\/2022\\\/11\\\/perfume_mulher.png\",\"contentUrl\":\"https:\\\/\\\/aconteceunovale.com.br\\\/portal\\\/wp-content\\\/uploads\\\/2022\\\/11\\\/perfume_mulher.png\",\"width\":600,\"height\":358},{\"@type\":\"BreadcrumbList\",\"@id\":\"https:\\\/\\\/aconteceunovale.com.br\\\/portal\\\/?p=192490#breadcrumb\",\"itemListElement\":[{\"@type\":\"ListItem\",\"position\":1,\"name\":\"In\u00edcio\",\"item\":\"https:\\\/\\\/aconteceunovale.com.br\\\/portal\\\/\"},{\"@type\":\"ListItem\",\"position\":2,\"name\":\"Vendedora que era obrigada a borrifar perfumes em loja ser\u00e1 indenizada\"}]},{\"@type\":\"WebSite\",\"@id\":\"https:\\\/\\\/aconteceunovale.com.br\\\/portal\\\/#website\",\"url\":\"https:\\\/\\\/aconteceunovale.com.br\\\/portal\\\/\",\"name\":\"Aconteceu no Vale\",\"description\":\"Portal de Not\u00edcias\",\"potentialAction\":[{\"@type\":\"SearchAction\",\"target\":{\"@type\":\"EntryPoint\",\"urlTemplate\":\"https:\\\/\\\/aconteceunovale.com.br\\\/portal\\\/?s={search_term_string}\"},\"query-input\":{\"@type\":\"PropertyValueSpecification\",\"valueRequired\":true,\"valueName\":\"search_term_string\"}}],\"inLanguage\":\"pt-BR\"},{\"@type\":\"Person\",\"@id\":\"https:\\\/\\\/aconteceunovale.com.br\\\/portal\\\/#\\\/schema\\\/person\\\/7d2f26d1483f8a63de73da1ee0754d35\",\"name\":\"Reda\u00e7\u00e3o Aconteceu no Vale\",\"description\":\"Equipe de reportagem do Aconteceu no Vale, portal de not\u00edcias do Vale do Jequitinhonha, em Minas Gerais. Cobrimos as 51 cidades do Vale desde 2013. Sugest\u00f5es de pauta e pedidos de corre\u00e7\u00e3o: contato@aconteceunovale.com.br\",\"url\":\"https:\\\/\\\/aconteceunovale.com.br\\\/portal\\\/?author=4\"}]}<\/script>\n<!-- \/ Yoast SEO plugin. -->","yoast_head_json":{"title":"Vendedora que era obrigada a borrifar perfumes em loja ser\u00e1 indenizada - Aconteceu no Vale","robots":{"index":"index","follow":"follow","max-snippet":"max-snippet:-1","max-image-preview":"max-image-preview:large","max-video-preview":"max-video-preview:-1"},"canonical":"https:\/\/aconteceunovale.com.br\/portal\/?p=192490","og_locale":"pt_BR","og_type":"article","og_title":"Vendedora que era obrigada a borrifar perfumes em loja ser\u00e1 indenizada - Aconteceu no Vale","og_description":"A Justi\u00e7a do Trabalho determinou o pagamento de indeniza\u00e7\u00e3o, no valor de R$ 10 mil, \u00e0 vendedora que sofreu ass\u00e9dio moral em uma loja de cosm\u00e9ticos, produtos de perfumaria e de higiene pessoal, em Belo Horizonte. Segundo a profissional, ap\u00f3s o diagn\u00f3stico de alergia respirat\u00f3ria ocupacional, ela passou a sofrer persegui\u00e7\u00e3o da gerente. Contou que [&hellip;]","og_url":"https:\/\/aconteceunovale.com.br\/portal\/?p=192490","og_site_name":"Aconteceu no Vale","article_publisher":"https:\/\/www.facebook.com\/aconteceunovale\/","article_published_time":"2022-11-16T12:27:17+00:00","article_modified_time":"2022-11-16T12:28:31+00:00","og_image":[{"width":600,"height":358,"url":"https:\/\/aconteceunovale.com.br\/portal\/wp-content\/uploads\/2022\/11\/perfume_mulher.png","type":"image\/png"}],"author":"Reda\u00e7\u00e3o Aconteceu no Vale","twitter_card":"summary_large_image","twitter_creator":"@noticiadosvales","twitter_site":"@noticiadosvales","twitter_misc":{"Escrito por":"Reda\u00e7\u00e3o Aconteceu no Vale","Est. tempo de leitura":"5 minutos"},"schema":{"@context":"https:\/\/schema.org","@graph":[{"@type":"Article","@id":"https:\/\/aconteceunovale.com.br\/portal\/?p=192490#article","isPartOf":{"@id":"https:\/\/aconteceunovale.com.br\/portal\/?p=192490"},"author":{"name":"Reda\u00e7\u00e3o Aconteceu no Vale","@id":"https:\/\/aconteceunovale.com.br\/portal\/#\/schema\/person\/7d2f26d1483f8a63de73da1ee0754d35"},"headline":"Vendedora que era obrigada a borrifar perfumes em loja ser\u00e1 indenizada","datePublished":"2022-11-16T12:27:17+00:00","dateModified":"2022-11-16T12:28:31+00:00","mainEntityOfPage":{"@id":"https:\/\/aconteceunovale.com.br\/portal\/?p=192490"},"wordCount":1040,"commentCount":0,"image":{"@id":"https:\/\/aconteceunovale.com.br\/portal\/?p=192490#primaryimage"},"thumbnailUrl":"https:\/\/aconteceunovale.com.br\/portal\/wp-content\/uploads\/2022\/11\/perfume_mulher.png","keywords":["ass\u00e9dio moral no trabalho","Belo Horizonte","bh","Danos materiais por ass\u00e9dio moral no trabalho","Danos morais por ass\u00e9dio moral no trabalho","destaque","Justi\u00e7a do Trabalho","TRT-MG","Vara do Trabalho de Belo Horizonte","Vendedora que era obrigada a borrifar perfumes em loja de Belo Horizonte ser\u00e1 indenizada","Vendedora que era obrigada a borrifar perfumes em loja ser\u00e1 indenizada"],"articleSection":["Empregos","Minas Gerais"],"inLanguage":"pt-BR","potentialAction":[{"@type":"CommentAction","name":"Comment","target":["https:\/\/aconteceunovale.com.br\/portal\/?p=192490#respond"]}]},{"@type":"WebPage","@id":"https:\/\/aconteceunovale.com.br\/portal\/?p=192490","url":"https:\/\/aconteceunovale.com.br\/portal\/?p=192490","name":"Vendedora que era obrigada a borrifar perfumes em loja ser\u00e1 indenizada - Aconteceu no Vale","isPartOf":{"@id":"https:\/\/aconteceunovale.com.br\/portal\/#website"},"primaryImageOfPage":{"@id":"https:\/\/aconteceunovale.com.br\/portal\/?p=192490#primaryimage"},"image":{"@id":"https:\/\/aconteceunovale.com.br\/portal\/?p=192490#primaryimage"},"thumbnailUrl":"https:\/\/aconteceunovale.com.br\/portal\/wp-content\/uploads\/2022\/11\/perfume_mulher.png","datePublished":"2022-11-16T12:27:17+00:00","dateModified":"2022-11-16T12:28:31+00:00","author":{"@id":"https:\/\/aconteceunovale.com.br\/portal\/#\/schema\/person\/7d2f26d1483f8a63de73da1ee0754d35"},"breadcrumb":{"@id":"https:\/\/aconteceunovale.com.br\/portal\/?p=192490#breadcrumb"},"inLanguage":"pt-BR","potentialAction":[{"@type":"ReadAction","target":["https:\/\/aconteceunovale.com.br\/portal\/?p=192490"]}]},{"@type":"ImageObject","inLanguage":"pt-BR","@id":"https:\/\/aconteceunovale.com.br\/portal\/?p=192490#primaryimage","url":"https:\/\/aconteceunovale.com.br\/portal\/wp-content\/uploads\/2022\/11\/perfume_mulher.png","contentUrl":"https:\/\/aconteceunovale.com.br\/portal\/wp-content\/uploads\/2022\/11\/perfume_mulher.png","width":600,"height":358},{"@type":"BreadcrumbList","@id":"https:\/\/aconteceunovale.com.br\/portal\/?p=192490#breadcrumb","itemListElement":[{"@type":"ListItem","position":1,"name":"In\u00edcio","item":"https:\/\/aconteceunovale.com.br\/portal\/"},{"@type":"ListItem","position":2,"name":"Vendedora que era obrigada a borrifar perfumes em loja ser\u00e1 indenizada"}]},{"@type":"WebSite","@id":"https:\/\/aconteceunovale.com.br\/portal\/#website","url":"https:\/\/aconteceunovale.com.br\/portal\/","name":"Aconteceu no Vale","description":"Portal de Not\u00edcias","potentialAction":[{"@type":"SearchAction","target":{"@type":"EntryPoint","urlTemplate":"https:\/\/aconteceunovale.com.br\/portal\/?s={search_term_string}"},"query-input":{"@type":"PropertyValueSpecification","valueRequired":true,"valueName":"search_term_string"}}],"inLanguage":"pt-BR"},{"@type":"Person","@id":"https:\/\/aconteceunovale.com.br\/portal\/#\/schema\/person\/7d2f26d1483f8a63de73da1ee0754d35","name":"Reda\u00e7\u00e3o Aconteceu no Vale","description":"Equipe de reportagem do Aconteceu no Vale, portal de not\u00edcias do Vale do Jequitinhonha, em Minas Gerais. Cobrimos as 51 cidades do Vale desde 2013. Sugest\u00f5es de pauta e pedidos de corre\u00e7\u00e3o: contato@aconteceunovale.com.br","url":"https:\/\/aconteceunovale.com.br\/portal\/?author=4"}]}},"_links":{"self":[{"href":"https:\/\/aconteceunovale.com.br\/portal\/index.php?rest_route=\/wp\/v2\/posts\/192490","targetHints":{"allow":["GET"]}}],"collection":[{"href":"https:\/\/aconteceunovale.com.br\/portal\/index.php?rest_route=\/wp\/v2\/posts"}],"about":[{"href":"https:\/\/aconteceunovale.com.br\/portal\/index.php?rest_route=\/wp\/v2\/types\/post"}],"author":[{"embeddable":true,"href":"https:\/\/aconteceunovale.com.br\/portal\/index.php?rest_route=\/wp\/v2\/users\/4"}],"replies":[{"embeddable":true,"href":"https:\/\/aconteceunovale.com.br\/portal\/index.php?rest_route=%2Fwp%2Fv2%2Fcomments&post=192490"}],"version-history":[{"count":1,"href":"https:\/\/aconteceunovale.com.br\/portal\/index.php?rest_route=\/wp\/v2\/posts\/192490\/revisions"}],"predecessor-version":[{"id":192492,"href":"https:\/\/aconteceunovale.com.br\/portal\/index.php?rest_route=\/wp\/v2\/posts\/192490\/revisions\/192492"}],"wp:featuredmedia":[{"embeddable":true,"href":"https:\/\/aconteceunovale.com.br\/portal\/index.php?rest_route=\/wp\/v2\/media\/192491"}],"wp:attachment":[{"href":"https:\/\/aconteceunovale.com.br\/portal\/index.php?rest_route=%2Fwp%2Fv2%2Fmedia&parent=192490"}],"wp:term":[{"taxonomy":"category","embeddable":true,"href":"https:\/\/aconteceunovale.com.br\/portal\/index.php?rest_route=%2Fwp%2Fv2%2Fcategories&post=192490"},{"taxonomy":"post_tag","embeddable":true,"href":"https:\/\/aconteceunovale.com.br\/portal\/index.php?rest_route=%2Fwp%2Fv2%2Ftags&post=192490"}],"curies":[{"name":"wp","href":"https:\/\/api.w.org\/{rel}","templated":true}]}}