{"id":19248,"date":"2014-01-23T21:15:11","date_gmt":"2014-01-23T23:15:11","guid":{"rendered":"http:\/\/aconteceunovale.com.br\/portal\/?p=19248"},"modified":"2014-01-23T21:15:11","modified_gmt":"2014-01-23T23:15:11","slug":"governador-valadares-dois-homicidios-em-um-intervalo-de-quatro-horas","status":"publish","type":"post","link":"https:\/\/aconteceunovale.com.br\/portal\/?p=19248","title":{"rendered":"GOVERNADOR VALADARES: Dois homic\u00eddios em um intervalo de quatro horas"},"content":{"rendered":"<p>Dois homic\u00eddios foram registrados nessa quinta-feira, 23, em um intervalo de 4 horas, nos bairros Altin\u00f3polis e Palmeiras. O mais recente foi \u00e0s 12h, quando o adolescente Tiago da Silva, de 16 anos, foi assassinado na avenida A do bairro Palmeiras, com aproximadamente sete disparos de arma de fogo.<\/p>\n<p><img decoding=\"async\" src=\"http:\/\/aconteceunovale.com.br\/portal\/wp-content\/uploads\/2014\/01\/assassinatos_gov_valadares_4_horas.jpg\" alt=\"\" \/><br \/>\n<em><strong>Tiago da Silva, de 16 anos, (detalhe) foi assassinado na avenida A do bairro Palmeiras; o motivo seria d\u00edvida de drogas (Foto: Jack Zalcman)<\/strong><\/em><\/p>\n<p>\u201cEsse adolescente que veio a \u00f3bito devido a uma rixa com outras pessoas que moram na rua M do mesmo bairro. Nossas apura\u00e7\u00f5es revelam que ele estava na frente de um bar, na companhia de outra pessoa quando \u2018desceram\u2019 dois elementos do morro com a arma em punho\u201d, disse o sargento Levit. A v\u00edtima tentou fugir. \u201cQuando o adolescente percebeu a presen\u00e7a dos indiv\u00edduos, rapidamente fechou a porta do bar, mas n\u00e3o deu tempo de entrar no local e ela foi alvejada por v\u00e1rios disparos\u201d, destaca o militar.<\/p>\n<p>As informa\u00e7\u00f5es ressaltam que a princ\u00edpio s\u00e3o dois autores, os quais utilizaram duas armas de fogo para cometerem o crime. O motivo o assassinato seria d\u00edvida de drogas entre a v\u00edtima e os suspeitos. \u201cA nossa equipe j\u00e1 est\u00e1 no local fazendo v\u00e1rios rastreamentos a fim de localizar os poss\u00edveis autores, mas at\u00e9 o momento ningu\u00e9m foi preso\u201d, concluiu o sargento Levit.<\/p>\n<p><strong>ALTIN\u00d3POLIS<\/strong><\/p>\n<p>Quatro horas antes, por volta das 8h, uma guarni\u00e7\u00e3o da PM j\u00e1 havia sido acionada para atender a uma chamada de homic\u00eddio na rua Gruta, bairro Altin\u00f3polis. Segundo os militares, M\u00e1rio M\u00e1ximo de Arruda, de 46 anos, havia sido ferido por uma faca de cozinha e estava gravemente ferido.<\/p>\n<p>Os militares encontraram a v\u00edtima ca\u00edda no solo, de bru\u00e7os, com perfura\u00e7\u00f5es na regi\u00e3o do t\u00f3rax. Por\u00e9m, quando a equipe do Samu chegou, apenas constatou o \u00f3bito. Os levantamentos no local davam conta de que o autor seria O.D.S., de 62 anos, que fugiu a p\u00e9 pela BR-116, sentido bairro Palmeiras.<\/p>\n<p>Horas depois, O.D.S. foi encontrado e, segundo a Pol\u00edcia Militar, ao question\u00e1-lo sobre a veracidade dos fatos, ele teria confessado o crime e disse que aproximadamente quatro dias atr\u00e1s emprestou uma bolsa de viagem \u00e0 v\u00edtima e na quarta foi cobr\u00e1-la. Contudo, a v\u00edtima havia lhe dito que a bolsa estava na cidade de Vit\u00f3ria (ES). Durante a discuss\u00e3o, ele armou-se com uma foice, enquanto a v\u00edtima pegou algumas pedras, por\u00e9m, foram contidos. Todavia, ao saber que a v\u00edtima estava trabalhando na casa da rua Gruta, o suspeito se deslocou para o local e iniciou outra discuss\u00e3o acerca da bolsa, momento em que a v\u00edtima teria lhe agredido na cabe\u00e7a e na perna com uma tesoura de cortar grama. O.D.S. revidou, sacou uma faca e golpeou a v\u00edtima no peito, mas ao perceber que ela havia ca\u00eddo, fugiu, tendo sido preso depois.<\/p>\n<p><em><strong>(Fonte: Di\u00e1rio do Rio Doce)<\/strong><\/em><\/p>\n","protected":false},"excerpt":{"rendered":"<p>Dois homic\u00eddios foram registrados nessa quinta-feira, 23, em um intervalo de 4 horas, nos bairros Altin\u00f3polis e Palmeiras. O mais recente foi \u00e0s 12h, quando o adolescente Tiago da Silva, de 16 anos, foi assassinado na avenida A do bairro Palmeiras, com aproximadamente sete disparos de arma de fogo. Tiago da Silva, de 16 anos, [&hellip;]<\/p>\n","protected":false},"author":1,"featured_media":19249,"comment_status":"open","ping_status":"closed","sticky":false,"template":"","format":"standard","meta":{"amp_status":"","footnotes":""},"categories":[121],"tags":[3448,247],"class_list":["post-19248","post","type-post","status-publish","format-standard","has-post-thumbnail","hentry","category-leste","tag-dois-homicidios-em-um-intervalo-de-quatro-horas-em-governador-valadares","tag-governador-valadares"],"_links":{"self":[{"href":"https:\/\/aconteceunovale.com.br\/portal\/index.php?rest_route=\/wp\/v2\/posts\/19248","targetHints":{"allow":["GET"]}}],"collection":[{"href":"https:\/\/aconteceunovale.com.br\/portal\/index.php?rest_route=\/wp\/v2\/posts"}],"about":[{"href":"https:\/\/aconteceunovale.com.br\/portal\/index.php?rest_route=\/wp\/v2\/types\/post"}],"author":[{"embeddable":true,"href":"https:\/\/aconteceunovale.com.br\/portal\/index.php?rest_route=\/wp\/v2\/users\/1"}],"replies":[{"embeddable":true,"href":"https:\/\/aconteceunovale.com.br\/portal\/index.php?rest_route=%2Fwp%2Fv2%2Fcomments&post=19248"}],"version-history":[{"count":0,"href":"https:\/\/aconteceunovale.com.br\/portal\/index.php?rest_route=\/wp\/v2\/posts\/19248\/revisions"}],"wp:featuredmedia":[{"embeddable":true,"href":"https:\/\/aconteceunovale.com.br\/portal\/index.php?rest_route=\/wp\/v2\/media\/19249"}],"wp:attachment":[{"href":"https:\/\/aconteceunovale.com.br\/portal\/index.php?rest_route=%2Fwp%2Fv2%2Fmedia&parent=19248"}],"wp:term":[{"taxonomy":"category","embeddable":true,"href":"https:\/\/aconteceunovale.com.br\/portal\/index.php?rest_route=%2Fwp%2Fv2%2Fcategories&post=19248"},{"taxonomy":"post_tag","embeddable":true,"href":"https:\/\/aconteceunovale.com.br\/portal\/index.php?rest_route=%2Fwp%2Fv2%2Ftags&post=19248"}],"curies":[{"name":"wp","href":"https:\/\/api.w.org\/{rel}","templated":true}]}}