{"id":192448,"date":"2022-11-14T19:03:57","date_gmt":"2022-11-14T22:03:57","guid":{"rendered":"https:\/\/aconteceunovale.com.br\/portal\/?p=192448"},"modified":"2022-11-14T19:04:36","modified_gmt":"2022-11-14T22:04:36","slug":"alckmin-anuncia-mais-61-nomes-da-equipe-de-transicao","status":"publish","type":"post","link":"https:\/\/aconteceunovale.com.br\/portal\/?p=192448","title":{"rendered":"Alckmin anuncia mais 61 nomes da equipe de transi\u00e7\u00e3o"},"content":{"rendered":"\n<p class=\"wp-block-paragraph\">O vice-presidente eleito, Geraldo Alckmin (PSB), coordenador-geral do Gabinete de Transi\u00e7\u00e3o, anunciou hoje (14) 61 novos nomes que v\u00e3o integrar as equipes de transi\u00e7\u00e3o para o futuro governo. Eles v\u00e3o fazer parte de seis grupos tem\u00e1ticos: Educa\u00e7\u00e3o, Esporte, Infraestrutura, Juventudes, Cidades e Cultura. Foram anunciados tamb\u00e9m integrantes do subgrupo Inf\u00e2ncia, dentro do grupo Direitos Humanos.<\/p>\n\n\n\n<p class=\"wp-block-paragraph\">Ao todo, 31 grupos t\u00e9cnicos v\u00e3o debater e produzir subs\u00eddios para elabora\u00e7\u00e3o de um relat\u00f3rio final de transi\u00e7\u00e3o que ser\u00e1 entregue em dezembro ao presidente e vice eleitos e ministros indicados. Confira abaixo os nomes anunciados hoje, durante coletiva de imprensa. Alckmin destacou que espera concluir a indica\u00e7\u00e3o dos nomes de todos os grupos na quarta-feira (16) em Bras\u00edlia.<\/p>\n\n\n\n<p class=\"wp-block-paragraph\">At\u00e9 este domingo (13), foram publicados no&nbsp;<em>Di\u00e1rio Oficial da Uni\u00e3o<\/em>&nbsp;os integrantes de oito grupos t\u00e9cnicos: Economia; Desenvolvimento Social e Combate \u00e0 Fome; Ind\u00fastria, Com\u00e9rcio e Servi\u00e7os\/Pequena Empresa; Mulheres; Igualdade Racial; Direitos Humanos; Planejamento, Or\u00e7amento e Gest\u00e3o; e Comunica\u00e7\u00f5es.<\/p>\n\n\n\n<p class=\"wp-block-paragraph\">Durante a coletiva, Alckmin informou ainda que o gabinete est\u00e1 solicitando ao governo federal relat\u00f3rios completos do Projeto de Monitoramento do Desmatamento na Amaz\u00f4nia Legal por Sat\u00e9lite (Prodes), incluindo Amaz\u00f4nia e Cerrado, referentes a agosto de 2021 a julho de 2022. \u201cPara que possamos analisar as informa\u00e7\u00f5es que trazem e possamos tomar as medidas necess\u00e1rias nos nossos planos imediatos. H\u00e1 informa\u00e7\u00e3o de que esses n\u00fameros j\u00e1 existem e h\u00e1 necessidade de que sejam informados\u201d, apontou.<\/p>\n\n\n\n<p class=\"wp-block-paragraph\">O coordenador-geral do Gabinete da Transi\u00e7\u00e3o tamb\u00e9m destacou que os grupos t\u00e9cnicos n\u00e3o precisam ficar limitados aos nomes que foram indicados at\u00e9 o momento. \u201cEles v\u00e3o come\u00e7ar a trabalhar e podem convidar outras pessoas. Eles t\u00eam uma liberdade de a\u00e7\u00e3o. \u00c9 pra levantar dados, n\u00f3s vamos receber na quarta-feira um relat\u00f3rio completo do presidente do TCU [Tribunal de Contas da Uni\u00e3o], o Bruno Dantas, e o trabalho desses grupos \u00e9 a prepara\u00e7\u00e3o da transi\u00e7\u00e3o para o novo governo.\u201d<\/p>\n\n\n\n<h1 class=\"wp-block-heading\"><strong>Confira a lista de nomes anunciados hoje:<\/strong><\/h1>\n\n\n\n<h2 class=\"wp-block-heading\">Educa\u00e7\u00e3o<\/h2>\n\n\n\n<ul class=\"wp-block-list\">\n<li>Andressa Pellanda, coordenadora-geral da Campanha Nacional pelo Direito \u00e0 Educa\u00e7\u00e3o;<\/li>\n\n\n\n<li>Alexandre Scheiner, ex-secret\u00e1rio municipal de Educa\u00e7\u00e3o S\u00e3o Paulo;<\/li>\n\n\n\n<li>Binho Marques, ex-governador do Acre;<\/li>\n\n\n\n<li>Claudio Alex, presidente do Conif e reitor do Instituto Federal do Par\u00e1 (IFPA);<\/li>\n\n\n\n<li>Heleno Ara\u00fajo, presidente da Confedera\u00e7\u00e3o Nacional dos Trabalhadores em Educa\u00e7\u00e3o (CNTE);<\/li>\n\n\n\n<li>Henrique Paim, ex-ministro da Educa\u00e7\u00e3o;<\/li>\n\n\n\n<li>Maca\u00e9 Evaristo, ex-secret\u00e1ria municipal de Belo Horizonte e secret\u00e1ria estadual de Educa\u00e7\u00e3o de Minas Gerais, deputada estadual eleita;<\/li>\n\n\n\n<li>Maria Alice Neca Set\u00fabal, presidente do Conselho Consultivo da Funda\u00e7\u00e3o Tide Set\u00fabal;<\/li>\n\n\n\n<li>Paulo Gabriel, ex-reitor UFRBA e presidente do Conselho Estadual de Educa\u00e7\u00e3o da Bahia;<\/li>\n\n\n\n<li>Priscila Cruz, presidente executiva do Todos pela Educa\u00e7\u00e3o;<\/li>\n\n\n\n<li>Ricardo Marcelo Fonseca, presidente da Associa\u00e7\u00e3o Nacional dos Dirigentes das Institui\u00e7\u00f5es Federais de Ensino Superior (Andifes) e reitor Universidade Federal Paran\u00e1;<\/li>\n\n\n\n<li>Rosa Neide, ex-secret\u00e1ria de Educa\u00e7\u00e3o do Mato Grosso e deputada federal;<\/li>\n\n\n\n<li>Teresa Leit\u00e3o, professora, ex-deputada estadual e senadora eleita por Pernambuco; e<\/li>\n\n\n\n<li>Veveu Arruda, ex-prefeito Sobral do Cear\u00e1.<\/li>\n<\/ul>\n\n\n\n<h2 class=\"wp-block-heading\">Esporte<\/h2>\n\n\n\n<ul class=\"wp-block-list\">\n<li>Ana Moser, ex-atleta do voleibol e medalhista ol\u00edmpica brasileira;<\/li>\n\n\n\n<li>Edinho Silva, atual prefeito de Araraquara e ex-ministro Chefe da Secretaria Especial de Comunica\u00e7\u00e3o Social;<\/li>\n\n\n\n<li>Isabel Salgado, ex-atleta, pioneira do vol\u00eai de praia;<\/li>\n\n\n\n<li>Jos\u00e9 Luiz Ferrarezi, ex-vereador por dois mandatos de S\u00e3o Bernardo do Campo e gestor na \u00e1rea de esporte;<\/li>\n\n\n\n<li>Marta Sobral, jogadora de basquete, medalha ouro de basquete nos jogos Pan-americanos de Havana;<\/li>\n\n\n\n<li>Mizael Conrado, advogado e presidente do Comit\u00ea Paraol\u00edmpico e bicampe\u00e3o paral\u00edmpico de futebol de cegos;<\/li>\n\n\n\n<li>N\u00e1dia Campe\u00e3o, ex-vice-prefeita de S\u00e3o Paulo;<\/li>\n\n\n\n<li>Ra\u00ed Souza Vieira Oliveira, jogador de futebol campe\u00e3o brasileiro e pan-americano; e<\/li>\n\n\n\n<li>Ver\u00f4nica Silva Hip\u00f3lito, atleta paral\u00edmpica.<\/li>\n<\/ul>\n\n\n\n<h2 class=\"wp-block-heading\">Infraestrutura<\/h2>\n\n\n\n<ul class=\"wp-block-list\">\n<li>Alexandre Silveira, senador por Minas Gerais;<\/li>\n\n\n\n<li>Fernandha Batista, secret\u00e1ria de Infraestrutura de Pernambuco;<\/li>\n\n\n\n<li>Gabriel Gal\u00edpolo, economista, ex-presidente do Banco Fator;<\/li>\n\n\n\n<li>Maur\u00edcio Muniz, ex-ministro da Secretaria de Portos da Presid\u00eancia da Rep\u00fablica;<\/li>\n\n\n\n<li>Miriam Belchior, ex-ministra de Planejamento e ex-presidente da Caixa Econ\u00f4mica Federal;<\/li>\n\n\n\n<li>Paulo Pimenta, deputado federal pelo Rio Grande do Sul;<\/li>\n\n\n\n<li>Vinicius Marques, ex-presidente do Conselho Administrativo de Defesa Econ\u00f4mica (Cade);<\/li>\n\n\n\n<li>Fernanda Batista, secret\u00e1ria de Infraestrutura de Pernambuco; e<\/li>\n\n\n\n<li>Marcos Cavalcante, secret\u00e1ria de Infraestrutura da Bahia.<\/li>\n<\/ul>\n\n\n\n<h2 class=\"wp-block-heading\">Juventude<\/h2>\n\n\n\n<ul class=\"wp-block-list\">\n<li>Bruna Chaves Brelaz, presidente da Uni\u00e3o Nacional dos Estudantes (UNE);<\/li>\n\n\n\n<li>Gabriel Medeiros de Miranda, subsecret\u00e1ria de Juventude do Rio Grande do Norte;<\/li>\n\n\n\n<li>Jiberl\u00e2ndio Miranda Santana, presidente da Uni\u00e3o da Juventude Socialista do Esp\u00edrito Santo;<\/li>\n\n\n\n<li>Kelly Santos Ara\u00fajo, secret\u00e1ria geral de Juventude do PT;<\/li>\n\n\n\n<li>Marcos Bar\u00e3o, membro da Juventude do MDB e ex-vice-presidente do Conselho Nacional de Juventude;<\/li>\n\n\n\n<li>N\u00e1dia Beatriz Martins Garcia, secret\u00e1ria nacional de Juventude do PT;<\/li>\n\n\n\n<li>Nilson Florentino Junior, secret\u00e1rio nacional adjunto da Juventude do PT;<\/li>\n\n\n\n<li>Tiago Morbach, presidente nacional da Uni\u00e3o da Juventude Socialista; e<\/li>\n\n\n\n<li>Sabrina Santos, estudante da Universidade Federal do ABC (UFABC) e membro da Uni\u00e3o dos Moradores de Heli\u00f3polis.<\/li>\n<\/ul>\n\n\n\n<h2 class=\"wp-block-heading\">Cidades<\/h2>\n\n\n\n<ul class=\"wp-block-list\">\n<li>Erm\u00ednia Maricato, arquiteta, urbanista e professora da Faculdade de Arquitetura e Urbanismo da Universidade de S\u00e3o Paulo (FAU-USP);<\/li>\n\n\n\n<li>Evanize Lopes Rodrigues, mestra em urbanismo e ex-chefe de gabinete de Programas Urbanos do Minist\u00e9rio das Cidades;<\/li>\n\n\n\n<li>Maria Fernanda Ramos Coelho, ex-presidente da Caixa Econ\u00f4mica Federal e integrante do Cons\u00f3rcio Nordeste;<\/li>\n\n\n\n<li>In\u00eas Magalh\u00e3es, consultora para Pol\u00edticas P\u00fablicas de Habita\u00e7\u00e3o e Desenvolvimento Urbano e ex-ministra das Cidades;<\/li>\n\n\n\n<li>Geraldo Magela, ex-deputado distrital, ex-deputado federal e ex-secret\u00e1ria de Habita\u00e7\u00e3o do Distrito Federal;<\/li>\n\n\n\n<li>Guilherme Boulos, deputado federal eleito por S\u00e3o Paulo;<\/li>\n\n\n\n<li>Jos\u00e9 de Felipe, ex-deputado federal e prefeito Diadema;<\/li>\n\n\n\n<li>M\u00e1rcio Fran\u00e7a, ex-governador de S\u00e3o Paulo;<\/li>\n\n\n\n<li>Rodrigo Neves, ex-prefeito Niter\u00f3i;<\/li>\n\n\n\n<li>Jo\u00e3o Campos, ex-deputado federal e prefeito de Recife; e<\/li>\n\n\n\n<li>Nabil Bonduk, ex-deputado estadual e urbanista da USP.<\/li>\n<\/ul>\n\n\n\n<h2 class=\"wp-block-heading\">Cultura<\/h2>\n\n\n\n<ul class=\"wp-block-list\">\n<li>\u00c1urea Carolina, deputada federal por Minas Gerais;<\/li>\n\n\n\n<li>Luc\u00e9lia Santos, atriz;<\/li>\n\n\n\n<li>Margareth Menezes, cantora e embaixadora do filme Pantera Negra;<\/li>\n\n\n\n<li>Antonio Marinho, m\u00fasico e poeta de Pernambuco;<\/li>\n\n\n\n<li>Juca Ferreira, ex-ministro da Cultura; e<\/li>\n\n\n\n<li>M\u00e1rcio Tavares, secret\u00e1rio nacional de Cultura do PT.<\/li>\n<\/ul>\n\n\n\n<h2 class=\"wp-block-heading\">Subgrupo &#8211; Inf\u00e2ncia, dentro de Direitos Humanos&nbsp;<\/h2>\n\n\n\n<ul class=\"wp-block-list\">\n<li>Ariel Castro Alves, advogado e membro do Instituto Nacional dos Direitos das Crian\u00e7as e Adolescentes;<\/li>\n\n\n\n<li>Maria Luiza Moura Oliveira, psic\u00f3loga, professora da Universidade Cat\u00f3lica de Goi\u00e1s, ex-presidente do Conselho Nacional dos Direitos da Crian\u00e7a e do Adolescente (Conanda);<\/li>\n\n\n\n<li>Wellington Pereira da Silva, te\u00f3logo, pastor da Igreja Metodista, professor e ex-conselheiro do Conanda; e<\/li>\n\n\n\n<li>Isabela Henriques, advogada, presidente Comiss\u00e3o Crian\u00e7a e Adolescente OAB SP e diretora do Instituto Alana.<\/li>\n<\/ul>\n\n\n\n<p class=\"wp-block-paragraph\">&#8212;&#8212;&#8212;&#8212;&#8212;&#8212;<br><br><strong>Sabia que o Aconteceu no Vale est\u00e1 tamb\u00e9m no Telegram? <a rel=\"noreferrer noopener\" href=\"https:\/\/t.me\/aconteceunovaleoficial\" target=\"_blank\">Inscreva-se no canal<\/a>.<\/strong><br><br><strong>J\u00e1 curtiu ou seguiu nossas p\u00e1ginas nas redes sociais?\u00a0Receba as not\u00edcias em primeira m\u00e3o:<\/strong><br>\u2022 <a rel=\"noreferrer noopener\" href=\"https:\/\/news.google.com\/publications\/CAAqBwgKMNjklQswi4etAw?hl=pt-BR&amp;gl=BR&amp;ceid=BR%3Apt-419\" target=\"_blank\">Google News<\/a><br>\u2022 <a rel=\"noreferrer noopener\" href=\"https:\/\/www.facebook.com\/aconteceunovale\/\" target=\"_blank\">Facebook<\/a><br>\u2022 <a rel=\"noreferrer noopener\" href=\"https:\/\/twitter.com\/noticiadosvales\" target=\"_blank\">Twitter<\/a><br>\u2022 <a rel=\"noreferrer noopener\" href=\"https:\/\/www.instagram.com\/aconteceunovale\" target=\"_blank\">Instagram<\/a><br>\u2022 <a rel=\"noreferrer noopener\" href=\"https:\/\/www.youtube.com\/AconteceunoValeOficial\" target=\"_blank\">Youtube<\/a><br>\u2022 <a rel=\"noreferrer noopener\" href=\"https:\/\/www.tiktok.com\/@aconteceunovale\" target=\"_blank\">TikTok<\/a><\/p>\n","protected":false},"excerpt":{"rendered":"<p>O vice-presidente eleito, Geraldo Alckmin (PSB), coordenador-geral do Gabinete de Transi\u00e7\u00e3o, anunciou hoje (14) 61 novos nomes que v\u00e3o integrar as equipes de transi\u00e7\u00e3o para o futuro governo. Eles v\u00e3o fazer parte de seis grupos tem\u00e1ticos: Educa\u00e7\u00e3o, Esporte, Infraestrutura, Juventudes, Cidades e Cultura. Foram anunciados tamb\u00e9m integrantes do subgrupo Inf\u00e2ncia, dentro do grupo Direitos Humanos. [&hellip;]<\/p>\n","protected":false},"author":4,"featured_media":192449,"comment_status":"open","ping_status":"closed","sticky":false,"template":"","format":"standard","meta":{"amp_status":"","footnotes":""},"categories":[6,40240],"tags":[266278,266327,82761,1018,265826,266282,266283,14372,265748,125090,266280,266279,14124,7147,266281,266330,266328,266329,758,265749,265750,265751],"class_list":["post-192448","post","type-post","status-publish","format-standard","has-post-thumbnail","hentry","category-br","category-politica","tag-alckmin-anuncia-mais-36-nomes-para-grupos-tecnicos-da-transicao","tag-alckmin-anuncia-mais-61-nomes-da-equipe-de-transicao","tag-aloizio-mercadante","tag-destaque","tag-equipe-de-transicao-quer-espaco-no-orcamento-para-farmacia-popular-e-merenda","tag-gabinete-da-transicao","tag-gabinete-da-transicao-para-o-governo-lula","tag-geraldo-alckmin","tag-geraldo-alckmin-sera-o-coordenador-da-equipe-de-transicao-do-governo-lula","tag-gleisi-hoffmann","tag-indicados-para-a-equipe-de-transicao","tag-integrantes-da-equipe-de-transicao","tag-luiz-inacio-lula-da-silva","tag-lula","tag-nomeados-para-a-equipe-de-transicao","tag-nomeados-para-a-transicao","tag-nomes-da-equipe-de-transicao","tag-nomes-da-transicao","tag-pt","tag-transicao-do-governo-lula","tag-transicao-para-o-governo-lula","tag-transicao-para-o-novo-governo"],"yoast_head":"<!-- This site is optimized with the Yoast SEO plugin v28.3 - https:\/\/yoast.com\/product\/yoast-seo-wordpress\/ -->\n<title>Alckmin anuncia mais 61 nomes da equipe de transi\u00e7\u00e3o - Aconteceu no Vale<\/title>\n<meta name=\"robots\" content=\"index, follow, max-snippet:-1, max-image-preview:large, max-video-preview:-1\" \/>\n<link rel=\"canonical\" href=\"https:\/\/aconteceunovale.com.br\/portal\/?p=192448\" \/>\n<meta property=\"og:locale\" content=\"pt_BR\" \/>\n<meta property=\"og:type\" content=\"article\" \/>\n<meta property=\"og:title\" content=\"Alckmin anuncia mais 61 nomes da equipe de transi\u00e7\u00e3o - Aconteceu no Vale\" \/>\n<meta property=\"og:description\" content=\"O vice-presidente eleito, Geraldo Alckmin (PSB), coordenador-geral do Gabinete de Transi\u00e7\u00e3o, anunciou hoje (14) 61 novos nomes que v\u00e3o integrar as equipes de transi\u00e7\u00e3o para o futuro governo. Eles v\u00e3o fazer parte de seis grupos tem\u00e1ticos: Educa\u00e7\u00e3o, Esporte, Infraestrutura, Juventudes, Cidades e Cultura. Foram anunciados tamb\u00e9m integrantes do subgrupo Inf\u00e2ncia, dentro do grupo Direitos Humanos. [&hellip;]\" \/>\n<meta property=\"og:url\" content=\"https:\/\/aconteceunovale.com.br\/portal\/?p=192448\" \/>\n<meta property=\"og:site_name\" content=\"Aconteceu no Vale\" \/>\n<meta property=\"article:publisher\" content=\"https:\/\/www.facebook.com\/aconteceunovale\/\" \/>\n<meta property=\"article:published_time\" content=\"2022-11-14T22:03:57+00:00\" \/>\n<meta property=\"article:modified_time\" content=\"2022-11-14T22:04:36+00:00\" \/>\n<meta property=\"og:image\" content=\"https:\/\/aconteceunovale.com.br\/portal\/wp-content\/uploads\/2022\/11\/anuncio_alckmin.jpeg\" \/>\n\t<meta property=\"og:image:width\" content=\"678\" \/>\n\t<meta property=\"og:image:height\" content=\"406\" \/>\n\t<meta property=\"og:image:type\" content=\"image\/jpeg\" \/>\n<meta name=\"author\" content=\"Reda\u00e7\u00e3o Aconteceu no Vale\" \/>\n<meta name=\"twitter:card\" content=\"summary_large_image\" \/>\n<meta name=\"twitter:creator\" content=\"@noticiadosvales\" \/>\n<meta name=\"twitter:site\" content=\"@noticiadosvales\" \/>\n<meta name=\"twitter:label1\" content=\"Escrito por\" \/>\n\t<meta name=\"twitter:data1\" content=\"Reda\u00e7\u00e3o Aconteceu no Vale\" \/>\n\t<meta name=\"twitter:label2\" content=\"Est. tempo de leitura\" \/>\n\t<meta name=\"twitter:data2\" content=\"6 minutos\" \/>\n<script type=\"application\/ld+json\" class=\"yoast-schema-graph\">{\"@context\":\"https:\\\/\\\/schema.org\",\"@graph\":[{\"@type\":\"Article\",\"@id\":\"https:\\\/\\\/aconteceunovale.com.br\\\/portal\\\/?p=192448#article\",\"isPartOf\":{\"@id\":\"https:\\\/\\\/aconteceunovale.com.br\\\/portal\\\/?p=192448\"},\"author\":{\"name\":\"Reda\u00e7\u00e3o Aconteceu no Vale\",\"@id\":\"https:\\\/\\\/aconteceunovale.com.br\\\/portal\\\/#\\\/schema\\\/person\\\/7d2f26d1483f8a63de73da1ee0754d35\"},\"headline\":\"Alckmin anuncia mais 61 nomes da equipe de transi\u00e7\u00e3o\",\"datePublished\":\"2022-11-14T22:03:57+00:00\",\"dateModified\":\"2022-11-14T22:04:36+00:00\",\"mainEntityOfPage\":{\"@id\":\"https:\\\/\\\/aconteceunovale.com.br\\\/portal\\\/?p=192448\"},\"wordCount\":1167,\"commentCount\":0,\"image\":{\"@id\":\"https:\\\/\\\/aconteceunovale.com.br\\\/portal\\\/?p=192448#primaryimage\"},\"thumbnailUrl\":\"https:\\\/\\\/aconteceunovale.com.br\\\/portal\\\/wp-content\\\/uploads\\\/2022\\\/11\\\/anuncio_alckmin.jpeg\",\"keywords\":[\"Alckmin anuncia mais 36 nomes para grupos t\u00e9cnicos da transi\u00e7\u00e3o\",\"Alckmin anuncia mais 61 nomes da equipe de transi\u00e7\u00e3o\",\"Aloizio Mercadante\",\"destaque\",\"Equipe de transi\u00e7\u00e3o quer espa\u00e7o no Or\u00e7amento para Farm\u00e1cia Popular e merenda\",\"Gabinete da transi\u00e7\u00e3o\",\"Gabinete da transi\u00e7\u00e3o para o governo Lula\",\"Geraldo Alckmin\",\"Geraldo Alckmin ser\u00e1 o coordenador da equipe de transi\u00e7\u00e3o do governo Lula\",\"Gleisi Hoffmann\",\"Indicados para a equipe de transi\u00e7\u00e3o\",\"Integrantes da equipe de transi\u00e7\u00e3o\",\"Luiz In\u00e1cio Lula da Silva\",\"Lula\",\"Nomeados para a equipe de transi\u00e7\u00e3o\",\"Nomeados para a transi\u00e7\u00e3o\",\"Nomes da equipe de transi\u00e7\u00e3o\",\"Nomes da transi\u00e7\u00e3o\",\"PT\",\"Transi\u00e7\u00e3o do governo Lula\",\"Transi\u00e7\u00e3o para o governo Lula\",\"Transi\u00e7\u00e3o para o novo governo\"],\"articleSection\":[\"Brasil\",\"Pol\u00edtica\"],\"inLanguage\":\"pt-BR\",\"potentialAction\":[{\"@type\":\"CommentAction\",\"name\":\"Comment\",\"target\":[\"https:\\\/\\\/aconteceunovale.com.br\\\/portal\\\/?p=192448#respond\"]}]},{\"@type\":\"WebPage\",\"@id\":\"https:\\\/\\\/aconteceunovale.com.br\\\/portal\\\/?p=192448\",\"url\":\"https:\\\/\\\/aconteceunovale.com.br\\\/portal\\\/?p=192448\",\"name\":\"Alckmin anuncia mais 61 nomes da equipe de transi\u00e7\u00e3o - Aconteceu no Vale\",\"isPartOf\":{\"@id\":\"https:\\\/\\\/aconteceunovale.com.br\\\/portal\\\/#website\"},\"primaryImageOfPage\":{\"@id\":\"https:\\\/\\\/aconteceunovale.com.br\\\/portal\\\/?p=192448#primaryimage\"},\"image\":{\"@id\":\"https:\\\/\\\/aconteceunovale.com.br\\\/portal\\\/?p=192448#primaryimage\"},\"thumbnailUrl\":\"https:\\\/\\\/aconteceunovale.com.br\\\/portal\\\/wp-content\\\/uploads\\\/2022\\\/11\\\/anuncio_alckmin.jpeg\",\"datePublished\":\"2022-11-14T22:03:57+00:00\",\"dateModified\":\"2022-11-14T22:04:36+00:00\",\"author\":{\"@id\":\"https:\\\/\\\/aconteceunovale.com.br\\\/portal\\\/#\\\/schema\\\/person\\\/7d2f26d1483f8a63de73da1ee0754d35\"},\"breadcrumb\":{\"@id\":\"https:\\\/\\\/aconteceunovale.com.br\\\/portal\\\/?p=192448#breadcrumb\"},\"inLanguage\":\"pt-BR\",\"potentialAction\":[{\"@type\":\"ReadAction\",\"target\":[\"https:\\\/\\\/aconteceunovale.com.br\\\/portal\\\/?p=192448\"]}]},{\"@type\":\"ImageObject\",\"inLanguage\":\"pt-BR\",\"@id\":\"https:\\\/\\\/aconteceunovale.com.br\\\/portal\\\/?p=192448#primaryimage\",\"url\":\"https:\\\/\\\/aconteceunovale.com.br\\\/portal\\\/wp-content\\\/uploads\\\/2022\\\/11\\\/anuncio_alckmin.jpeg\",\"contentUrl\":\"https:\\\/\\\/aconteceunovale.com.br\\\/portal\\\/wp-content\\\/uploads\\\/2022\\\/11\\\/anuncio_alckmin.jpeg\",\"width\":678,\"height\":406},{\"@type\":\"BreadcrumbList\",\"@id\":\"https:\\\/\\\/aconteceunovale.com.br\\\/portal\\\/?p=192448#breadcrumb\",\"itemListElement\":[{\"@type\":\"ListItem\",\"position\":1,\"name\":\"In\u00edcio\",\"item\":\"https:\\\/\\\/aconteceunovale.com.br\\\/portal\\\/\"},{\"@type\":\"ListItem\",\"position\":2,\"name\":\"Alckmin anuncia mais 61 nomes da equipe de transi\u00e7\u00e3o\"}]},{\"@type\":\"WebSite\",\"@id\":\"https:\\\/\\\/aconteceunovale.com.br\\\/portal\\\/#website\",\"url\":\"https:\\\/\\\/aconteceunovale.com.br\\\/portal\\\/\",\"name\":\"Aconteceu no Vale\",\"description\":\"Portal de Not\u00edcias\",\"potentialAction\":[{\"@type\":\"SearchAction\",\"target\":{\"@type\":\"EntryPoint\",\"urlTemplate\":\"https:\\\/\\\/aconteceunovale.com.br\\\/portal\\\/?s={search_term_string}\"},\"query-input\":{\"@type\":\"PropertyValueSpecification\",\"valueRequired\":true,\"valueName\":\"search_term_string\"}}],\"inLanguage\":\"pt-BR\"},{\"@type\":\"Person\",\"@id\":\"https:\\\/\\\/aconteceunovale.com.br\\\/portal\\\/#\\\/schema\\\/person\\\/7d2f26d1483f8a63de73da1ee0754d35\",\"name\":\"Reda\u00e7\u00e3o Aconteceu no Vale\",\"description\":\"Equipe de reportagem do Aconteceu no Vale, portal de not\u00edcias do Vale do Jequitinhonha, em Minas Gerais. Cobrimos as 51 cidades do Vale desde 2013. Sugest\u00f5es de pauta e pedidos de corre\u00e7\u00e3o: contato@aconteceunovale.com.br\",\"url\":\"https:\\\/\\\/aconteceunovale.com.br\\\/portal\\\/?author=4\"}]}<\/script>\n<!-- \/ Yoast SEO plugin. -->","yoast_head_json":{"title":"Alckmin anuncia mais 61 nomes da equipe de transi\u00e7\u00e3o - Aconteceu no Vale","robots":{"index":"index","follow":"follow","max-snippet":"max-snippet:-1","max-image-preview":"max-image-preview:large","max-video-preview":"max-video-preview:-1"},"canonical":"https:\/\/aconteceunovale.com.br\/portal\/?p=192448","og_locale":"pt_BR","og_type":"article","og_title":"Alckmin anuncia mais 61 nomes da equipe de transi\u00e7\u00e3o - Aconteceu no Vale","og_description":"O vice-presidente eleito, Geraldo Alckmin (PSB), coordenador-geral do Gabinete de Transi\u00e7\u00e3o, anunciou hoje (14) 61 novos nomes que v\u00e3o integrar as equipes de transi\u00e7\u00e3o para o futuro governo. Eles v\u00e3o fazer parte de seis grupos tem\u00e1ticos: Educa\u00e7\u00e3o, Esporte, Infraestrutura, Juventudes, Cidades e Cultura. Foram anunciados tamb\u00e9m integrantes do subgrupo Inf\u00e2ncia, dentro do grupo Direitos Humanos. [&hellip;]","og_url":"https:\/\/aconteceunovale.com.br\/portal\/?p=192448","og_site_name":"Aconteceu no Vale","article_publisher":"https:\/\/www.facebook.com\/aconteceunovale\/","article_published_time":"2022-11-14T22:03:57+00:00","article_modified_time":"2022-11-14T22:04:36+00:00","og_image":[{"width":678,"height":406,"url":"https:\/\/aconteceunovale.com.br\/portal\/wp-content\/uploads\/2022\/11\/anuncio_alckmin.jpeg","type":"image\/jpeg"}],"author":"Reda\u00e7\u00e3o Aconteceu no Vale","twitter_card":"summary_large_image","twitter_creator":"@noticiadosvales","twitter_site":"@noticiadosvales","twitter_misc":{"Escrito por":"Reda\u00e7\u00e3o Aconteceu no Vale","Est. tempo de leitura":"6 minutos"},"schema":{"@context":"https:\/\/schema.org","@graph":[{"@type":"Article","@id":"https:\/\/aconteceunovale.com.br\/portal\/?p=192448#article","isPartOf":{"@id":"https:\/\/aconteceunovale.com.br\/portal\/?p=192448"},"author":{"name":"Reda\u00e7\u00e3o Aconteceu no Vale","@id":"https:\/\/aconteceunovale.com.br\/portal\/#\/schema\/person\/7d2f26d1483f8a63de73da1ee0754d35"},"headline":"Alckmin anuncia mais 61 nomes da equipe de transi\u00e7\u00e3o","datePublished":"2022-11-14T22:03:57+00:00","dateModified":"2022-11-14T22:04:36+00:00","mainEntityOfPage":{"@id":"https:\/\/aconteceunovale.com.br\/portal\/?p=192448"},"wordCount":1167,"commentCount":0,"image":{"@id":"https:\/\/aconteceunovale.com.br\/portal\/?p=192448#primaryimage"},"thumbnailUrl":"https:\/\/aconteceunovale.com.br\/portal\/wp-content\/uploads\/2022\/11\/anuncio_alckmin.jpeg","keywords":["Alckmin anuncia mais 36 nomes para grupos t\u00e9cnicos da transi\u00e7\u00e3o","Alckmin anuncia mais 61 nomes da equipe de transi\u00e7\u00e3o","Aloizio Mercadante","destaque","Equipe de transi\u00e7\u00e3o quer espa\u00e7o no Or\u00e7amento para Farm\u00e1cia Popular e merenda","Gabinete da transi\u00e7\u00e3o","Gabinete da transi\u00e7\u00e3o para o governo Lula","Geraldo Alckmin","Geraldo Alckmin ser\u00e1 o coordenador da equipe de transi\u00e7\u00e3o do governo Lula","Gleisi Hoffmann","Indicados para a equipe de transi\u00e7\u00e3o","Integrantes da equipe de transi\u00e7\u00e3o","Luiz In\u00e1cio Lula da Silva","Lula","Nomeados para a equipe de transi\u00e7\u00e3o","Nomeados para a transi\u00e7\u00e3o","Nomes da equipe de transi\u00e7\u00e3o","Nomes da transi\u00e7\u00e3o","PT","Transi\u00e7\u00e3o do governo Lula","Transi\u00e7\u00e3o para o governo Lula","Transi\u00e7\u00e3o para o novo governo"],"articleSection":["Brasil","Pol\u00edtica"],"inLanguage":"pt-BR","potentialAction":[{"@type":"CommentAction","name":"Comment","target":["https:\/\/aconteceunovale.com.br\/portal\/?p=192448#respond"]}]},{"@type":"WebPage","@id":"https:\/\/aconteceunovale.com.br\/portal\/?p=192448","url":"https:\/\/aconteceunovale.com.br\/portal\/?p=192448","name":"Alckmin anuncia mais 61 nomes da equipe de transi\u00e7\u00e3o - Aconteceu no Vale","isPartOf":{"@id":"https:\/\/aconteceunovale.com.br\/portal\/#website"},"primaryImageOfPage":{"@id":"https:\/\/aconteceunovale.com.br\/portal\/?p=192448#primaryimage"},"image":{"@id":"https:\/\/aconteceunovale.com.br\/portal\/?p=192448#primaryimage"},"thumbnailUrl":"https:\/\/aconteceunovale.com.br\/portal\/wp-content\/uploads\/2022\/11\/anuncio_alckmin.jpeg","datePublished":"2022-11-14T22:03:57+00:00","dateModified":"2022-11-14T22:04:36+00:00","author":{"@id":"https:\/\/aconteceunovale.com.br\/portal\/#\/schema\/person\/7d2f26d1483f8a63de73da1ee0754d35"},"breadcrumb":{"@id":"https:\/\/aconteceunovale.com.br\/portal\/?p=192448#breadcrumb"},"inLanguage":"pt-BR","potentialAction":[{"@type":"ReadAction","target":["https:\/\/aconteceunovale.com.br\/portal\/?p=192448"]}]},{"@type":"ImageObject","inLanguage":"pt-BR","@id":"https:\/\/aconteceunovale.com.br\/portal\/?p=192448#primaryimage","url":"https:\/\/aconteceunovale.com.br\/portal\/wp-content\/uploads\/2022\/11\/anuncio_alckmin.jpeg","contentUrl":"https:\/\/aconteceunovale.com.br\/portal\/wp-content\/uploads\/2022\/11\/anuncio_alckmin.jpeg","width":678,"height":406},{"@type":"BreadcrumbList","@id":"https:\/\/aconteceunovale.com.br\/portal\/?p=192448#breadcrumb","itemListElement":[{"@type":"ListItem","position":1,"name":"In\u00edcio","item":"https:\/\/aconteceunovale.com.br\/portal\/"},{"@type":"ListItem","position":2,"name":"Alckmin anuncia mais 61 nomes da equipe de transi\u00e7\u00e3o"}]},{"@type":"WebSite","@id":"https:\/\/aconteceunovale.com.br\/portal\/#website","url":"https:\/\/aconteceunovale.com.br\/portal\/","name":"Aconteceu no Vale","description":"Portal de Not\u00edcias","potentialAction":[{"@type":"SearchAction","target":{"@type":"EntryPoint","urlTemplate":"https:\/\/aconteceunovale.com.br\/portal\/?s={search_term_string}"},"query-input":{"@type":"PropertyValueSpecification","valueRequired":true,"valueName":"search_term_string"}}],"inLanguage":"pt-BR"},{"@type":"Person","@id":"https:\/\/aconteceunovale.com.br\/portal\/#\/schema\/person\/7d2f26d1483f8a63de73da1ee0754d35","name":"Reda\u00e7\u00e3o Aconteceu no Vale","description":"Equipe de reportagem do Aconteceu no Vale, portal de not\u00edcias do Vale do Jequitinhonha, em Minas Gerais. Cobrimos as 51 cidades do Vale desde 2013. Sugest\u00f5es de pauta e pedidos de corre\u00e7\u00e3o: contato@aconteceunovale.com.br","url":"https:\/\/aconteceunovale.com.br\/portal\/?author=4"}]}},"_links":{"self":[{"href":"https:\/\/aconteceunovale.com.br\/portal\/index.php?rest_route=\/wp\/v2\/posts\/192448","targetHints":{"allow":["GET"]}}],"collection":[{"href":"https:\/\/aconteceunovale.com.br\/portal\/index.php?rest_route=\/wp\/v2\/posts"}],"about":[{"href":"https:\/\/aconteceunovale.com.br\/portal\/index.php?rest_route=\/wp\/v2\/types\/post"}],"author":[{"embeddable":true,"href":"https:\/\/aconteceunovale.com.br\/portal\/index.php?rest_route=\/wp\/v2\/users\/4"}],"replies":[{"embeddable":true,"href":"https:\/\/aconteceunovale.com.br\/portal\/index.php?rest_route=%2Fwp%2Fv2%2Fcomments&post=192448"}],"version-history":[{"count":1,"href":"https:\/\/aconteceunovale.com.br\/portal\/index.php?rest_route=\/wp\/v2\/posts\/192448\/revisions"}],"predecessor-version":[{"id":192450,"href":"https:\/\/aconteceunovale.com.br\/portal\/index.php?rest_route=\/wp\/v2\/posts\/192448\/revisions\/192450"}],"wp:featuredmedia":[{"embeddable":true,"href":"https:\/\/aconteceunovale.com.br\/portal\/index.php?rest_route=\/wp\/v2\/media\/192449"}],"wp:attachment":[{"href":"https:\/\/aconteceunovale.com.br\/portal\/index.php?rest_route=%2Fwp%2Fv2%2Fmedia&parent=192448"}],"wp:term":[{"taxonomy":"category","embeddable":true,"href":"https:\/\/aconteceunovale.com.br\/portal\/index.php?rest_route=%2Fwp%2Fv2%2Fcategories&post=192448"},{"taxonomy":"post_tag","embeddable":true,"href":"https:\/\/aconteceunovale.com.br\/portal\/index.php?rest_route=%2Fwp%2Fv2%2Ftags&post=192448"}],"curies":[{"name":"wp","href":"https:\/\/api.w.org\/{rel}","templated":true}]}}