{"id":192433,"date":"2022-11-14T15:35:51","date_gmt":"2022-11-14T18:35:51","guid":{"rendered":"https:\/\/aconteceunovale.com.br\/portal\/?p=192433"},"modified":"2022-11-14T15:36:27","modified_gmt":"2022-11-14T18:36:27","slug":"alexandre-de-moraes-defende-regulamentacao-de-redes-sociais-para-combater-a-desinformacao","status":"publish","type":"post","link":"https:\/\/aconteceunovale.com.br\/portal\/?p=192433","title":{"rendered":"Alexandre de Moraes defende regulamenta\u00e7\u00e3o de redes sociais para combater a desinforma\u00e7\u00e3o"},"content":{"rendered":"\n<p class=\"wp-block-paragraph\">O presidente do Tribunal Superior Eleitoral (TSE) e ministro do\u00a0Supremo Tribunal Federal (STF), Alexandre de Moraes, criticou nesta segunda-feira (14), em Nova York, nos Estados Unidos,\u00a0as chamadas mil\u00edcias digitais, que, segundo ele, \u201cagem para corroer a democracia\u201d. O magistrado e mais cinco ministros do STF \u2013 Lu\u00eds Roberto Barroso, Gilmar Mendes, C\u00e1rmen\u00a0L\u00facia, Ricardo Lewandowski e Dias Toffoli \u2013\u00a0participam do evento privado Lide Brazil Conference, promovido pelo grupo brasileiro L\u00edderes Empresariais.<\/p>\n\n\n\n<figure class=\"wp-block-gallery has-nested-images columns-default is-cropped wp-block-gallery-1 is-layout-flex wp-block-gallery-is-layout-flex\">\n<figure class=\"wp-block-image size-large\"><img loading=\"lazy\" decoding=\"async\" width=\"678\" height=\"406\" data-id=\"192434\" src=\"https:\/\/aconteceunovale.com.br\/portal\/wp-content\/uploads\/2022\/11\/moraes_ministro.jpg\" alt=\"\" class=\"wp-image-192434\" srcset=\"https:\/\/aconteceunovale.com.br\/portal\/wp-content\/uploads\/2022\/11\/moraes_ministro.jpg 678w, https:\/\/aconteceunovale.com.br\/portal\/wp-content\/uploads\/2022\/11\/moraes_ministro-300x180.jpg 300w\" sizes=\"auto, (max-width: 678px) 100vw, 678px\" \/><figcaption class=\"wp-element-caption\"><em><sub>Alexandre de Moraes &#8211; Foto: Fabio Rodrigues Pozzebom\/Arquivo\/Ag\u00eancia Brasil<\/sub><\/em><\/figcaption><\/figure>\n<\/figure>\n\n\n\n<p class=\"wp-block-paragraph\">Essa \u00e9 primeira edi\u00e7\u00e3o da confer\u00eancia, que tem por objetivo debater quest\u00f5es como economia, democracia e liberdade no Brasil a partir do ano que vem. Em sua fala, Moraes cobrou do Poder Legislativo a regulamenta\u00e7\u00e3o de plataformas digitais como forma de combater a desinforma\u00e7\u00e3o. Para ele, deputados e senadores ter\u00e3o, junto com o\u00a0Judici\u00e1rio, de combater a dissemina\u00e7\u00e3o de not\u00edcias falsas. \u201cN\u00e3o \u00e9 poss\u00edvel que as redes sociais sejam terra de ningu\u00e9m. N\u00e3o \u00e9 poss\u00edvel que as mil\u00edcias digitais possam atacar impunemente sem que haja uma responsabiliza\u00e7\u00e3o\u201d, ressaltou.<\/p>\n\n\n\n<p class=\"wp-block-paragraph\">O ministro reconheceu que a falta de regulamenta\u00e7\u00e3o \u00e9 um problema mundial, mas disse que o problema tem se agravado com as mil\u00edcias digitais que \u201cusam falso manto da liberdade de express\u00e3o sem limites\u201d para \u201ccorroer a democracia\u201d, \u201ccorroer a liberdade nos seus tr\u00eas pilares\u201d e atacar \u201co sistema eleitoral que \u00e9 a base da democracia\u201d.<\/p>\n\n\n\n<p class=\"wp-block-paragraph\">Alexandre de Moraes insistiu que ataques \u00e0s urnas eletr\u00f4nicas e a autoridades judici\u00e1rias que conduzem o processo eleitoral afetam diretamente a democracia. Ao defender a transpar\u00eancia, a confiabilidade das urnas eletr\u00f4nicas e a rapidez na apura\u00e7\u00e3o, Moraes avaliou que, independentemente da utiliza\u00e7\u00e3o de voto impresso, por urnas eletr\u00f4nicas ou voto por correio, o que importa para alguns \u201c\u00e9 desacreditar o instrumento democr\u00e1tico que \u00e9 o voto\u201d.<\/p>\n\n\n\n<p class=\"wp-block-paragraph\">\u201cO que se pretende substituir n\u00e3o s\u00e3o as urnas eletr\u00f4nicas, se pretende substituir o sistema pol\u00edtico que tem o voto livre, peri\u00f3dico de todos os eleitores. Essa constru\u00e7\u00e3o de mil\u00edcias digitais, de ataques sem responsabilidade, de confus\u00e3o do que \u00e9 liberdade de express\u00e3o, n\u00e3o ataca s\u00f3 a liberdade de imprensa, n\u00e3o ataca s\u00f3 o sistema eleitoral. Ataca tamb\u00e9m no mundo todo o Poder Judici\u00e1rio. N\u00e3o \u00e9 por outro motivo que o grande cliente dessas mil\u00edcias digitais \u00e9 o Poder Judici\u00e1rio\u201d, acrescentou.<\/p>\n\n\n\n<p class=\"wp-block-paragraph\">Aos conferencistas em Nova York, o presidente do TSE disse ainda que \u201ca democracia foi atacada, a democracia foi desrespeitada, a democracia foi aventada, mas a democracia sobreviveu\u201d. O ministro atribuiu a situa\u00e7\u00e3o ao fato de o Brasil ter institui\u00e7\u00f5es fortes e um Poder Judici\u00e1rio aut\u00f4nomo, que respeitam a Constitui\u00e7\u00e3o. \u201cA nossa bandeira n\u00e3o \u00e9 A, B, ou C. A nossa bandeira \u00e9 a Constitui\u00e7\u00e3o, a nossa bandeira e a defesa do Estado de Direito, do Estado Democr\u00e1tico de Direito, e assim ser\u00e1\u201d, afirmou Moraes.<\/p>\n\n\n\n<p class=\"wp-block-paragraph\">Na mesma linha de Alexandre de Moraes, outros ministros como Gilmar Mendes e Dias Toffoli defenderam o processo eleitoral no Brasil&nbsp;e a democracia. &#8220;O meio pol\u00edtico reconheceu imediatamente o resultado das elei\u00e7\u00f5es. Protestos e demonstra\u00e7\u00e3o de inconformismo s\u00e3o normais. Agress\u00e3o n\u00e3o encontra abrigo na Constitui\u00e7\u00e3o, muito menos a defesa da ditadura. Isso \u00e9 lament\u00e1vel&#8221;, disse Gilmar Mendes.<\/p>\n\n\n\n<p class=\"wp-block-paragraph\">J\u00e1 Toffoli criticou o fato de \u201cautoproclamados conservadores\u201d terem fechado estradas ap\u00f3s a divulga\u00e7\u00e3o&nbsp;do resultado das elei\u00e7\u00f5es no pa\u00eds, interrompendo o direito de ir e vir das pessoas. \u201c N\u00e3o podemos deixar que o \u00f3dio entre no nosso pa\u00eds&#8221;, disse. O ministro lembrou o ataque ao Capit\u00f3lio, nos Estados Unidos, ap\u00f3s a elei\u00e7\u00e3o de Joe Biden para a Presid\u00eancia do pa\u00eds. Para ele, a imprensa, a academia e magistratura defendem a \u201cverdade factual\u201d.<\/p>\n\n\n\n<p class=\"wp-block-paragraph\">O primeiro dia do evento em Nova York tamb\u00e9m reuniu o ex-presidente da Rep\u00fablica Michel Temer, o ex-ministro e ex-presidente do STF&nbsp;Carlos Ayres Britto, e o ministro do Tribunal de Contas da Uni\u00e3o&nbsp;(TCU) Antonio Anastasia.<\/p>\n\n\n\n<h2 class=\"wp-block-heading\">Protestos<\/h2>\n\n\n\n<p class=\"wp-block-paragraph\">Imagens que circulam nas redes sociais mostram ministros do STF sendo hostilizados\u00a0nas ruas de Nova York por manifestantes brasileiros, muitos deles usando camisetas verde-amarelas. Lu\u00eds Roberto Barroso, Gilmar Mendes e Alexandre de Moraes est\u00e3o\u00a0entre os magistrados que foram alvo dos protestos. O grupo contesta\u00a0o resultado das elei\u00e7\u00f5es no Brasil.<\/p>\n\n\n\n<p class=\"wp-block-paragraph\">&#8212;&#8212;&#8212;&#8212;&#8212;&#8212;<br><br><strong>Sabia que o Aconteceu no Vale est\u00e1 tamb\u00e9m no Telegram? <a rel=\"noreferrer noopener\" href=\"https:\/\/t.me\/aconteceunovaleoficial\" target=\"_blank\">Inscreva-se no canal<\/a>.<\/strong><br><br><strong>J\u00e1 curtiu ou seguiu nossas p\u00e1ginas nas redes sociais?\u00a0Receba as not\u00edcias em primeira m\u00e3o:<\/strong><br>\u2022 <a rel=\"noreferrer noopener\" href=\"https:\/\/news.google.com\/publications\/CAAqBwgKMNjklQswi4etAw?hl=pt-BR&amp;gl=BR&amp;ceid=BR%3Apt-419\" target=\"_blank\">Google News<\/a><br>\u2022 <a rel=\"noreferrer noopener\" href=\"https:\/\/www.facebook.com\/aconteceunovale\/\" target=\"_blank\">Facebook<\/a><br>\u2022 <a rel=\"noreferrer noopener\" href=\"https:\/\/twitter.com\/noticiadosvales\" target=\"_blank\">Twitter<\/a><br>\u2022 <a rel=\"noreferrer noopener\" href=\"https:\/\/www.instagram.com\/aconteceunovale\" target=\"_blank\">Instagram<\/a><br>\u2022 <a rel=\"noreferrer noopener\" href=\"https:\/\/www.youtube.com\/AconteceunoValeOficial\" target=\"_blank\">Youtube<\/a><br>\u2022 <a rel=\"noreferrer noopener\" href=\"https:\/\/www.tiktok.com\/@aconteceunovale\" target=\"_blank\">TikTok<\/a><\/p>\n","protected":false},"excerpt":{"rendered":"<p>O presidente do Tribunal Superior Eleitoral (TSE) e ministro do\u00a0Supremo Tribunal Federal (STF), Alexandre de Moraes, criticou nesta segunda-feira (14), em Nova York, nos Estados Unidos,\u00a0as chamadas mil\u00edcias digitais, que, segundo ele, \u201cagem para corroer a democracia\u201d. O magistrado e mais cinco ministros do STF \u2013 Lu\u00eds Roberto Barroso, Gilmar Mendes, C\u00e1rmen\u00a0L\u00facia, Ricardo Lewandowski e [&hellip;]<\/p>\n","protected":false},"author":4,"featured_media":192434,"comment_status":"open","ping_status":"closed","sticky":false,"template":"","format":"standard","meta":{"amp_status":"","footnotes":""},"categories":[6,28848,40240],"tags":[35211,266301,266302,266303,2184,266309,77984,1018,20274,15469,47612,266306,266307,266305,266308,35138,20181,266304,15695,266310,28512,28511,28510,94060,267],"class_list":["post-192433","post","type-post","status-publish","format-standard","has-post-thumbnail","hentry","category-br","category-mundo","category-politica","tag-alexandre-de-moraes","tag-alexandre-de-moraes-cobra-leis-contra-milicia-digital","tag-alexandre-de-moraes-defende-eleicoes","tag-alexandre-de-moraes-nova-york","tag-antonio-anastasia","tag-carlos-ayres-britto","tag-carmen-lucia","tag-destaque","tag-dias-toffoli","tag-estados-unidos","tag-gilmar-mendes","tag-leis-contra-desinformacao-nas-redes-sociais","tag-leis-contra-fake-news","tag-leis-contra-milicias-digitais","tag-lide-brazil-conference","tag-luis-roberto-barroso","tag-michel-temer","tag-milicias-digitais","tag-nova-york","tag-protestos-contra-alexandre-de-morais","tag-ricardo-lewandowski","tag-stf","tag-supremo-tribunal-federal","tag-tribunal-superior-eleitoral","tag-tse"],"yoast_head":"<!-- This site is optimized with the Yoast SEO plugin v28.3 - https:\/\/yoast.com\/product\/yoast-seo-wordpress\/ -->\n<title>Alexandre de Moraes defende regulamenta\u00e7\u00e3o de redes sociais para combater a desinforma\u00e7\u00e3o - Aconteceu no Vale<\/title>\n<meta name=\"robots\" content=\"index, follow, max-snippet:-1, max-image-preview:large, max-video-preview:-1\" \/>\n<link rel=\"canonical\" href=\"https:\/\/aconteceunovale.com.br\/portal\/?p=192433\" \/>\n<meta property=\"og:locale\" content=\"pt_BR\" \/>\n<meta property=\"og:type\" content=\"article\" \/>\n<meta property=\"og:title\" content=\"Alexandre de Moraes defende regulamenta\u00e7\u00e3o de redes sociais para combater a desinforma\u00e7\u00e3o - Aconteceu no Vale\" \/>\n<meta property=\"og:description\" content=\"O presidente do Tribunal Superior Eleitoral (TSE) e ministro do\u00a0Supremo Tribunal Federal (STF), Alexandre de Moraes, criticou nesta segunda-feira (14), em Nova York, nos Estados Unidos,\u00a0as chamadas mil\u00edcias digitais, que, segundo ele, \u201cagem para corroer a democracia\u201d. O magistrado e mais cinco ministros do STF \u2013 Lu\u00eds Roberto Barroso, Gilmar Mendes, C\u00e1rmen\u00a0L\u00facia, Ricardo Lewandowski e [&hellip;]\" \/>\n<meta property=\"og:url\" content=\"https:\/\/aconteceunovale.com.br\/portal\/?p=192433\" \/>\n<meta property=\"og:site_name\" content=\"Aconteceu no Vale\" \/>\n<meta property=\"article:publisher\" content=\"https:\/\/www.facebook.com\/aconteceunovale\/\" \/>\n<meta property=\"article:published_time\" content=\"2022-11-14T18:35:51+00:00\" \/>\n<meta property=\"article:modified_time\" content=\"2022-11-14T18:36:27+00:00\" \/>\n<meta property=\"og:image\" content=\"https:\/\/aconteceunovale.com.br\/portal\/wp-content\/uploads\/2022\/11\/moraes_ministro.jpg\" \/>\n\t<meta property=\"og:image:width\" content=\"678\" \/>\n\t<meta property=\"og:image:height\" content=\"406\" \/>\n\t<meta property=\"og:image:type\" content=\"image\/jpeg\" \/>\n<meta name=\"author\" content=\"Reda\u00e7\u00e3o Aconteceu no Vale\" \/>\n<meta name=\"twitter:card\" content=\"summary_large_image\" \/>\n<meta name=\"twitter:creator\" content=\"@noticiadosvales\" \/>\n<meta name=\"twitter:site\" content=\"@noticiadosvales\" \/>\n<meta name=\"twitter:label1\" content=\"Escrito por\" \/>\n\t<meta name=\"twitter:data1\" content=\"Reda\u00e7\u00e3o Aconteceu no Vale\" \/>\n\t<meta name=\"twitter:label2\" content=\"Est. tempo de leitura\" \/>\n\t<meta name=\"twitter:data2\" content=\"4 minutos\" \/>\n<script type=\"application\/ld+json\" class=\"yoast-schema-graph\">{\"@context\":\"https:\\\/\\\/schema.org\",\"@graph\":[{\"@type\":\"Article\",\"@id\":\"https:\\\/\\\/aconteceunovale.com.br\\\/portal\\\/?p=192433#article\",\"isPartOf\":{\"@id\":\"https:\\\/\\\/aconteceunovale.com.br\\\/portal\\\/?p=192433\"},\"author\":{\"name\":\"Reda\u00e7\u00e3o Aconteceu no Vale\",\"@id\":\"https:\\\/\\\/aconteceunovale.com.br\\\/portal\\\/#\\\/schema\\\/person\\\/7d2f26d1483f8a63de73da1ee0754d35\"},\"headline\":\"Alexandre de Moraes defende regulamenta\u00e7\u00e3o de redes sociais para combater a desinforma\u00e7\u00e3o\",\"datePublished\":\"2022-11-14T18:35:51+00:00\",\"dateModified\":\"2022-11-14T18:36:27+00:00\",\"mainEntityOfPage\":{\"@id\":\"https:\\\/\\\/aconteceunovale.com.br\\\/portal\\\/?p=192433\"},\"wordCount\":807,\"commentCount\":0,\"image\":{\"@id\":\"https:\\\/\\\/aconteceunovale.com.br\\\/portal\\\/?p=192433#primaryimage\"},\"thumbnailUrl\":\"https:\\\/\\\/aconteceunovale.com.br\\\/portal\\\/wp-content\\\/uploads\\\/2022\\\/11\\\/moraes_ministro.jpg\",\"keywords\":[\"Alexandre de Moraes\",\"Alexandre de Moraes cobra leis contra mil\u00edcia digital\",\"Alexandre de Moraes defende elei\u00e7\u00f5es\",\"Alexandre de Moraes Nova York\",\"Antonio Anastasia\",\"Carlos Ayres Britto\",\"C\u00e1rmen L\u00facia\",\"destaque\",\"Dias Toffoli\",\"Estados Unidos\",\"Gilmar Mendes\",\"Leis contra desinforma\u00e7\u00e3o nas redes sociais\",\"Leis contra fake news\",\"Leis contra mil\u00edcias digitais\",\"Lide Brazil Conference\",\"Luis Roberto Barroso\",\"Michel Temer\",\"Mil\u00edcias digitais\",\"Nova York\",\"Protestos contra Alexandre de Morais\",\"Ricardo Lewandowski\",\"STF\",\"Supremo Tribunal Federal\",\"Tribunal Superior Eleitoral\",\"TSE\"],\"articleSection\":[\"Brasil\",\"Mundo\",\"Pol\u00edtica\"],\"inLanguage\":\"pt-BR\",\"potentialAction\":[{\"@type\":\"CommentAction\",\"name\":\"Comment\",\"target\":[\"https:\\\/\\\/aconteceunovale.com.br\\\/portal\\\/?p=192433#respond\"]}]},{\"@type\":\"WebPage\",\"@id\":\"https:\\\/\\\/aconteceunovale.com.br\\\/portal\\\/?p=192433\",\"url\":\"https:\\\/\\\/aconteceunovale.com.br\\\/portal\\\/?p=192433\",\"name\":\"Alexandre de Moraes defende regulamenta\u00e7\u00e3o de redes sociais para combater a desinforma\u00e7\u00e3o - Aconteceu no Vale\",\"isPartOf\":{\"@id\":\"https:\\\/\\\/aconteceunovale.com.br\\\/portal\\\/#website\"},\"primaryImageOfPage\":{\"@id\":\"https:\\\/\\\/aconteceunovale.com.br\\\/portal\\\/?p=192433#primaryimage\"},\"image\":{\"@id\":\"https:\\\/\\\/aconteceunovale.com.br\\\/portal\\\/?p=192433#primaryimage\"},\"thumbnailUrl\":\"https:\\\/\\\/aconteceunovale.com.br\\\/portal\\\/wp-content\\\/uploads\\\/2022\\\/11\\\/moraes_ministro.jpg\",\"datePublished\":\"2022-11-14T18:35:51+00:00\",\"dateModified\":\"2022-11-14T18:36:27+00:00\",\"author\":{\"@id\":\"https:\\\/\\\/aconteceunovale.com.br\\\/portal\\\/#\\\/schema\\\/person\\\/7d2f26d1483f8a63de73da1ee0754d35\"},\"breadcrumb\":{\"@id\":\"https:\\\/\\\/aconteceunovale.com.br\\\/portal\\\/?p=192433#breadcrumb\"},\"inLanguage\":\"pt-BR\",\"potentialAction\":[{\"@type\":\"ReadAction\",\"target\":[\"https:\\\/\\\/aconteceunovale.com.br\\\/portal\\\/?p=192433\"]}]},{\"@type\":\"ImageObject\",\"inLanguage\":\"pt-BR\",\"@id\":\"https:\\\/\\\/aconteceunovale.com.br\\\/portal\\\/?p=192433#primaryimage\",\"url\":\"https:\\\/\\\/aconteceunovale.com.br\\\/portal\\\/wp-content\\\/uploads\\\/2022\\\/11\\\/moraes_ministro.jpg\",\"contentUrl\":\"https:\\\/\\\/aconteceunovale.com.br\\\/portal\\\/wp-content\\\/uploads\\\/2022\\\/11\\\/moraes_ministro.jpg\",\"width\":678,\"height\":406,\"caption\":\"O ministro do STF Alexandre de Moraes durante abertura do Semin\u00e1rio Pol\u00edticas Judici\u00e1rias e Seguran\u00e7a P\u00fablica, no Superior Tribunal de Justi\u00e7a (STJ).\"},{\"@type\":\"BreadcrumbList\",\"@id\":\"https:\\\/\\\/aconteceunovale.com.br\\\/portal\\\/?p=192433#breadcrumb\",\"itemListElement\":[{\"@type\":\"ListItem\",\"position\":1,\"name\":\"In\u00edcio\",\"item\":\"https:\\\/\\\/aconteceunovale.com.br\\\/portal\\\/\"},{\"@type\":\"ListItem\",\"position\":2,\"name\":\"Alexandre de Moraes defende regulamenta\u00e7\u00e3o de redes sociais para combater a desinforma\u00e7\u00e3o\"}]},{\"@type\":\"WebSite\",\"@id\":\"https:\\\/\\\/aconteceunovale.com.br\\\/portal\\\/#website\",\"url\":\"https:\\\/\\\/aconteceunovale.com.br\\\/portal\\\/\",\"name\":\"Aconteceu no Vale\",\"description\":\"Portal de Not\u00edcias\",\"potentialAction\":[{\"@type\":\"SearchAction\",\"target\":{\"@type\":\"EntryPoint\",\"urlTemplate\":\"https:\\\/\\\/aconteceunovale.com.br\\\/portal\\\/?s={search_term_string}\"},\"query-input\":{\"@type\":\"PropertyValueSpecification\",\"valueRequired\":true,\"valueName\":\"search_term_string\"}}],\"inLanguage\":\"pt-BR\"},{\"@type\":\"Person\",\"@id\":\"https:\\\/\\\/aconteceunovale.com.br\\\/portal\\\/#\\\/schema\\\/person\\\/7d2f26d1483f8a63de73da1ee0754d35\",\"name\":\"Reda\u00e7\u00e3o Aconteceu no Vale\",\"description\":\"Equipe de reportagem do Aconteceu no Vale, portal de not\u00edcias do Vale do Jequitinhonha, em Minas Gerais. Cobrimos as 51 cidades do Vale desde 2013. Sugest\u00f5es de pauta e pedidos de corre\u00e7\u00e3o: contato@aconteceunovale.com.br\",\"url\":\"https:\\\/\\\/aconteceunovale.com.br\\\/portal\\\/?author=4\"}]}<\/script>\n<!-- \/ Yoast SEO plugin. -->","yoast_head_json":{"title":"Alexandre de Moraes defende regulamenta\u00e7\u00e3o de redes sociais para combater a desinforma\u00e7\u00e3o - Aconteceu no Vale","robots":{"index":"index","follow":"follow","max-snippet":"max-snippet:-1","max-image-preview":"max-image-preview:large","max-video-preview":"max-video-preview:-1"},"canonical":"https:\/\/aconteceunovale.com.br\/portal\/?p=192433","og_locale":"pt_BR","og_type":"article","og_title":"Alexandre de Moraes defende regulamenta\u00e7\u00e3o de redes sociais para combater a desinforma\u00e7\u00e3o - Aconteceu no Vale","og_description":"O presidente do Tribunal Superior Eleitoral (TSE) e ministro do\u00a0Supremo Tribunal Federal (STF), Alexandre de Moraes, criticou nesta segunda-feira (14), em Nova York, nos Estados Unidos,\u00a0as chamadas mil\u00edcias digitais, que, segundo ele, \u201cagem para corroer a democracia\u201d. O magistrado e mais cinco ministros do STF \u2013 Lu\u00eds Roberto Barroso, Gilmar Mendes, C\u00e1rmen\u00a0L\u00facia, Ricardo Lewandowski e [&hellip;]","og_url":"https:\/\/aconteceunovale.com.br\/portal\/?p=192433","og_site_name":"Aconteceu no Vale","article_publisher":"https:\/\/www.facebook.com\/aconteceunovale\/","article_published_time":"2022-11-14T18:35:51+00:00","article_modified_time":"2022-11-14T18:36:27+00:00","og_image":[{"width":678,"height":406,"url":"https:\/\/aconteceunovale.com.br\/portal\/wp-content\/uploads\/2022\/11\/moraes_ministro.jpg","type":"image\/jpeg"}],"author":"Reda\u00e7\u00e3o Aconteceu no Vale","twitter_card":"summary_large_image","twitter_creator":"@noticiadosvales","twitter_site":"@noticiadosvales","twitter_misc":{"Escrito por":"Reda\u00e7\u00e3o Aconteceu no Vale","Est. tempo de leitura":"4 minutos"},"schema":{"@context":"https:\/\/schema.org","@graph":[{"@type":"Article","@id":"https:\/\/aconteceunovale.com.br\/portal\/?p=192433#article","isPartOf":{"@id":"https:\/\/aconteceunovale.com.br\/portal\/?p=192433"},"author":{"name":"Reda\u00e7\u00e3o Aconteceu no Vale","@id":"https:\/\/aconteceunovale.com.br\/portal\/#\/schema\/person\/7d2f26d1483f8a63de73da1ee0754d35"},"headline":"Alexandre de Moraes defende regulamenta\u00e7\u00e3o de redes sociais para combater a desinforma\u00e7\u00e3o","datePublished":"2022-11-14T18:35:51+00:00","dateModified":"2022-11-14T18:36:27+00:00","mainEntityOfPage":{"@id":"https:\/\/aconteceunovale.com.br\/portal\/?p=192433"},"wordCount":807,"commentCount":0,"image":{"@id":"https:\/\/aconteceunovale.com.br\/portal\/?p=192433#primaryimage"},"thumbnailUrl":"https:\/\/aconteceunovale.com.br\/portal\/wp-content\/uploads\/2022\/11\/moraes_ministro.jpg","keywords":["Alexandre de Moraes","Alexandre de Moraes cobra leis contra mil\u00edcia digital","Alexandre de Moraes defende elei\u00e7\u00f5es","Alexandre de Moraes Nova York","Antonio Anastasia","Carlos Ayres Britto","C\u00e1rmen L\u00facia","destaque","Dias Toffoli","Estados Unidos","Gilmar Mendes","Leis contra desinforma\u00e7\u00e3o nas redes sociais","Leis contra fake news","Leis contra mil\u00edcias digitais","Lide Brazil Conference","Luis Roberto Barroso","Michel Temer","Mil\u00edcias digitais","Nova York","Protestos contra Alexandre de Morais","Ricardo Lewandowski","STF","Supremo Tribunal Federal","Tribunal Superior Eleitoral","TSE"],"articleSection":["Brasil","Mundo","Pol\u00edtica"],"inLanguage":"pt-BR","potentialAction":[{"@type":"CommentAction","name":"Comment","target":["https:\/\/aconteceunovale.com.br\/portal\/?p=192433#respond"]}]},{"@type":"WebPage","@id":"https:\/\/aconteceunovale.com.br\/portal\/?p=192433","url":"https:\/\/aconteceunovale.com.br\/portal\/?p=192433","name":"Alexandre de Moraes defende regulamenta\u00e7\u00e3o de redes sociais para combater a desinforma\u00e7\u00e3o - Aconteceu no Vale","isPartOf":{"@id":"https:\/\/aconteceunovale.com.br\/portal\/#website"},"primaryImageOfPage":{"@id":"https:\/\/aconteceunovale.com.br\/portal\/?p=192433#primaryimage"},"image":{"@id":"https:\/\/aconteceunovale.com.br\/portal\/?p=192433#primaryimage"},"thumbnailUrl":"https:\/\/aconteceunovale.com.br\/portal\/wp-content\/uploads\/2022\/11\/moraes_ministro.jpg","datePublished":"2022-11-14T18:35:51+00:00","dateModified":"2022-11-14T18:36:27+00:00","author":{"@id":"https:\/\/aconteceunovale.com.br\/portal\/#\/schema\/person\/7d2f26d1483f8a63de73da1ee0754d35"},"breadcrumb":{"@id":"https:\/\/aconteceunovale.com.br\/portal\/?p=192433#breadcrumb"},"inLanguage":"pt-BR","potentialAction":[{"@type":"ReadAction","target":["https:\/\/aconteceunovale.com.br\/portal\/?p=192433"]}]},{"@type":"ImageObject","inLanguage":"pt-BR","@id":"https:\/\/aconteceunovale.com.br\/portal\/?p=192433#primaryimage","url":"https:\/\/aconteceunovale.com.br\/portal\/wp-content\/uploads\/2022\/11\/moraes_ministro.jpg","contentUrl":"https:\/\/aconteceunovale.com.br\/portal\/wp-content\/uploads\/2022\/11\/moraes_ministro.jpg","width":678,"height":406,"caption":"O ministro do STF Alexandre de Moraes durante abertura do Semin\u00e1rio Pol\u00edticas Judici\u00e1rias e Seguran\u00e7a P\u00fablica, no Superior Tribunal de Justi\u00e7a (STJ)."},{"@type":"BreadcrumbList","@id":"https:\/\/aconteceunovale.com.br\/portal\/?p=192433#breadcrumb","itemListElement":[{"@type":"ListItem","position":1,"name":"In\u00edcio","item":"https:\/\/aconteceunovale.com.br\/portal\/"},{"@type":"ListItem","position":2,"name":"Alexandre de Moraes defende regulamenta\u00e7\u00e3o de redes sociais para combater a desinforma\u00e7\u00e3o"}]},{"@type":"WebSite","@id":"https:\/\/aconteceunovale.com.br\/portal\/#website","url":"https:\/\/aconteceunovale.com.br\/portal\/","name":"Aconteceu no Vale","description":"Portal de Not\u00edcias","potentialAction":[{"@type":"SearchAction","target":{"@type":"EntryPoint","urlTemplate":"https:\/\/aconteceunovale.com.br\/portal\/?s={search_term_string}"},"query-input":{"@type":"PropertyValueSpecification","valueRequired":true,"valueName":"search_term_string"}}],"inLanguage":"pt-BR"},{"@type":"Person","@id":"https:\/\/aconteceunovale.com.br\/portal\/#\/schema\/person\/7d2f26d1483f8a63de73da1ee0754d35","name":"Reda\u00e7\u00e3o Aconteceu no Vale","description":"Equipe de reportagem do Aconteceu no Vale, portal de not\u00edcias do Vale do Jequitinhonha, em Minas Gerais. Cobrimos as 51 cidades do Vale desde 2013. Sugest\u00f5es de pauta e pedidos de corre\u00e7\u00e3o: contato@aconteceunovale.com.br","url":"https:\/\/aconteceunovale.com.br\/portal\/?author=4"}]}},"_links":{"self":[{"href":"https:\/\/aconteceunovale.com.br\/portal\/index.php?rest_route=\/wp\/v2\/posts\/192433","targetHints":{"allow":["GET"]}}],"collection":[{"href":"https:\/\/aconteceunovale.com.br\/portal\/index.php?rest_route=\/wp\/v2\/posts"}],"about":[{"href":"https:\/\/aconteceunovale.com.br\/portal\/index.php?rest_route=\/wp\/v2\/types\/post"}],"author":[{"embeddable":true,"href":"https:\/\/aconteceunovale.com.br\/portal\/index.php?rest_route=\/wp\/v2\/users\/4"}],"replies":[{"embeddable":true,"href":"https:\/\/aconteceunovale.com.br\/portal\/index.php?rest_route=%2Fwp%2Fv2%2Fcomments&post=192433"}],"version-history":[{"count":1,"href":"https:\/\/aconteceunovale.com.br\/portal\/index.php?rest_route=\/wp\/v2\/posts\/192433\/revisions"}],"predecessor-version":[{"id":192435,"href":"https:\/\/aconteceunovale.com.br\/portal\/index.php?rest_route=\/wp\/v2\/posts\/192433\/revisions\/192435"}],"wp:featuredmedia":[{"embeddable":true,"href":"https:\/\/aconteceunovale.com.br\/portal\/index.php?rest_route=\/wp\/v2\/media\/192434"}],"wp:attachment":[{"href":"https:\/\/aconteceunovale.com.br\/portal\/index.php?rest_route=%2Fwp%2Fv2%2Fmedia&parent=192433"}],"wp:term":[{"taxonomy":"category","embeddable":true,"href":"https:\/\/aconteceunovale.com.br\/portal\/index.php?rest_route=%2Fwp%2Fv2%2Fcategories&post=192433"},{"taxonomy":"post_tag","embeddable":true,"href":"https:\/\/aconteceunovale.com.br\/portal\/index.php?rest_route=%2Fwp%2Fv2%2Ftags&post=192433"}],"curies":[{"name":"wp","href":"https:\/\/api.w.org\/{rel}","templated":true}]}}