{"id":192428,"date":"2022-11-14T10:05:04","date_gmt":"2022-11-14T13:05:04","guid":{"rendered":"https:\/\/aconteceunovale.com.br\/portal\/?p=192428"},"modified":"2022-11-14T10:07:00","modified_gmt":"2022-11-14T13:07:00","slug":"cultivo-da-mandioca-oferece-vantagens-para-produtores-do-semiarido","status":"publish","type":"post","link":"https:\/\/aconteceunovale.com.br\/portal\/?p=192428","title":{"rendered":"Cultivo da mandioca oferece vantagens para produtores do semi\u00e1rido"},"content":{"rendered":"\n<p class=\"wp-block-paragraph\">O cultivo da mandioca tem se mostrado uma alternativa interessante para os produtores rurais, principalmente aqueles que vivem em lugares sujeitos a problemas da seca. Por ser uma planta bem adapt\u00e1vel, ela est\u00e1 presente em todas as regi\u00f5es mineiras e \u00e9 muito usada na alimenta\u00e7\u00e3o dos brasileiros. Al\u00e9m disso, pode ser utilizada tamb\u00e9m no trato do rebanho.<\/p>\n\n\n\n<figure class=\"wp-block-gallery has-nested-images columns-default is-cropped wp-block-gallery-1 is-layout-flex wp-block-gallery-is-layout-flex\">\n<figure class=\"wp-block-image size-large\"><img loading=\"lazy\" decoding=\"async\" width=\"678\" height=\"444\" data-id=\"192429\" src=\"https:\/\/aconteceunovale.com.br\/portal\/wp-content\/uploads\/2022\/11\/cultivo_mandioca.jpg\" alt=\"\" class=\"wp-image-192429\" srcset=\"https:\/\/aconteceunovale.com.br\/portal\/wp-content\/uploads\/2022\/11\/cultivo_mandioca.jpg 678w, https:\/\/aconteceunovale.com.br\/portal\/wp-content\/uploads\/2022\/11\/cultivo_mandioca-300x196.jpg 300w, https:\/\/aconteceunovale.com.br\/portal\/wp-content\/uploads\/2022\/11\/cultivo_mandioca-641x420.jpg 641w\" sizes=\"auto, (max-width: 678px) 100vw, 678px\" \/><figcaption class=\"wp-element-caption\"><em><sub>Foto: Emater-MG \/ Divulga\u00e7\u00e3o<\/sub><\/em><\/figcaption><\/figure>\n<\/figure>\n\n\n\n<p class=\"wp-block-paragraph\">O coordenador regional de Culturas da\u00a0<a rel=\"noreferrer noopener\" href=\"https:\/\/www.emater.mg.gov.br\/\" target=\"_blank\">Empresa de Assist\u00eancia T\u00e9cnica e Extens\u00e3o Rural do Estado de Minas Gerais (Emater-MG)<\/a>\u00a0em S\u00e3o Francisco, Frederico Botelho, conta que no Norte Minas, o plantio da mandioca tem sido recomendado como uma t\u00e9cnica de conviv\u00eancia com a seca e a cultura tem tido uma boa aceita\u00e7\u00e3o entre os agricultores. &#8220;\u00c9 uma planta nativa do Brasil e est\u00e1 perfeitamente adaptada ao nosso clima e solo. Ela \u00e9 tolerante \u00e0 estiagem prolongada, por ser muito eficiente no aproveitamento da \u00e1gua. A mandioca suporta bem solos \u00e1cidos e terras de baixa fertilidade, o que por consequ\u00eancia diminui o uso de fertilizantes, que poderiam onerar o custo de produ\u00e7\u00e3o. Devido a essas caracter\u00edsticas, o risco de perda de safra \u00e9 muito pequeno&#8221;, comenta o coordenador.<\/p>\n\n\n\n<h2 class=\"wp-block-heading\"><strong>Aproveitamento das folhas<\/strong><\/h2>\n\n\n\n<p class=\"wp-block-paragraph\">Frederico ressalta ainda que o cultivo e uso da mandioca no semi\u00e1rido pode trazer mais qualidade para a alimenta\u00e7\u00e3o animal a um menor custo. \u201cMuita gente j\u00e1 plantava mandioca para fazer farinha e polvilho, por\u00e9m, a parte a\u00e9rea, manivas e folhas eram desperdi\u00e7adas. Agora a parte a\u00e9rea da planta \u00e9 transformada em feno e silagem, melhorando a nutri\u00e7\u00e3o animal\u201d, explica o coordenador.<\/p>\n\n\n\n<p class=\"wp-block-paragraph\">O coordenador de Regional de Pecu\u00e1ria da Emater-MG, Ant\u00f4nio Faria Salgado J\u00fanior, destaca que o interessante \u00e9 o produtor ter, al\u00e9m da mandioca, o capia\u00e7u, uma cultivar de capim-elefante de alto rendimento para produ\u00e7\u00e3o de silagem. \u201cA mandioca \u00e9 rica em prote\u00edna, mas d\u00e1 pouca quantidade de alimento. Ent\u00e3o voc\u00ea planta o capia\u00e7u, que n\u00e3o tem muita prote\u00edna, para dar volume. Da\u00ed, mistura um balaio de silagem de rama de mandioca e dois de silagem de capia\u00e7u para ter uma oferta maior de ra\u00e7\u00e3o\u201d, explica o t\u00e9cnico. Em raz\u00e3o dos per\u00edodos de estiagem frequentes na regi\u00e3o, Ant\u00f4nio recomenda ainda que o produtor procure fazer uma pequena \u00e1rea de mandioca irrigada por gotejamento, aproveitando a \u00e1gua acumulada na \u00e9poca de chuvas.<\/p>\n\n\n\n<h2 class=\"wp-block-heading\"><strong>Sucesso comprovado<\/strong><\/h2>\n\n\n\n<p class=\"wp-block-paragraph\">Em 2015, a Emater-MG iniciou em Bras\u00edlia de Minas um trabalho com agricultores familiares para o aproveitar integralmente a mandioca, incluindo sua parte a\u00e9rea (ramos que ficam acima do solo). A t\u00e9cnica gerou mais economia na atividade pecu\u00e1ria e mais qualidade para a alimenta\u00e7\u00e3o animal, passando a ter ades\u00e3o de praticamente todos os produtores rurais locais.<\/p>\n\n\n\n<p class=\"wp-block-paragraph\">No primeiro ano do projeto, a Emater-MG enviou uma amostra para uma an\u00e1lise bromatol\u00f3gica da silagem produzida, que apontou um percentual de 12,6% de prote\u00edna bruta. \u00cdndices elevados em compara\u00e7\u00e3o com o sorgo e o milho, que variam entre 8% e 10% desta prote\u00edna.<\/p>\n\n\n\n<p class=\"wp-block-paragraph\">\u201cA folha da mandioca \u00e9 um \u00f3timo alimento para o rebanho, inclusive com n\u00edveis de prote\u00edna muito bons. Mas o produtor deve ter o cuidado de secar as folhas para evitar os riscos de intoxica\u00e7\u00e3o dos animais por \u00e1cido cian\u00eddrico\u201d, alerta o coordenador estadual de Culturas da Emater-MG, S\u00e9rgio Br\u00e1s Regina. Outro aviso importante, diz se S\u00e9rgio, \u00e9 o agricultor ficar atento ao material de propaga\u00e7\u00e3o da mandioca. \u201cAs manivas (mudas) t\u00eam que partir de mandiocais sadios, livres de pragas, principalmente a broca e o mandruv\u00e1, e tamb\u00e9m de doen\u00e7as, bacteriose principalmente, que s\u00e3o problemas s\u00e9rios na cultura da mandioca\u201d, recomenda S\u00e9rgio.<\/p>\n\n\n\n<p class=\"wp-block-paragraph\">&#8212;&#8212;&#8212;&#8212;&#8212;&#8212;<br><br><strong>Sabia que o Aconteceu no Vale est\u00e1 tamb\u00e9m no Telegram? <a rel=\"noreferrer noopener\" href=\"https:\/\/t.me\/aconteceunovaleoficial\" target=\"_blank\">Inscreva-se no canal<\/a>.<\/strong><br><br><strong>J\u00e1 curtiu ou seguiu nossas p\u00e1ginas nas redes sociais?\u00a0Receba as not\u00edcias em primeira m\u00e3o:<\/strong><br>\u2022 <a rel=\"noreferrer noopener\" href=\"https:\/\/news.google.com\/publications\/CAAqBwgKMNjklQswi4etAw?hl=pt-BR&amp;gl=BR&amp;ceid=BR%3Apt-419\" target=\"_blank\">Google News<\/a><br>\u2022 <a rel=\"noreferrer noopener\" href=\"https:\/\/www.facebook.com\/aconteceunovale\/\" target=\"_blank\">Facebook<\/a><br>\u2022 <a rel=\"noreferrer noopener\" href=\"https:\/\/twitter.com\/noticiadosvales\" target=\"_blank\">Twitter<\/a><br>\u2022 <a rel=\"noreferrer noopener\" href=\"https:\/\/www.instagram.com\/aconteceunovale\" target=\"_blank\">Instagram<\/a><br>\u2022 <a rel=\"noreferrer noopener\" href=\"https:\/\/www.youtube.com\/AconteceunoValeOficial\" target=\"_blank\">Youtube<\/a><br>\u2022 <a rel=\"noreferrer noopener\" href=\"https:\/\/www.tiktok.com\/@aconteceunovale\" target=\"_blank\">TikTok<\/a><\/p>\n","protected":false},"excerpt":{"rendered":"<p>O cultivo da mandioca tem se mostrado uma alternativa interessante para os produtores rurais, principalmente aqueles que vivem em lugares sujeitos a problemas da seca. Por ser uma planta bem adapt\u00e1vel, ela est\u00e1 presente em todas as regi\u00f5es mineiras e \u00e9 muito usada na alimenta\u00e7\u00e3o dos brasileiros. Al\u00e9m disso, pode ser utilizada tamb\u00e9m no trato [&hellip;]<\/p>\n","protected":false},"author":4,"featured_media":192429,"comment_status":"open","ping_status":"closed","sticky":false,"template":"","format":"standard","meta":{"amp_status":"","footnotes":""},"categories":[1236],"tags":[266300,266299,195,266294,258275,266297,266295,1018,25775,266298,145,266296,71025,1522],"class_list":["post-192428","post","type-post","status-publish","format-standard","has-post-thumbnail","hentry","category-norte_de_minas","tag-antonio-faria-salgado-junior","tag-aproveitamento-das-folhas-de-mandioca","tag-brasilia-de-minas","tag-cultivo-da-mandioca-oferece-vantagens-para-produtores-do-semiarido","tag-cultivo-de-mandioca","tag-cultivo-de-mandioca-em-regioes-secas","tag-cultivo-de-mandioca-no-semiarido","tag-destaque","tag-emater-mg","tag-frederico-botelho","tag-norte-de-minas","tag-plantacao-de-mandioca","tag-producao-de-mandioca","tag-sao-francisco"],"yoast_head":"<!-- This site is optimized with the Yoast SEO plugin v28.3 - https:\/\/yoast.com\/product\/yoast-seo-wordpress\/ -->\n<title>Cultivo da mandioca oferece vantagens para produtores do semi\u00e1rido - Aconteceu no Vale<\/title>\n<meta name=\"robots\" content=\"index, follow, max-snippet:-1, max-image-preview:large, max-video-preview:-1\" \/>\n<link rel=\"canonical\" href=\"https:\/\/aconteceunovale.com.br\/portal\/?p=192428\" \/>\n<meta property=\"og:locale\" content=\"pt_BR\" \/>\n<meta property=\"og:type\" content=\"article\" \/>\n<meta property=\"og:title\" content=\"Cultivo da mandioca oferece vantagens para produtores do semi\u00e1rido - Aconteceu no Vale\" \/>\n<meta property=\"og:description\" content=\"O cultivo da mandioca tem se mostrado uma alternativa interessante para os produtores rurais, principalmente aqueles que vivem em lugares sujeitos a problemas da seca. Por ser uma planta bem adapt\u00e1vel, ela est\u00e1 presente em todas as regi\u00f5es mineiras e \u00e9 muito usada na alimenta\u00e7\u00e3o dos brasileiros. Al\u00e9m disso, pode ser utilizada tamb\u00e9m no trato [&hellip;]\" \/>\n<meta property=\"og:url\" content=\"https:\/\/aconteceunovale.com.br\/portal\/?p=192428\" \/>\n<meta property=\"og:site_name\" content=\"Aconteceu no Vale\" \/>\n<meta property=\"article:publisher\" content=\"https:\/\/www.facebook.com\/aconteceunovale\/\" \/>\n<meta property=\"article:published_time\" content=\"2022-11-14T13:05:04+00:00\" \/>\n<meta property=\"article:modified_time\" content=\"2022-11-14T13:07:00+00:00\" \/>\n<meta property=\"og:image\" content=\"https:\/\/aconteceunovale.com.br\/portal\/wp-content\/uploads\/2022\/11\/cultivo_mandioca.jpg\" \/>\n\t<meta property=\"og:image:width\" content=\"678\" \/>\n\t<meta property=\"og:image:height\" content=\"444\" \/>\n\t<meta property=\"og:image:type\" content=\"image\/jpeg\" \/>\n<meta name=\"author\" content=\"Reda\u00e7\u00e3o Aconteceu no Vale\" \/>\n<meta name=\"twitter:card\" content=\"summary_large_image\" \/>\n<meta name=\"twitter:creator\" content=\"@noticiadosvales\" \/>\n<meta name=\"twitter:site\" content=\"@noticiadosvales\" \/>\n<meta name=\"twitter:label1\" content=\"Escrito por\" \/>\n\t<meta name=\"twitter:data1\" content=\"Reda\u00e7\u00e3o Aconteceu no Vale\" \/>\n\t<meta name=\"twitter:label2\" content=\"Est. tempo de leitura\" \/>\n\t<meta name=\"twitter:data2\" content=\"3 minutos\" \/>\n<script type=\"application\/ld+json\" class=\"yoast-schema-graph\">{\"@context\":\"https:\\\/\\\/schema.org\",\"@graph\":[{\"@type\":\"Article\",\"@id\":\"https:\\\/\\\/aconteceunovale.com.br\\\/portal\\\/?p=192428#article\",\"isPartOf\":{\"@id\":\"https:\\\/\\\/aconteceunovale.com.br\\\/portal\\\/?p=192428\"},\"author\":{\"name\":\"Reda\u00e7\u00e3o Aconteceu no Vale\",\"@id\":\"https:\\\/\\\/aconteceunovale.com.br\\\/portal\\\/#\\\/schema\\\/person\\\/7d2f26d1483f8a63de73da1ee0754d35\"},\"headline\":\"Cultivo da mandioca oferece vantagens para produtores do semi\u00e1rido\",\"datePublished\":\"2022-11-14T13:05:04+00:00\",\"dateModified\":\"2022-11-14T13:07:00+00:00\",\"mainEntityOfPage\":{\"@id\":\"https:\\\/\\\/aconteceunovale.com.br\\\/portal\\\/?p=192428\"},\"wordCount\":678,\"commentCount\":0,\"image\":{\"@id\":\"https:\\\/\\\/aconteceunovale.com.br\\\/portal\\\/?p=192428#primaryimage\"},\"thumbnailUrl\":\"https:\\\/\\\/aconteceunovale.com.br\\\/portal\\\/wp-content\\\/uploads\\\/2022\\\/11\\\/cultivo_mandioca.jpg\",\"keywords\":[\"Ant\u00f4nio Faria Salgado J\u00fanior\",\"Aproveitamento das folhas de mandioca\",\"Bras\u00edlia de Minas\",\"Cultivo da mandioca oferece vantagens para produtores do semi\u00e1rido\",\"Cultivo de mandioca\",\"Cultivo de mandioca em regi\u00f5es secas\",\"Cultivo de mandioca no semi\u00e1rido\",\"destaque\",\"Emater-MG\",\"Frederico Botelho\",\"Norte de Minas\",\"Planta\u00e7\u00e3o de mandioca\",\"produ\u00e7\u00e3o de mandioca\",\"S\u00e3o Francisco\"],\"articleSection\":[\"Norte de Minas\"],\"inLanguage\":\"pt-BR\",\"potentialAction\":[{\"@type\":\"CommentAction\",\"name\":\"Comment\",\"target\":[\"https:\\\/\\\/aconteceunovale.com.br\\\/portal\\\/?p=192428#respond\"]}]},{\"@type\":\"WebPage\",\"@id\":\"https:\\\/\\\/aconteceunovale.com.br\\\/portal\\\/?p=192428\",\"url\":\"https:\\\/\\\/aconteceunovale.com.br\\\/portal\\\/?p=192428\",\"name\":\"Cultivo da mandioca oferece vantagens para produtores do semi\u00e1rido - Aconteceu no Vale\",\"isPartOf\":{\"@id\":\"https:\\\/\\\/aconteceunovale.com.br\\\/portal\\\/#website\"},\"primaryImageOfPage\":{\"@id\":\"https:\\\/\\\/aconteceunovale.com.br\\\/portal\\\/?p=192428#primaryimage\"},\"image\":{\"@id\":\"https:\\\/\\\/aconteceunovale.com.br\\\/portal\\\/?p=192428#primaryimage\"},\"thumbnailUrl\":\"https:\\\/\\\/aconteceunovale.com.br\\\/portal\\\/wp-content\\\/uploads\\\/2022\\\/11\\\/cultivo_mandioca.jpg\",\"datePublished\":\"2022-11-14T13:05:04+00:00\",\"dateModified\":\"2022-11-14T13:07:00+00:00\",\"author\":{\"@id\":\"https:\\\/\\\/aconteceunovale.com.br\\\/portal\\\/#\\\/schema\\\/person\\\/7d2f26d1483f8a63de73da1ee0754d35\"},\"breadcrumb\":{\"@id\":\"https:\\\/\\\/aconteceunovale.com.br\\\/portal\\\/?p=192428#breadcrumb\"},\"inLanguage\":\"pt-BR\",\"potentialAction\":[{\"@type\":\"ReadAction\",\"target\":[\"https:\\\/\\\/aconteceunovale.com.br\\\/portal\\\/?p=192428\"]}]},{\"@type\":\"ImageObject\",\"inLanguage\":\"pt-BR\",\"@id\":\"https:\\\/\\\/aconteceunovale.com.br\\\/portal\\\/?p=192428#primaryimage\",\"url\":\"https:\\\/\\\/aconteceunovale.com.br\\\/portal\\\/wp-content\\\/uploads\\\/2022\\\/11\\\/cultivo_mandioca.jpg\",\"contentUrl\":\"https:\\\/\\\/aconteceunovale.com.br\\\/portal\\\/wp-content\\\/uploads\\\/2022\\\/11\\\/cultivo_mandioca.jpg\",\"width\":678,\"height\":444},{\"@type\":\"BreadcrumbList\",\"@id\":\"https:\\\/\\\/aconteceunovale.com.br\\\/portal\\\/?p=192428#breadcrumb\",\"itemListElement\":[{\"@type\":\"ListItem\",\"position\":1,\"name\":\"In\u00edcio\",\"item\":\"https:\\\/\\\/aconteceunovale.com.br\\\/portal\\\/\"},{\"@type\":\"ListItem\",\"position\":2,\"name\":\"Cultivo da mandioca oferece vantagens para produtores do semi\u00e1rido\"}]},{\"@type\":\"WebSite\",\"@id\":\"https:\\\/\\\/aconteceunovale.com.br\\\/portal\\\/#website\",\"url\":\"https:\\\/\\\/aconteceunovale.com.br\\\/portal\\\/\",\"name\":\"Aconteceu no Vale\",\"description\":\"Portal de Not\u00edcias\",\"potentialAction\":[{\"@type\":\"SearchAction\",\"target\":{\"@type\":\"EntryPoint\",\"urlTemplate\":\"https:\\\/\\\/aconteceunovale.com.br\\\/portal\\\/?s={search_term_string}\"},\"query-input\":{\"@type\":\"PropertyValueSpecification\",\"valueRequired\":true,\"valueName\":\"search_term_string\"}}],\"inLanguage\":\"pt-BR\"},{\"@type\":\"Person\",\"@id\":\"https:\\\/\\\/aconteceunovale.com.br\\\/portal\\\/#\\\/schema\\\/person\\\/7d2f26d1483f8a63de73da1ee0754d35\",\"name\":\"Reda\u00e7\u00e3o Aconteceu no Vale\",\"description\":\"Equipe de reportagem do Aconteceu no Vale, portal de not\u00edcias do Vale do Jequitinhonha, em Minas Gerais. Cobrimos as 51 cidades do Vale desde 2013. Sugest\u00f5es de pauta e pedidos de corre\u00e7\u00e3o: contato@aconteceunovale.com.br\",\"url\":\"https:\\\/\\\/aconteceunovale.com.br\\\/portal\\\/?author=4\"}]}<\/script>\n<!-- \/ Yoast SEO plugin. -->","yoast_head_json":{"title":"Cultivo da mandioca oferece vantagens para produtores do semi\u00e1rido - Aconteceu no Vale","robots":{"index":"index","follow":"follow","max-snippet":"max-snippet:-1","max-image-preview":"max-image-preview:large","max-video-preview":"max-video-preview:-1"},"canonical":"https:\/\/aconteceunovale.com.br\/portal\/?p=192428","og_locale":"pt_BR","og_type":"article","og_title":"Cultivo da mandioca oferece vantagens para produtores do semi\u00e1rido - Aconteceu no Vale","og_description":"O cultivo da mandioca tem se mostrado uma alternativa interessante para os produtores rurais, principalmente aqueles que vivem em lugares sujeitos a problemas da seca. Por ser uma planta bem adapt\u00e1vel, ela est\u00e1 presente em todas as regi\u00f5es mineiras e \u00e9 muito usada na alimenta\u00e7\u00e3o dos brasileiros. Al\u00e9m disso, pode ser utilizada tamb\u00e9m no trato [&hellip;]","og_url":"https:\/\/aconteceunovale.com.br\/portal\/?p=192428","og_site_name":"Aconteceu no Vale","article_publisher":"https:\/\/www.facebook.com\/aconteceunovale\/","article_published_time":"2022-11-14T13:05:04+00:00","article_modified_time":"2022-11-14T13:07:00+00:00","og_image":[{"width":678,"height":444,"url":"https:\/\/aconteceunovale.com.br\/portal\/wp-content\/uploads\/2022\/11\/cultivo_mandioca.jpg","type":"image\/jpeg"}],"author":"Reda\u00e7\u00e3o Aconteceu no Vale","twitter_card":"summary_large_image","twitter_creator":"@noticiadosvales","twitter_site":"@noticiadosvales","twitter_misc":{"Escrito por":"Reda\u00e7\u00e3o Aconteceu no Vale","Est. tempo de leitura":"3 minutos"},"schema":{"@context":"https:\/\/schema.org","@graph":[{"@type":"Article","@id":"https:\/\/aconteceunovale.com.br\/portal\/?p=192428#article","isPartOf":{"@id":"https:\/\/aconteceunovale.com.br\/portal\/?p=192428"},"author":{"name":"Reda\u00e7\u00e3o Aconteceu no Vale","@id":"https:\/\/aconteceunovale.com.br\/portal\/#\/schema\/person\/7d2f26d1483f8a63de73da1ee0754d35"},"headline":"Cultivo da mandioca oferece vantagens para produtores do semi\u00e1rido","datePublished":"2022-11-14T13:05:04+00:00","dateModified":"2022-11-14T13:07:00+00:00","mainEntityOfPage":{"@id":"https:\/\/aconteceunovale.com.br\/portal\/?p=192428"},"wordCount":678,"commentCount":0,"image":{"@id":"https:\/\/aconteceunovale.com.br\/portal\/?p=192428#primaryimage"},"thumbnailUrl":"https:\/\/aconteceunovale.com.br\/portal\/wp-content\/uploads\/2022\/11\/cultivo_mandioca.jpg","keywords":["Ant\u00f4nio Faria Salgado J\u00fanior","Aproveitamento das folhas de mandioca","Bras\u00edlia de Minas","Cultivo da mandioca oferece vantagens para produtores do semi\u00e1rido","Cultivo de mandioca","Cultivo de mandioca em regi\u00f5es secas","Cultivo de mandioca no semi\u00e1rido","destaque","Emater-MG","Frederico Botelho","Norte de Minas","Planta\u00e7\u00e3o de mandioca","produ\u00e7\u00e3o de mandioca","S\u00e3o Francisco"],"articleSection":["Norte de Minas"],"inLanguage":"pt-BR","potentialAction":[{"@type":"CommentAction","name":"Comment","target":["https:\/\/aconteceunovale.com.br\/portal\/?p=192428#respond"]}]},{"@type":"WebPage","@id":"https:\/\/aconteceunovale.com.br\/portal\/?p=192428","url":"https:\/\/aconteceunovale.com.br\/portal\/?p=192428","name":"Cultivo da mandioca oferece vantagens para produtores do semi\u00e1rido - Aconteceu no Vale","isPartOf":{"@id":"https:\/\/aconteceunovale.com.br\/portal\/#website"},"primaryImageOfPage":{"@id":"https:\/\/aconteceunovale.com.br\/portal\/?p=192428#primaryimage"},"image":{"@id":"https:\/\/aconteceunovale.com.br\/portal\/?p=192428#primaryimage"},"thumbnailUrl":"https:\/\/aconteceunovale.com.br\/portal\/wp-content\/uploads\/2022\/11\/cultivo_mandioca.jpg","datePublished":"2022-11-14T13:05:04+00:00","dateModified":"2022-11-14T13:07:00+00:00","author":{"@id":"https:\/\/aconteceunovale.com.br\/portal\/#\/schema\/person\/7d2f26d1483f8a63de73da1ee0754d35"},"breadcrumb":{"@id":"https:\/\/aconteceunovale.com.br\/portal\/?p=192428#breadcrumb"},"inLanguage":"pt-BR","potentialAction":[{"@type":"ReadAction","target":["https:\/\/aconteceunovale.com.br\/portal\/?p=192428"]}]},{"@type":"ImageObject","inLanguage":"pt-BR","@id":"https:\/\/aconteceunovale.com.br\/portal\/?p=192428#primaryimage","url":"https:\/\/aconteceunovale.com.br\/portal\/wp-content\/uploads\/2022\/11\/cultivo_mandioca.jpg","contentUrl":"https:\/\/aconteceunovale.com.br\/portal\/wp-content\/uploads\/2022\/11\/cultivo_mandioca.jpg","width":678,"height":444},{"@type":"BreadcrumbList","@id":"https:\/\/aconteceunovale.com.br\/portal\/?p=192428#breadcrumb","itemListElement":[{"@type":"ListItem","position":1,"name":"In\u00edcio","item":"https:\/\/aconteceunovale.com.br\/portal\/"},{"@type":"ListItem","position":2,"name":"Cultivo da mandioca oferece vantagens para produtores do semi\u00e1rido"}]},{"@type":"WebSite","@id":"https:\/\/aconteceunovale.com.br\/portal\/#website","url":"https:\/\/aconteceunovale.com.br\/portal\/","name":"Aconteceu no Vale","description":"Portal de Not\u00edcias","potentialAction":[{"@type":"SearchAction","target":{"@type":"EntryPoint","urlTemplate":"https:\/\/aconteceunovale.com.br\/portal\/?s={search_term_string}"},"query-input":{"@type":"PropertyValueSpecification","valueRequired":true,"valueName":"search_term_string"}}],"inLanguage":"pt-BR"},{"@type":"Person","@id":"https:\/\/aconteceunovale.com.br\/portal\/#\/schema\/person\/7d2f26d1483f8a63de73da1ee0754d35","name":"Reda\u00e7\u00e3o Aconteceu no Vale","description":"Equipe de reportagem do Aconteceu no Vale, portal de not\u00edcias do Vale do Jequitinhonha, em Minas Gerais. Cobrimos as 51 cidades do Vale desde 2013. Sugest\u00f5es de pauta e pedidos de corre\u00e7\u00e3o: contato@aconteceunovale.com.br","url":"https:\/\/aconteceunovale.com.br\/portal\/?author=4"}]}},"_links":{"self":[{"href":"https:\/\/aconteceunovale.com.br\/portal\/index.php?rest_route=\/wp\/v2\/posts\/192428","targetHints":{"allow":["GET"]}}],"collection":[{"href":"https:\/\/aconteceunovale.com.br\/portal\/index.php?rest_route=\/wp\/v2\/posts"}],"about":[{"href":"https:\/\/aconteceunovale.com.br\/portal\/index.php?rest_route=\/wp\/v2\/types\/post"}],"author":[{"embeddable":true,"href":"https:\/\/aconteceunovale.com.br\/portal\/index.php?rest_route=\/wp\/v2\/users\/4"}],"replies":[{"embeddable":true,"href":"https:\/\/aconteceunovale.com.br\/portal\/index.php?rest_route=%2Fwp%2Fv2%2Fcomments&post=192428"}],"version-history":[{"count":2,"href":"https:\/\/aconteceunovale.com.br\/portal\/index.php?rest_route=\/wp\/v2\/posts\/192428\/revisions"}],"predecessor-version":[{"id":192432,"href":"https:\/\/aconteceunovale.com.br\/portal\/index.php?rest_route=\/wp\/v2\/posts\/192428\/revisions\/192432"}],"wp:featuredmedia":[{"embeddable":true,"href":"https:\/\/aconteceunovale.com.br\/portal\/index.php?rest_route=\/wp\/v2\/media\/192429"}],"wp:attachment":[{"href":"https:\/\/aconteceunovale.com.br\/portal\/index.php?rest_route=%2Fwp%2Fv2%2Fmedia&parent=192428"}],"wp:term":[{"taxonomy":"category","embeddable":true,"href":"https:\/\/aconteceunovale.com.br\/portal\/index.php?rest_route=%2Fwp%2Fv2%2Fcategories&post=192428"},{"taxonomy":"post_tag","embeddable":true,"href":"https:\/\/aconteceunovale.com.br\/portal\/index.php?rest_route=%2Fwp%2Fv2%2Ftags&post=192428"}],"curies":[{"name":"wp","href":"https:\/\/api.w.org\/{rel}","templated":true}]}}