{"id":192425,"date":"2022-11-13T19:53:22","date_gmt":"2022-11-13T22:53:22","guid":{"rendered":"https:\/\/aconteceunovale.com.br\/portal\/?p=192425"},"modified":"2022-11-13T19:54:21","modified_gmt":"2022-11-13T22:54:21","slug":"ex-deputada-flordelis-e-condenada-a-50-anos-de-prisao-por-assassinato-do-marido","status":"publish","type":"post","link":"https:\/\/aconteceunovale.com.br\/portal\/?p=192425","title":{"rendered":"Ex-deputada Flordelis \u00e9 condenada a 50 anos de pris\u00e3o por assassinato do marido"},"content":{"rendered":"\n<p class=\"wp-block-paragraph\">A ex-deputada federal Flordelis dos Santos foi condenada hoje (13\/11\/2022) a 50 anos e 28 dias de pris\u00e3o, em regime inicialmente fechado, pelo assassinato do ex-marido, o pastor Anderson do Carmo. O crime ocorreu em junho de 2019, na casa da fam\u00edlia, em Niter\u00f3i, na regi\u00e3o metropolitana do Rio de Janeiro.<\/p>\n\n\n\n<figure class=\"wp-block-gallery has-nested-images columns-default is-cropped wp-block-gallery-1 is-layout-flex wp-block-gallery-is-layout-flex\">\n<figure class=\"wp-block-image size-large\"><img loading=\"lazy\" decoding=\"async\" width=\"678\" height=\"406\" data-id=\"192426\" src=\"https:\/\/aconteceunovale.com.br\/portal\/wp-content\/uploads\/2022\/11\/julgamento_flordelis.jpg\" alt=\"\" class=\"wp-image-192426\" srcset=\"https:\/\/aconteceunovale.com.br\/portal\/wp-content\/uploads\/2022\/11\/julgamento_flordelis.jpg 678w, https:\/\/aconteceunovale.com.br\/portal\/wp-content\/uploads\/2022\/11\/julgamento_flordelis-300x180.jpg 300w\" sizes=\"auto, (max-width: 678px) 100vw, 678px\" \/><figcaption class=\"wp-element-caption\"><em><sub>Foto: Brunno Dantas\/TJRJ<\/sub><\/em><\/figcaption><\/figure>\n<\/figure>\n\n\n\n<p class=\"wp-block-paragraph\">O Tribunal do J\u00fari de Niter\u00f3i considerou a ex-deputada culpada pelo homic\u00eddio triplamente qualificado, que recebeu os agravantes de motivo torpe, emprego de meio cruel e recurso que impossibilitou a defesa da v\u00edtima. Anderson foi morto a tiros ao chegar em casa de carro, na noite de 16 de junho.<\/p>\n\n\n\n<p class=\"wp-block-paragraph\">O crime teria sido motivado porque a v\u00edtima mantinha rigoroso controle das finan\u00e7as familiares e administrava os conflitos de forma r\u00edgida, n\u00e3o permitindo tratamento privilegiado \u00e0s pessoas mais pr\u00f3ximas da ex-deputada em detrimento de outros membros da fam\u00edlia, que somava mais de 50 filhos, entre biol\u00f3gicos, adotivos e afetivos.<\/p>\n\n\n\n<p class=\"wp-block-paragraph\">O Minist\u00e9rio P\u00fablico do Estado do Rio de Janeiro apontou Flordelis como a respons\u00e1vel por planejar o homic\u00eddio do ent\u00e3o marido, convencendo o executor direto e os demais acusados a participarem do crime, pensado para parecer um latroc\u00ednio. As investiga\u00e7\u00f5es indicaram que a ex-deputada financiou a compra da arma usada e avisou sobre a chegada da v\u00edtima no local em que foi executado a tiros.<\/p>\n\n\n\n<p class=\"wp-block-paragraph\">Al\u00e9m do homic\u00eddio consumado, Flordelis foi condenada pelas tentativas anteriores de matar o marido, adicionando veneno em sua comida e bebida ao menos seis vezes. Nesse caso, o crime foi homic\u00eddio duplamente qualificado.<\/p>\n\n\n\n<p class=\"wp-block-paragraph\">O caso envolve ainda condena\u00e7\u00f5es por associa\u00e7\u00e3o criminosa armada e dois usos de documento ideologicamente falso, uma carta em que um dos filhos aponta um culpado sabidamente falso pelo homic\u00eddio.<\/p>\n\n\n\n<p class=\"wp-block-paragraph\">Em nota, a defesa da ex-deputada afirma que a condena\u00e7\u00e3o ocorreu &#8220;apesar de n\u00e3o haver provas&#8221; e garantiu que recorrer\u00e1 da senten\u00e7a.<\/p>\n\n\n\n<p class=\"wp-block-paragraph\">&#8220;Entendo que a condena\u00e7\u00e3o foi indevida, eis que certamente se deu pela press\u00e3o da opini\u00e3o p\u00fablica formada desde o delito. Considerando que ocorreram diversas nulidades absolutas no decorrer do julgamento, informo que recorrerei da senten\u00e7a, buscando que ocorra, futuramente, um julgamento justo&#8221;, disse a defesa, que acrescentou estar muito satisfeita com a absolvi\u00e7\u00e3o de outros acusados.<\/p>\n\n\n\n<h2 class=\"wp-block-heading\">Julgamento<img decoding=\"async\" src=\"https:\/\/agenciabrasil.ebc.com.br\/ebc.png?id=1493562&amp;o=node\"><img decoding=\"async\" src=\"https:\/\/agenciabrasil.ebc.com.br\/ebc.gif?id=1493562&amp;o=node\"><\/h2>\n\n\n\n<p class=\"wp-block-paragraph\">O julgamento da ex-deputada e outros acusados come\u00e7ou na \u00faltima segunda-feira e se estendeu por sete dias, conduzido pela ju\u00edza Nearis dos Santos Carvalho Arce, titular da 3\u00aa Vara Criminal da Comarca de Niter\u00f3i. A sess\u00e3o final, em que foi proferida a senten\u00e7a, durou 21 horas, e atravessou a madrugada deste domingo.<\/p>\n\n\n\n<p class=\"wp-block-paragraph\">Inicialmente, havia a expectativa de que o julgamento se encerrasse em tr\u00eas dias, mas os longos depoimentos, tumultos e atrasos no in\u00edcio de algumas sess\u00f5es estenderam essa previs\u00e3o. Al\u00e9m disso, em momentos distintos, Flordelis e uma de suas filhas que tamb\u00e9m estava no banco dos r\u00e9us passaram mal e demandaram paralisa\u00e7\u00f5es para atendimento m\u00e9dico.<\/p>\n\n\n\n<p class=\"wp-block-paragraph\">A filha de Flordelis, Simone dos Santos Rodrigues, tamb\u00e9m foi condenada a 31 anos, quatro meses e 20 dias de reclus\u00e3o, em regime inicialmente fechado, por homic\u00eddio triplamente qualificado consumado, tentativa de homic\u00eddio qualificado privilegiado e associa\u00e7\u00e3o criminosa armada.<\/p>\n\n\n\n<p class=\"wp-block-paragraph\">J\u00e1 os filhos Andr\u00e9 Luiz de Oliveira e Marzy Teixeira da Silva foram absolvidos, assim como a neta Rayane dos Santos Oliveira. Rayane \u00e9 filha adotiva de Andr\u00e9 e Simone, que n\u00e3o t\u00eam la\u00e7os sangu\u00edneos apesar de serem ambos filhos de Flordelis &#8211; Simone \u00e9 filha biol\u00f3gica, e Andr\u00e9, filho afetivo.<\/p>\n\n\n\n<p class=\"wp-block-paragraph\">Cantora gospel e pastora em seu pr\u00f3prio minist\u00e9rio, Flordelis se elegeu deputada federal em 2018 pelo Partido Social Democr\u00e1tico (PSD) com grande apoio dos fi\u00e9is, tornando-se a mulher mais votada no estado do Rio de Janeiro naquele pleito. Ap\u00f3s a conclus\u00e3o das investiga\u00e7\u00f5es em torno da morte de Anderson, ela teve seu mandato na C\u00e2mara dos Deputados cassado. As investiga\u00e7\u00f5es tamb\u00e9m implicaram parte de sua fam\u00edlia, e cinco filhos da ex-deputada j\u00e1 foram condenados pelo crime.<\/p>\n\n\n\n<h2 class=\"wp-block-heading\">Condena\u00e7\u00f5es anteriores<\/h2>\n\n\n\n<p class=\"wp-block-paragraph\">Em novembro de 2021, o Tribunal do J\u00fari de Niter\u00f3i j\u00e1 havia condenado Fl\u00e1vio dos Santos Rodrigues, um dos filhos da ex-deputada, a 33 anos 2 meses e 20 dias de reclus\u00e3o em regime inicialmente fechado por homic\u00eddio triplamente qualificado consumado, porte ilegal de arma de fogo, uso de documento ideologicamente falso e associa\u00e7\u00e3o criminosa armada. Fl\u00e1vio foi denunciado como autor dos disparos de arma de fogo que provocaram a morte do pastor Anderson.<\/p>\n\n\n\n<p class=\"wp-block-paragraph\">Na mesma sess\u00e3o, Lucas Cezar dos Santos de Souza, outro filho de Flordelis, foi condenado por homic\u00eddio triplamente qualificado a nove anos de pris\u00e3o em regime inicialmente fechado. Ele foi apontado como o respons\u00e1vel por adquirir a arma usada no assassinato do pastor.<\/p>\n\n\n\n<p class=\"wp-block-paragraph\">J\u00e1 em abril deste ano, o Tribunal do J\u00fari de Niter\u00f3i condenou outros quatro r\u00e9us: Adriano dos Santos Rodrigues, que tamb\u00e9m \u00e9 filho de Flordelis, a quatro anos, seis meses e 20 dias de reclus\u00e3o em regime inicialmente semiaberto por uso de documento ideologicamente falso e associa\u00e7\u00e3o criminosa armada; o ex-PM Marcos Siqueira Costa, a cinco anos e 20 dias de reclus\u00e3o em regime inicialmente fechado, e sua esposa Andrea Santos Maia, a quatro anos, tr\u00eas meses e dez dias de reclus\u00e3o em regime inicialmente semiaberto por crimes de uso de documento ideologicamente falso, duas vezes, e associa\u00e7\u00e3o criminosa armada.<\/p>\n\n\n\n<p class=\"wp-block-paragraph\">Tamb\u00e9m foi condenado na sess\u00e3o realizada em abril Carlos Ubiraci Francisco da Silva, mais um filho de Flordelis, pelo crime de associa\u00e7\u00e3o criminosa armada, a dois anos, dois meses e 20 dias de reclus\u00e3o em regime inicialmente semiaberto. No dia 28 de abril, por\u00e9m, a Vara de Execu\u00e7\u00f5es Penais do tribunal concedeu liberdade condicional a Ubiraci.<\/p>\n\n\n\n<p class=\"wp-block-paragraph\">&#8212;&#8212;&#8212;&#8212;&#8212;&#8212;<br><br><strong>Sabia que o Aconteceu no Vale est\u00e1 tamb\u00e9m no Telegram? <a rel=\"noreferrer noopener\" href=\"https:\/\/t.me\/aconteceunovaleoficial\" target=\"_blank\">Inscreva-se no canal<\/a>.<\/strong><br><br><strong>J\u00e1 curtiu ou seguiu nossas p\u00e1ginas nas redes sociais?\u00a0Receba as not\u00edcias em primeira m\u00e3o:<\/strong><br>\u2022 <a rel=\"noreferrer noopener\" href=\"https:\/\/news.google.com\/publications\/CAAqBwgKMNjklQswi4etAw?hl=pt-BR&amp;gl=BR&amp;ceid=BR%3Apt-419\" target=\"_blank\">Google News<\/a><br>\u2022 <a rel=\"noreferrer noopener\" href=\"https:\/\/www.facebook.com\/aconteceunovale\/\" target=\"_blank\">Facebook<\/a><br>\u2022 <a rel=\"noreferrer noopener\" href=\"https:\/\/twitter.com\/noticiadosvales\" target=\"_blank\">Twitter<\/a><br>\u2022 <a rel=\"noreferrer noopener\" href=\"https:\/\/www.instagram.com\/aconteceunovale\" target=\"_blank\">Instagram<\/a><br>\u2022 <a rel=\"noreferrer noopener\" href=\"https:\/\/www.youtube.com\/AconteceunoValeOficial\" target=\"_blank\">Youtube<\/a><br>\u2022 <a rel=\"noreferrer noopener\" href=\"https:\/\/www.tiktok.com\/@aconteceunovale\" target=\"_blank\">TikTok<\/a><\/p>\n","protected":false},"excerpt":{"rendered":"<p>A ex-deputada federal Flordelis dos Santos foi condenada hoje (13\/11\/2022) a 50 anos e 28 dias de pris\u00e3o, em regime inicialmente fechado, pelo assassinato do ex-marido, o pastor Anderson do Carmo. O crime ocorreu em junho de 2019, na casa da fam\u00edlia, em Niter\u00f3i, na regi\u00e3o metropolitana do Rio de Janeiro. O Tribunal do J\u00fari [&hellip;]<\/p>\n","protected":false},"author":4,"featured_media":192426,"comment_status":"open","ping_status":"closed","sticky":false,"template":"","format":"standard","meta":{"amp_status":"","footnotes":""},"categories":[6,40240],"tags":[228056,203018,19878,265964,265965,265963,266291,1018,266289,205197,266292,266293,228050,264692,205198,228058,228052,73438,228055,1104,99860,266290,228053,265966],"class_list":["post-192425","post","type-post","status-publish","format-standard","has-post-thumbnail","hentry","category-br","category-politica","tag-adriano-dos-santos-rodrigues","tag-anderson-do-carmo","tag-andre-luiz-de-oliveira","tag-andre-santos-maia","tag-calos-ubiraci-francisco-da-silva","tag-comeca-o-julgamento-de-flordelis","tag-condenacao-flordelis","tag-destaque","tag-ex-deputada-flordelis-e-condenada-a-50-anos-de-prisao-por-assassinato-do-marido","tag-flavio-dos-santos-rodrigues","tag-flordelis-condenada","tag-flordelis-condenada-a-prisao","tag-flordelis-dos-santos-de-souza","tag-julgamento-de-flordelis","tag-lucas-cezar-dos-santos-de-souza","tag-marcos-siqueira-costa","tag-marzy-teixeira-da-silva","tag-niteroi","tag-rayane-dos-santos-oliveira","tag-rio-de-janeiro","tag-rj","tag-sentenca-flordelis","tag-simone-dos-santos-rodrigues","tag-tribunal-de-juri-de-niteroi"],"yoast_head":"<!-- This site is optimized with the Yoast SEO plugin v28.3 - https:\/\/yoast.com\/product\/yoast-seo-wordpress\/ -->\n<title>Ex-deputada Flordelis \u00e9 condenada a 50 anos de pris\u00e3o por assassinato do marido - Aconteceu no Vale<\/title>\n<meta name=\"robots\" content=\"index, follow, max-snippet:-1, max-image-preview:large, max-video-preview:-1\" \/>\n<link rel=\"canonical\" href=\"https:\/\/aconteceunovale.com.br\/portal\/?p=192425\" \/>\n<meta property=\"og:locale\" content=\"pt_BR\" \/>\n<meta property=\"og:type\" content=\"article\" \/>\n<meta property=\"og:title\" content=\"Ex-deputada Flordelis \u00e9 condenada a 50 anos de pris\u00e3o por assassinato do marido - Aconteceu no Vale\" \/>\n<meta property=\"og:description\" content=\"A ex-deputada federal Flordelis dos Santos foi condenada hoje (13\/11\/2022) a 50 anos e 28 dias de pris\u00e3o, em regime inicialmente fechado, pelo assassinato do ex-marido, o pastor Anderson do Carmo. O crime ocorreu em junho de 2019, na casa da fam\u00edlia, em Niter\u00f3i, na regi\u00e3o metropolitana do Rio de Janeiro. O Tribunal do J\u00fari [&hellip;]\" \/>\n<meta property=\"og:url\" content=\"https:\/\/aconteceunovale.com.br\/portal\/?p=192425\" \/>\n<meta property=\"og:site_name\" content=\"Aconteceu no Vale\" \/>\n<meta property=\"article:publisher\" content=\"https:\/\/www.facebook.com\/aconteceunovale\/\" \/>\n<meta property=\"article:published_time\" content=\"2022-11-13T22:53:22+00:00\" \/>\n<meta property=\"article:modified_time\" content=\"2022-11-13T22:54:21+00:00\" \/>\n<meta property=\"og:image\" content=\"https:\/\/aconteceunovale.com.br\/portal\/wp-content\/uploads\/2022\/11\/julgamento_flordelis.jpg\" \/>\n\t<meta property=\"og:image:width\" content=\"678\" \/>\n\t<meta property=\"og:image:height\" content=\"406\" \/>\n\t<meta property=\"og:image:type\" content=\"image\/jpeg\" \/>\n<meta name=\"author\" content=\"Reda\u00e7\u00e3o Aconteceu no Vale\" \/>\n<meta name=\"twitter:card\" content=\"summary_large_image\" \/>\n<meta name=\"twitter:creator\" content=\"@noticiadosvales\" \/>\n<meta name=\"twitter:site\" content=\"@noticiadosvales\" \/>\n<meta name=\"twitter:label1\" content=\"Escrito por\" \/>\n\t<meta name=\"twitter:data1\" content=\"Reda\u00e7\u00e3o Aconteceu no Vale\" \/>\n\t<meta name=\"twitter:label2\" content=\"Est. tempo de leitura\" \/>\n\t<meta name=\"twitter:data2\" content=\"5 minutos\" \/>\n<script type=\"application\/ld+json\" class=\"yoast-schema-graph\">{\"@context\":\"https:\\\/\\\/schema.org\",\"@graph\":[{\"@type\":\"Article\",\"@id\":\"https:\\\/\\\/aconteceunovale.com.br\\\/portal\\\/?p=192425#article\",\"isPartOf\":{\"@id\":\"https:\\\/\\\/aconteceunovale.com.br\\\/portal\\\/?p=192425\"},\"author\":{\"name\":\"Reda\u00e7\u00e3o Aconteceu no Vale\",\"@id\":\"https:\\\/\\\/aconteceunovale.com.br\\\/portal\\\/#\\\/schema\\\/person\\\/7d2f26d1483f8a63de73da1ee0754d35\"},\"headline\":\"Ex-deputada Flordelis \u00e9 condenada a 50 anos de pris\u00e3o por assassinato do marido\",\"datePublished\":\"2022-11-13T22:53:22+00:00\",\"dateModified\":\"2022-11-13T22:54:21+00:00\",\"mainEntityOfPage\":{\"@id\":\"https:\\\/\\\/aconteceunovale.com.br\\\/portal\\\/?p=192425\"},\"wordCount\":1039,\"commentCount\":0,\"image\":{\"@id\":\"https:\\\/\\\/aconteceunovale.com.br\\\/portal\\\/?p=192425#primaryimage\"},\"thumbnailUrl\":\"https:\\\/\\\/aconteceunovale.com.br\\\/portal\\\/wp-content\\\/uploads\\\/2022\\\/11\\\/julgamento_flordelis.jpg\",\"keywords\":[\"Adriano dos Santos Rodrigues\",\"Anderson do Carmo\",\"Andr\u00e9 Luiz de Oliveira\",\"Andre Santos Maia\",\"Calos Ubiraci Francisco da Silva\",\"Come\u00e7a o julgamento de Flordelis\",\"Condena\u00e7\u00e3o Flordelis\",\"destaque\",\"Ex-deputada Flordelis \u00e9 condenada a 50 anos de pris\u00e3o por assassinato do marido\",\"Fl\u00e1vio dos Santos Rodrigues\",\"Flordelis condenada\",\"Flordelis condenada \u00e0 pris\u00e3o\",\"Flordelis dos Santos de Souza\",\"Julgamento de Flordelis\",\"Lucas Cezar dos Santos de Souza\",\"Marcos Siqueira Costa\",\"Marzy Teixeira da Silva\",\"Niter\u00f3i\",\"Rayane dos Santos Oliveira\",\"Rio de Janeiro\",\"RJ\",\"Senten\u00e7a Flordelis\",\"Simone dos Santos Rodrigues\",\"Tribunal de J\u00fari de Niter\u00f3i\"],\"articleSection\":[\"Brasil\",\"Pol\u00edtica\"],\"inLanguage\":\"pt-BR\",\"potentialAction\":[{\"@type\":\"CommentAction\",\"name\":\"Comment\",\"target\":[\"https:\\\/\\\/aconteceunovale.com.br\\\/portal\\\/?p=192425#respond\"]}]},{\"@type\":\"WebPage\",\"@id\":\"https:\\\/\\\/aconteceunovale.com.br\\\/portal\\\/?p=192425\",\"url\":\"https:\\\/\\\/aconteceunovale.com.br\\\/portal\\\/?p=192425\",\"name\":\"Ex-deputada Flordelis \u00e9 condenada a 50 anos de pris\u00e3o por assassinato do marido - Aconteceu no Vale\",\"isPartOf\":{\"@id\":\"https:\\\/\\\/aconteceunovale.com.br\\\/portal\\\/#website\"},\"primaryImageOfPage\":{\"@id\":\"https:\\\/\\\/aconteceunovale.com.br\\\/portal\\\/?p=192425#primaryimage\"},\"image\":{\"@id\":\"https:\\\/\\\/aconteceunovale.com.br\\\/portal\\\/?p=192425#primaryimage\"},\"thumbnailUrl\":\"https:\\\/\\\/aconteceunovale.com.br\\\/portal\\\/wp-content\\\/uploads\\\/2022\\\/11\\\/julgamento_flordelis.jpg\",\"datePublished\":\"2022-11-13T22:53:22+00:00\",\"dateModified\":\"2022-11-13T22:54:21+00:00\",\"author\":{\"@id\":\"https:\\\/\\\/aconteceunovale.com.br\\\/portal\\\/#\\\/schema\\\/person\\\/7d2f26d1483f8a63de73da1ee0754d35\"},\"breadcrumb\":{\"@id\":\"https:\\\/\\\/aconteceunovale.com.br\\\/portal\\\/?p=192425#breadcrumb\"},\"inLanguage\":\"pt-BR\",\"potentialAction\":[{\"@type\":\"ReadAction\",\"target\":[\"https:\\\/\\\/aconteceunovale.com.br\\\/portal\\\/?p=192425\"]}]},{\"@type\":\"ImageObject\",\"inLanguage\":\"pt-BR\",\"@id\":\"https:\\\/\\\/aconteceunovale.com.br\\\/portal\\\/?p=192425#primaryimage\",\"url\":\"https:\\\/\\\/aconteceunovale.com.br\\\/portal\\\/wp-content\\\/uploads\\\/2022\\\/11\\\/julgamento_flordelis.jpg\",\"contentUrl\":\"https:\\\/\\\/aconteceunovale.com.br\\\/portal\\\/wp-content\\\/uploads\\\/2022\\\/11\\\/julgamento_flordelis.jpg\",\"width\":678,\"height\":406},{\"@type\":\"BreadcrumbList\",\"@id\":\"https:\\\/\\\/aconteceunovale.com.br\\\/portal\\\/?p=192425#breadcrumb\",\"itemListElement\":[{\"@type\":\"ListItem\",\"position\":1,\"name\":\"In\u00edcio\",\"item\":\"https:\\\/\\\/aconteceunovale.com.br\\\/portal\\\/\"},{\"@type\":\"ListItem\",\"position\":2,\"name\":\"Ex-deputada Flordelis \u00e9 condenada a 50 anos de pris\u00e3o por assassinato do marido\"}]},{\"@type\":\"WebSite\",\"@id\":\"https:\\\/\\\/aconteceunovale.com.br\\\/portal\\\/#website\",\"url\":\"https:\\\/\\\/aconteceunovale.com.br\\\/portal\\\/\",\"name\":\"Aconteceu no Vale\",\"description\":\"Portal de Not\u00edcias\",\"potentialAction\":[{\"@type\":\"SearchAction\",\"target\":{\"@type\":\"EntryPoint\",\"urlTemplate\":\"https:\\\/\\\/aconteceunovale.com.br\\\/portal\\\/?s={search_term_string}\"},\"query-input\":{\"@type\":\"PropertyValueSpecification\",\"valueRequired\":true,\"valueName\":\"search_term_string\"}}],\"inLanguage\":\"pt-BR\"},{\"@type\":\"Person\",\"@id\":\"https:\\\/\\\/aconteceunovale.com.br\\\/portal\\\/#\\\/schema\\\/person\\\/7d2f26d1483f8a63de73da1ee0754d35\",\"name\":\"Reda\u00e7\u00e3o Aconteceu no Vale\",\"description\":\"Equipe de reportagem do Aconteceu no Vale, portal de not\u00edcias do Vale do Jequitinhonha, em Minas Gerais. Cobrimos as 51 cidades do Vale desde 2013. Sugest\u00f5es de pauta e pedidos de corre\u00e7\u00e3o: contato@aconteceunovale.com.br\",\"url\":\"https:\\\/\\\/aconteceunovale.com.br\\\/portal\\\/?author=4\"}]}<\/script>\n<!-- \/ Yoast SEO plugin. -->","yoast_head_json":{"title":"Ex-deputada Flordelis \u00e9 condenada a 50 anos de pris\u00e3o por assassinato do marido - Aconteceu no Vale","robots":{"index":"index","follow":"follow","max-snippet":"max-snippet:-1","max-image-preview":"max-image-preview:large","max-video-preview":"max-video-preview:-1"},"canonical":"https:\/\/aconteceunovale.com.br\/portal\/?p=192425","og_locale":"pt_BR","og_type":"article","og_title":"Ex-deputada Flordelis \u00e9 condenada a 50 anos de pris\u00e3o por assassinato do marido - Aconteceu no Vale","og_description":"A ex-deputada federal Flordelis dos Santos foi condenada hoje (13\/11\/2022) a 50 anos e 28 dias de pris\u00e3o, em regime inicialmente fechado, pelo assassinato do ex-marido, o pastor Anderson do Carmo. O crime ocorreu em junho de 2019, na casa da fam\u00edlia, em Niter\u00f3i, na regi\u00e3o metropolitana do Rio de Janeiro. O Tribunal do J\u00fari [&hellip;]","og_url":"https:\/\/aconteceunovale.com.br\/portal\/?p=192425","og_site_name":"Aconteceu no Vale","article_publisher":"https:\/\/www.facebook.com\/aconteceunovale\/","article_published_time":"2022-11-13T22:53:22+00:00","article_modified_time":"2022-11-13T22:54:21+00:00","og_image":[{"width":678,"height":406,"url":"https:\/\/aconteceunovale.com.br\/portal\/wp-content\/uploads\/2022\/11\/julgamento_flordelis.jpg","type":"image\/jpeg"}],"author":"Reda\u00e7\u00e3o Aconteceu no Vale","twitter_card":"summary_large_image","twitter_creator":"@noticiadosvales","twitter_site":"@noticiadosvales","twitter_misc":{"Escrito por":"Reda\u00e7\u00e3o Aconteceu no Vale","Est. tempo de leitura":"5 minutos"},"schema":{"@context":"https:\/\/schema.org","@graph":[{"@type":"Article","@id":"https:\/\/aconteceunovale.com.br\/portal\/?p=192425#article","isPartOf":{"@id":"https:\/\/aconteceunovale.com.br\/portal\/?p=192425"},"author":{"name":"Reda\u00e7\u00e3o Aconteceu no Vale","@id":"https:\/\/aconteceunovale.com.br\/portal\/#\/schema\/person\/7d2f26d1483f8a63de73da1ee0754d35"},"headline":"Ex-deputada Flordelis \u00e9 condenada a 50 anos de pris\u00e3o por assassinato do marido","datePublished":"2022-11-13T22:53:22+00:00","dateModified":"2022-11-13T22:54:21+00:00","mainEntityOfPage":{"@id":"https:\/\/aconteceunovale.com.br\/portal\/?p=192425"},"wordCount":1039,"commentCount":0,"image":{"@id":"https:\/\/aconteceunovale.com.br\/portal\/?p=192425#primaryimage"},"thumbnailUrl":"https:\/\/aconteceunovale.com.br\/portal\/wp-content\/uploads\/2022\/11\/julgamento_flordelis.jpg","keywords":["Adriano dos Santos Rodrigues","Anderson do Carmo","Andr\u00e9 Luiz de Oliveira","Andre Santos Maia","Calos Ubiraci Francisco da Silva","Come\u00e7a o julgamento de Flordelis","Condena\u00e7\u00e3o Flordelis","destaque","Ex-deputada Flordelis \u00e9 condenada a 50 anos de pris\u00e3o por assassinato do marido","Fl\u00e1vio dos Santos Rodrigues","Flordelis condenada","Flordelis condenada \u00e0 pris\u00e3o","Flordelis dos Santos de Souza","Julgamento de Flordelis","Lucas Cezar dos Santos de Souza","Marcos Siqueira Costa","Marzy Teixeira da Silva","Niter\u00f3i","Rayane dos Santos Oliveira","Rio de Janeiro","RJ","Senten\u00e7a Flordelis","Simone dos Santos Rodrigues","Tribunal de J\u00fari de Niter\u00f3i"],"articleSection":["Brasil","Pol\u00edtica"],"inLanguage":"pt-BR","potentialAction":[{"@type":"CommentAction","name":"Comment","target":["https:\/\/aconteceunovale.com.br\/portal\/?p=192425#respond"]}]},{"@type":"WebPage","@id":"https:\/\/aconteceunovale.com.br\/portal\/?p=192425","url":"https:\/\/aconteceunovale.com.br\/portal\/?p=192425","name":"Ex-deputada Flordelis \u00e9 condenada a 50 anos de pris\u00e3o por assassinato do marido - Aconteceu no Vale","isPartOf":{"@id":"https:\/\/aconteceunovale.com.br\/portal\/#website"},"primaryImageOfPage":{"@id":"https:\/\/aconteceunovale.com.br\/portal\/?p=192425#primaryimage"},"image":{"@id":"https:\/\/aconteceunovale.com.br\/portal\/?p=192425#primaryimage"},"thumbnailUrl":"https:\/\/aconteceunovale.com.br\/portal\/wp-content\/uploads\/2022\/11\/julgamento_flordelis.jpg","datePublished":"2022-11-13T22:53:22+00:00","dateModified":"2022-11-13T22:54:21+00:00","author":{"@id":"https:\/\/aconteceunovale.com.br\/portal\/#\/schema\/person\/7d2f26d1483f8a63de73da1ee0754d35"},"breadcrumb":{"@id":"https:\/\/aconteceunovale.com.br\/portal\/?p=192425#breadcrumb"},"inLanguage":"pt-BR","potentialAction":[{"@type":"ReadAction","target":["https:\/\/aconteceunovale.com.br\/portal\/?p=192425"]}]},{"@type":"ImageObject","inLanguage":"pt-BR","@id":"https:\/\/aconteceunovale.com.br\/portal\/?p=192425#primaryimage","url":"https:\/\/aconteceunovale.com.br\/portal\/wp-content\/uploads\/2022\/11\/julgamento_flordelis.jpg","contentUrl":"https:\/\/aconteceunovale.com.br\/portal\/wp-content\/uploads\/2022\/11\/julgamento_flordelis.jpg","width":678,"height":406},{"@type":"BreadcrumbList","@id":"https:\/\/aconteceunovale.com.br\/portal\/?p=192425#breadcrumb","itemListElement":[{"@type":"ListItem","position":1,"name":"In\u00edcio","item":"https:\/\/aconteceunovale.com.br\/portal\/"},{"@type":"ListItem","position":2,"name":"Ex-deputada Flordelis \u00e9 condenada a 50 anos de pris\u00e3o por assassinato do marido"}]},{"@type":"WebSite","@id":"https:\/\/aconteceunovale.com.br\/portal\/#website","url":"https:\/\/aconteceunovale.com.br\/portal\/","name":"Aconteceu no Vale","description":"Portal de Not\u00edcias","potentialAction":[{"@type":"SearchAction","target":{"@type":"EntryPoint","urlTemplate":"https:\/\/aconteceunovale.com.br\/portal\/?s={search_term_string}"},"query-input":{"@type":"PropertyValueSpecification","valueRequired":true,"valueName":"search_term_string"}}],"inLanguage":"pt-BR"},{"@type":"Person","@id":"https:\/\/aconteceunovale.com.br\/portal\/#\/schema\/person\/7d2f26d1483f8a63de73da1ee0754d35","name":"Reda\u00e7\u00e3o Aconteceu no Vale","description":"Equipe de reportagem do Aconteceu no Vale, portal de not\u00edcias do Vale do Jequitinhonha, em Minas Gerais. Cobrimos as 51 cidades do Vale desde 2013. Sugest\u00f5es de pauta e pedidos de corre\u00e7\u00e3o: contato@aconteceunovale.com.br","url":"https:\/\/aconteceunovale.com.br\/portal\/?author=4"}]}},"_links":{"self":[{"href":"https:\/\/aconteceunovale.com.br\/portal\/index.php?rest_route=\/wp\/v2\/posts\/192425","targetHints":{"allow":["GET"]}}],"collection":[{"href":"https:\/\/aconteceunovale.com.br\/portal\/index.php?rest_route=\/wp\/v2\/posts"}],"about":[{"href":"https:\/\/aconteceunovale.com.br\/portal\/index.php?rest_route=\/wp\/v2\/types\/post"}],"author":[{"embeddable":true,"href":"https:\/\/aconteceunovale.com.br\/portal\/index.php?rest_route=\/wp\/v2\/users\/4"}],"replies":[{"embeddable":true,"href":"https:\/\/aconteceunovale.com.br\/portal\/index.php?rest_route=%2Fwp%2Fv2%2Fcomments&post=192425"}],"version-history":[{"count":1,"href":"https:\/\/aconteceunovale.com.br\/portal\/index.php?rest_route=\/wp\/v2\/posts\/192425\/revisions"}],"predecessor-version":[{"id":192427,"href":"https:\/\/aconteceunovale.com.br\/portal\/index.php?rest_route=\/wp\/v2\/posts\/192425\/revisions\/192427"}],"wp:featuredmedia":[{"embeddable":true,"href":"https:\/\/aconteceunovale.com.br\/portal\/index.php?rest_route=\/wp\/v2\/media\/192426"}],"wp:attachment":[{"href":"https:\/\/aconteceunovale.com.br\/portal\/index.php?rest_route=%2Fwp%2Fv2%2Fmedia&parent=192425"}],"wp:term":[{"taxonomy":"category","embeddable":true,"href":"https:\/\/aconteceunovale.com.br\/portal\/index.php?rest_route=%2Fwp%2Fv2%2Fcategories&post=192425"},{"taxonomy":"post_tag","embeddable":true,"href":"https:\/\/aconteceunovale.com.br\/portal\/index.php?rest_route=%2Fwp%2Fv2%2Ftags&post=192425"}],"curies":[{"name":"wp","href":"https:\/\/api.w.org\/{rel}","templated":true}]}}