{"id":192422,"date":"2022-11-11T09:31:04","date_gmt":"2022-11-11T12:31:04","guid":{"rendered":"https:\/\/aconteceunovale.com.br\/portal\/?p=192422"},"modified":"2022-11-11T09:31:57","modified_gmt":"2022-11-11T12:31:57","slug":"governo-federal-define-expediente-nos-dias-de-jogos-da-selecao","status":"publish","type":"post","link":"https:\/\/aconteceunovale.com.br\/portal\/?p=192422","title":{"rendered":"Governo federal define expediente nos dias de jogos da sele\u00e7\u00e3o"},"content":{"rendered":"\n<p class=\"wp-block-paragraph\">O Di\u00e1rio Oficial da Uni\u00e3o publica, nesta\u00a0sexta-feira (11\/11\/2022),\u00a0<a rel=\"noreferrer noopener\" href=\"https:\/\/www.in.gov.br\/en\/web\/dou\/-\/portaria-me-n-9.763-de-9-de-novembro-de-2022-443344594\" target=\"_blank\">portaria do Minist\u00e9rio da Economia<\/a>\u00a0com orienta\u00e7\u00f5es aos \u00f3rg\u00e3os e entidades integrantes da administra\u00e7\u00e3o p\u00fablica federal direta, aut\u00e1rquica e fundacional sobre o expediente nos dias de jogos da sele\u00e7\u00e3o brasileira de futebol na Copa do Mundo\u00a02022.<\/p>\n\n\n\n<p class=\"wp-block-paragraph\">Nos dias em que os jogos forem realizados\u00a0\u00e0s 12h n\u00e3o haver\u00e1 expediente; nas partidas iniciadas \u00e0s 13h, o expediente ser\u00e1 encerrado \u00e0s 11h (hor\u00e1rio de Bras\u00edlia). Nos jogos que comecem \u00e0s 16h, os servidores trabalhar\u00e3o at\u00e9 as 14h.<\/p>\n\n\n\n<p class=\"wp-block-paragraph\">A portaria define ainda que as horas n\u00e3o trabalhadas ser\u00e3o objeto de compensa\u00e7\u00e3o no per\u00edodo de 1\u00ba de dezembro de 2022 a&nbsp;31 de maio&nbsp;de 2023.<\/p>\n\n\n\n<h2 class=\"wp-block-heading\">Calend\u00e1rio dos jogos<\/h2>\n\n\n\n<p class=\"wp-block-paragraph\">A primeira partida da sele\u00e7\u00e3o brasileira na Copa do Mundo, no Catar, ser\u00e1 dia 24, quinta-feira, \u00e0s 16h (hor\u00e1rio de Bras\u00edlia), contra a S\u00e9rvia, em Doha. Depois, no dia 28, segunda-feira, enfrentar\u00e1 a Su\u00ed\u00e7a, \u00e0s 13h (hor\u00e1rio de Bras\u00edlia). O \u00faltimo jogo do Brasil, na fase de grupo, ser\u00e1 contra Camar\u00f5es, no dia&nbsp;2 de dezembro,&nbsp;sexta-feira, \u00e0s 16h.<\/p>\n\n\n\n<p class=\"wp-block-paragraph\">A comiss\u00e3o t\u00e9cnica da sele\u00e7\u00e3o brasileira divulgou,\u00a0quarta-feira (9), a programa\u00e7\u00e3o de treinamentos da equipe em Turim, na It\u00e1lia. O primeiro trabalho est\u00e1 marcado para\u00a0segunda-feira (14), \u00e0s 16h (hor\u00e1rio local), no Centro de Treinamento da Juventus. A viagem para o Catar est\u00e1 marcada para este\u00a0s\u00e1bado, \u00e0s 14h30 (hor\u00e1rio local), com desembarque \u00e0s 23h15 (hor\u00e1rio local).<\/p>\n\n\n\n<p class=\"wp-block-paragraph\">&#8212;&#8212;&#8212;&#8212;&#8212;&#8212;<br><br><strong>Sabia que o Aconteceu no Vale est\u00e1 tamb\u00e9m no Telegram? <a rel=\"noreferrer noopener\" href=\"https:\/\/t.me\/aconteceunovaleoficial\" target=\"_blank\">Inscreva-se no canal<\/a>.<\/strong><br><br><strong>J\u00e1 curtiu ou seguiu nossas p\u00e1ginas nas redes sociais?\u00a0Receba as not\u00edcias em primeira m\u00e3o:<\/strong><br>\u2022 <a rel=\"noreferrer noopener\" href=\"https:\/\/news.google.com\/publications\/CAAqBwgKMNjklQswi4etAw?hl=pt-BR&amp;gl=BR&amp;ceid=BR%3Apt-419\" target=\"_blank\">Google News<\/a><br>\u2022 <a rel=\"noreferrer noopener\" href=\"https:\/\/www.facebook.com\/aconteceunovale\/\" target=\"_blank\">Facebook<\/a><br>\u2022 <a rel=\"noreferrer noopener\" href=\"https:\/\/twitter.com\/noticiadosvales\" target=\"_blank\">Twitter<\/a><br>\u2022 <a rel=\"noreferrer noopener\" href=\"https:\/\/www.instagram.com\/aconteceunovale\" target=\"_blank\">Instagram<\/a><br>\u2022 <a rel=\"noreferrer noopener\" href=\"https:\/\/www.youtube.com\/AconteceunoValeOficial\" target=\"_blank\">Youtube<\/a><br>\u2022 <a rel=\"noreferrer noopener\" href=\"https:\/\/www.tiktok.com\/@aconteceunovale\" target=\"_blank\">TikTok<\/a><\/p>\n","protected":false},"excerpt":{"rendered":"<p>O Di\u00e1rio Oficial da Uni\u00e3o publica, nesta\u00a0sexta-feira (11\/11\/2022),\u00a0portaria do Minist\u00e9rio da Economia\u00a0com orienta\u00e7\u00f5es aos \u00f3rg\u00e3os e entidades integrantes da administra\u00e7\u00e3o p\u00fablica federal direta, aut\u00e1rquica e fundacional sobre o expediente nos dias de jogos da sele\u00e7\u00e3o brasileira de futebol na Copa do Mundo\u00a02022. Nos dias em que os jogos forem realizados\u00a0\u00e0s 12h n\u00e3o haver\u00e1 expediente; nas [&hellip;]<\/p>\n","protected":false},"author":4,"featured_media":176067,"comment_status":"open","ping_status":"closed","sticky":false,"template":"","format":"standard","meta":{"amp_status":"","footnotes":""},"categories":[6],"tags":[266288,6558,254411,1018,266285,4610,266284,266287,184661,266286],"class_list":["post-192422","post","type-post","status-publish","format-standard","has-post-thumbnail","hentry","category-br","tag-calendario-de-jogos-do-brasil","tag-copa-do-mundo","tag-copa-do-mundo-2022","tag-destaque","tag-expediente-nos-dias-de-jogos-da-selecao","tag-governo-federal","tag-governo-federal-define-expediente-nos-dias-de-jogos-da-selecao","tag-horario-de-trabalho-nos-dias-de-jogos-da-selecao","tag-ministerio-da-economia","tag-trabalho-em-dias-de-jogos-da-selecao"],"yoast_head":"<!-- This site is optimized with the Yoast SEO plugin v28.3 - https:\/\/yoast.com\/product\/yoast-seo-wordpress\/ -->\n<title>Governo federal define expediente nos dias de jogos da sele\u00e7\u00e3o - Aconteceu no Vale<\/title>\n<meta name=\"robots\" content=\"index, follow, max-snippet:-1, max-image-preview:large, max-video-preview:-1\" \/>\n<link rel=\"canonical\" href=\"https:\/\/aconteceunovale.com.br\/portal\/?p=192422\" \/>\n<meta property=\"og:locale\" content=\"pt_BR\" \/>\n<meta property=\"og:type\" content=\"article\" \/>\n<meta property=\"og:title\" content=\"Governo federal define expediente nos dias de jogos da sele\u00e7\u00e3o - Aconteceu no Vale\" \/>\n<meta property=\"og:description\" content=\"O Di\u00e1rio Oficial da Uni\u00e3o publica, nesta\u00a0sexta-feira (11\/11\/2022),\u00a0portaria do Minist\u00e9rio da Economia\u00a0com orienta\u00e7\u00f5es aos \u00f3rg\u00e3os e entidades integrantes da administra\u00e7\u00e3o p\u00fablica federal direta, aut\u00e1rquica e fundacional sobre o expediente nos dias de jogos da sele\u00e7\u00e3o brasileira de futebol na Copa do Mundo\u00a02022. Nos dias em que os jogos forem realizados\u00a0\u00e0s 12h n\u00e3o haver\u00e1 expediente; nas [&hellip;]\" \/>\n<meta property=\"og:url\" content=\"https:\/\/aconteceunovale.com.br\/portal\/?p=192422\" \/>\n<meta property=\"og:site_name\" content=\"Aconteceu no Vale\" \/>\n<meta property=\"article:publisher\" content=\"https:\/\/www.facebook.com\/aconteceunovale\/\" \/>\n<meta property=\"article:published_time\" content=\"2022-11-11T12:31:04+00:00\" \/>\n<meta property=\"article:modified_time\" content=\"2022-11-11T12:31:57+00:00\" \/>\n<meta property=\"og:image\" content=\"https:\/\/aconteceunovale.com.br\/portal\/wp-content\/uploads\/2021\/03\/governo_federal.jpg\" \/>\n\t<meta property=\"og:image:width\" content=\"678\" \/>\n\t<meta property=\"og:image:height\" content=\"406\" \/>\n\t<meta property=\"og:image:type\" content=\"image\/jpeg\" \/>\n<meta name=\"author\" content=\"Reda\u00e7\u00e3o Aconteceu no Vale\" \/>\n<meta name=\"twitter:card\" content=\"summary_large_image\" \/>\n<meta name=\"twitter:creator\" content=\"@noticiadosvales\" \/>\n<meta name=\"twitter:site\" content=\"@noticiadosvales\" \/>\n<meta name=\"twitter:label1\" content=\"Escrito por\" \/>\n\t<meta name=\"twitter:data1\" content=\"Reda\u00e7\u00e3o Aconteceu no Vale\" \/>\n\t<meta name=\"twitter:label2\" content=\"Est. tempo de leitura\" \/>\n\t<meta name=\"twitter:data2\" content=\"1 minuto\" \/>\n<script type=\"application\/ld+json\" class=\"yoast-schema-graph\">{\"@context\":\"https:\\\/\\\/schema.org\",\"@graph\":[{\"@type\":\"Article\",\"@id\":\"https:\\\/\\\/aconteceunovale.com.br\\\/portal\\\/?p=192422#article\",\"isPartOf\":{\"@id\":\"https:\\\/\\\/aconteceunovale.com.br\\\/portal\\\/?p=192422\"},\"author\":{\"name\":\"Reda\u00e7\u00e3o Aconteceu no Vale\",\"@id\":\"https:\\\/\\\/aconteceunovale.com.br\\\/portal\\\/#\\\/schema\\\/person\\\/7d2f26d1483f8a63de73da1ee0754d35\"},\"headline\":\"Governo federal define expediente nos dias de jogos da sele\u00e7\u00e3o\",\"datePublished\":\"2022-11-11T12:31:04+00:00\",\"dateModified\":\"2022-11-11T12:31:57+00:00\",\"mainEntityOfPage\":{\"@id\":\"https:\\\/\\\/aconteceunovale.com.br\\\/portal\\\/?p=192422\"},\"wordCount\":310,\"commentCount\":0,\"image\":{\"@id\":\"https:\\\/\\\/aconteceunovale.com.br\\\/portal\\\/?p=192422#primaryimage\"},\"thumbnailUrl\":\"https:\\\/\\\/aconteceunovale.com.br\\\/portal\\\/wp-content\\\/uploads\\\/2021\\\/03\\\/governo_federal.jpg\",\"keywords\":[\"Calend\u00e1rio de jogos do Brasil\",\"Copa do Mundo\",\"Copa do Mundo 2022\",\"destaque\",\"Expediente nos dias de jogos da sele\u00e7\u00e3o\",\"Governo Federal\",\"Governo federal define expediente nos dias de jogos da sele\u00e7\u00e3o\",\"Hor\u00e1rio de trabalho nos dias de jogos da sele\u00e7\u00e3o\",\"Minist\u00e9rio da Economia\",\"Trabalho em dias de jogos da sele\u00e7\u00e3o\"],\"articleSection\":[\"Brasil\"],\"inLanguage\":\"pt-BR\",\"potentialAction\":[{\"@type\":\"CommentAction\",\"name\":\"Comment\",\"target\":[\"https:\\\/\\\/aconteceunovale.com.br\\\/portal\\\/?p=192422#respond\"]}]},{\"@type\":\"WebPage\",\"@id\":\"https:\\\/\\\/aconteceunovale.com.br\\\/portal\\\/?p=192422\",\"url\":\"https:\\\/\\\/aconteceunovale.com.br\\\/portal\\\/?p=192422\",\"name\":\"Governo federal define expediente nos dias de jogos da sele\u00e7\u00e3o - Aconteceu no Vale\",\"isPartOf\":{\"@id\":\"https:\\\/\\\/aconteceunovale.com.br\\\/portal\\\/#website\"},\"primaryImageOfPage\":{\"@id\":\"https:\\\/\\\/aconteceunovale.com.br\\\/portal\\\/?p=192422#primaryimage\"},\"image\":{\"@id\":\"https:\\\/\\\/aconteceunovale.com.br\\\/portal\\\/?p=192422#primaryimage\"},\"thumbnailUrl\":\"https:\\\/\\\/aconteceunovale.com.br\\\/portal\\\/wp-content\\\/uploads\\\/2021\\\/03\\\/governo_federal.jpg\",\"datePublished\":\"2022-11-11T12:31:04+00:00\",\"dateModified\":\"2022-11-11T12:31:57+00:00\",\"author\":{\"@id\":\"https:\\\/\\\/aconteceunovale.com.br\\\/portal\\\/#\\\/schema\\\/person\\\/7d2f26d1483f8a63de73da1ee0754d35\"},\"breadcrumb\":{\"@id\":\"https:\\\/\\\/aconteceunovale.com.br\\\/portal\\\/?p=192422#breadcrumb\"},\"inLanguage\":\"pt-BR\",\"potentialAction\":[{\"@type\":\"ReadAction\",\"target\":[\"https:\\\/\\\/aconteceunovale.com.br\\\/portal\\\/?p=192422\"]}]},{\"@type\":\"ImageObject\",\"inLanguage\":\"pt-BR\",\"@id\":\"https:\\\/\\\/aconteceunovale.com.br\\\/portal\\\/?p=192422#primaryimage\",\"url\":\"https:\\\/\\\/aconteceunovale.com.br\\\/portal\\\/wp-content\\\/uploads\\\/2021\\\/03\\\/governo_federal.jpg\",\"contentUrl\":\"https:\\\/\\\/aconteceunovale.com.br\\\/portal\\\/wp-content\\\/uploads\\\/2021\\\/03\\\/governo_federal.jpg\",\"width\":678,\"height\":406,\"caption\":\"Bras\u00edlia 60 Anos - Esplanada dos Minist\u00e9rios\"},{\"@type\":\"BreadcrumbList\",\"@id\":\"https:\\\/\\\/aconteceunovale.com.br\\\/portal\\\/?p=192422#breadcrumb\",\"itemListElement\":[{\"@type\":\"ListItem\",\"position\":1,\"name\":\"In\u00edcio\",\"item\":\"https:\\\/\\\/aconteceunovale.com.br\\\/portal\\\/\"},{\"@type\":\"ListItem\",\"position\":2,\"name\":\"Governo federal define expediente nos dias de jogos da sele\u00e7\u00e3o\"}]},{\"@type\":\"WebSite\",\"@id\":\"https:\\\/\\\/aconteceunovale.com.br\\\/portal\\\/#website\",\"url\":\"https:\\\/\\\/aconteceunovale.com.br\\\/portal\\\/\",\"name\":\"Aconteceu no Vale\",\"description\":\"Portal de Not\u00edcias\",\"potentialAction\":[{\"@type\":\"SearchAction\",\"target\":{\"@type\":\"EntryPoint\",\"urlTemplate\":\"https:\\\/\\\/aconteceunovale.com.br\\\/portal\\\/?s={search_term_string}\"},\"query-input\":{\"@type\":\"PropertyValueSpecification\",\"valueRequired\":true,\"valueName\":\"search_term_string\"}}],\"inLanguage\":\"pt-BR\"},{\"@type\":\"Person\",\"@id\":\"https:\\\/\\\/aconteceunovale.com.br\\\/portal\\\/#\\\/schema\\\/person\\\/7d2f26d1483f8a63de73da1ee0754d35\",\"name\":\"Reda\u00e7\u00e3o Aconteceu no Vale\",\"description\":\"Equipe de reportagem do Aconteceu no Vale, portal de not\u00edcias do Vale do Jequitinhonha, em Minas Gerais. Cobrimos as 51 cidades do Vale desde 2013. Sugest\u00f5es de pauta e pedidos de corre\u00e7\u00e3o: contato@aconteceunovale.com.br\",\"url\":\"https:\\\/\\\/aconteceunovale.com.br\\\/portal\\\/?author=4\"}]}<\/script>\n<!-- \/ Yoast SEO plugin. -->","yoast_head_json":{"title":"Governo federal define expediente nos dias de jogos da sele\u00e7\u00e3o - Aconteceu no Vale","robots":{"index":"index","follow":"follow","max-snippet":"max-snippet:-1","max-image-preview":"max-image-preview:large","max-video-preview":"max-video-preview:-1"},"canonical":"https:\/\/aconteceunovale.com.br\/portal\/?p=192422","og_locale":"pt_BR","og_type":"article","og_title":"Governo federal define expediente nos dias de jogos da sele\u00e7\u00e3o - Aconteceu no Vale","og_description":"O Di\u00e1rio Oficial da Uni\u00e3o publica, nesta\u00a0sexta-feira (11\/11\/2022),\u00a0portaria do Minist\u00e9rio da Economia\u00a0com orienta\u00e7\u00f5es aos \u00f3rg\u00e3os e entidades integrantes da administra\u00e7\u00e3o p\u00fablica federal direta, aut\u00e1rquica e fundacional sobre o expediente nos dias de jogos da sele\u00e7\u00e3o brasileira de futebol na Copa do Mundo\u00a02022. Nos dias em que os jogos forem realizados\u00a0\u00e0s 12h n\u00e3o haver\u00e1 expediente; nas [&hellip;]","og_url":"https:\/\/aconteceunovale.com.br\/portal\/?p=192422","og_site_name":"Aconteceu no Vale","article_publisher":"https:\/\/www.facebook.com\/aconteceunovale\/","article_published_time":"2022-11-11T12:31:04+00:00","article_modified_time":"2022-11-11T12:31:57+00:00","og_image":[{"width":678,"height":406,"url":"https:\/\/aconteceunovale.com.br\/portal\/wp-content\/uploads\/2021\/03\/governo_federal.jpg","type":"image\/jpeg"}],"author":"Reda\u00e7\u00e3o Aconteceu no Vale","twitter_card":"summary_large_image","twitter_creator":"@noticiadosvales","twitter_site":"@noticiadosvales","twitter_misc":{"Escrito por":"Reda\u00e7\u00e3o Aconteceu no Vale","Est. tempo de leitura":"1 minuto"},"schema":{"@context":"https:\/\/schema.org","@graph":[{"@type":"Article","@id":"https:\/\/aconteceunovale.com.br\/portal\/?p=192422#article","isPartOf":{"@id":"https:\/\/aconteceunovale.com.br\/portal\/?p=192422"},"author":{"name":"Reda\u00e7\u00e3o Aconteceu no Vale","@id":"https:\/\/aconteceunovale.com.br\/portal\/#\/schema\/person\/7d2f26d1483f8a63de73da1ee0754d35"},"headline":"Governo federal define expediente nos dias de jogos da sele\u00e7\u00e3o","datePublished":"2022-11-11T12:31:04+00:00","dateModified":"2022-11-11T12:31:57+00:00","mainEntityOfPage":{"@id":"https:\/\/aconteceunovale.com.br\/portal\/?p=192422"},"wordCount":310,"commentCount":0,"image":{"@id":"https:\/\/aconteceunovale.com.br\/portal\/?p=192422#primaryimage"},"thumbnailUrl":"https:\/\/aconteceunovale.com.br\/portal\/wp-content\/uploads\/2021\/03\/governo_federal.jpg","keywords":["Calend\u00e1rio de jogos do Brasil","Copa do Mundo","Copa do Mundo 2022","destaque","Expediente nos dias de jogos da sele\u00e7\u00e3o","Governo Federal","Governo federal define expediente nos dias de jogos da sele\u00e7\u00e3o","Hor\u00e1rio de trabalho nos dias de jogos da sele\u00e7\u00e3o","Minist\u00e9rio da Economia","Trabalho em dias de jogos da sele\u00e7\u00e3o"],"articleSection":["Brasil"],"inLanguage":"pt-BR","potentialAction":[{"@type":"CommentAction","name":"Comment","target":["https:\/\/aconteceunovale.com.br\/portal\/?p=192422#respond"]}]},{"@type":"WebPage","@id":"https:\/\/aconteceunovale.com.br\/portal\/?p=192422","url":"https:\/\/aconteceunovale.com.br\/portal\/?p=192422","name":"Governo federal define expediente nos dias de jogos da sele\u00e7\u00e3o - Aconteceu no Vale","isPartOf":{"@id":"https:\/\/aconteceunovale.com.br\/portal\/#website"},"primaryImageOfPage":{"@id":"https:\/\/aconteceunovale.com.br\/portal\/?p=192422#primaryimage"},"image":{"@id":"https:\/\/aconteceunovale.com.br\/portal\/?p=192422#primaryimage"},"thumbnailUrl":"https:\/\/aconteceunovale.com.br\/portal\/wp-content\/uploads\/2021\/03\/governo_federal.jpg","datePublished":"2022-11-11T12:31:04+00:00","dateModified":"2022-11-11T12:31:57+00:00","author":{"@id":"https:\/\/aconteceunovale.com.br\/portal\/#\/schema\/person\/7d2f26d1483f8a63de73da1ee0754d35"},"breadcrumb":{"@id":"https:\/\/aconteceunovale.com.br\/portal\/?p=192422#breadcrumb"},"inLanguage":"pt-BR","potentialAction":[{"@type":"ReadAction","target":["https:\/\/aconteceunovale.com.br\/portal\/?p=192422"]}]},{"@type":"ImageObject","inLanguage":"pt-BR","@id":"https:\/\/aconteceunovale.com.br\/portal\/?p=192422#primaryimage","url":"https:\/\/aconteceunovale.com.br\/portal\/wp-content\/uploads\/2021\/03\/governo_federal.jpg","contentUrl":"https:\/\/aconteceunovale.com.br\/portal\/wp-content\/uploads\/2021\/03\/governo_federal.jpg","width":678,"height":406,"caption":"Bras\u00edlia 60 Anos - Esplanada dos Minist\u00e9rios"},{"@type":"BreadcrumbList","@id":"https:\/\/aconteceunovale.com.br\/portal\/?p=192422#breadcrumb","itemListElement":[{"@type":"ListItem","position":1,"name":"In\u00edcio","item":"https:\/\/aconteceunovale.com.br\/portal\/"},{"@type":"ListItem","position":2,"name":"Governo federal define expediente nos dias de jogos da sele\u00e7\u00e3o"}]},{"@type":"WebSite","@id":"https:\/\/aconteceunovale.com.br\/portal\/#website","url":"https:\/\/aconteceunovale.com.br\/portal\/","name":"Aconteceu no Vale","description":"Portal de Not\u00edcias","potentialAction":[{"@type":"SearchAction","target":{"@type":"EntryPoint","urlTemplate":"https:\/\/aconteceunovale.com.br\/portal\/?s={search_term_string}"},"query-input":{"@type":"PropertyValueSpecification","valueRequired":true,"valueName":"search_term_string"}}],"inLanguage":"pt-BR"},{"@type":"Person","@id":"https:\/\/aconteceunovale.com.br\/portal\/#\/schema\/person\/7d2f26d1483f8a63de73da1ee0754d35","name":"Reda\u00e7\u00e3o Aconteceu no Vale","description":"Equipe de reportagem do Aconteceu no Vale, portal de not\u00edcias do Vale do Jequitinhonha, em Minas Gerais. Cobrimos as 51 cidades do Vale desde 2013. Sugest\u00f5es de pauta e pedidos de corre\u00e7\u00e3o: contato@aconteceunovale.com.br","url":"https:\/\/aconteceunovale.com.br\/portal\/?author=4"}]}},"_links":{"self":[{"href":"https:\/\/aconteceunovale.com.br\/portal\/index.php?rest_route=\/wp\/v2\/posts\/192422","targetHints":{"allow":["GET"]}}],"collection":[{"href":"https:\/\/aconteceunovale.com.br\/portal\/index.php?rest_route=\/wp\/v2\/posts"}],"about":[{"href":"https:\/\/aconteceunovale.com.br\/portal\/index.php?rest_route=\/wp\/v2\/types\/post"}],"author":[{"embeddable":true,"href":"https:\/\/aconteceunovale.com.br\/portal\/index.php?rest_route=\/wp\/v2\/users\/4"}],"replies":[{"embeddable":true,"href":"https:\/\/aconteceunovale.com.br\/portal\/index.php?rest_route=%2Fwp%2Fv2%2Fcomments&post=192422"}],"version-history":[{"count":1,"href":"https:\/\/aconteceunovale.com.br\/portal\/index.php?rest_route=\/wp\/v2\/posts\/192422\/revisions"}],"predecessor-version":[{"id":192423,"href":"https:\/\/aconteceunovale.com.br\/portal\/index.php?rest_route=\/wp\/v2\/posts\/192422\/revisions\/192423"}],"wp:featuredmedia":[{"embeddable":true,"href":"https:\/\/aconteceunovale.com.br\/portal\/index.php?rest_route=\/wp\/v2\/media\/176067"}],"wp:attachment":[{"href":"https:\/\/aconteceunovale.com.br\/portal\/index.php?rest_route=%2Fwp%2Fv2%2Fmedia&parent=192422"}],"wp:term":[{"taxonomy":"category","embeddable":true,"href":"https:\/\/aconteceunovale.com.br\/portal\/index.php?rest_route=%2Fwp%2Fv2%2Fcategories&post=192422"},{"taxonomy":"post_tag","embeddable":true,"href":"https:\/\/aconteceunovale.com.br\/portal\/index.php?rest_route=%2Fwp%2Fv2%2Ftags&post=192422"}],"curies":[{"name":"wp","href":"https:\/\/api.w.org\/{rel}","templated":true}]}}