{"id":192351,"date":"2022-11-09T21:31:20","date_gmt":"2022-11-10T00:31:20","guid":{"rendered":"https:\/\/aconteceunovale.com.br\/portal\/?p=192351"},"modified":"2022-11-09T21:33:44","modified_gmt":"2022-11-10T00:33:44","slug":"pec-da-transicao-custara-entre-r-170-e-r-175-bilhoes-diz-senador","status":"publish","type":"post","link":"https:\/\/aconteceunovale.com.br\/portal\/?p=192351","title":{"rendered":"PEC da Transi\u00e7\u00e3o custar\u00e1 entre R$ 170 e R$ 175 bilh\u00f5es, diz senador"},"content":{"rendered":"\n<p class=\"wp-block-paragraph\">A proposta de emenda \u00e0 Constitui\u00e7\u00e3o (PEC) que manter\u00e1 o valor m\u00ednimo do Bolsa Fam\u00edlia em R$ 600 custar\u00e1 entre R$ 170 bilh\u00f5es a R$ 175 bilh\u00f5es no Or\u00e7amento de 2023, disse\u00a0hoje\u00a0(9) o senador Omar Aziz (PSD-AM). O parlamentar informou o valor ap\u00f3s participar da reuni\u00e3o do presidente eleito, Luiz In\u00e1cio Lula da Silva, com o presidente do Senado, Rodrigo Pacheco.<\/p>\n\n\n\n<figure class=\"wp-block-gallery has-nested-images columns-default is-cropped wp-block-gallery-1 is-layout-flex wp-block-gallery-is-layout-flex\">\n<figure class=\"wp-block-image size-large\"><img loading=\"lazy\" decoding=\"async\" width=\"678\" height=\"406\" data-id=\"192352\" src=\"https:\/\/aconteceunovale.com.br\/portal\/wp-content\/uploads\/2022\/11\/lula_pacheco.jpg\" alt=\"\" class=\"wp-image-192352\" srcset=\"https:\/\/aconteceunovale.com.br\/portal\/wp-content\/uploads\/2022\/11\/lula_pacheco.jpg 678w, https:\/\/aconteceunovale.com.br\/portal\/wp-content\/uploads\/2022\/11\/lula_pacheco-300x180.jpg 300w\" sizes=\"auto, (max-width: 678px) 100vw, 678px\" \/><figcaption class=\"wp-element-caption\"><em><sub>O presidente eleito, Luiz In\u00e1cio Lula da Silva, acompanhado de seu vice, Geraldo Alckmin e de coordenadores da transi\u00e7\u00e3o, posam para foto ap\u00f3s reuni\u00e3o com o presidente do Senado, Rodrigo Pacheco &#8211; Foto: Fabio Rodrigues-Pozzebom\/Ag\u00eancia Brasil<\/sub><\/em><\/figcaption><\/figure>\n<\/figure>\n\n\n\n<p class=\"wp-block-paragraph\">\u201cAcho que, como houve um compromisso dos dois candidatos ao Pal\u00e1cio do Planalto, Lula e [Jair] Bolsonaro em rela\u00e7\u00e3o a manter o Bolsa Fam\u00edlia em R$ 600, e o presidente Lula foi al\u00e9m, com os R$ 150 por filho, e tem outras quest\u00f5es, eu acho que em torno de R$ 170, R$ 175 bilh\u00f5es o valor dessa PEC, se n\u00e3o houver emenda ou coisa parecida\u201d, disse Aziz. O parlamentar informou que a conta inclui o aumento real (acima da infla\u00e7\u00e3o) para o sal\u00e1rio m\u00ednimo no pr\u00f3ximo ano.<\/p>\n\n\n\n<p class=\"wp-block-paragraph\">Mais cedo, o senador Humberto Costa (PT-PE) havia afirmado que a PEC teria impacto de R$ 150 bilh\u00f5es a R$ 175 bilh\u00f5es. O parlamentar deu a informa\u00e7\u00e3o ao chegar nesta tarde ao Centro Cultural Banco do Brasil (CCBB0, onde funciona o gabinete de transi\u00e7\u00e3o para o futuro governo.<\/p>\n\n\n\n<p class=\"wp-block-paragraph\">De acordo com o parlamentar, o objetivo \u00e9 retirar todo o programa social do teto federal de gastos. \u201cA PEC deve garantir o Bolsa Fam\u00edlia todo\u201d, disse Costa. Ele, no entanto, n\u00e3o esclareceu se a diferen\u00e7a entre os R$ 150 bilh\u00f5es e os 170 bilh\u00f5es viria do aumento do sal\u00e1rio m\u00ednimo acima da infla\u00e7\u00e3o.<\/p>\n\n\n\n<p class=\"wp-block-paragraph\">Caso a PEC retire todo o programa social do teto de gastos, sair\u00e3o do teto de gastos R$ 105 bilh\u00f5es previstos no Or\u00e7amento de 2023 para manter o valor m\u00e9dio de R$ 405 para o atual Aux\u00edlio Brasil. O restante vir\u00e1 da eleva\u00e7\u00e3o do valor m\u00ednimo para R$ 600, para o pagamento do adicional de R$ 150 para fam\u00edlias com crian\u00e7as de at\u00e9 6 anos e para um eventual reajuste real do sal\u00e1rio m\u00ednimo.<\/p>\n\n\n\n<h2 class=\"wp-block-heading\">Confirma\u00e7\u00e3o<\/h2>\n\n\n\n<p class=\"wp-block-paragraph\">A op\u00e7\u00e3o por encaminhar uma PEC para retirar o Bolsa Fam\u00edlia do teto de gastos e liberar dinheiro para sa\u00fade, educa\u00e7\u00e3o e obras p\u00fablicas foi confirmada no fim da manh\u00e3 pelo l\u00edder do PT na C\u00e2mara dos Deputados, Reginaldo Lopes (MG). Ele deu a informa\u00e7\u00e3o ap\u00f3s acompanhar a reuni\u00e3o entre Lula e o presidente da C\u00e2mara, Arthur Lira.<\/p>\n\n\n\n<p class=\"wp-block-paragraph\">\u201cO caminho: o presidente Lula tem prefer\u00eancia pela PEC. E agora [o vice-presidente eleito] Geraldo Alckmin e [o ex-ministro Alo\u00edzio] Mercadante, e n\u00f3s juntos, vamos construir uma pr\u00f3xima reuni\u00e3o para a gente apresentar e detalhar o texto da PEC\u201d, disse Lopes a jornalistas ap\u00f3s o encontro, que ocorreu na resid\u00eancia oficial do presidente da C\u00e2mara. A outra op\u00e7\u00e3o seria a edi\u00e7\u00e3o de uma medida provis\u00f3ria com cr\u00e9ditos extraordin\u00e1rios (fora do teto de gastos), mas a alternativa enfrenta incertezas jur\u00eddicas.<\/p>\n\n\n\n<p class=\"wp-block-paragraph\">&#8212;&#8212;&#8212;&#8212;&#8212;&#8212;<br><br><strong>Sabia que o Aconteceu no Vale est\u00e1 tamb\u00e9m no Telegram? <a rel=\"noreferrer noopener\" href=\"https:\/\/t.me\/aconteceunovaleoficial\" target=\"_blank\">Inscreva-se no canal<\/a>.<\/strong><br><br><strong>J\u00e1 curtiu ou seguiu nossas p\u00e1ginas nas redes sociais?\u00a0Receba as not\u00edcias em primeira m\u00e3o:<\/strong><br>\u2022 <a rel=\"noreferrer noopener\" href=\"https:\/\/news.google.com\/publications\/CAAqBwgKMNjklQswi4etAw?hl=pt-BR&amp;gl=BR&amp;ceid=BR%3Apt-419\" target=\"_blank\">Google News<\/a><br>\u2022 <a rel=\"noreferrer noopener\" href=\"https:\/\/www.facebook.com\/aconteceunovale\/\" target=\"_blank\">Facebook<\/a><br>\u2022 <a rel=\"noreferrer noopener\" href=\"https:\/\/twitter.com\/noticiadosvales\" target=\"_blank\">Twitter<\/a><br>\u2022 <a rel=\"noreferrer noopener\" href=\"https:\/\/www.instagram.com\/aconteceunovale\" target=\"_blank\">Instagram<\/a><br>\u2022 <a rel=\"noreferrer noopener\" href=\"https:\/\/www.youtube.com\/AconteceunoValeOficial\" target=\"_blank\">Youtube<\/a><br>\u2022 <a rel=\"noreferrer noopener\" href=\"https:\/\/www.tiktok.com\/@aconteceunovale\" target=\"_blank\">TikTok<\/a><\/p>\n","protected":false},"excerpt":{"rendered":"<p>A proposta de emenda \u00e0 Constitui\u00e7\u00e3o (PEC) que manter\u00e1 o valor m\u00ednimo do Bolsa Fam\u00edlia em R$ 600 custar\u00e1 entre R$ 170 bilh\u00f5es a R$ 175 bilh\u00f5es no Or\u00e7amento de 2023, disse\u00a0hoje\u00a0(9) o senador Omar Aziz (PSD-AM). O parlamentar informou o valor ap\u00f3s participar da reuni\u00e3o do presidente eleito, Luiz In\u00e1cio Lula da Silva, com [&hellip;]<\/p>\n","protected":false},"author":4,"featured_media":192352,"comment_status":"open","ping_status":"closed","sticky":false,"template":"","format":"standard","meta":{"amp_status":"","footnotes":""},"categories":[6,40240],"tags":[1018,14124,7147,61731,266149,266148,41221,184436,266150],"class_list":["post-192351","post","type-post","status-publish","format-standard","has-post-thumbnail","hentry","category-br","category-politica","tag-destaque","tag-luiz-inacio-lula-da-silva","tag-lula","tag-palacio-do-planalto","tag-pec-da-transicao","tag-pec-da-transicao-custara-entre-r-170-e-r-175-bilhoes","tag-rodrigo-pacheco","tag-transicao","tag-transicao-de-bolsonaro-para-lula"],"yoast_head":"<!-- This site is optimized with the Yoast SEO plugin v28.3 - https:\/\/yoast.com\/product\/yoast-seo-wordpress\/ -->\n<title>PEC da Transi\u00e7\u00e3o custar\u00e1 entre R$ 170 e R$ 175 bilh\u00f5es, diz senador - Aconteceu no Vale<\/title>\n<meta name=\"robots\" content=\"index, follow, max-snippet:-1, max-image-preview:large, max-video-preview:-1\" \/>\n<link rel=\"canonical\" href=\"https:\/\/aconteceunovale.com.br\/portal\/?p=192351\" \/>\n<meta property=\"og:locale\" content=\"pt_BR\" \/>\n<meta property=\"og:type\" content=\"article\" \/>\n<meta property=\"og:title\" content=\"PEC da Transi\u00e7\u00e3o custar\u00e1 entre R$ 170 e R$ 175 bilh\u00f5es, diz senador - Aconteceu no Vale\" \/>\n<meta property=\"og:description\" content=\"A proposta de emenda \u00e0 Constitui\u00e7\u00e3o (PEC) que manter\u00e1 o valor m\u00ednimo do Bolsa Fam\u00edlia em R$ 600 custar\u00e1 entre R$ 170 bilh\u00f5es a R$ 175 bilh\u00f5es no Or\u00e7amento de 2023, disse\u00a0hoje\u00a0(9) o senador Omar Aziz (PSD-AM). O parlamentar informou o valor ap\u00f3s participar da reuni\u00e3o do presidente eleito, Luiz In\u00e1cio Lula da Silva, com [&hellip;]\" \/>\n<meta property=\"og:url\" content=\"https:\/\/aconteceunovale.com.br\/portal\/?p=192351\" \/>\n<meta property=\"og:site_name\" content=\"Aconteceu no Vale\" \/>\n<meta property=\"article:publisher\" content=\"https:\/\/www.facebook.com\/aconteceunovale\/\" \/>\n<meta property=\"article:published_time\" content=\"2022-11-10T00:31:20+00:00\" \/>\n<meta property=\"article:modified_time\" content=\"2022-11-10T00:33:44+00:00\" \/>\n<meta property=\"og:image\" content=\"https:\/\/aconteceunovale.com.br\/portal\/wp-content\/uploads\/2022\/11\/lula_pacheco.jpg\" \/>\n\t<meta property=\"og:image:width\" content=\"678\" \/>\n\t<meta property=\"og:image:height\" content=\"406\" \/>\n\t<meta property=\"og:image:type\" content=\"image\/jpeg\" \/>\n<meta name=\"author\" content=\"Reda\u00e7\u00e3o Aconteceu no Vale\" \/>\n<meta name=\"twitter:card\" content=\"summary_large_image\" \/>\n<meta name=\"twitter:creator\" content=\"@noticiadosvales\" \/>\n<meta name=\"twitter:site\" content=\"@noticiadosvales\" \/>\n<meta name=\"twitter:label1\" content=\"Escrito por\" \/>\n\t<meta name=\"twitter:data1\" content=\"Reda\u00e7\u00e3o Aconteceu no Vale\" \/>\n\t<meta name=\"twitter:label2\" content=\"Est. tempo de leitura\" \/>\n\t<meta name=\"twitter:data2\" content=\"3 minutos\" \/>\n<script type=\"application\/ld+json\" class=\"yoast-schema-graph\">{\"@context\":\"https:\\\/\\\/schema.org\",\"@graph\":[{\"@type\":\"Article\",\"@id\":\"https:\\\/\\\/aconteceunovale.com.br\\\/portal\\\/?p=192351#article\",\"isPartOf\":{\"@id\":\"https:\\\/\\\/aconteceunovale.com.br\\\/portal\\\/?p=192351\"},\"author\":{\"name\":\"Reda\u00e7\u00e3o Aconteceu no Vale\",\"@id\":\"https:\\\/\\\/aconteceunovale.com.br\\\/portal\\\/#\\\/schema\\\/person\\\/7d2f26d1483f8a63de73da1ee0754d35\"},\"headline\":\"PEC da Transi\u00e7\u00e3o custar\u00e1 entre R$ 170 e R$ 175 bilh\u00f5es, diz senador\",\"datePublished\":\"2022-11-10T00:31:20+00:00\",\"dateModified\":\"2022-11-10T00:33:44+00:00\",\"mainEntityOfPage\":{\"@id\":\"https:\\\/\\\/aconteceunovale.com.br\\\/portal\\\/?p=192351\"},\"wordCount\":607,\"commentCount\":0,\"image\":{\"@id\":\"https:\\\/\\\/aconteceunovale.com.br\\\/portal\\\/?p=192351#primaryimage\"},\"thumbnailUrl\":\"https:\\\/\\\/aconteceunovale.com.br\\\/portal\\\/wp-content\\\/uploads\\\/2022\\\/11\\\/lula_pacheco.jpg\",\"keywords\":[\"destaque\",\"Luiz In\u00e1cio Lula da Silva\",\"Lula\",\"Pal\u00e1cio do Planalto\",\"PEC da transi\u00e7\u00e3o\",\"PEC da Transi\u00e7\u00e3o custar\u00e1 entre R$ 170 e R$ 175 bilh\u00f5es\",\"Rodrigo Pacheco\",\"transi\u00e7\u00e3o\",\"Transi\u00e7\u00e3o de Bolsonaro para Lula\"],\"articleSection\":[\"Brasil\",\"Pol\u00edtica\"],\"inLanguage\":\"pt-BR\",\"potentialAction\":[{\"@type\":\"CommentAction\",\"name\":\"Comment\",\"target\":[\"https:\\\/\\\/aconteceunovale.com.br\\\/portal\\\/?p=192351#respond\"]}]},{\"@type\":\"WebPage\",\"@id\":\"https:\\\/\\\/aconteceunovale.com.br\\\/portal\\\/?p=192351\",\"url\":\"https:\\\/\\\/aconteceunovale.com.br\\\/portal\\\/?p=192351\",\"name\":\"PEC da Transi\u00e7\u00e3o custar\u00e1 entre R$ 170 e R$ 175 bilh\u00f5es, diz senador - Aconteceu no Vale\",\"isPartOf\":{\"@id\":\"https:\\\/\\\/aconteceunovale.com.br\\\/portal\\\/#website\"},\"primaryImageOfPage\":{\"@id\":\"https:\\\/\\\/aconteceunovale.com.br\\\/portal\\\/?p=192351#primaryimage\"},\"image\":{\"@id\":\"https:\\\/\\\/aconteceunovale.com.br\\\/portal\\\/?p=192351#primaryimage\"},\"thumbnailUrl\":\"https:\\\/\\\/aconteceunovale.com.br\\\/portal\\\/wp-content\\\/uploads\\\/2022\\\/11\\\/lula_pacheco.jpg\",\"datePublished\":\"2022-11-10T00:31:20+00:00\",\"dateModified\":\"2022-11-10T00:33:44+00:00\",\"author\":{\"@id\":\"https:\\\/\\\/aconteceunovale.com.br\\\/portal\\\/#\\\/schema\\\/person\\\/7d2f26d1483f8a63de73da1ee0754d35\"},\"breadcrumb\":{\"@id\":\"https:\\\/\\\/aconteceunovale.com.br\\\/portal\\\/?p=192351#breadcrumb\"},\"inLanguage\":\"pt-BR\",\"potentialAction\":[{\"@type\":\"ReadAction\",\"target\":[\"https:\\\/\\\/aconteceunovale.com.br\\\/portal\\\/?p=192351\"]}]},{\"@type\":\"ImageObject\",\"inLanguage\":\"pt-BR\",\"@id\":\"https:\\\/\\\/aconteceunovale.com.br\\\/portal\\\/?p=192351#primaryimage\",\"url\":\"https:\\\/\\\/aconteceunovale.com.br\\\/portal\\\/wp-content\\\/uploads\\\/2022\\\/11\\\/lula_pacheco.jpg\",\"contentUrl\":\"https:\\\/\\\/aconteceunovale.com.br\\\/portal\\\/wp-content\\\/uploads\\\/2022\\\/11\\\/lula_pacheco.jpg\",\"width\":678,\"height\":406,\"caption\":\"O presidente eleito, Luis In\u00e1cio Lula da Silva, acompanhado de seu vice, Geraldo Alckmin e de coordenadores da transi\u00e7\u00e3o, posam para foto ap\u00f3s reuni\u00e3o com o presidente do Senado, Rodrigo Pacheco\"},{\"@type\":\"BreadcrumbList\",\"@id\":\"https:\\\/\\\/aconteceunovale.com.br\\\/portal\\\/?p=192351#breadcrumb\",\"itemListElement\":[{\"@type\":\"ListItem\",\"position\":1,\"name\":\"In\u00edcio\",\"item\":\"https:\\\/\\\/aconteceunovale.com.br\\\/portal\\\/\"},{\"@type\":\"ListItem\",\"position\":2,\"name\":\"PEC da Transi\u00e7\u00e3o custar\u00e1 entre R$ 170 e R$ 175 bilh\u00f5es, diz senador\"}]},{\"@type\":\"WebSite\",\"@id\":\"https:\\\/\\\/aconteceunovale.com.br\\\/portal\\\/#website\",\"url\":\"https:\\\/\\\/aconteceunovale.com.br\\\/portal\\\/\",\"name\":\"Aconteceu no Vale\",\"description\":\"Portal de Not\u00edcias\",\"potentialAction\":[{\"@type\":\"SearchAction\",\"target\":{\"@type\":\"EntryPoint\",\"urlTemplate\":\"https:\\\/\\\/aconteceunovale.com.br\\\/portal\\\/?s={search_term_string}\"},\"query-input\":{\"@type\":\"PropertyValueSpecification\",\"valueRequired\":true,\"valueName\":\"search_term_string\"}}],\"inLanguage\":\"pt-BR\"},{\"@type\":\"Person\",\"@id\":\"https:\\\/\\\/aconteceunovale.com.br\\\/portal\\\/#\\\/schema\\\/person\\\/7d2f26d1483f8a63de73da1ee0754d35\",\"name\":\"Reda\u00e7\u00e3o Aconteceu no Vale\",\"description\":\"Equipe de reportagem do Aconteceu no Vale, portal de not\u00edcias do Vale do Jequitinhonha, em Minas Gerais. Cobrimos as 51 cidades do Vale desde 2013. Sugest\u00f5es de pauta e pedidos de corre\u00e7\u00e3o: contato@aconteceunovale.com.br\",\"url\":\"https:\\\/\\\/aconteceunovale.com.br\\\/portal\\\/?author=4\"}]}<\/script>\n<!-- \/ Yoast SEO plugin. -->","yoast_head_json":{"title":"PEC da Transi\u00e7\u00e3o custar\u00e1 entre R$ 170 e R$ 175 bilh\u00f5es, diz senador - Aconteceu no Vale","robots":{"index":"index","follow":"follow","max-snippet":"max-snippet:-1","max-image-preview":"max-image-preview:large","max-video-preview":"max-video-preview:-1"},"canonical":"https:\/\/aconteceunovale.com.br\/portal\/?p=192351","og_locale":"pt_BR","og_type":"article","og_title":"PEC da Transi\u00e7\u00e3o custar\u00e1 entre R$ 170 e R$ 175 bilh\u00f5es, diz senador - Aconteceu no Vale","og_description":"A proposta de emenda \u00e0 Constitui\u00e7\u00e3o (PEC) que manter\u00e1 o valor m\u00ednimo do Bolsa Fam\u00edlia em R$ 600 custar\u00e1 entre R$ 170 bilh\u00f5es a R$ 175 bilh\u00f5es no Or\u00e7amento de 2023, disse\u00a0hoje\u00a0(9) o senador Omar Aziz (PSD-AM). O parlamentar informou o valor ap\u00f3s participar da reuni\u00e3o do presidente eleito, Luiz In\u00e1cio Lula da Silva, com [&hellip;]","og_url":"https:\/\/aconteceunovale.com.br\/portal\/?p=192351","og_site_name":"Aconteceu no Vale","article_publisher":"https:\/\/www.facebook.com\/aconteceunovale\/","article_published_time":"2022-11-10T00:31:20+00:00","article_modified_time":"2022-11-10T00:33:44+00:00","og_image":[{"width":678,"height":406,"url":"https:\/\/aconteceunovale.com.br\/portal\/wp-content\/uploads\/2022\/11\/lula_pacheco.jpg","type":"image\/jpeg"}],"author":"Reda\u00e7\u00e3o Aconteceu no Vale","twitter_card":"summary_large_image","twitter_creator":"@noticiadosvales","twitter_site":"@noticiadosvales","twitter_misc":{"Escrito por":"Reda\u00e7\u00e3o Aconteceu no Vale","Est. tempo de leitura":"3 minutos"},"schema":{"@context":"https:\/\/schema.org","@graph":[{"@type":"Article","@id":"https:\/\/aconteceunovale.com.br\/portal\/?p=192351#article","isPartOf":{"@id":"https:\/\/aconteceunovale.com.br\/portal\/?p=192351"},"author":{"name":"Reda\u00e7\u00e3o Aconteceu no Vale","@id":"https:\/\/aconteceunovale.com.br\/portal\/#\/schema\/person\/7d2f26d1483f8a63de73da1ee0754d35"},"headline":"PEC da Transi\u00e7\u00e3o custar\u00e1 entre R$ 170 e R$ 175 bilh\u00f5es, diz senador","datePublished":"2022-11-10T00:31:20+00:00","dateModified":"2022-11-10T00:33:44+00:00","mainEntityOfPage":{"@id":"https:\/\/aconteceunovale.com.br\/portal\/?p=192351"},"wordCount":607,"commentCount":0,"image":{"@id":"https:\/\/aconteceunovale.com.br\/portal\/?p=192351#primaryimage"},"thumbnailUrl":"https:\/\/aconteceunovale.com.br\/portal\/wp-content\/uploads\/2022\/11\/lula_pacheco.jpg","keywords":["destaque","Luiz In\u00e1cio Lula da Silva","Lula","Pal\u00e1cio do Planalto","PEC da transi\u00e7\u00e3o","PEC da Transi\u00e7\u00e3o custar\u00e1 entre R$ 170 e R$ 175 bilh\u00f5es","Rodrigo Pacheco","transi\u00e7\u00e3o","Transi\u00e7\u00e3o de Bolsonaro para Lula"],"articleSection":["Brasil","Pol\u00edtica"],"inLanguage":"pt-BR","potentialAction":[{"@type":"CommentAction","name":"Comment","target":["https:\/\/aconteceunovale.com.br\/portal\/?p=192351#respond"]}]},{"@type":"WebPage","@id":"https:\/\/aconteceunovale.com.br\/portal\/?p=192351","url":"https:\/\/aconteceunovale.com.br\/portal\/?p=192351","name":"PEC da Transi\u00e7\u00e3o custar\u00e1 entre R$ 170 e R$ 175 bilh\u00f5es, diz senador - Aconteceu no Vale","isPartOf":{"@id":"https:\/\/aconteceunovale.com.br\/portal\/#website"},"primaryImageOfPage":{"@id":"https:\/\/aconteceunovale.com.br\/portal\/?p=192351#primaryimage"},"image":{"@id":"https:\/\/aconteceunovale.com.br\/portal\/?p=192351#primaryimage"},"thumbnailUrl":"https:\/\/aconteceunovale.com.br\/portal\/wp-content\/uploads\/2022\/11\/lula_pacheco.jpg","datePublished":"2022-11-10T00:31:20+00:00","dateModified":"2022-11-10T00:33:44+00:00","author":{"@id":"https:\/\/aconteceunovale.com.br\/portal\/#\/schema\/person\/7d2f26d1483f8a63de73da1ee0754d35"},"breadcrumb":{"@id":"https:\/\/aconteceunovale.com.br\/portal\/?p=192351#breadcrumb"},"inLanguage":"pt-BR","potentialAction":[{"@type":"ReadAction","target":["https:\/\/aconteceunovale.com.br\/portal\/?p=192351"]}]},{"@type":"ImageObject","inLanguage":"pt-BR","@id":"https:\/\/aconteceunovale.com.br\/portal\/?p=192351#primaryimage","url":"https:\/\/aconteceunovale.com.br\/portal\/wp-content\/uploads\/2022\/11\/lula_pacheco.jpg","contentUrl":"https:\/\/aconteceunovale.com.br\/portal\/wp-content\/uploads\/2022\/11\/lula_pacheco.jpg","width":678,"height":406,"caption":"O presidente eleito, Luis In\u00e1cio Lula da Silva, acompanhado de seu vice, Geraldo Alckmin e de coordenadores da transi\u00e7\u00e3o, posam para foto ap\u00f3s reuni\u00e3o com o presidente do Senado, Rodrigo Pacheco"},{"@type":"BreadcrumbList","@id":"https:\/\/aconteceunovale.com.br\/portal\/?p=192351#breadcrumb","itemListElement":[{"@type":"ListItem","position":1,"name":"In\u00edcio","item":"https:\/\/aconteceunovale.com.br\/portal\/"},{"@type":"ListItem","position":2,"name":"PEC da Transi\u00e7\u00e3o custar\u00e1 entre R$ 170 e R$ 175 bilh\u00f5es, diz senador"}]},{"@type":"WebSite","@id":"https:\/\/aconteceunovale.com.br\/portal\/#website","url":"https:\/\/aconteceunovale.com.br\/portal\/","name":"Aconteceu no Vale","description":"Portal de Not\u00edcias","potentialAction":[{"@type":"SearchAction","target":{"@type":"EntryPoint","urlTemplate":"https:\/\/aconteceunovale.com.br\/portal\/?s={search_term_string}"},"query-input":{"@type":"PropertyValueSpecification","valueRequired":true,"valueName":"search_term_string"}}],"inLanguage":"pt-BR"},{"@type":"Person","@id":"https:\/\/aconteceunovale.com.br\/portal\/#\/schema\/person\/7d2f26d1483f8a63de73da1ee0754d35","name":"Reda\u00e7\u00e3o Aconteceu no Vale","description":"Equipe de reportagem do Aconteceu no Vale, portal de not\u00edcias do Vale do Jequitinhonha, em Minas Gerais. Cobrimos as 51 cidades do Vale desde 2013. Sugest\u00f5es de pauta e pedidos de corre\u00e7\u00e3o: contato@aconteceunovale.com.br","url":"https:\/\/aconteceunovale.com.br\/portal\/?author=4"}]}},"_links":{"self":[{"href":"https:\/\/aconteceunovale.com.br\/portal\/index.php?rest_route=\/wp\/v2\/posts\/192351","targetHints":{"allow":["GET"]}}],"collection":[{"href":"https:\/\/aconteceunovale.com.br\/portal\/index.php?rest_route=\/wp\/v2\/posts"}],"about":[{"href":"https:\/\/aconteceunovale.com.br\/portal\/index.php?rest_route=\/wp\/v2\/types\/post"}],"author":[{"embeddable":true,"href":"https:\/\/aconteceunovale.com.br\/portal\/index.php?rest_route=\/wp\/v2\/users\/4"}],"replies":[{"embeddable":true,"href":"https:\/\/aconteceunovale.com.br\/portal\/index.php?rest_route=%2Fwp%2Fv2%2Fcomments&post=192351"}],"version-history":[{"count":1,"href":"https:\/\/aconteceunovale.com.br\/portal\/index.php?rest_route=\/wp\/v2\/posts\/192351\/revisions"}],"predecessor-version":[{"id":192353,"href":"https:\/\/aconteceunovale.com.br\/portal\/index.php?rest_route=\/wp\/v2\/posts\/192351\/revisions\/192353"}],"wp:featuredmedia":[{"embeddable":true,"href":"https:\/\/aconteceunovale.com.br\/portal\/index.php?rest_route=\/wp\/v2\/media\/192352"}],"wp:attachment":[{"href":"https:\/\/aconteceunovale.com.br\/portal\/index.php?rest_route=%2Fwp%2Fv2%2Fmedia&parent=192351"}],"wp:term":[{"taxonomy":"category","embeddable":true,"href":"https:\/\/aconteceunovale.com.br\/portal\/index.php?rest_route=%2Fwp%2Fv2%2Fcategories&post=192351"},{"taxonomy":"post_tag","embeddable":true,"href":"https:\/\/aconteceunovale.com.br\/portal\/index.php?rest_route=%2Fwp%2Fv2%2Ftags&post=192351"}],"curies":[{"name":"wp","href":"https:\/\/api.w.org\/{rel}","templated":true}]}}