{"id":19235,"date":"2014-01-23T20:42:12","date_gmt":"2014-01-23T22:42:12","guid":{"rendered":"http:\/\/aconteceunovale.com.br\/portal\/?p=19235"},"modified":"2014-01-23T20:42:12","modified_gmt":"2014-01-23T22:42:12","slug":"ossada-humana-e-encontrada-na-zona-rural-de-ponto-dos-volantes","status":"publish","type":"post","link":"https:\/\/aconteceunovale.com.br\/portal\/?p=19235","title":{"rendered":"Ossada humana \u00e9 encontrada na zona rural de Ponto dos Volantes"},"content":{"rendered":"<p>Uma ossada humana foi encontrada em um matagal, na Comunidade de Lages, zona rural do munic\u00edpio de Ponto dos Volantes, Vale do Jequitinhonha, na manh\u00e3 de quarta-feira (22\/01).<\/p>\n<p>O material estava na localidade do C\u00f3rrego da On\u00e7a e foi encontrado pelo propriet\u00e1rio da fazenda, Nestor Cardoso da Silva, de 57 anos. Ele estranhou o aumento de urubus que sobrevoavam o matagal.<\/p>\n<p>A Pol\u00edcia Militar e o Instituto de Per\u00edcias de Pedra Azul foram at\u00e9 o local para fazer a remo\u00e7\u00e3o dos ossos.<\/p>\n<p>An\u00e1lises preliminares indicam que se trata de um homem. A pol\u00edcia suspeitou que a ossada fosse de Jo\u00e3o Ca\u00edres Rodrigues Silva de 51 anos. H\u00e1 cerca de 15 dias foi registrado um Boletim de Ocorr\u00eancia na Pol\u00edcia Militar de Ponto dos Volantes, sobre o seu desaparecimento. Uma irm\u00e3 dele esteve no local, mas  ela n\u00e3o reconheceu a ossada como sendo do seu irm\u00e3o, dado o estado avan\u00e7ado de decomposi\u00e7\u00e3o do corpo.<\/p>\n<p>O material foi encaminhado para o IML de Almenara.<\/p>\n<p><img decoding=\"async\" src=\"http:\/\/aconteceunovale.com.br\/portal\/wp-content\/uploads\/2013\/11\/plantao.jpg\" alt=\"\" \/><\/p>\n<p><em>(Fonte: Gazeta de Ara\u00e7ua\u00ed, com altera\u00e7\u00f5es do Aconteceu no Vale)<\/em><\/p>\n","protected":false},"excerpt":{"rendered":"<p>Uma ossada humana foi encontrada em um matagal, na Comunidade de Lages, zona rural do munic\u00edpio de Ponto dos Volantes, Vale do Jequitinhonha, na manh\u00e3 de quarta-feira (22\/01). O material estava na localidade do C\u00f3rrego da On\u00e7a e foi encontrado pelo propriet\u00e1rio da fazenda, Nestor Cardoso da Silva, de 57 anos. Ele estranhou o aumento [&hellip;]<\/p>\n","protected":false},"author":1,"featured_media":13667,"comment_status":"open","ping_status":"closed","sticky":false,"template":"","format":"standard","meta":{"amp_status":"","footnotes":""},"categories":[120],"tags":[3445,444],"class_list":["post-19235","post","type-post","status-publish","format-standard","has-post-thumbnail","hentry","category-jequi","tag-ossada-humana-e-encontrada-na-zona-rural-de-ponto-dos-volantes","tag-ponto-dos-volantes"],"_links":{"self":[{"href":"https:\/\/aconteceunovale.com.br\/portal\/index.php?rest_route=\/wp\/v2\/posts\/19235","targetHints":{"allow":["GET"]}}],"collection":[{"href":"https:\/\/aconteceunovale.com.br\/portal\/index.php?rest_route=\/wp\/v2\/posts"}],"about":[{"href":"https:\/\/aconteceunovale.com.br\/portal\/index.php?rest_route=\/wp\/v2\/types\/post"}],"author":[{"embeddable":true,"href":"https:\/\/aconteceunovale.com.br\/portal\/index.php?rest_route=\/wp\/v2\/users\/1"}],"replies":[{"embeddable":true,"href":"https:\/\/aconteceunovale.com.br\/portal\/index.php?rest_route=%2Fwp%2Fv2%2Fcomments&post=19235"}],"version-history":[{"count":0,"href":"https:\/\/aconteceunovale.com.br\/portal\/index.php?rest_route=\/wp\/v2\/posts\/19235\/revisions"}],"wp:featuredmedia":[{"embeddable":true,"href":"https:\/\/aconteceunovale.com.br\/portal\/index.php?rest_route=\/wp\/v2\/media\/13667"}],"wp:attachment":[{"href":"https:\/\/aconteceunovale.com.br\/portal\/index.php?rest_route=%2Fwp%2Fv2%2Fmedia&parent=19235"}],"wp:term":[{"taxonomy":"category","embeddable":true,"href":"https:\/\/aconteceunovale.com.br\/portal\/index.php?rest_route=%2Fwp%2Fv2%2Fcategories&post=19235"},{"taxonomy":"post_tag","embeddable":true,"href":"https:\/\/aconteceunovale.com.br\/portal\/index.php?rest_route=%2Fwp%2Fv2%2Ftags&post=19235"}],"curies":[{"name":"wp","href":"https:\/\/api.w.org\/{rel}","templated":true}]}}